{"id":5555,"date":"2026-03-03T15:38:46","date_gmt":"2026-03-03T21:38:46","guid":{"rendered":"https:\/\/elcardinal.com\/?p=5555"},"modified":"2026-03-03T15:38:46","modified_gmt":"2026-03-03T21:38:46","slug":"gobierno-de-hidalgo-y-sict-protegen-imagen-urbana","status":"publish","type":"post","link":"https:\/\/elcardinal.com\/?p=5555","title":{"rendered":"Gobierno de Hidalgo y SICT protegen imagen urbana"},"content":{"rendered":"<p>Redacci\u00f3n<\/p>\n<p>En el marco de las Rutas de la Transformaci\u00f3n y con el compromiso de recuperar el orden y la armon\u00eda de los espacios p\u00fablicos, el gobernador Julio Menchaca Salazar testific\u00f3 la firma del convenio de coordinaci\u00f3n contra la Contaminaci\u00f3n Visual, Imagen Urbana y Protecci\u00f3n del Paisaje entre el Gobierno de Hidalgo y la federaci\u00f3n, a trav\u00e9s de la Secretar\u00eda de Infraestructura, Comunicaciones y Transportes (SICT).<\/p>\n<p>\u201c\u00bfQu\u00e9 pretendemos con este convenio?, unir fuerza entre los gobiernos federal, estatal y municipales para ponerle orden a un aspecto que no ayuda al entorno, que contamina el entorno visualmente y que genera un constante peligro\u201d, expres\u00f3 al lamentar que en el transcurso del tiempo se ha instalado publicidad ilegal en vialidades y derechos de v\u00eda en la entidad.<\/p>\n<p>Por lo anterior, el acuerdo permitir\u00e1 a la administraci\u00f3n estatal \u2014a trav\u00e9s de la Secretar\u00eda de Medio Ambiente y Recursos Naturales, la Procuradur\u00eda Estatal de Protecci\u00f3n al Ambiente, la Secretar\u00eda de Infraestructura P\u00fablica y Desarrollo Urbano Sostenible y la Secretar\u00eda de Seguridad P\u00fablica\u2014 trabajar de manera coordinada con la Direcci\u00f3n General del Centro SICT Hidalgo para identificar y retirar anuncios, letreros y estructuras colocadas sin autorizaci\u00f3n en carreteras, puentes y espacios p\u00fablicos.<\/p>\n<p>Tras refrendar su compromiso con la recuperaci\u00f3n del espacio p\u00fablico y fortalecer el sentido de comunidad, Menchaca Salazar anunci\u00f3 tres nuevos proyectos de infraestructura para el municipio de San Agust\u00edn Tlaxiaca: la construcci\u00f3n de pavimentaci\u00f3n asf\u00e1ltica en la avenida Hombres Ilustres, la perforaci\u00f3n de un pozo para agua potable en Nueva Tlaxiaca y la construcci\u00f3n del acceso a la avenida Benito Ju\u00e1rez.<\/p>\n<p>Por su parte, Pablo Octavio Olvera S\u00e1nchez, director del Centro SICT Hidalgo, coincidi\u00f3 que este convenio representa un paso firme en la construcci\u00f3n de ciudades m\u00e1s limpias, seguras y ordenadas, procurando la protecci\u00f3n del medio ambiente, la mejora de los accesos urbanos y el fortalecimiento de la seguridad de vialidades; adem\u00e1s, inform\u00f3 que este a\u00f1o se invertir\u00e1n m\u00e1s de 7 mil 44 millones de pesos en Hidalgo para fortalecer la infraestructura y realizar acciones para mitigar los efectos de la vaguada monz\u00f3nica.<\/p>\n<p>Respecto a los proyectos impulsados por el gobierno de Hidalgo en San Agust\u00edn Tlaxiaca, Alejandro S\u00e1nchez Garc\u00eda, secretario de Infraestructura P\u00fablica y Desarrollo Urbano Sostenible, detall\u00f3 que en lo que va de la actual administraci\u00f3n se han destinado m\u00e1s de 200 millones de pesos, considerando los tres anuncios presentados para este 2026.<\/p>\n<p>M\u00f3nica Patricia Mixtega Trejo, secretaria de Medio Ambiente y Recursos Naturales, reconoci\u00f3 la importancia de atender la contaminaci\u00f3n visual que se ha generado con el paso del tiempo, pues indic\u00f3 que en la carretera a Mineral del Chico se han retirado m\u00e1s de 60 anuncios publicitarios irregulares, mientras que, de Pachuca a Ciudad de M\u00e9xico \u2014en el tramo T\u00e9llez-Tolcayuca\u2014, fueron m\u00e1s de 150 estructuras ilegales.<\/p>\n<p>Finalmente, Mario David Medina Hern\u00e1ndez, presidente municipal de San Agust\u00edn Tlaxiaca, agradeci\u00f3 que la obra p\u00fablica en la demarcaci\u00f3n contin\u00fae y asegur\u00f3 que seguir\u00e1 trabajando de la mano con la administraci\u00f3n del gobernador Julio Menchaca para enfrentar los desaf\u00edos que se presenten.<\/p>\n","protected":false},"excerpt":{"rendered":"<p>Redacci\u00f3n En el marco de las Rutas de la Transformaci\u00f3n y con el compromiso de recuperar el orden y la armon\u00eda de los espacios p\u00fablicos, el gobernador Julio Menchaca Salazar testific\u00f3 la firma del convenio de coordinaci\u00f3n contra la Contaminaci\u00f3n Visual, Imagen Urbana y Protecci\u00f3n del Paisaje entre el Gobierno de Hidalgo y la federaci\u00f3n,<\/p>\n","protected":false},"author":2,"featured_media":5556,"comment_status":"open","ping_status":"open","sticky":false,"template":"","format":"standard","meta":{"footnotes":""},"categories":[31,44],"tags":[],"class_list":{"0":"post-5555","1":"post","2":"type-post","3":"status-publish","4":"format-standard","5":"has-post-thumbnail","7":"category-hidalgo","8":"category-minuto-a-minuto"},"yoast_head":"<!-- This site is optimized with the Yoast SEO plugin v26.1.1 - https:\/\/yoast.com\/wordpress\/plugins\/seo\/ -->\n<title>Gobierno de Hidalgo y SICT protegen imagen urbana - El Cardinal<\/title>\n<meta name=\"robots\" content=\"index, follow, max-snippet:-1, max-image-preview:large, max-video-preview:-1\" \/>\n<link rel=\"canonical\" href=\"https:\/\/elcardinal.com\/?p=5555\" \/>\n<meta property=\"og:locale\" content=\"es_MX\" \/>\n<meta property=\"og:type\" content=\"article\" \/>\n<meta property=\"og:title\" content=\"Gobierno de Hidalgo y SICT protegen imagen urbana - El Cardinal\" \/>\n<meta property=\"og:description\" content=\"Redacci\u00f3n En el marco de las Rutas de la Transformaci\u00f3n y con el compromiso de recuperar el orden y la armon\u00eda de los espacios p\u00fablicos, el gobernador Julio Menchaca Salazar testific\u00f3 la firma del convenio de coordinaci\u00f3n contra la Contaminaci\u00f3n Visual, Imagen Urbana y Protecci\u00f3n del Paisaje entre el Gobierno de Hidalgo y la federaci\u00f3n,\" \/>\n<meta property=\"og:url\" content=\"https:\/\/elcardinal.com\/?p=5555\" \/>\n<meta property=\"og:site_name\" content=\"El Cardinal\" \/>\n<meta property=\"article:publisher\" content=\"https:\/\/www.facebook.com\/profile.php?id=100063093107011\" \/>\n<meta property=\"article:published_time\" content=\"2026-03-03T21:38:46+00:00\" \/>\n<meta property=\"og:image\" content=\"https:\/\/elcardinal.com\/wp-content\/uploads\/2026\/03\/030326_GOBERNADOR_FIRMA-DE-CONVENIO_SAN-AGUSTIN-TLAXIACA-8-scaled.jpg\" \/>\n\t<meta property=\"og:image:width\" content=\"2560\" \/>\n\t<meta property=\"og:image:height\" content=\"1707\" \/>\n\t<meta property=\"og:image:type\" content=\"image\/jpeg\" \/>\n<meta name=\"author\" content=\"Antonio Alcaraz\" \/>\n<meta name=\"twitter:card\" content=\"summary_large_image\" \/>\n<meta name=\"twitter:creator\" content=\"@ElCardinal_Mx\" \/>\n<meta name=\"twitter:site\" content=\"@ElCardinal_Mx\" \/>\n<meta name=\"twitter:label1\" content=\"Escrito por\" \/>\n\t<meta name=\"twitter:data1\" content=\"Antonio Alcaraz\" \/>\n\t<meta name=\"twitter:label2\" content=\"Tiempo de lectura\" \/>\n\t<meta name=\"twitter:data2\" content=\"3 minutos\" \/>\n<script type=\"application\/ld+json\" class=\"yoast-schema-graph\">{\"@context\":\"https:\/\/schema.org\",\"@graph\":[{\"@type\":\"Article\",\"@id\":\"https:\/\/elcardinal.com\/?p=5555#article\",\"isPartOf\":{\"@id\":\"https:\/\/elcardinal.com\/?p=5555\"},\"author\":{\"name\":\"Antonio Alcaraz\",\"@id\":\"https:\/\/elcardinal.com\/#\/schema\/person\/3c352ec0a33987fe275c0e8a2ea69f8b\"},\"headline\":\"Gobierno de Hidalgo y SICT protegen imagen urbana\",\"datePublished\":\"2026-03-03T21:38:46+00:00\",\"mainEntityOfPage\":{\"@id\":\"https:\/\/elcardinal.com\/?p=5555\"},\"wordCount\":562,\"commentCount\":0,\"publisher\":{\"@id\":\"https:\/\/elcardinal.com\/#organization\"},\"image\":{\"@id\":\"https:\/\/elcardinal.com\/?p=5555#primaryimage\"},\"thumbnailUrl\":\"https:\/\/elcardinal.com\/wp-content\/uploads\/2026\/03\/030326_GOBERNADOR_FIRMA-DE-CONVENIO_SAN-AGUSTIN-TLAXIACA-8-scaled.jpg\",\"articleSection\":[\"Hidalgo\",\"Minuto a Minuto\"],\"inLanguage\":\"es\",\"potentialAction\":[{\"@type\":\"CommentAction\",\"name\":\"Comment\",\"target\":[\"https:\/\/elcardinal.com\/?p=5555#respond\"]}]},{\"@type\":\"WebPage\",\"@id\":\"https:\/\/elcardinal.com\/?p=5555\",\"url\":\"https:\/\/elcardinal.com\/?p=5555\",\"name\":\"Gobierno de Hidalgo y SICT protegen imagen urbana - El Cardinal\",\"isPartOf\":{\"@id\":\"https:\/\/elcardinal.com\/#website\"},\"primaryImageOfPage\":{\"@id\":\"https:\/\/elcardinal.com\/?p=5555#primaryimage\"},\"image\":{\"@id\":\"https:\/\/elcardinal.com\/?p=5555#primaryimage\"},\"thumbnailUrl\":\"https:\/\/elcardinal.com\/wp-content\/uploads\/2026\/03\/030326_GOBERNADOR_FIRMA-DE-CONVENIO_SAN-AGUSTIN-TLAXIACA-8-scaled.jpg\",\"datePublished\":\"2026-03-03T21:38:46+00:00\",\"breadcrumb\":{\"@id\":\"https:\/\/elcardinal.com\/?p=5555#breadcrumb\"},\"inLanguage\":\"es\",\"potentialAction\":[{\"@type\":\"ReadAction\",\"target\":[\"https:\/\/elcardinal.com\/?p=5555\"]}]},{\"@type\":\"ImageObject\",\"inLanguage\":\"es\",\"@id\":\"https:\/\/elcardinal.com\/?p=5555#primaryimage\",\"url\":\"https:\/\/elcardinal.com\/wp-content\/uploads\/2026\/03\/030326_GOBERNADOR_FIRMA-DE-CONVENIO_SAN-AGUSTIN-TLAXIACA-8-scaled.jpg\",\"contentUrl\":\"https:\/\/elcardinal.com\/wp-content\/uploads\/2026\/03\/030326_GOBERNADOR_FIRMA-DE-CONVENIO_SAN-AGUSTIN-TLAXIACA-8-scaled.jpg\",\"width\":2560,\"height\":1707},{\"@type\":\"BreadcrumbList\",\"@id\":\"https:\/\/elcardinal.com\/?p=5555#breadcrumb\",\"itemListElement\":[{\"@type\":\"ListItem\",\"position\":1,\"name\":\"Inicio\",\"item\":\"https:\/\/elcardinal.com\/\"},{\"@type\":\"ListItem\",\"position\":2,\"name\":\"Gobierno de Hidalgo y SICT protegen imagen urbana\"}]},{\"@type\":\"WebSite\",\"@id\":\"https:\/\/elcardinal.com\/#website\",\"url\":\"https:\/\/elcardinal.com\/\",\"name\":\"El Cardinal\",\"description\":\"Periodismo honesto, con valor, sentido humano, a veces sarc\u00e1stico y divertido.\",\"publisher\":{\"@id\":\"https:\/\/elcardinal.com\/#organization\"},\"alternateName\":\"El Cardinal Noticias\",\"potentialAction\":[{\"@type\":\"SearchAction\",\"target\":{\"@type\":\"EntryPoint\",\"urlTemplate\":\"https:\/\/elcardinal.com\/?s={search_term_string}\"},\"query-input\":{\"@type\":\"PropertyValueSpecification\",\"valueRequired\":true,\"valueName\":\"search_term_string\"}}],\"inLanguage\":\"es\"},{\"@type\":\"Organization\",\"@id\":\"https:\/\/elcardinal.com\/#organization\",\"name\":\"El Cardinal\",\"url\":\"https:\/\/elcardinal.com\/\",\"logo\":{\"@type\":\"ImageObject\",\"inLanguage\":\"es\",\"@id\":\"https:\/\/elcardinal.com\/#\/schema\/logo\/image\/\",\"url\":\"https:\/\/elcardinal.com\/wp-content\/uploads\/2025\/04\/LOGO-EL-CARDINAL-Periodismo-con-valor.png\",\"contentUrl\":\"https:\/\/elcardinal.com\/wp-content\/uploads\/2025\/04\/LOGO-EL-CARDINAL-Periodismo-con-valor.png\",\"width\":755,\"height\":636,\"caption\":\"El Cardinal\"},\"image\":{\"@id\":\"https:\/\/elcardinal.com\/#\/schema\/logo\/image\/\"},\"sameAs\":[\"https:\/\/www.facebook.com\/profile.php?id=100063093107011\",\"https:\/\/x.com\/ElCardinal_Mx\"]},{\"@type\":\"Person\",\"@id\":\"https:\/\/elcardinal.com\/#\/schema\/person\/3c352ec0a33987fe275c0e8a2ea69f8b\",\"name\":\"Antonio Alcaraz\",\"image\":{\"@type\":\"ImageObject\",\"inLanguage\":\"es\",\"@id\":\"https:\/\/elcardinal.com\/#\/schema\/person\/image\/\",\"url\":\"https:\/\/elcardinal.com\/wp-content\/uploads\/2025\/05\/cropped-TONO-96x96.jpg\",\"contentUrl\":\"https:\/\/elcardinal.com\/wp-content\/uploads\/2025\/05\/cropped-TONO-96x96.jpg\",\"caption\":\"Antonio Alcaraz\"},\"url\":\"https:\/\/elcardinal.com\/?author=2\"}]}<\/script>\n<!-- \/ Yoast SEO plugin. -->","yoast_head_json":{"title":"Gobierno de Hidalgo y SICT protegen imagen urbana - El Cardinal","robots":{"index":"index","follow":"follow","max-snippet":"max-snippet:-1","max-image-preview":"max-image-preview:large","max-video-preview":"max-video-preview:-1"},"canonical":"https:\/\/elcardinal.com\/?p=5555","og_locale":"es_MX","og_type":"article","og_title":"Gobierno de Hidalgo y SICT protegen imagen urbana - El Cardinal","og_description":"Redacci\u00f3n En el marco de las Rutas de la Transformaci\u00f3n y con el compromiso de recuperar el orden y la armon\u00eda de los espacios p\u00fablicos, el gobernador Julio Menchaca Salazar testific\u00f3 la firma del convenio de coordinaci\u00f3n contra la Contaminaci\u00f3n Visual, Imagen Urbana y Protecci\u00f3n del Paisaje entre el Gobierno de Hidalgo y la federaci\u00f3n,","og_url":"https:\/\/elcardinal.com\/?p=5555","og_site_name":"El Cardinal","article_publisher":"https:\/\/www.facebook.com\/profile.php?id=100063093107011","article_published_time":"2026-03-03T21:38:46+00:00","og_image":[{"width":2560,"height":1707,"url":"https:\/\/elcardinal.com\/wp-content\/uploads\/2026\/03\/030326_GOBERNADOR_FIRMA-DE-CONVENIO_SAN-AGUSTIN-TLAXIACA-8-scaled.jpg","type":"image\/jpeg"}],"author":"Antonio Alcaraz","twitter_card":"summary_large_image","twitter_creator":"@ElCardinal_Mx","twitter_site":"@ElCardinal_Mx","twitter_misc":{"Escrito por":"Antonio Alcaraz","Tiempo de lectura":"3 minutos"},"schema":{"@context":"https:\/\/schema.org","@graph":[{"@type":"Article","@id":"https:\/\/elcardinal.com\/?p=5555#article","isPartOf":{"@id":"https:\/\/elcardinal.com\/?p=5555"},"author":{"name":"Antonio Alcaraz","@id":"https:\/\/elcardinal.com\/#\/schema\/person\/3c352ec0a33987fe275c0e8a2ea69f8b"},"headline":"Gobierno de Hidalgo y SICT protegen imagen urbana","datePublished":"2026-03-03T21:38:46+00:00","mainEntityOfPage":{"@id":"https:\/\/elcardinal.com\/?p=5555"},"wordCount":562,"commentCount":0,"publisher":{"@id":"https:\/\/elcardinal.com\/#organization"},"image":{"@id":"https:\/\/elcardinal.com\/?p=5555#primaryimage"},"thumbnailUrl":"https:\/\/elcardinal.com\/wp-content\/uploads\/2026\/03\/030326_GOBERNADOR_FIRMA-DE-CONVENIO_SAN-AGUSTIN-TLAXIACA-8-scaled.jpg","articleSection":["Hidalgo","Minuto a Minuto"],"inLanguage":"es","potentialAction":[{"@type":"CommentAction","name":"Comment","target":["https:\/\/elcardinal.com\/?p=5555#respond"]}]},{"@type":"WebPage","@id":"https:\/\/elcardinal.com\/?p=5555","url":"https:\/\/elcardinal.com\/?p=5555","name":"Gobierno de Hidalgo y SICT protegen imagen urbana - El Cardinal","isPartOf":{"@id":"https:\/\/elcardinal.com\/#website"},"primaryImageOfPage":{"@id":"https:\/\/elcardinal.com\/?p=5555#primaryimage"},"image":{"@id":"https:\/\/elcardinal.com\/?p=5555#primaryimage"},"thumbnailUrl":"https:\/\/elcardinal.com\/wp-content\/uploads\/2026\/03\/030326_GOBERNADOR_FIRMA-DE-CONVENIO_SAN-AGUSTIN-TLAXIACA-8-scaled.jpg","datePublished":"2026-03-03T21:38:46+00:00","breadcrumb":{"@id":"https:\/\/elcardinal.com\/?p=5555#breadcrumb"},"inLanguage":"es","potentialAction":[{"@type":"ReadAction","target":["https:\/\/elcardinal.com\/?p=5555"]}]},{"@type":"ImageObject","inLanguage":"es","@id":"https:\/\/elcardinal.com\/?p=5555#primaryimage","url":"https:\/\/elcardinal.com\/wp-content\/uploads\/2026\/03\/030326_GOBERNADOR_FIRMA-DE-CONVENIO_SAN-AGUSTIN-TLAXIACA-8-scaled.jpg","contentUrl":"https:\/\/elcardinal.com\/wp-content\/uploads\/2026\/03\/030326_GOBERNADOR_FIRMA-DE-CONVENIO_SAN-AGUSTIN-TLAXIACA-8-scaled.jpg","width":2560,"height":1707},{"@type":"BreadcrumbList","@id":"https:\/\/elcardinal.com\/?p=5555#breadcrumb","itemListElement":[{"@type":"ListItem","position":1,"name":"Inicio","item":"https:\/\/elcardinal.com\/"},{"@type":"ListItem","position":2,"name":"Gobierno de Hidalgo y SICT protegen imagen urbana"}]},{"@type":"WebSite","@id":"https:\/\/elcardinal.com\/#website","url":"https:\/\/elcardinal.com\/","name":"El Cardinal","description":"Periodismo honesto, con valor, sentido humano, a veces sarc\u00e1stico y divertido.","publisher":{"@id":"https:\/\/elcardinal.com\/#organization"},"alternateName":"El Cardinal Noticias","potentialAction":[{"@type":"SearchAction","target":{"@type":"EntryPoint","urlTemplate":"https:\/\/elcardinal.com\/?s={search_term_string}"},"query-input":{"@type":"PropertyValueSpecification","valueRequired":true,"valueName":"search_term_string"}}],"inLanguage":"es"},{"@type":"Organization","@id":"https:\/\/elcardinal.com\/#organization","name":"El Cardinal","url":"https:\/\/elcardinal.com\/","logo":{"@type":"ImageObject","inLanguage":"es","@id":"https:\/\/elcardinal.com\/#\/schema\/logo\/image\/","url":"https:\/\/elcardinal.com\/wp-content\/uploads\/2025\/04\/LOGO-EL-CARDINAL-Periodismo-con-valor.png","contentUrl":"https:\/\/elcardinal.com\/wp-content\/uploads\/2025\/04\/LOGO-EL-CARDINAL-Periodismo-con-valor.png","width":755,"height":636,"caption":"El Cardinal"},"image":{"@id":"https:\/\/elcardinal.com\/#\/schema\/logo\/image\/"},"sameAs":["https:\/\/www.facebook.com\/profile.php?id=100063093107011","https:\/\/x.com\/ElCardinal_Mx"]},{"@type":"Person","@id":"https:\/\/elcardinal.com\/#\/schema\/person\/3c352ec0a33987fe275c0e8a2ea69f8b","name":"Antonio Alcaraz","image":{"@type":"ImageObject","inLanguage":"es","@id":"https:\/\/elcardinal.com\/#\/schema\/person\/image\/","url":"https:\/\/elcardinal.com\/wp-content\/uploads\/2025\/05\/cropped-TONO-96x96.jpg","contentUrl":"https:\/\/elcardinal.com\/wp-content\/uploads\/2025\/05\/cropped-TONO-96x96.jpg","caption":"Antonio Alcaraz"},"url":"https:\/\/elcardinal.com\/?author=2"}]}},"_links":{"self":[{"href":"https:\/\/elcardinal.com\/index.php?rest_route=\/wp\/v2\/posts\/5555","targetHints":{"allow":["GET"]}}],"collection":[{"href":"https:\/\/elcardinal.com\/index.php?rest_route=\/wp\/v2\/posts"}],"about":[{"href":"https:\/\/elcardinal.com\/index.php?rest_route=\/wp\/v2\/types\/post"}],"author":[{"embeddable":true,"href":"https:\/\/elcardinal.com\/index.php?rest_route=\/wp\/v2\/users\/2"}],"replies":[{"embeddable":true,"href":"https:\/\/elcardinal.com\/index.php?rest_route=%2Fwp%2Fv2%2Fcomments&post=5555"}],"version-history":[{"count":1,"href":"https:\/\/elcardinal.com\/index.php?rest_route=\/wp\/v2\/posts\/5555\/revisions"}],"predecessor-version":[{"id":5557,"href":"https:\/\/elcardinal.com\/index.php?rest_route=\/wp\/v2\/posts\/5555\/revisions\/5557"}],"wp:featuredmedia":[{"embeddable":true,"href":"https:\/\/elcardinal.com\/index.php?rest_route=\/wp\/v2\/media\/5556"}],"wp:attachment":[{"href":"https:\/\/elcardinal.com\/index.php?rest_route=%2Fwp%2Fv2%2Fmedia&parent=5555"}],"wp:term":[{"taxonomy":"category","embeddable":true,"href":"https:\/\/elcardinal.com\/index.php?rest_route=%2Fwp%2Fv2%2Fcategories&post=5555"},{"taxonomy":"post_tag","embeddable":true,"href":"https:\/\/elcardinal.com\/index.php?rest_route=%2Fwp%2Fv2%2Ftags&post=5555"}],"curies":[{"name":"wp","href":"https:\/\/api.w.org\/{rel}","templated":true}]}}