{"id":5559,"date":"2026-03-03T15:53:06","date_gmt":"2026-03-03T21:53:06","guid":{"rendered":"https:\/\/elcardinal.com\/?p=5559"},"modified":"2026-03-03T15:53:06","modified_gmt":"2026-03-03T21:53:06","slug":"blindaje-por-el-8m-colocara-vallas-para-proteger-el-palacio-de-gobierno-y-el-reloj-de-pachuca","status":"publish","type":"post","link":"https:\/\/elcardinal.com\/?p=5559","title":{"rendered":"Blindaje por el 8M: colocar\u00e1 vallas para proteger el Palacio de Gobierno y el Reloj de Pachuca"},"content":{"rendered":"<p>Por: <strong>Jos\u00e9 Antonio Alcaraz Su\u00e1rez<\/strong><\/p>\n<p>El gobernador de Hidalgo, <strong>Julio Menchaca Salazar<\/strong>, confirm\u00f3 que para la conmemoraci\u00f3n del <strong>D\u00eda Internacional de las Mujeres (8M)<\/strong> se colocar\u00e1n vallas met\u00e1licas en edificios p\u00fablicos, incluyendo el Palacio de Gobierno y el emblem\u00e1tico Reloj Monumental de Pachuca, con el objetivo de proteger el patrimonio estatal.<\/p>\n<blockquote><p>\u201cLas vallas se adquirieron para proteger el patrimonio, no por la mayor\u00eda de las mujeres que se manifiestan, que lo hacen de manera pac\u00edfica y est\u00e1n en todo su derecho\u201d, puntualiz\u00f3. Se\u00f1al\u00f3 que la medida responde a la presencia de \u201calgunos grupos\u201d que, dijo, aprovechan las movilizaciones para causar da\u00f1os a inmuebles p\u00fablicos.<\/p><\/blockquote>\n<p>El mandatario asegur\u00f3 que su responsabilidad es garantizar el orden p\u00fablico y resguardar los bienes que pertenecen a las y los hidalguenses. Incluso, ante el cuestionamiento directo, respondi\u00f3 que el <strong>Reloj Monumental<\/strong> podr\u00eda resguardarse si es necesario.<\/p>\n<p>Sobre los se\u00f1alamientos de presuntas agresiones policiales en la marcha del a\u00f1o pasado, record\u00f3 que hubo un intento de rociar gasolina contra mujeres polic\u00edas, situaci\u00f3n que fue contenida antes de que se encendiera fuego. \u201cNo vamos a permitir que se lesione a nadie, menos en un d\u00eda simb\u00f3lico\u201d, expres\u00f3.<\/p>\n<blockquote><p>Menchaca hizo un llamado al respeto durante las manifestaciones, reiterando que defender\u00e1 siempre el derecho a protestar, pero advirti\u00f3 que no permitir\u00e1 actos que da\u00f1en personas o inmuebles.<\/p><\/blockquote>\n","protected":false},"excerpt":{"rendered":"<p>Por: Jos\u00e9 Antonio Alcaraz Su\u00e1rez El gobernador de Hidalgo, Julio Menchaca Salazar, confirm\u00f3 que para la conmemoraci\u00f3n del D\u00eda Internacional de las Mujeres (8M) se colocar\u00e1n vallas met\u00e1licas en edificios p\u00fablicos, incluyendo el Palacio de Gobierno y el emblem\u00e1tico Reloj Monumental de Pachuca, con el objetivo de proteger el patrimonio estatal. \u201cLas vallas se adquirieron<\/p>\n","protected":false},"author":2,"featured_media":5561,"comment_status":"open","ping_status":"open","sticky":false,"template":"","format":"standard","meta":{"footnotes":""},"categories":[31,32,44,38],"tags":[],"class_list":{"0":"post-5559","1":"post","2":"type-post","3":"status-publish","4":"format-standard","5":"has-post-thumbnail","7":"category-hidalgo","8":"category-metropoli","9":"category-minuto-a-minuto","10":"category-seguridad"},"yoast_head":"<!-- This site is optimized with the Yoast SEO plugin v26.1.1 - https:\/\/yoast.com\/wordpress\/plugins\/seo\/ -->\n<title>Blindaje por el 8M: colocar\u00e1 vallas para proteger el Palacio de Gobierno y el Reloj de Pachuca - El Cardinal<\/title>\n<meta name=\"robots\" content=\"index, follow, max-snippet:-1, max-image-preview:large, max-video-preview:-1\" \/>\n<link rel=\"canonical\" href=\"https:\/\/elcardinal.com\/?p=5559\" \/>\n<meta property=\"og:locale\" content=\"es_MX\" \/>\n<meta property=\"og:type\" content=\"article\" \/>\n<meta property=\"og:title\" content=\"Blindaje por el 8M: colocar\u00e1 vallas para proteger el Palacio de Gobierno y el Reloj de Pachuca - El Cardinal\" \/>\n<meta property=\"og:description\" content=\"Por: Jos\u00e9 Antonio Alcaraz Su\u00e1rez El gobernador de Hidalgo, Julio Menchaca Salazar, confirm\u00f3 que para la conmemoraci\u00f3n del D\u00eda Internacional de las Mujeres (8M) se colocar\u00e1n vallas met\u00e1licas en edificios p\u00fablicos, incluyendo el Palacio de Gobierno y el emblem\u00e1tico Reloj Monumental de Pachuca, con el objetivo de proteger el patrimonio estatal. \u201cLas vallas se adquirieron\" \/>\n<meta property=\"og:url\" content=\"https:\/\/elcardinal.com\/?p=5559\" \/>\n<meta property=\"og:site_name\" content=\"El Cardinal\" \/>\n<meta property=\"article:publisher\" content=\"https:\/\/www.facebook.com\/profile.php?id=100063093107011\" \/>\n<meta property=\"article:published_time\" content=\"2026-03-03T21:53:06+00:00\" \/>\n<meta property=\"og:image\" content=\"https:\/\/elcardinal.com\/wp-content\/uploads\/2026\/03\/FB_IMG_1772574517083.jpg\" \/>\n\t<meta property=\"og:image:width\" content=\"1080\" \/>\n\t<meta property=\"og:image:height\" content=\"720\" \/>\n\t<meta property=\"og:image:type\" content=\"image\/jpeg\" \/>\n<meta name=\"author\" content=\"Antonio Alcaraz\" \/>\n<meta name=\"twitter:card\" content=\"summary_large_image\" \/>\n<meta name=\"twitter:creator\" content=\"@ElCardinal_Mx\" \/>\n<meta name=\"twitter:site\" content=\"@ElCardinal_Mx\" \/>\n<meta name=\"twitter:label1\" content=\"Escrito por\" \/>\n\t<meta name=\"twitter:data1\" content=\"Antonio Alcaraz\" \/>\n\t<meta name=\"twitter:label2\" content=\"Tiempo de lectura\" \/>\n\t<meta name=\"twitter:data2\" content=\"1 minuto\" \/>\n<script type=\"application\/ld+json\" class=\"yoast-schema-graph\">{\"@context\":\"https:\/\/schema.org\",\"@graph\":[{\"@type\":\"Article\",\"@id\":\"https:\/\/elcardinal.com\/?p=5559#article\",\"isPartOf\":{\"@id\":\"https:\/\/elcardinal.com\/?p=5559\"},\"author\":{\"name\":\"Antonio Alcaraz\",\"@id\":\"https:\/\/elcardinal.com\/#\/schema\/person\/3c352ec0a33987fe275c0e8a2ea69f8b\"},\"headline\":\"Blindaje por el 8M: colocar\u00e1 vallas para proteger el Palacio de Gobierno y el Reloj de Pachuca\",\"datePublished\":\"2026-03-03T21:53:06+00:00\",\"mainEntityOfPage\":{\"@id\":\"https:\/\/elcardinal.com\/?p=5559\"},\"wordCount\":257,\"commentCount\":0,\"publisher\":{\"@id\":\"https:\/\/elcardinal.com\/#organization\"},\"image\":{\"@id\":\"https:\/\/elcardinal.com\/?p=5559#primaryimage\"},\"thumbnailUrl\":\"https:\/\/elcardinal.com\/wp-content\/uploads\/2026\/03\/FB_IMG_1772574517083.jpg\",\"articleSection\":[\"Hidalgo\",\"Metr\u00f3poli\",\"Minuto a Minuto\",\"Seguridad\"],\"inLanguage\":\"es\",\"potentialAction\":[{\"@type\":\"CommentAction\",\"name\":\"Comment\",\"target\":[\"https:\/\/elcardinal.com\/?p=5559#respond\"]}]},{\"@type\":\"WebPage\",\"@id\":\"https:\/\/elcardinal.com\/?p=5559\",\"url\":\"https:\/\/elcardinal.com\/?p=5559\",\"name\":\"Blindaje por el 8M: colocar\u00e1 vallas para proteger el Palacio de Gobierno y el Reloj de Pachuca - El Cardinal\",\"isPartOf\":{\"@id\":\"https:\/\/elcardinal.com\/#website\"},\"primaryImageOfPage\":{\"@id\":\"https:\/\/elcardinal.com\/?p=5559#primaryimage\"},\"image\":{\"@id\":\"https:\/\/elcardinal.com\/?p=5559#primaryimage\"},\"thumbnailUrl\":\"https:\/\/elcardinal.com\/wp-content\/uploads\/2026\/03\/FB_IMG_1772574517083.jpg\",\"datePublished\":\"2026-03-03T21:53:06+00:00\",\"breadcrumb\":{\"@id\":\"https:\/\/elcardinal.com\/?p=5559#breadcrumb\"},\"inLanguage\":\"es\",\"potentialAction\":[{\"@type\":\"ReadAction\",\"target\":[\"https:\/\/elcardinal.com\/?p=5559\"]}]},{\"@type\":\"ImageObject\",\"inLanguage\":\"es\",\"@id\":\"https:\/\/elcardinal.com\/?p=5559#primaryimage\",\"url\":\"https:\/\/elcardinal.com\/wp-content\/uploads\/2026\/03\/FB_IMG_1772574517083.jpg\",\"contentUrl\":\"https:\/\/elcardinal.com\/wp-content\/uploads\/2026\/03\/FB_IMG_1772574517083.jpg\",\"width\":1080,\"height\":720},{\"@type\":\"BreadcrumbList\",\"@id\":\"https:\/\/elcardinal.com\/?p=5559#breadcrumb\",\"itemListElement\":[{\"@type\":\"ListItem\",\"position\":1,\"name\":\"Inicio\",\"item\":\"https:\/\/elcardinal.com\/\"},{\"@type\":\"ListItem\",\"position\":2,\"name\":\"Blindaje por el 8M: colocar\u00e1 vallas para proteger el Palacio de Gobierno y el Reloj de Pachuca\"}]},{\"@type\":\"WebSite\",\"@id\":\"https:\/\/elcardinal.com\/#website\",\"url\":\"https:\/\/elcardinal.com\/\",\"name\":\"El Cardinal\",\"description\":\"Periodismo honesto, con valor, sentido humano, a veces sarc\u00e1stico y divertido.\",\"publisher\":{\"@id\":\"https:\/\/elcardinal.com\/#organization\"},\"alternateName\":\"El Cardinal Noticias\",\"potentialAction\":[{\"@type\":\"SearchAction\",\"target\":{\"@type\":\"EntryPoint\",\"urlTemplate\":\"https:\/\/elcardinal.com\/?s={search_term_string}\"},\"query-input\":{\"@type\":\"PropertyValueSpecification\",\"valueRequired\":true,\"valueName\":\"search_term_string\"}}],\"inLanguage\":\"es\"},{\"@type\":\"Organization\",\"@id\":\"https:\/\/elcardinal.com\/#organization\",\"name\":\"El Cardinal\",\"url\":\"https:\/\/elcardinal.com\/\",\"logo\":{\"@type\":\"ImageObject\",\"inLanguage\":\"es\",\"@id\":\"https:\/\/elcardinal.com\/#\/schema\/logo\/image\/\",\"url\":\"https:\/\/elcardinal.com\/wp-content\/uploads\/2025\/04\/LOGO-EL-CARDINAL-Periodismo-con-valor.png\",\"contentUrl\":\"https:\/\/elcardinal.com\/wp-content\/uploads\/2025\/04\/LOGO-EL-CARDINAL-Periodismo-con-valor.png\",\"width\":755,\"height\":636,\"caption\":\"El Cardinal\"},\"image\":{\"@id\":\"https:\/\/elcardinal.com\/#\/schema\/logo\/image\/\"},\"sameAs\":[\"https:\/\/www.facebook.com\/profile.php?id=100063093107011\",\"https:\/\/x.com\/ElCardinal_Mx\"]},{\"@type\":\"Person\",\"@id\":\"https:\/\/elcardinal.com\/#\/schema\/person\/3c352ec0a33987fe275c0e8a2ea69f8b\",\"name\":\"Antonio Alcaraz\",\"image\":{\"@type\":\"ImageObject\",\"inLanguage\":\"es\",\"@id\":\"https:\/\/elcardinal.com\/#\/schema\/person\/image\/\",\"url\":\"https:\/\/elcardinal.com\/wp-content\/uploads\/2025\/05\/cropped-TONO-96x96.jpg\",\"contentUrl\":\"https:\/\/elcardinal.com\/wp-content\/uploads\/2025\/05\/cropped-TONO-96x96.jpg\",\"caption\":\"Antonio Alcaraz\"},\"url\":\"https:\/\/elcardinal.com\/?author=2\"}]}<\/script>\n<!-- \/ Yoast SEO plugin. -->","yoast_head_json":{"title":"Blindaje por el 8M: colocar\u00e1 vallas para proteger el Palacio de Gobierno y el Reloj de Pachuca - El Cardinal","robots":{"index":"index","follow":"follow","max-snippet":"max-snippet:-1","max-image-preview":"max-image-preview:large","max-video-preview":"max-video-preview:-1"},"canonical":"https:\/\/elcardinal.com\/?p=5559","og_locale":"es_MX","og_type":"article","og_title":"Blindaje por el 8M: colocar\u00e1 vallas para proteger el Palacio de Gobierno y el Reloj de Pachuca - El Cardinal","og_description":"Por: Jos\u00e9 Antonio Alcaraz Su\u00e1rez El gobernador de Hidalgo, Julio Menchaca Salazar, confirm\u00f3 que para la conmemoraci\u00f3n del D\u00eda Internacional de las Mujeres (8M) se colocar\u00e1n vallas met\u00e1licas en edificios p\u00fablicos, incluyendo el Palacio de Gobierno y el emblem\u00e1tico Reloj Monumental de Pachuca, con el objetivo de proteger el patrimonio estatal. \u201cLas vallas se adquirieron","og_url":"https:\/\/elcardinal.com\/?p=5559","og_site_name":"El Cardinal","article_publisher":"https:\/\/www.facebook.com\/profile.php?id=100063093107011","article_published_time":"2026-03-03T21:53:06+00:00","og_image":[{"width":1080,"height":720,"url":"https:\/\/elcardinal.com\/wp-content\/uploads\/2026\/03\/FB_IMG_1772574517083.jpg","type":"image\/jpeg"}],"author":"Antonio Alcaraz","twitter_card":"summary_large_image","twitter_creator":"@ElCardinal_Mx","twitter_site":"@ElCardinal_Mx","twitter_misc":{"Escrito por":"Antonio Alcaraz","Tiempo de lectura":"1 minuto"},"schema":{"@context":"https:\/\/schema.org","@graph":[{"@type":"Article","@id":"https:\/\/elcardinal.com\/?p=5559#article","isPartOf":{"@id":"https:\/\/elcardinal.com\/?p=5559"},"author":{"name":"Antonio Alcaraz","@id":"https:\/\/elcardinal.com\/#\/schema\/person\/3c352ec0a33987fe275c0e8a2ea69f8b"},"headline":"Blindaje por el 8M: colocar\u00e1 vallas para proteger el Palacio de Gobierno y el Reloj de Pachuca","datePublished":"2026-03-03T21:53:06+00:00","mainEntityOfPage":{"@id":"https:\/\/elcardinal.com\/?p=5559"},"wordCount":257,"commentCount":0,"publisher":{"@id":"https:\/\/elcardinal.com\/#organization"},"image":{"@id":"https:\/\/elcardinal.com\/?p=5559#primaryimage"},"thumbnailUrl":"https:\/\/elcardinal.com\/wp-content\/uploads\/2026\/03\/FB_IMG_1772574517083.jpg","articleSection":["Hidalgo","Metr\u00f3poli","Minuto a Minuto","Seguridad"],"inLanguage":"es","potentialAction":[{"@type":"CommentAction","name":"Comment","target":["https:\/\/elcardinal.com\/?p=5559#respond"]}]},{"@type":"WebPage","@id":"https:\/\/elcardinal.com\/?p=5559","url":"https:\/\/elcardinal.com\/?p=5559","name":"Blindaje por el 8M: colocar\u00e1 vallas para proteger el Palacio de Gobierno y el Reloj de Pachuca - El Cardinal","isPartOf":{"@id":"https:\/\/elcardinal.com\/#website"},"primaryImageOfPage":{"@id":"https:\/\/elcardinal.com\/?p=5559#primaryimage"},"image":{"@id":"https:\/\/elcardinal.com\/?p=5559#primaryimage"},"thumbnailUrl":"https:\/\/elcardinal.com\/wp-content\/uploads\/2026\/03\/FB_IMG_1772574517083.jpg","datePublished":"2026-03-03T21:53:06+00:00","breadcrumb":{"@id":"https:\/\/elcardinal.com\/?p=5559#breadcrumb"},"inLanguage":"es","potentialAction":[{"@type":"ReadAction","target":["https:\/\/elcardinal.com\/?p=5559"]}]},{"@type":"ImageObject","inLanguage":"es","@id":"https:\/\/elcardinal.com\/?p=5559#primaryimage","url":"https:\/\/elcardinal.com\/wp-content\/uploads\/2026\/03\/FB_IMG_1772574517083.jpg","contentUrl":"https:\/\/elcardinal.com\/wp-content\/uploads\/2026\/03\/FB_IMG_1772574517083.jpg","width":1080,"height":720},{"@type":"BreadcrumbList","@id":"https:\/\/elcardinal.com\/?p=5559#breadcrumb","itemListElement":[{"@type":"ListItem","position":1,"name":"Inicio","item":"https:\/\/elcardinal.com\/"},{"@type":"ListItem","position":2,"name":"Blindaje por el 8M: colocar\u00e1 vallas para proteger el Palacio de Gobierno y el Reloj de Pachuca"}]},{"@type":"WebSite","@id":"https:\/\/elcardinal.com\/#website","url":"https:\/\/elcardinal.com\/","name":"El Cardinal","description":"Periodismo honesto, con valor, sentido humano, a veces sarc\u00e1stico y divertido.","publisher":{"@id":"https:\/\/elcardinal.com\/#organization"},"alternateName":"El Cardinal Noticias","potentialAction":[{"@type":"SearchAction","target":{"@type":"EntryPoint","urlTemplate":"https:\/\/elcardinal.com\/?s={search_term_string}"},"query-input":{"@type":"PropertyValueSpecification","valueRequired":true,"valueName":"search_term_string"}}],"inLanguage":"es"},{"@type":"Organization","@id":"https:\/\/elcardinal.com\/#organization","name":"El Cardinal","url":"https:\/\/elcardinal.com\/","logo":{"@type":"ImageObject","inLanguage":"es","@id":"https:\/\/elcardinal.com\/#\/schema\/logo\/image\/","url":"https:\/\/elcardinal.com\/wp-content\/uploads\/2025\/04\/LOGO-EL-CARDINAL-Periodismo-con-valor.png","contentUrl":"https:\/\/elcardinal.com\/wp-content\/uploads\/2025\/04\/LOGO-EL-CARDINAL-Periodismo-con-valor.png","width":755,"height":636,"caption":"El Cardinal"},"image":{"@id":"https:\/\/elcardinal.com\/#\/schema\/logo\/image\/"},"sameAs":["https:\/\/www.facebook.com\/profile.php?id=100063093107011","https:\/\/x.com\/ElCardinal_Mx"]},{"@type":"Person","@id":"https:\/\/elcardinal.com\/#\/schema\/person\/3c352ec0a33987fe275c0e8a2ea69f8b","name":"Antonio Alcaraz","image":{"@type":"ImageObject","inLanguage":"es","@id":"https:\/\/elcardinal.com\/#\/schema\/person\/image\/","url":"https:\/\/elcardinal.com\/wp-content\/uploads\/2025\/05\/cropped-TONO-96x96.jpg","contentUrl":"https:\/\/elcardinal.com\/wp-content\/uploads\/2025\/05\/cropped-TONO-96x96.jpg","caption":"Antonio Alcaraz"},"url":"https:\/\/elcardinal.com\/?author=2"}]}},"_links":{"self":[{"href":"https:\/\/elcardinal.com\/index.php?rest_route=\/wp\/v2\/posts\/5559","targetHints":{"allow":["GET"]}}],"collection":[{"href":"https:\/\/elcardinal.com\/index.php?rest_route=\/wp\/v2\/posts"}],"about":[{"href":"https:\/\/elcardinal.com\/index.php?rest_route=\/wp\/v2\/types\/post"}],"author":[{"embeddable":true,"href":"https:\/\/elcardinal.com\/index.php?rest_route=\/wp\/v2\/users\/2"}],"replies":[{"embeddable":true,"href":"https:\/\/elcardinal.com\/index.php?rest_route=%2Fwp%2Fv2%2Fcomments&post=5559"}],"version-history":[{"count":1,"href":"https:\/\/elcardinal.com\/index.php?rest_route=\/wp\/v2\/posts\/5559\/revisions"}],"predecessor-version":[{"id":5562,"href":"https:\/\/elcardinal.com\/index.php?rest_route=\/wp\/v2\/posts\/5559\/revisions\/5562"}],"wp:featuredmedia":[{"embeddable":true,"href":"https:\/\/elcardinal.com\/index.php?rest_route=\/wp\/v2\/media\/5561"}],"wp:attachment":[{"href":"https:\/\/elcardinal.com\/index.php?rest_route=%2Fwp%2Fv2%2Fmedia&parent=5559"}],"wp:term":[{"taxonomy":"category","embeddable":true,"href":"https:\/\/elcardinal.com\/index.php?rest_route=%2Fwp%2Fv2%2Fcategories&post=5559"},{"taxonomy":"post_tag","embeddable":true,"href":"https:\/\/elcardinal.com\/index.php?rest_route=%2Fwp%2Fv2%2Ftags&post=5559"}],"curies":[{"name":"wp","href":"https:\/\/api.w.org\/{rel}","templated":true}]}}