{"id":5568,"date":"2026-03-03T22:06:55","date_gmt":"2026-03-04T04:06:55","guid":{"rendered":"https:\/\/elcardinal.com\/?p=5568"},"modified":"2026-03-03T22:07:06","modified_gmt":"2026-03-04T04:07:06","slug":"diputado-busca-prevenir-riesgos-con-retiro-de-cableado-en-desuso","status":"publish","type":"post","link":"https:\/\/elcardinal.com\/?p=5568","title":{"rendered":"Diputado busca prevenir riesgos con retiro de cableado en desuso"},"content":{"rendered":"<p>Redacci\u00f3n<\/p>\n<p><span style=\"font-weight: 400;\">En sesi\u00f3n ordinaria, el legislador <\/span><b>Arturo G\u00f3mez Canales<\/b><span style=\"font-weight: 400;\"> (Morena) propuso la iniciativa que modifica la Ley Org\u00e1nica Municipal para el Estado de Hidalgo, con la finalidad de fortalecer el marco normativo municipal en materia de alumbrado p\u00fablico y servicios urbanos, mediante la incorporaci\u00f3n expresa de la atribuci\u00f3n para promover ante las autoridades competentes, el retiro del cableado a\u00e9reo que se encuentre fuera de servicio o sin funci\u00f3n operativa, con el prop\u00f3sito de contribuir a la prevenci\u00f3n de riesgos, a la seguridad de las personas, evitar accidentes derivados de infraestructura deteriorada, reducir la contaminaci\u00f3n visual y mejorar la imagen urbana de los municipios.<\/span><\/p>\n<p><b>Igualdad de oportunidades y no discriminaci\u00f3n por edad<\/b><\/p>\n<p><span style=\"font-weight: 400;\">La diputada <\/span><b>Hilda Miranda Miranda<\/b><span style=\"font-weight: 400;\"> (Morena) present\u00f3 la iniciativa que reforma la Ley de los Derechos de las Personas Adultas Mayores del Estado de Hidalgo, con el objetivo de actualizar la atribuci\u00f3n de \u201cpromover la contrataci\u00f3n\u201d, incorporando expresamente la igualdad de oportunidades y la no discriminaci\u00f3n por edad; as\u00ed como crear una atribuci\u00f3n autoaplicativa de coordinaci\u00f3n, vinculaci\u00f3n y promoci\u00f3n institucional enfocada en prevenir\/erradicar edadismo y favorecer la permanencia en el trabajo, sin invadir competencias federales.<\/span><\/p>\n<p><b>Bienestar para animales de compa\u00f1\u00eda<\/b><\/p>\n<p><span style=\"font-weight: 400;\">La diputada <\/span><b>Yarabi Gonz\u00e1lez Mart\u00ednez<\/b><span style=\"font-weight: 400;\"> (Morena) detall\u00f3 la iniciativa que reforma la Ley de Protecci\u00f3n y Trato Digno para los Animales en el Estado de Hidalgo, con el prop\u00f3sito de regular y vigilar las condiciones de higiene, bioseguridad y bienestar animal en los establecimientos comerciales y particulares que ofrecen servicios de est\u00e9tica, alojamiento, pensi\u00f3n, guarder\u00eda y adiestramiento para animales de compa\u00f1\u00eda.<\/span><\/p>\n<p><b>Enfoque formativo del sistema educativo estatal<\/b><\/p>\n<p><span style=\"font-weight: 400;\">El diputado <\/span><b>Francisco Javier T\u00e9llez S\u00e1nchez<\/b><span style=\"font-weight: 400;\"> (PT) present\u00f3 la iniciativa que reforma la Ley de Educaci\u00f3n del Estado de Hidalgo, con el prop\u00f3sito de robustecer el enfoque formativo del sistema educativo estatal, orient\u00e1ndolo no solo al cumplimiento de contenidos acad\u00e9micos, tambi\u00e9n a la consolidaci\u00f3n de una conciencia cultural y territorial en las y los estudiantes.<\/span><\/p>\n<p><b>Continuidad escolar por motivos de discapacidad<\/b><\/p>\n<p><span style=\"font-weight: 400;\">La diputada <\/span><b>Claudia Lilia Luna Islas<\/b><span style=\"font-weight: 400;\"> (PAN) propuso la iniciativa que reforma la Ley de los Derechos de Ni\u00f1as, Ni\u00f1os y Adolescentes y la Ley de Educaci\u00f3n para el Estado de Hidalgo, con la finalidad de incorporar la prohibici\u00f3n categ\u00f3rica de negar la inscripci\u00f3n, permanencia, participaci\u00f3n o continuidad escolar a ni\u00f1as, ni\u00f1os y adolescentes por motivos de discapacidad, as\u00ed como establecer con claridad la obligaci\u00f3n de realizar ajustes razonables y medidas de accesibilidad como deber jur\u00eddico ineludible de las autoridades educativas y de las instituciones p\u00fablicas y privadas que integran el Sistema Educativo Estatal.<\/span><\/p>\n<p><b>Protecci\u00f3n jur\u00eddica a sectores vulnerables<\/b><\/p>\n<p><span style=\"font-weight: 400;\">La legisladora <\/span><b>Mar\u00eda Guadalupe Cruz Monta\u00f1o<\/b><span style=\"font-weight: 400;\"> (PVEM) detall\u00f3 la iniciativa que reforma la Ley del Notariado para el Estado de Hidalgo, con el objetivo de fortalecer la protecci\u00f3n jur\u00eddica de las personas adultas mayores, analfabetas y con discapacidad que acuden ante notario p\u00fablico, garantizando que comprendan plenamente el contenido y las consecuencias de los actos jur\u00eddicos que celebran, mediante la obligaci\u00f3n expresa del notario de explicarles en lenguaje claro, entrevistarse a solas con ellas y suspender el acto cuando no exista certeza de voluntad libre e informada.<\/span><\/p>\n<p><b>Tutela a cargo de la Procuradur\u00eda de Protecci\u00f3n<\/b><\/p>\n<p><span style=\"font-weight: 400;\">El diputado <\/span><b>Marco Antonio Mendoza Bustamante<\/b><span style=\"font-weight: 400;\"> (PRI) present\u00f3 la iniciativa que reforma la Ley de los Derechos de Ni\u00f1as, Ni\u00f1os y Adolescentes para Hidalgo, la cual busca incorporar que la tutela del estado ser\u00e1 ejercida por la Procuradur\u00eda de Protecci\u00f3n y tendr\u00e1 facultades para determinar y aplicar de manera inmediata y transitoria, las medidas de protecci\u00f3n de car\u00e1cter administrativo, lo que no afecta las medidas de car\u00e1cter judicial existentes que pudieran decretarse.<\/span><\/p>\n<p>&nbsp;<\/p>\n<p><b>Embarazo infantil como violencia de g\u00e9nero<\/b><\/p>\n<p><span style=\"font-weight: 400;\">La legisladora <\/span><b>Johana Montcerrat Hern\u00e1ndez P\u00e9rez<\/b><span style=\"font-weight: 400;\"> (PRI) propuso la iniciativa que reconoce el embarazo infantil como modalidad de violencia de g\u00e9nero y tortura en el estado de Hidalgo.<\/span><\/p>\n","protected":false},"excerpt":{"rendered":"<p>Redacci\u00f3n En sesi\u00f3n ordinaria, el legislador Arturo G\u00f3mez Canales (Morena) propuso la iniciativa que modifica la Ley Org\u00e1nica Municipal para el Estado de Hidalgo, con la finalidad de fortalecer el marco normativo municipal en materia de alumbrado p\u00fablico y servicios urbanos, mediante la incorporaci\u00f3n expresa de la atribuci\u00f3n para promover ante las autoridades competentes, el<\/p>\n","protected":false},"author":2,"featured_media":5569,"comment_status":"open","ping_status":"open","sticky":false,"template":"","format":"standard","meta":{"footnotes":""},"categories":[31,44],"tags":[],"class_list":{"0":"post-5568","1":"post","2":"type-post","3":"status-publish","4":"format-standard","5":"has-post-thumbnail","7":"category-hidalgo","8":"category-minuto-a-minuto"},"yoast_head":"<!-- This site is optimized with the Yoast SEO plugin v26.1.1 - https:\/\/yoast.com\/wordpress\/plugins\/seo\/ -->\n<title>Diputado busca prevenir riesgos con retiro de cableado en desuso - El Cardinal<\/title>\n<meta name=\"robots\" content=\"index, follow, max-snippet:-1, max-image-preview:large, max-video-preview:-1\" \/>\n<link rel=\"canonical\" href=\"https:\/\/elcardinal.com\/?p=5568\" \/>\n<meta property=\"og:locale\" content=\"es_MX\" \/>\n<meta property=\"og:type\" content=\"article\" \/>\n<meta property=\"og:title\" content=\"Diputado busca prevenir riesgos con retiro de cableado en desuso - El Cardinal\" \/>\n<meta property=\"og:description\" content=\"Redacci\u00f3n En sesi\u00f3n ordinaria, el legislador Arturo G\u00f3mez Canales (Morena) propuso la iniciativa que modifica la Ley Org\u00e1nica Municipal para el Estado de Hidalgo, con la finalidad de fortalecer el marco normativo municipal en materia de alumbrado p\u00fablico y servicios urbanos, mediante la incorporaci\u00f3n expresa de la atribuci\u00f3n para promover ante las autoridades competentes, el\" \/>\n<meta property=\"og:url\" content=\"https:\/\/elcardinal.com\/?p=5568\" \/>\n<meta property=\"og:site_name\" content=\"El Cardinal\" \/>\n<meta property=\"article:publisher\" content=\"https:\/\/www.facebook.com\/profile.php?id=100063093107011\" \/>\n<meta property=\"article:published_time\" content=\"2026-03-04T04:06:55+00:00\" \/>\n<meta property=\"article:modified_time\" content=\"2026-03-04T04:07:06+00:00\" \/>\n<meta property=\"og:image\" content=\"https:\/\/elcardinal.com\/wp-content\/uploads\/2026\/03\/Sesion-03.03.2026-Ordinaria-30.jpg\" \/>\n\t<meta property=\"og:image:width\" content=\"1744\" \/>\n\t<meta property=\"og:image:height\" content=\"1800\" \/>\n\t<meta property=\"og:image:type\" content=\"image\/jpeg\" \/>\n<meta name=\"author\" content=\"Antonio Alcaraz\" \/>\n<meta name=\"twitter:card\" content=\"summary_large_image\" \/>\n<meta name=\"twitter:creator\" content=\"@ElCardinal_Mx\" \/>\n<meta name=\"twitter:site\" content=\"@ElCardinal_Mx\" \/>\n<meta name=\"twitter:label1\" content=\"Escrito por\" \/>\n\t<meta name=\"twitter:data1\" content=\"Antonio Alcaraz\" \/>\n\t<meta name=\"twitter:label2\" content=\"Tiempo de lectura\" \/>\n\t<meta name=\"twitter:data2\" content=\"4 minutos\" \/>\n<script type=\"application\/ld+json\" class=\"yoast-schema-graph\">{\"@context\":\"https:\/\/schema.org\",\"@graph\":[{\"@type\":\"Article\",\"@id\":\"https:\/\/elcardinal.com\/?p=5568#article\",\"isPartOf\":{\"@id\":\"https:\/\/elcardinal.com\/?p=5568\"},\"author\":{\"name\":\"Antonio Alcaraz\",\"@id\":\"https:\/\/elcardinal.com\/#\/schema\/person\/3c352ec0a33987fe275c0e8a2ea69f8b\"},\"headline\":\"Diputado busca prevenir riesgos con retiro de cableado en desuso\",\"datePublished\":\"2026-03-04T04:06:55+00:00\",\"dateModified\":\"2026-03-04T04:07:06+00:00\",\"mainEntityOfPage\":{\"@id\":\"https:\/\/elcardinal.com\/?p=5568\"},\"wordCount\":702,\"commentCount\":0,\"publisher\":{\"@id\":\"https:\/\/elcardinal.com\/#organization\"},\"image\":{\"@id\":\"https:\/\/elcardinal.com\/?p=5568#primaryimage\"},\"thumbnailUrl\":\"https:\/\/elcardinal.com\/wp-content\/uploads\/2026\/03\/Sesion-03.03.2026-Ordinaria-30.jpg\",\"articleSection\":[\"Hidalgo\",\"Minuto a Minuto\"],\"inLanguage\":\"es\",\"potentialAction\":[{\"@type\":\"CommentAction\",\"name\":\"Comment\",\"target\":[\"https:\/\/elcardinal.com\/?p=5568#respond\"]}]},{\"@type\":\"WebPage\",\"@id\":\"https:\/\/elcardinal.com\/?p=5568\",\"url\":\"https:\/\/elcardinal.com\/?p=5568\",\"name\":\"Diputado busca prevenir riesgos con retiro de cableado en desuso - El Cardinal\",\"isPartOf\":{\"@id\":\"https:\/\/elcardinal.com\/#website\"},\"primaryImageOfPage\":{\"@id\":\"https:\/\/elcardinal.com\/?p=5568#primaryimage\"},\"image\":{\"@id\":\"https:\/\/elcardinal.com\/?p=5568#primaryimage\"},\"thumbnailUrl\":\"https:\/\/elcardinal.com\/wp-content\/uploads\/2026\/03\/Sesion-03.03.2026-Ordinaria-30.jpg\",\"datePublished\":\"2026-03-04T04:06:55+00:00\",\"dateModified\":\"2026-03-04T04:07:06+00:00\",\"breadcrumb\":{\"@id\":\"https:\/\/elcardinal.com\/?p=5568#breadcrumb\"},\"inLanguage\":\"es\",\"potentialAction\":[{\"@type\":\"ReadAction\",\"target\":[\"https:\/\/elcardinal.com\/?p=5568\"]}]},{\"@type\":\"ImageObject\",\"inLanguage\":\"es\",\"@id\":\"https:\/\/elcardinal.com\/?p=5568#primaryimage\",\"url\":\"https:\/\/elcardinal.com\/wp-content\/uploads\/2026\/03\/Sesion-03.03.2026-Ordinaria-30.jpg\",\"contentUrl\":\"https:\/\/elcardinal.com\/wp-content\/uploads\/2026\/03\/Sesion-03.03.2026-Ordinaria-30.jpg\",\"width\":1744,\"height\":1800},{\"@type\":\"BreadcrumbList\",\"@id\":\"https:\/\/elcardinal.com\/?p=5568#breadcrumb\",\"itemListElement\":[{\"@type\":\"ListItem\",\"position\":1,\"name\":\"Inicio\",\"item\":\"https:\/\/elcardinal.com\/\"},{\"@type\":\"ListItem\",\"position\":2,\"name\":\"Diputado busca prevenir riesgos con retiro de cableado en desuso\"}]},{\"@type\":\"WebSite\",\"@id\":\"https:\/\/elcardinal.com\/#website\",\"url\":\"https:\/\/elcardinal.com\/\",\"name\":\"El Cardinal\",\"description\":\"Periodismo honesto, con valor, sentido humano, a veces sarc\u00e1stico y divertido.\",\"publisher\":{\"@id\":\"https:\/\/elcardinal.com\/#organization\"},\"alternateName\":\"El Cardinal Noticias\",\"potentialAction\":[{\"@type\":\"SearchAction\",\"target\":{\"@type\":\"EntryPoint\",\"urlTemplate\":\"https:\/\/elcardinal.com\/?s={search_term_string}\"},\"query-input\":{\"@type\":\"PropertyValueSpecification\",\"valueRequired\":true,\"valueName\":\"search_term_string\"}}],\"inLanguage\":\"es\"},{\"@type\":\"Organization\",\"@id\":\"https:\/\/elcardinal.com\/#organization\",\"name\":\"El Cardinal\",\"url\":\"https:\/\/elcardinal.com\/\",\"logo\":{\"@type\":\"ImageObject\",\"inLanguage\":\"es\",\"@id\":\"https:\/\/elcardinal.com\/#\/schema\/logo\/image\/\",\"url\":\"https:\/\/elcardinal.com\/wp-content\/uploads\/2025\/04\/LOGO-EL-CARDINAL-Periodismo-con-valor.png\",\"contentUrl\":\"https:\/\/elcardinal.com\/wp-content\/uploads\/2025\/04\/LOGO-EL-CARDINAL-Periodismo-con-valor.png\",\"width\":755,\"height\":636,\"caption\":\"El Cardinal\"},\"image\":{\"@id\":\"https:\/\/elcardinal.com\/#\/schema\/logo\/image\/\"},\"sameAs\":[\"https:\/\/www.facebook.com\/profile.php?id=100063093107011\",\"https:\/\/x.com\/ElCardinal_Mx\"]},{\"@type\":\"Person\",\"@id\":\"https:\/\/elcardinal.com\/#\/schema\/person\/3c352ec0a33987fe275c0e8a2ea69f8b\",\"name\":\"Antonio Alcaraz\",\"image\":{\"@type\":\"ImageObject\",\"inLanguage\":\"es\",\"@id\":\"https:\/\/elcardinal.com\/#\/schema\/person\/image\/\",\"url\":\"https:\/\/elcardinal.com\/wp-content\/uploads\/2025\/05\/cropped-TONO-96x96.jpg\",\"contentUrl\":\"https:\/\/elcardinal.com\/wp-content\/uploads\/2025\/05\/cropped-TONO-96x96.jpg\",\"caption\":\"Antonio Alcaraz\"},\"url\":\"https:\/\/elcardinal.com\/?author=2\"}]}<\/script>\n<!-- \/ Yoast SEO plugin. -->","yoast_head_json":{"title":"Diputado busca prevenir riesgos con retiro de cableado en desuso - El Cardinal","robots":{"index":"index","follow":"follow","max-snippet":"max-snippet:-1","max-image-preview":"max-image-preview:large","max-video-preview":"max-video-preview:-1"},"canonical":"https:\/\/elcardinal.com\/?p=5568","og_locale":"es_MX","og_type":"article","og_title":"Diputado busca prevenir riesgos con retiro de cableado en desuso - El Cardinal","og_description":"Redacci\u00f3n En sesi\u00f3n ordinaria, el legislador Arturo G\u00f3mez Canales (Morena) propuso la iniciativa que modifica la Ley Org\u00e1nica Municipal para el Estado de Hidalgo, con la finalidad de fortalecer el marco normativo municipal en materia de alumbrado p\u00fablico y servicios urbanos, mediante la incorporaci\u00f3n expresa de la atribuci\u00f3n para promover ante las autoridades competentes, el","og_url":"https:\/\/elcardinal.com\/?p=5568","og_site_name":"El Cardinal","article_publisher":"https:\/\/www.facebook.com\/profile.php?id=100063093107011","article_published_time":"2026-03-04T04:06:55+00:00","article_modified_time":"2026-03-04T04:07:06+00:00","og_image":[{"width":1744,"height":1800,"url":"https:\/\/elcardinal.com\/wp-content\/uploads\/2026\/03\/Sesion-03.03.2026-Ordinaria-30.jpg","type":"image\/jpeg"}],"author":"Antonio Alcaraz","twitter_card":"summary_large_image","twitter_creator":"@ElCardinal_Mx","twitter_site":"@ElCardinal_Mx","twitter_misc":{"Escrito por":"Antonio Alcaraz","Tiempo de lectura":"4 minutos"},"schema":{"@context":"https:\/\/schema.org","@graph":[{"@type":"Article","@id":"https:\/\/elcardinal.com\/?p=5568#article","isPartOf":{"@id":"https:\/\/elcardinal.com\/?p=5568"},"author":{"name":"Antonio Alcaraz","@id":"https:\/\/elcardinal.com\/#\/schema\/person\/3c352ec0a33987fe275c0e8a2ea69f8b"},"headline":"Diputado busca prevenir riesgos con retiro de cableado en desuso","datePublished":"2026-03-04T04:06:55+00:00","dateModified":"2026-03-04T04:07:06+00:00","mainEntityOfPage":{"@id":"https:\/\/elcardinal.com\/?p=5568"},"wordCount":702,"commentCount":0,"publisher":{"@id":"https:\/\/elcardinal.com\/#organization"},"image":{"@id":"https:\/\/elcardinal.com\/?p=5568#primaryimage"},"thumbnailUrl":"https:\/\/elcardinal.com\/wp-content\/uploads\/2026\/03\/Sesion-03.03.2026-Ordinaria-30.jpg","articleSection":["Hidalgo","Minuto a Minuto"],"inLanguage":"es","potentialAction":[{"@type":"CommentAction","name":"Comment","target":["https:\/\/elcardinal.com\/?p=5568#respond"]}]},{"@type":"WebPage","@id":"https:\/\/elcardinal.com\/?p=5568","url":"https:\/\/elcardinal.com\/?p=5568","name":"Diputado busca prevenir riesgos con retiro de cableado en desuso - El Cardinal","isPartOf":{"@id":"https:\/\/elcardinal.com\/#website"},"primaryImageOfPage":{"@id":"https:\/\/elcardinal.com\/?p=5568#primaryimage"},"image":{"@id":"https:\/\/elcardinal.com\/?p=5568#primaryimage"},"thumbnailUrl":"https:\/\/elcardinal.com\/wp-content\/uploads\/2026\/03\/Sesion-03.03.2026-Ordinaria-30.jpg","datePublished":"2026-03-04T04:06:55+00:00","dateModified":"2026-03-04T04:07:06+00:00","breadcrumb":{"@id":"https:\/\/elcardinal.com\/?p=5568#breadcrumb"},"inLanguage":"es","potentialAction":[{"@type":"ReadAction","target":["https:\/\/elcardinal.com\/?p=5568"]}]},{"@type":"ImageObject","inLanguage":"es","@id":"https:\/\/elcardinal.com\/?p=5568#primaryimage","url":"https:\/\/elcardinal.com\/wp-content\/uploads\/2026\/03\/Sesion-03.03.2026-Ordinaria-30.jpg","contentUrl":"https:\/\/elcardinal.com\/wp-content\/uploads\/2026\/03\/Sesion-03.03.2026-Ordinaria-30.jpg","width":1744,"height":1800},{"@type":"BreadcrumbList","@id":"https:\/\/elcardinal.com\/?p=5568#breadcrumb","itemListElement":[{"@type":"ListItem","position":1,"name":"Inicio","item":"https:\/\/elcardinal.com\/"},{"@type":"ListItem","position":2,"name":"Diputado busca prevenir riesgos con retiro de cableado en desuso"}]},{"@type":"WebSite","@id":"https:\/\/elcardinal.com\/#website","url":"https:\/\/elcardinal.com\/","name":"El Cardinal","description":"Periodismo honesto, con valor, sentido humano, a veces sarc\u00e1stico y divertido.","publisher":{"@id":"https:\/\/elcardinal.com\/#organization"},"alternateName":"El Cardinal Noticias","potentialAction":[{"@type":"SearchAction","target":{"@type":"EntryPoint","urlTemplate":"https:\/\/elcardinal.com\/?s={search_term_string}"},"query-input":{"@type":"PropertyValueSpecification","valueRequired":true,"valueName":"search_term_string"}}],"inLanguage":"es"},{"@type":"Organization","@id":"https:\/\/elcardinal.com\/#organization","name":"El Cardinal","url":"https:\/\/elcardinal.com\/","logo":{"@type":"ImageObject","inLanguage":"es","@id":"https:\/\/elcardinal.com\/#\/schema\/logo\/image\/","url":"https:\/\/elcardinal.com\/wp-content\/uploads\/2025\/04\/LOGO-EL-CARDINAL-Periodismo-con-valor.png","contentUrl":"https:\/\/elcardinal.com\/wp-content\/uploads\/2025\/04\/LOGO-EL-CARDINAL-Periodismo-con-valor.png","width":755,"height":636,"caption":"El Cardinal"},"image":{"@id":"https:\/\/elcardinal.com\/#\/schema\/logo\/image\/"},"sameAs":["https:\/\/www.facebook.com\/profile.php?id=100063093107011","https:\/\/x.com\/ElCardinal_Mx"]},{"@type":"Person","@id":"https:\/\/elcardinal.com\/#\/schema\/person\/3c352ec0a33987fe275c0e8a2ea69f8b","name":"Antonio Alcaraz","image":{"@type":"ImageObject","inLanguage":"es","@id":"https:\/\/elcardinal.com\/#\/schema\/person\/image\/","url":"https:\/\/elcardinal.com\/wp-content\/uploads\/2025\/05\/cropped-TONO-96x96.jpg","contentUrl":"https:\/\/elcardinal.com\/wp-content\/uploads\/2025\/05\/cropped-TONO-96x96.jpg","caption":"Antonio Alcaraz"},"url":"https:\/\/elcardinal.com\/?author=2"}]}},"_links":{"self":[{"href":"https:\/\/elcardinal.com\/index.php?rest_route=\/wp\/v2\/posts\/5568","targetHints":{"allow":["GET"]}}],"collection":[{"href":"https:\/\/elcardinal.com\/index.php?rest_route=\/wp\/v2\/posts"}],"about":[{"href":"https:\/\/elcardinal.com\/index.php?rest_route=\/wp\/v2\/types\/post"}],"author":[{"embeddable":true,"href":"https:\/\/elcardinal.com\/index.php?rest_route=\/wp\/v2\/users\/2"}],"replies":[{"embeddable":true,"href":"https:\/\/elcardinal.com\/index.php?rest_route=%2Fwp%2Fv2%2Fcomments&post=5568"}],"version-history":[{"count":1,"href":"https:\/\/elcardinal.com\/index.php?rest_route=\/wp\/v2\/posts\/5568\/revisions"}],"predecessor-version":[{"id":5570,"href":"https:\/\/elcardinal.com\/index.php?rest_route=\/wp\/v2\/posts\/5568\/revisions\/5570"}],"wp:featuredmedia":[{"embeddable":true,"href":"https:\/\/elcardinal.com\/index.php?rest_route=\/wp\/v2\/media\/5569"}],"wp:attachment":[{"href":"https:\/\/elcardinal.com\/index.php?rest_route=%2Fwp%2Fv2%2Fmedia&parent=5568"}],"wp:term":[{"taxonomy":"category","embeddable":true,"href":"https:\/\/elcardinal.com\/index.php?rest_route=%2Fwp%2Fv2%2Fcategories&post=5568"},{"taxonomy":"post_tag","embeddable":true,"href":"https:\/\/elcardinal.com\/index.php?rest_route=%2Fwp%2Fv2%2Ftags&post=5568"}],"curies":[{"name":"wp","href":"https:\/\/api.w.org\/{rel}","templated":true}]}}