{"id":5571,"date":"2026-03-04T21:59:52","date_gmt":"2026-03-05T03:59:52","guid":{"rendered":"https:\/\/elcardinal.com\/?p=5571"},"modified":"2026-03-04T21:59:52","modified_gmt":"2026-03-05T03:59:52","slug":"julio-menchaca-encabeza-ranking-de-demoscopia-y-consolida-cercania-con-el-pueblo-marco-rico","status":"publish","type":"post","link":"https:\/\/elcardinal.com\/?p=5571","title":{"rendered":"Julio Menchaca encabeza ranking de Demoscopia y consolida cercan\u00eda con el pueblo: Marco Rico"},"content":{"rendered":"<p>Por: <strong>Jos\u00e9 Antonio Alcaraz Su\u00e1rez<\/strong><\/p>\n<p><strong>Marco Antonio Rico Mercado<\/strong>, presidente del Comit\u00e9 Ejecutivo Estatal en Hidalgo (CEEH) del Movimiento de Regeneraci\u00f3n Nacional (<strong>Morena<\/strong>) reconoci\u00f3 el liderazgo del gobernador <strong>Julio Menchaca Salazar<\/strong>, quien se mantiene en el primer lugar del \u00edndice de aprobaci\u00f3n ciudadana durante febrero, de acuerdo con la casa encuestadora Demoscopia Digital.<\/p>\n<p>En conferencia de prensa, el dirigente subray\u00f3 que este resultado no es casualidad, sino consecuencia directa del trabajo realizado en materia de seguridad, obra p\u00fablica y cercan\u00eda con la poblaci\u00f3n a trav\u00e9s de las Rutas de la Transformaci\u00f3n, que por cuarta ocasi\u00f3n recorrer\u00e1n los 84 municipios del estado.<\/p>\n<blockquote><p>\u201cHay constancia y evidencia f\u00edsica de que las cosas se est\u00e1n haciendo totalmente diferentes. <strong>No somos iguales<\/strong>\u201d, expres\u00f3, al destacar que en tan solo tres a\u00f1os y medio se ha invertido un 40% m\u00e1s que en toda la administraci\u00f3n anterior, cifra que \u2014asegur\u00f3\u2014 desmonta cualquier narrativa que intente minimizar los avances.<\/p><\/blockquote>\n<p>Tambi\u00e9n celebr\u00f3 el anuncio de m\u00e1s de <strong>8 mil millones de pesos en inversi\u00f3n p\u00fablica federal y estatal<\/strong> para el rescate y rehabilitaci\u00f3n de municipios afectados por fen\u00f3menos naturales, as\u00ed como el apoyo directo a damnificados y la construcci\u00f3n de vivienda para quienes lo perdieron todo.<\/p>\n<p>En materia de seguridad, afirm\u00f3 que existe un combate frontal y una estrategia firme que comienza a rendir resultados, mientras que el crecimiento econ\u00f3mico y la generaci\u00f3n de empleos reflejan el impacto de las inversiones privadas y p\u00fablicas en el estado.<\/p>\n<blockquote><p>El dirigente reiter\u00f3 que uno de los factores clave en los altos niveles de aprobaci\u00f3n del mandatario es su trabajo territorial: \u201cQue alguien diga si conoci\u00f3 a un gobernador que por cuarta vez recorra todos los municipios. Eso lo reconoce la sociedad\u201d, enfatiz\u00f3.<\/p><\/blockquote>\n<p>Finalmente, asegur\u00f3 que el proyecto de la transformaci\u00f3n mantiene como prioridad al pueblo de Hidalgo y que los recursos p\u00fablicos hoy se ejercen de manera honesta y transparente, alejados de los viejos esquemas de privilegios. \u201cCon el pueblo todo y sin el pueblo nada\u201d, concluy\u00f3.<\/p>\n","protected":false},"excerpt":{"rendered":"<p>Por: Jos\u00e9 Antonio Alcaraz Su\u00e1rez Marco Antonio Rico Mercado, presidente del Comit\u00e9 Ejecutivo Estatal en Hidalgo (CEEH) del Movimiento de Regeneraci\u00f3n Nacional (Morena) reconoci\u00f3 el liderazgo del gobernador Julio Menchaca Salazar, quien se mantiene en el primer lugar del \u00edndice de aprobaci\u00f3n ciudadana durante febrero, de acuerdo con la casa encuestadora Demoscopia Digital. En conferencia<\/p>\n","protected":false},"author":2,"featured_media":5575,"comment_status":"open","ping_status":"open","sticky":false,"template":"","format":"standard","meta":{"footnotes":""},"categories":[31,44],"tags":[85,341],"class_list":{"0":"post-5571","1":"post","2":"type-post","3":"status-publish","4":"format-standard","5":"has-post-thumbnail","7":"category-hidalgo","8":"category-minuto-a-minuto","9":"tag-julio-menchaca","10":"tag-morena"},"yoast_head":"<!-- This site is optimized with the Yoast SEO plugin v26.1.1 - https:\/\/yoast.com\/wordpress\/plugins\/seo\/ -->\n<title>Julio Menchaca encabeza ranking de Demoscopia y consolida cercan\u00eda con el pueblo: Marco Rico - El Cardinal<\/title>\n<meta name=\"robots\" content=\"index, follow, max-snippet:-1, max-image-preview:large, max-video-preview:-1\" \/>\n<link rel=\"canonical\" href=\"https:\/\/elcardinal.com\/?p=5571\" \/>\n<meta property=\"og:locale\" content=\"es_MX\" \/>\n<meta property=\"og:type\" content=\"article\" \/>\n<meta property=\"og:title\" content=\"Julio Menchaca encabeza ranking de Demoscopia y consolida cercan\u00eda con el pueblo: Marco Rico - El Cardinal\" \/>\n<meta property=\"og:description\" content=\"Por: Jos\u00e9 Antonio Alcaraz Su\u00e1rez Marco Antonio Rico Mercado, presidente del Comit\u00e9 Ejecutivo Estatal en Hidalgo (CEEH) del Movimiento de Regeneraci\u00f3n Nacional (Morena) reconoci\u00f3 el liderazgo del gobernador Julio Menchaca Salazar, quien se mantiene en el primer lugar del \u00edndice de aprobaci\u00f3n ciudadana durante febrero, de acuerdo con la casa encuestadora Demoscopia Digital. En conferencia\" \/>\n<meta property=\"og:url\" content=\"https:\/\/elcardinal.com\/?p=5571\" \/>\n<meta property=\"og:site_name\" content=\"El Cardinal\" \/>\n<meta property=\"article:publisher\" content=\"https:\/\/www.facebook.com\/profile.php?id=100063093107011\" \/>\n<meta property=\"article:published_time\" content=\"2026-03-05T03:59:52+00:00\" \/>\n<meta property=\"og:image\" content=\"https:\/\/elcardinal.com\/wp-content\/uploads\/2026\/03\/WhatsApp-Image-2026-03-04-at-9.58.40-PM.jpeg\" \/>\n\t<meta property=\"og:image:width\" content=\"1536\" \/>\n\t<meta property=\"og:image:height\" content=\"1024\" \/>\n\t<meta property=\"og:image:type\" content=\"image\/jpeg\" \/>\n<meta name=\"author\" content=\"Antonio Alcaraz\" \/>\n<meta name=\"twitter:card\" content=\"summary_large_image\" \/>\n<meta name=\"twitter:creator\" content=\"@ElCardinal_Mx\" \/>\n<meta name=\"twitter:site\" content=\"@ElCardinal_Mx\" \/>\n<meta name=\"twitter:label1\" content=\"Escrito por\" \/>\n\t<meta name=\"twitter:data1\" content=\"Antonio Alcaraz\" \/>\n\t<meta name=\"twitter:label2\" content=\"Tiempo de lectura\" \/>\n\t<meta name=\"twitter:data2\" content=\"2 minutos\" \/>\n<script type=\"application\/ld+json\" class=\"yoast-schema-graph\">{\"@context\":\"https:\/\/schema.org\",\"@graph\":[{\"@type\":\"Article\",\"@id\":\"https:\/\/elcardinal.com\/?p=5571#article\",\"isPartOf\":{\"@id\":\"https:\/\/elcardinal.com\/?p=5571\"},\"author\":{\"name\":\"Antonio Alcaraz\",\"@id\":\"https:\/\/elcardinal.com\/#\/schema\/person\/3c352ec0a33987fe275c0e8a2ea69f8b\"},\"headline\":\"Julio Menchaca encabeza ranking de Demoscopia y consolida cercan\u00eda con el pueblo: Marco Rico\",\"datePublished\":\"2026-03-05T03:59:52+00:00\",\"mainEntityOfPage\":{\"@id\":\"https:\/\/elcardinal.com\/?p=5571\"},\"wordCount\":367,\"commentCount\":0,\"publisher\":{\"@id\":\"https:\/\/elcardinal.com\/#organization\"},\"image\":{\"@id\":\"https:\/\/elcardinal.com\/?p=5571#primaryimage\"},\"thumbnailUrl\":\"https:\/\/elcardinal.com\/wp-content\/uploads\/2026\/03\/WhatsApp-Image-2026-03-04-at-9.58.40-PM.jpeg\",\"keywords\":[\"Julio Menchaca\",\"Morena\"],\"articleSection\":[\"Hidalgo\",\"Minuto a Minuto\"],\"inLanguage\":\"es\",\"potentialAction\":[{\"@type\":\"CommentAction\",\"name\":\"Comment\",\"target\":[\"https:\/\/elcardinal.com\/?p=5571#respond\"]}]},{\"@type\":\"WebPage\",\"@id\":\"https:\/\/elcardinal.com\/?p=5571\",\"url\":\"https:\/\/elcardinal.com\/?p=5571\",\"name\":\"Julio Menchaca encabeza ranking de Demoscopia y consolida cercan\u00eda con el pueblo: Marco Rico - El Cardinal\",\"isPartOf\":{\"@id\":\"https:\/\/elcardinal.com\/#website\"},\"primaryImageOfPage\":{\"@id\":\"https:\/\/elcardinal.com\/?p=5571#primaryimage\"},\"image\":{\"@id\":\"https:\/\/elcardinal.com\/?p=5571#primaryimage\"},\"thumbnailUrl\":\"https:\/\/elcardinal.com\/wp-content\/uploads\/2026\/03\/WhatsApp-Image-2026-03-04-at-9.58.40-PM.jpeg\",\"datePublished\":\"2026-03-05T03:59:52+00:00\",\"breadcrumb\":{\"@id\":\"https:\/\/elcardinal.com\/?p=5571#breadcrumb\"},\"inLanguage\":\"es\",\"potentialAction\":[{\"@type\":\"ReadAction\",\"target\":[\"https:\/\/elcardinal.com\/?p=5571\"]}]},{\"@type\":\"ImageObject\",\"inLanguage\":\"es\",\"@id\":\"https:\/\/elcardinal.com\/?p=5571#primaryimage\",\"url\":\"https:\/\/elcardinal.com\/wp-content\/uploads\/2026\/03\/WhatsApp-Image-2026-03-04-at-9.58.40-PM.jpeg\",\"contentUrl\":\"https:\/\/elcardinal.com\/wp-content\/uploads\/2026\/03\/WhatsApp-Image-2026-03-04-at-9.58.40-PM.jpeg\",\"width\":1536,\"height\":1024},{\"@type\":\"BreadcrumbList\",\"@id\":\"https:\/\/elcardinal.com\/?p=5571#breadcrumb\",\"itemListElement\":[{\"@type\":\"ListItem\",\"position\":1,\"name\":\"Inicio\",\"item\":\"https:\/\/elcardinal.com\/\"},{\"@type\":\"ListItem\",\"position\":2,\"name\":\"Julio Menchaca encabeza ranking de Demoscopia y consolida cercan\u00eda con el pueblo: Marco Rico\"}]},{\"@type\":\"WebSite\",\"@id\":\"https:\/\/elcardinal.com\/#website\",\"url\":\"https:\/\/elcardinal.com\/\",\"name\":\"El Cardinal\",\"description\":\"Periodismo honesto, con valor, sentido humano, a veces sarc\u00e1stico y divertido.\",\"publisher\":{\"@id\":\"https:\/\/elcardinal.com\/#organization\"},\"alternateName\":\"El Cardinal Noticias\",\"potentialAction\":[{\"@type\":\"SearchAction\",\"target\":{\"@type\":\"EntryPoint\",\"urlTemplate\":\"https:\/\/elcardinal.com\/?s={search_term_string}\"},\"query-input\":{\"@type\":\"PropertyValueSpecification\",\"valueRequired\":true,\"valueName\":\"search_term_string\"}}],\"inLanguage\":\"es\"},{\"@type\":\"Organization\",\"@id\":\"https:\/\/elcardinal.com\/#organization\",\"name\":\"El Cardinal\",\"url\":\"https:\/\/elcardinal.com\/\",\"logo\":{\"@type\":\"ImageObject\",\"inLanguage\":\"es\",\"@id\":\"https:\/\/elcardinal.com\/#\/schema\/logo\/image\/\",\"url\":\"https:\/\/elcardinal.com\/wp-content\/uploads\/2025\/04\/LOGO-EL-CARDINAL-Periodismo-con-valor.png\",\"contentUrl\":\"https:\/\/elcardinal.com\/wp-content\/uploads\/2025\/04\/LOGO-EL-CARDINAL-Periodismo-con-valor.png\",\"width\":755,\"height\":636,\"caption\":\"El Cardinal\"},\"image\":{\"@id\":\"https:\/\/elcardinal.com\/#\/schema\/logo\/image\/\"},\"sameAs\":[\"https:\/\/www.facebook.com\/profile.php?id=100063093107011\",\"https:\/\/x.com\/ElCardinal_Mx\"]},{\"@type\":\"Person\",\"@id\":\"https:\/\/elcardinal.com\/#\/schema\/person\/3c352ec0a33987fe275c0e8a2ea69f8b\",\"name\":\"Antonio Alcaraz\",\"image\":{\"@type\":\"ImageObject\",\"inLanguage\":\"es\",\"@id\":\"https:\/\/elcardinal.com\/#\/schema\/person\/image\/\",\"url\":\"https:\/\/elcardinal.com\/wp-content\/uploads\/2025\/05\/cropped-TONO-96x96.jpg\",\"contentUrl\":\"https:\/\/elcardinal.com\/wp-content\/uploads\/2025\/05\/cropped-TONO-96x96.jpg\",\"caption\":\"Antonio Alcaraz\"},\"url\":\"https:\/\/elcardinal.com\/?author=2\"}]}<\/script>\n<!-- \/ Yoast SEO plugin. -->","yoast_head_json":{"title":"Julio Menchaca encabeza ranking de Demoscopia y consolida cercan\u00eda con el pueblo: Marco Rico - El Cardinal","robots":{"index":"index","follow":"follow","max-snippet":"max-snippet:-1","max-image-preview":"max-image-preview:large","max-video-preview":"max-video-preview:-1"},"canonical":"https:\/\/elcardinal.com\/?p=5571","og_locale":"es_MX","og_type":"article","og_title":"Julio Menchaca encabeza ranking de Demoscopia y consolida cercan\u00eda con el pueblo: Marco Rico - El Cardinal","og_description":"Por: Jos\u00e9 Antonio Alcaraz Su\u00e1rez Marco Antonio Rico Mercado, presidente del Comit\u00e9 Ejecutivo Estatal en Hidalgo (CEEH) del Movimiento de Regeneraci\u00f3n Nacional (Morena) reconoci\u00f3 el liderazgo del gobernador Julio Menchaca Salazar, quien se mantiene en el primer lugar del \u00edndice de aprobaci\u00f3n ciudadana durante febrero, de acuerdo con la casa encuestadora Demoscopia Digital. En conferencia","og_url":"https:\/\/elcardinal.com\/?p=5571","og_site_name":"El Cardinal","article_publisher":"https:\/\/www.facebook.com\/profile.php?id=100063093107011","article_published_time":"2026-03-05T03:59:52+00:00","og_image":[{"width":1536,"height":1024,"url":"https:\/\/elcardinal.com\/wp-content\/uploads\/2026\/03\/WhatsApp-Image-2026-03-04-at-9.58.40-PM.jpeg","type":"image\/jpeg"}],"author":"Antonio Alcaraz","twitter_card":"summary_large_image","twitter_creator":"@ElCardinal_Mx","twitter_site":"@ElCardinal_Mx","twitter_misc":{"Escrito por":"Antonio Alcaraz","Tiempo de lectura":"2 minutos"},"schema":{"@context":"https:\/\/schema.org","@graph":[{"@type":"Article","@id":"https:\/\/elcardinal.com\/?p=5571#article","isPartOf":{"@id":"https:\/\/elcardinal.com\/?p=5571"},"author":{"name":"Antonio Alcaraz","@id":"https:\/\/elcardinal.com\/#\/schema\/person\/3c352ec0a33987fe275c0e8a2ea69f8b"},"headline":"Julio Menchaca encabeza ranking de Demoscopia y consolida cercan\u00eda con el pueblo: Marco Rico","datePublished":"2026-03-05T03:59:52+00:00","mainEntityOfPage":{"@id":"https:\/\/elcardinal.com\/?p=5571"},"wordCount":367,"commentCount":0,"publisher":{"@id":"https:\/\/elcardinal.com\/#organization"},"image":{"@id":"https:\/\/elcardinal.com\/?p=5571#primaryimage"},"thumbnailUrl":"https:\/\/elcardinal.com\/wp-content\/uploads\/2026\/03\/WhatsApp-Image-2026-03-04-at-9.58.40-PM.jpeg","keywords":["Julio Menchaca","Morena"],"articleSection":["Hidalgo","Minuto a Minuto"],"inLanguage":"es","potentialAction":[{"@type":"CommentAction","name":"Comment","target":["https:\/\/elcardinal.com\/?p=5571#respond"]}]},{"@type":"WebPage","@id":"https:\/\/elcardinal.com\/?p=5571","url":"https:\/\/elcardinal.com\/?p=5571","name":"Julio Menchaca encabeza ranking de Demoscopia y consolida cercan\u00eda con el pueblo: Marco Rico - El Cardinal","isPartOf":{"@id":"https:\/\/elcardinal.com\/#website"},"primaryImageOfPage":{"@id":"https:\/\/elcardinal.com\/?p=5571#primaryimage"},"image":{"@id":"https:\/\/elcardinal.com\/?p=5571#primaryimage"},"thumbnailUrl":"https:\/\/elcardinal.com\/wp-content\/uploads\/2026\/03\/WhatsApp-Image-2026-03-04-at-9.58.40-PM.jpeg","datePublished":"2026-03-05T03:59:52+00:00","breadcrumb":{"@id":"https:\/\/elcardinal.com\/?p=5571#breadcrumb"},"inLanguage":"es","potentialAction":[{"@type":"ReadAction","target":["https:\/\/elcardinal.com\/?p=5571"]}]},{"@type":"ImageObject","inLanguage":"es","@id":"https:\/\/elcardinal.com\/?p=5571#primaryimage","url":"https:\/\/elcardinal.com\/wp-content\/uploads\/2026\/03\/WhatsApp-Image-2026-03-04-at-9.58.40-PM.jpeg","contentUrl":"https:\/\/elcardinal.com\/wp-content\/uploads\/2026\/03\/WhatsApp-Image-2026-03-04-at-9.58.40-PM.jpeg","width":1536,"height":1024},{"@type":"BreadcrumbList","@id":"https:\/\/elcardinal.com\/?p=5571#breadcrumb","itemListElement":[{"@type":"ListItem","position":1,"name":"Inicio","item":"https:\/\/elcardinal.com\/"},{"@type":"ListItem","position":2,"name":"Julio Menchaca encabeza ranking de Demoscopia y consolida cercan\u00eda con el pueblo: Marco Rico"}]},{"@type":"WebSite","@id":"https:\/\/elcardinal.com\/#website","url":"https:\/\/elcardinal.com\/","name":"El Cardinal","description":"Periodismo honesto, con valor, sentido humano, a veces sarc\u00e1stico y divertido.","publisher":{"@id":"https:\/\/elcardinal.com\/#organization"},"alternateName":"El Cardinal Noticias","potentialAction":[{"@type":"SearchAction","target":{"@type":"EntryPoint","urlTemplate":"https:\/\/elcardinal.com\/?s={search_term_string}"},"query-input":{"@type":"PropertyValueSpecification","valueRequired":true,"valueName":"search_term_string"}}],"inLanguage":"es"},{"@type":"Organization","@id":"https:\/\/elcardinal.com\/#organization","name":"El Cardinal","url":"https:\/\/elcardinal.com\/","logo":{"@type":"ImageObject","inLanguage":"es","@id":"https:\/\/elcardinal.com\/#\/schema\/logo\/image\/","url":"https:\/\/elcardinal.com\/wp-content\/uploads\/2025\/04\/LOGO-EL-CARDINAL-Periodismo-con-valor.png","contentUrl":"https:\/\/elcardinal.com\/wp-content\/uploads\/2025\/04\/LOGO-EL-CARDINAL-Periodismo-con-valor.png","width":755,"height":636,"caption":"El Cardinal"},"image":{"@id":"https:\/\/elcardinal.com\/#\/schema\/logo\/image\/"},"sameAs":["https:\/\/www.facebook.com\/profile.php?id=100063093107011","https:\/\/x.com\/ElCardinal_Mx"]},{"@type":"Person","@id":"https:\/\/elcardinal.com\/#\/schema\/person\/3c352ec0a33987fe275c0e8a2ea69f8b","name":"Antonio Alcaraz","image":{"@type":"ImageObject","inLanguage":"es","@id":"https:\/\/elcardinal.com\/#\/schema\/person\/image\/","url":"https:\/\/elcardinal.com\/wp-content\/uploads\/2025\/05\/cropped-TONO-96x96.jpg","contentUrl":"https:\/\/elcardinal.com\/wp-content\/uploads\/2025\/05\/cropped-TONO-96x96.jpg","caption":"Antonio Alcaraz"},"url":"https:\/\/elcardinal.com\/?author=2"}]}},"_links":{"self":[{"href":"https:\/\/elcardinal.com\/index.php?rest_route=\/wp\/v2\/posts\/5571","targetHints":{"allow":["GET"]}}],"collection":[{"href":"https:\/\/elcardinal.com\/index.php?rest_route=\/wp\/v2\/posts"}],"about":[{"href":"https:\/\/elcardinal.com\/index.php?rest_route=\/wp\/v2\/types\/post"}],"author":[{"embeddable":true,"href":"https:\/\/elcardinal.com\/index.php?rest_route=\/wp\/v2\/users\/2"}],"replies":[{"embeddable":true,"href":"https:\/\/elcardinal.com\/index.php?rest_route=%2Fwp%2Fv2%2Fcomments&post=5571"}],"version-history":[{"count":1,"href":"https:\/\/elcardinal.com\/index.php?rest_route=\/wp\/v2\/posts\/5571\/revisions"}],"predecessor-version":[{"id":5576,"href":"https:\/\/elcardinal.com\/index.php?rest_route=\/wp\/v2\/posts\/5571\/revisions\/5576"}],"wp:featuredmedia":[{"embeddable":true,"href":"https:\/\/elcardinal.com\/index.php?rest_route=\/wp\/v2\/media\/5575"}],"wp:attachment":[{"href":"https:\/\/elcardinal.com\/index.php?rest_route=%2Fwp%2Fv2%2Fmedia&parent=5571"}],"wp:term":[{"taxonomy":"category","embeddable":true,"href":"https:\/\/elcardinal.com\/index.php?rest_route=%2Fwp%2Fv2%2Fcategories&post=5571"},{"taxonomy":"post_tag","embeddable":true,"href":"https:\/\/elcardinal.com\/index.php?rest_route=%2Fwp%2Fv2%2Ftags&post=5571"}],"curies":[{"name":"wp","href":"https:\/\/api.w.org\/{rel}","templated":true}]}}