{"id":5578,"date":"2026-03-04T22:36:01","date_gmt":"2026-03-05T04:36:01","guid":{"rendered":"https:\/\/elcardinal.com\/?p=5578"},"modified":"2026-03-04T22:36:01","modified_gmt":"2026-03-05T04:36:01","slug":"julio-menchaca-supervisa-e-inaugura-infraestructura-en-la-uaeh","status":"publish","type":"post","link":"https:\/\/elcardinal.com\/?p=5578","title":{"rendered":"Julio Menchaca supervisa e inaugura infraestructura en la UAEH"},"content":{"rendered":"<p>Redacci\u00f3n<\/p>\n<p><span style=\"font-weight: 400;\">Para dar seguimiento a labores de coordinaci\u00f3n interinstitucional, el gobernador Julio Menchaca Salazar encabez\u00f3 la supervisi\u00f3n e inauguraci\u00f3n de diversas obras al interior de la Universidad Aut\u00f3noma del Estado de Hidalgo (UAEH), en el marco del tercer informe del rector Octavio Castillo Acosta.<\/span><\/p>\n<p><span style=\"font-weight: 400;\">Como parte de estas actividades se visit\u00f3 el Edificio de Laboratorios y Aulas en la Escuela Superior de Tizayuca, la Escuela Preparatoria no. 9 \u201cDaniel Res\u00e9ndiz N\u00fa\u00f1ez\u201d en San Agust\u00edn Tlaxiaca, el \u00c1rea Acad\u00e9mica de Matem\u00e1ticas y F\u00edsica, as\u00ed como la denominada \u201cPlaza de la Autonom\u00eda\u201d.<\/span><\/p>\n<p><span style=\"font-weight: 400;\">\u00a0<\/span><span style=\"font-weight: 400;\">Al recordar su paso por las aulas de la m\u00e1xima casa de estudios, de las cuales egres\u00f3 con la calificaci\u00f3n m\u00e1s alta, Menchaca Salazar reafirm\u00f3 el compromiso que tiene el gobierno de Hidalgo con la educaci\u00f3n media superior y superior, reflejado en los m\u00e1s de 121 mil millones de pesos que la administraci\u00f3n estatal ha invertido para reforzar a todo el sector educativo en la entidad.<\/span><\/p>\n","protected":false},"excerpt":{"rendered":"<p>Redacci\u00f3n Para dar seguimiento a labores de coordinaci\u00f3n interinstitucional, el gobernador Julio Menchaca Salazar encabez\u00f3 la supervisi\u00f3n e inauguraci\u00f3n de diversas obras al interior de la Universidad Aut\u00f3noma del Estado de Hidalgo (UAEH), en el marco del tercer informe del rector Octavio Castillo Acosta. Como parte de estas actividades se visit\u00f3 el Edificio de Laboratorios<\/p>\n","protected":false},"author":2,"featured_media":5579,"comment_status":"open","ping_status":"open","sticky":false,"template":"","format":"standard","meta":{"footnotes":""},"categories":[31,44],"tags":[],"class_list":{"0":"post-5578","1":"post","2":"type-post","3":"status-publish","4":"format-standard","5":"has-post-thumbnail","7":"category-hidalgo","8":"category-minuto-a-minuto"},"yoast_head":"<!-- This site is optimized with the Yoast SEO plugin v26.1.1 - https:\/\/yoast.com\/wordpress\/plugins\/seo\/ -->\n<title>Julio Menchaca supervisa e inaugura infraestructura en la UAEH - El Cardinal<\/title>\n<meta name=\"robots\" content=\"index, follow, max-snippet:-1, max-image-preview:large, max-video-preview:-1\" \/>\n<link rel=\"canonical\" href=\"https:\/\/elcardinal.com\/?p=5578\" \/>\n<meta property=\"og:locale\" content=\"es_MX\" \/>\n<meta property=\"og:type\" content=\"article\" \/>\n<meta property=\"og:title\" content=\"Julio Menchaca supervisa e inaugura infraestructura en la UAEH - El Cardinal\" \/>\n<meta property=\"og:description\" content=\"Redacci\u00f3n Para dar seguimiento a labores de coordinaci\u00f3n interinstitucional, el gobernador Julio Menchaca Salazar encabez\u00f3 la supervisi\u00f3n e inauguraci\u00f3n de diversas obras al interior de la Universidad Aut\u00f3noma del Estado de Hidalgo (UAEH), en el marco del tercer informe del rector Octavio Castillo Acosta. Como parte de estas actividades se visit\u00f3 el Edificio de Laboratorios\" \/>\n<meta property=\"og:url\" content=\"https:\/\/elcardinal.com\/?p=5578\" \/>\n<meta property=\"og:site_name\" content=\"El Cardinal\" \/>\n<meta property=\"article:publisher\" content=\"https:\/\/www.facebook.com\/profile.php?id=100063093107011\" \/>\n<meta property=\"article:published_time\" content=\"2026-03-05T04:36:01+00:00\" \/>\n<meta property=\"og:image\" content=\"https:\/\/elcardinal.com\/wp-content\/uploads\/2026\/03\/Copia-de-040326_GOBERNADOR_INAUGURACION-DE-INFRAESTRUCTURA-UNIVERSITARIA-ESCUELA-SUPERIOR-DE-TIZAYUCA_TIZAYUCA_LG-3-scaled.jpg\" \/>\n\t<meta property=\"og:image:width\" content=\"2560\" \/>\n\t<meta property=\"og:image:height\" content=\"1707\" \/>\n\t<meta property=\"og:image:type\" content=\"image\/jpeg\" \/>\n<meta name=\"author\" content=\"Antonio Alcaraz\" \/>\n<meta name=\"twitter:card\" content=\"summary_large_image\" \/>\n<meta name=\"twitter:creator\" content=\"@ElCardinal_Mx\" \/>\n<meta name=\"twitter:site\" content=\"@ElCardinal_Mx\" \/>\n<meta name=\"twitter:label1\" content=\"Escrito por\" \/>\n\t<meta name=\"twitter:data1\" content=\"Antonio Alcaraz\" \/>\n\t<meta name=\"twitter:label2\" content=\"Tiempo de lectura\" \/>\n\t<meta name=\"twitter:data2\" content=\"1 minuto\" \/>\n<script type=\"application\/ld+json\" class=\"yoast-schema-graph\">{\"@context\":\"https:\/\/schema.org\",\"@graph\":[{\"@type\":\"Article\",\"@id\":\"https:\/\/elcardinal.com\/?p=5578#article\",\"isPartOf\":{\"@id\":\"https:\/\/elcardinal.com\/?p=5578\"},\"author\":{\"name\":\"Antonio Alcaraz\",\"@id\":\"https:\/\/elcardinal.com\/#\/schema\/person\/3c352ec0a33987fe275c0e8a2ea69f8b\"},\"headline\":\"Julio Menchaca supervisa e inaugura infraestructura en la UAEH\",\"datePublished\":\"2026-03-05T04:36:01+00:00\",\"mainEntityOfPage\":{\"@id\":\"https:\/\/elcardinal.com\/?p=5578\"},\"wordCount\":181,\"commentCount\":0,\"publisher\":{\"@id\":\"https:\/\/elcardinal.com\/#organization\"},\"image\":{\"@id\":\"https:\/\/elcardinal.com\/?p=5578#primaryimage\"},\"thumbnailUrl\":\"https:\/\/elcardinal.com\/wp-content\/uploads\/2026\/03\/Copia-de-040326_GOBERNADOR_INAUGURACION-DE-INFRAESTRUCTURA-UNIVERSITARIA-ESCUELA-SUPERIOR-DE-TIZAYUCA_TIZAYUCA_LG-3-scaled.jpg\",\"articleSection\":[\"Hidalgo\",\"Minuto a Minuto\"],\"inLanguage\":\"es\",\"potentialAction\":[{\"@type\":\"CommentAction\",\"name\":\"Comment\",\"target\":[\"https:\/\/elcardinal.com\/?p=5578#respond\"]}]},{\"@type\":\"WebPage\",\"@id\":\"https:\/\/elcardinal.com\/?p=5578\",\"url\":\"https:\/\/elcardinal.com\/?p=5578\",\"name\":\"Julio Menchaca supervisa e inaugura infraestructura en la UAEH - El Cardinal\",\"isPartOf\":{\"@id\":\"https:\/\/elcardinal.com\/#website\"},\"primaryImageOfPage\":{\"@id\":\"https:\/\/elcardinal.com\/?p=5578#primaryimage\"},\"image\":{\"@id\":\"https:\/\/elcardinal.com\/?p=5578#primaryimage\"},\"thumbnailUrl\":\"https:\/\/elcardinal.com\/wp-content\/uploads\/2026\/03\/Copia-de-040326_GOBERNADOR_INAUGURACION-DE-INFRAESTRUCTURA-UNIVERSITARIA-ESCUELA-SUPERIOR-DE-TIZAYUCA_TIZAYUCA_LG-3-scaled.jpg\",\"datePublished\":\"2026-03-05T04:36:01+00:00\",\"breadcrumb\":{\"@id\":\"https:\/\/elcardinal.com\/?p=5578#breadcrumb\"},\"inLanguage\":\"es\",\"potentialAction\":[{\"@type\":\"ReadAction\",\"target\":[\"https:\/\/elcardinal.com\/?p=5578\"]}]},{\"@type\":\"ImageObject\",\"inLanguage\":\"es\",\"@id\":\"https:\/\/elcardinal.com\/?p=5578#primaryimage\",\"url\":\"https:\/\/elcardinal.com\/wp-content\/uploads\/2026\/03\/Copia-de-040326_GOBERNADOR_INAUGURACION-DE-INFRAESTRUCTURA-UNIVERSITARIA-ESCUELA-SUPERIOR-DE-TIZAYUCA_TIZAYUCA_LG-3-scaled.jpg\",\"contentUrl\":\"https:\/\/elcardinal.com\/wp-content\/uploads\/2026\/03\/Copia-de-040326_GOBERNADOR_INAUGURACION-DE-INFRAESTRUCTURA-UNIVERSITARIA-ESCUELA-SUPERIOR-DE-TIZAYUCA_TIZAYUCA_LG-3-scaled.jpg\",\"width\":2560,\"height\":1707},{\"@type\":\"BreadcrumbList\",\"@id\":\"https:\/\/elcardinal.com\/?p=5578#breadcrumb\",\"itemListElement\":[{\"@type\":\"ListItem\",\"position\":1,\"name\":\"Inicio\",\"item\":\"https:\/\/elcardinal.com\/\"},{\"@type\":\"ListItem\",\"position\":2,\"name\":\"Julio Menchaca supervisa e inaugura infraestructura en la UAEH\"}]},{\"@type\":\"WebSite\",\"@id\":\"https:\/\/elcardinal.com\/#website\",\"url\":\"https:\/\/elcardinal.com\/\",\"name\":\"El Cardinal\",\"description\":\"Periodismo honesto, con valor, sentido humano, a veces sarc\u00e1stico y divertido.\",\"publisher\":{\"@id\":\"https:\/\/elcardinal.com\/#organization\"},\"alternateName\":\"El Cardinal Noticias\",\"potentialAction\":[{\"@type\":\"SearchAction\",\"target\":{\"@type\":\"EntryPoint\",\"urlTemplate\":\"https:\/\/elcardinal.com\/?s={search_term_string}\"},\"query-input\":{\"@type\":\"PropertyValueSpecification\",\"valueRequired\":true,\"valueName\":\"search_term_string\"}}],\"inLanguage\":\"es\"},{\"@type\":\"Organization\",\"@id\":\"https:\/\/elcardinal.com\/#organization\",\"name\":\"El Cardinal\",\"url\":\"https:\/\/elcardinal.com\/\",\"logo\":{\"@type\":\"ImageObject\",\"inLanguage\":\"es\",\"@id\":\"https:\/\/elcardinal.com\/#\/schema\/logo\/image\/\",\"url\":\"https:\/\/elcardinal.com\/wp-content\/uploads\/2025\/04\/LOGO-EL-CARDINAL-Periodismo-con-valor.png\",\"contentUrl\":\"https:\/\/elcardinal.com\/wp-content\/uploads\/2025\/04\/LOGO-EL-CARDINAL-Periodismo-con-valor.png\",\"width\":755,\"height\":636,\"caption\":\"El Cardinal\"},\"image\":{\"@id\":\"https:\/\/elcardinal.com\/#\/schema\/logo\/image\/\"},\"sameAs\":[\"https:\/\/www.facebook.com\/profile.php?id=100063093107011\",\"https:\/\/x.com\/ElCardinal_Mx\"]},{\"@type\":\"Person\",\"@id\":\"https:\/\/elcardinal.com\/#\/schema\/person\/3c352ec0a33987fe275c0e8a2ea69f8b\",\"name\":\"Antonio Alcaraz\",\"image\":{\"@type\":\"ImageObject\",\"inLanguage\":\"es\",\"@id\":\"https:\/\/elcardinal.com\/#\/schema\/person\/image\/\",\"url\":\"https:\/\/elcardinal.com\/wp-content\/uploads\/2025\/05\/cropped-TONO-96x96.jpg\",\"contentUrl\":\"https:\/\/elcardinal.com\/wp-content\/uploads\/2025\/05\/cropped-TONO-96x96.jpg\",\"caption\":\"Antonio Alcaraz\"},\"url\":\"https:\/\/elcardinal.com\/?author=2\"}]}<\/script>\n<!-- \/ Yoast SEO plugin. -->","yoast_head_json":{"title":"Julio Menchaca supervisa e inaugura infraestructura en la UAEH - El Cardinal","robots":{"index":"index","follow":"follow","max-snippet":"max-snippet:-1","max-image-preview":"max-image-preview:large","max-video-preview":"max-video-preview:-1"},"canonical":"https:\/\/elcardinal.com\/?p=5578","og_locale":"es_MX","og_type":"article","og_title":"Julio Menchaca supervisa e inaugura infraestructura en la UAEH - El Cardinal","og_description":"Redacci\u00f3n Para dar seguimiento a labores de coordinaci\u00f3n interinstitucional, el gobernador Julio Menchaca Salazar encabez\u00f3 la supervisi\u00f3n e inauguraci\u00f3n de diversas obras al interior de la Universidad Aut\u00f3noma del Estado de Hidalgo (UAEH), en el marco del tercer informe del rector Octavio Castillo Acosta. Como parte de estas actividades se visit\u00f3 el Edificio de Laboratorios","og_url":"https:\/\/elcardinal.com\/?p=5578","og_site_name":"El Cardinal","article_publisher":"https:\/\/www.facebook.com\/profile.php?id=100063093107011","article_published_time":"2026-03-05T04:36:01+00:00","og_image":[{"width":2560,"height":1707,"url":"https:\/\/elcardinal.com\/wp-content\/uploads\/2026\/03\/Copia-de-040326_GOBERNADOR_INAUGURACION-DE-INFRAESTRUCTURA-UNIVERSITARIA-ESCUELA-SUPERIOR-DE-TIZAYUCA_TIZAYUCA_LG-3-scaled.jpg","type":"image\/jpeg"}],"author":"Antonio Alcaraz","twitter_card":"summary_large_image","twitter_creator":"@ElCardinal_Mx","twitter_site":"@ElCardinal_Mx","twitter_misc":{"Escrito por":"Antonio Alcaraz","Tiempo de lectura":"1 minuto"},"schema":{"@context":"https:\/\/schema.org","@graph":[{"@type":"Article","@id":"https:\/\/elcardinal.com\/?p=5578#article","isPartOf":{"@id":"https:\/\/elcardinal.com\/?p=5578"},"author":{"name":"Antonio Alcaraz","@id":"https:\/\/elcardinal.com\/#\/schema\/person\/3c352ec0a33987fe275c0e8a2ea69f8b"},"headline":"Julio Menchaca supervisa e inaugura infraestructura en la UAEH","datePublished":"2026-03-05T04:36:01+00:00","mainEntityOfPage":{"@id":"https:\/\/elcardinal.com\/?p=5578"},"wordCount":181,"commentCount":0,"publisher":{"@id":"https:\/\/elcardinal.com\/#organization"},"image":{"@id":"https:\/\/elcardinal.com\/?p=5578#primaryimage"},"thumbnailUrl":"https:\/\/elcardinal.com\/wp-content\/uploads\/2026\/03\/Copia-de-040326_GOBERNADOR_INAUGURACION-DE-INFRAESTRUCTURA-UNIVERSITARIA-ESCUELA-SUPERIOR-DE-TIZAYUCA_TIZAYUCA_LG-3-scaled.jpg","articleSection":["Hidalgo","Minuto a Minuto"],"inLanguage":"es","potentialAction":[{"@type":"CommentAction","name":"Comment","target":["https:\/\/elcardinal.com\/?p=5578#respond"]}]},{"@type":"WebPage","@id":"https:\/\/elcardinal.com\/?p=5578","url":"https:\/\/elcardinal.com\/?p=5578","name":"Julio Menchaca supervisa e inaugura infraestructura en la UAEH - El Cardinal","isPartOf":{"@id":"https:\/\/elcardinal.com\/#website"},"primaryImageOfPage":{"@id":"https:\/\/elcardinal.com\/?p=5578#primaryimage"},"image":{"@id":"https:\/\/elcardinal.com\/?p=5578#primaryimage"},"thumbnailUrl":"https:\/\/elcardinal.com\/wp-content\/uploads\/2026\/03\/Copia-de-040326_GOBERNADOR_INAUGURACION-DE-INFRAESTRUCTURA-UNIVERSITARIA-ESCUELA-SUPERIOR-DE-TIZAYUCA_TIZAYUCA_LG-3-scaled.jpg","datePublished":"2026-03-05T04:36:01+00:00","breadcrumb":{"@id":"https:\/\/elcardinal.com\/?p=5578#breadcrumb"},"inLanguage":"es","potentialAction":[{"@type":"ReadAction","target":["https:\/\/elcardinal.com\/?p=5578"]}]},{"@type":"ImageObject","inLanguage":"es","@id":"https:\/\/elcardinal.com\/?p=5578#primaryimage","url":"https:\/\/elcardinal.com\/wp-content\/uploads\/2026\/03\/Copia-de-040326_GOBERNADOR_INAUGURACION-DE-INFRAESTRUCTURA-UNIVERSITARIA-ESCUELA-SUPERIOR-DE-TIZAYUCA_TIZAYUCA_LG-3-scaled.jpg","contentUrl":"https:\/\/elcardinal.com\/wp-content\/uploads\/2026\/03\/Copia-de-040326_GOBERNADOR_INAUGURACION-DE-INFRAESTRUCTURA-UNIVERSITARIA-ESCUELA-SUPERIOR-DE-TIZAYUCA_TIZAYUCA_LG-3-scaled.jpg","width":2560,"height":1707},{"@type":"BreadcrumbList","@id":"https:\/\/elcardinal.com\/?p=5578#breadcrumb","itemListElement":[{"@type":"ListItem","position":1,"name":"Inicio","item":"https:\/\/elcardinal.com\/"},{"@type":"ListItem","position":2,"name":"Julio Menchaca supervisa e inaugura infraestructura en la UAEH"}]},{"@type":"WebSite","@id":"https:\/\/elcardinal.com\/#website","url":"https:\/\/elcardinal.com\/","name":"El Cardinal","description":"Periodismo honesto, con valor, sentido humano, a veces sarc\u00e1stico y divertido.","publisher":{"@id":"https:\/\/elcardinal.com\/#organization"},"alternateName":"El Cardinal Noticias","potentialAction":[{"@type":"SearchAction","target":{"@type":"EntryPoint","urlTemplate":"https:\/\/elcardinal.com\/?s={search_term_string}"},"query-input":{"@type":"PropertyValueSpecification","valueRequired":true,"valueName":"search_term_string"}}],"inLanguage":"es"},{"@type":"Organization","@id":"https:\/\/elcardinal.com\/#organization","name":"El Cardinal","url":"https:\/\/elcardinal.com\/","logo":{"@type":"ImageObject","inLanguage":"es","@id":"https:\/\/elcardinal.com\/#\/schema\/logo\/image\/","url":"https:\/\/elcardinal.com\/wp-content\/uploads\/2025\/04\/LOGO-EL-CARDINAL-Periodismo-con-valor.png","contentUrl":"https:\/\/elcardinal.com\/wp-content\/uploads\/2025\/04\/LOGO-EL-CARDINAL-Periodismo-con-valor.png","width":755,"height":636,"caption":"El Cardinal"},"image":{"@id":"https:\/\/elcardinal.com\/#\/schema\/logo\/image\/"},"sameAs":["https:\/\/www.facebook.com\/profile.php?id=100063093107011","https:\/\/x.com\/ElCardinal_Mx"]},{"@type":"Person","@id":"https:\/\/elcardinal.com\/#\/schema\/person\/3c352ec0a33987fe275c0e8a2ea69f8b","name":"Antonio Alcaraz","image":{"@type":"ImageObject","inLanguage":"es","@id":"https:\/\/elcardinal.com\/#\/schema\/person\/image\/","url":"https:\/\/elcardinal.com\/wp-content\/uploads\/2025\/05\/cropped-TONO-96x96.jpg","contentUrl":"https:\/\/elcardinal.com\/wp-content\/uploads\/2025\/05\/cropped-TONO-96x96.jpg","caption":"Antonio Alcaraz"},"url":"https:\/\/elcardinal.com\/?author=2"}]}},"_links":{"self":[{"href":"https:\/\/elcardinal.com\/index.php?rest_route=\/wp\/v2\/posts\/5578","targetHints":{"allow":["GET"]}}],"collection":[{"href":"https:\/\/elcardinal.com\/index.php?rest_route=\/wp\/v2\/posts"}],"about":[{"href":"https:\/\/elcardinal.com\/index.php?rest_route=\/wp\/v2\/types\/post"}],"author":[{"embeddable":true,"href":"https:\/\/elcardinal.com\/index.php?rest_route=\/wp\/v2\/users\/2"}],"replies":[{"embeddable":true,"href":"https:\/\/elcardinal.com\/index.php?rest_route=%2Fwp%2Fv2%2Fcomments&post=5578"}],"version-history":[{"count":1,"href":"https:\/\/elcardinal.com\/index.php?rest_route=\/wp\/v2\/posts\/5578\/revisions"}],"predecessor-version":[{"id":5580,"href":"https:\/\/elcardinal.com\/index.php?rest_route=\/wp\/v2\/posts\/5578\/revisions\/5580"}],"wp:featuredmedia":[{"embeddable":true,"href":"https:\/\/elcardinal.com\/index.php?rest_route=\/wp\/v2\/media\/5579"}],"wp:attachment":[{"href":"https:\/\/elcardinal.com\/index.php?rest_route=%2Fwp%2Fv2%2Fmedia&parent=5578"}],"wp:term":[{"taxonomy":"category","embeddable":true,"href":"https:\/\/elcardinal.com\/index.php?rest_route=%2Fwp%2Fv2%2Fcategories&post=5578"},{"taxonomy":"post_tag","embeddable":true,"href":"https:\/\/elcardinal.com\/index.php?rest_route=%2Fwp%2Fv2%2Ftags&post=5578"}],"curies":[{"name":"wp","href":"https:\/\/api.w.org\/{rel}","templated":true}]}}