{"id":5582,"date":"2026-03-05T23:02:01","date_gmt":"2026-03-06T05:02:01","guid":{"rendered":"https:\/\/elcardinal.com\/?p=5582"},"modified":"2026-03-05T23:02:01","modified_gmt":"2026-03-06T05:02:01","slug":"con-inversion-superior-a-los-130-mdp-julio-menchaca-fortalece-la-infraestructura-en-acaxochitlan","status":"publish","type":"post","link":"https:\/\/elcardinal.com\/?p=5582","title":{"rendered":"Con inversi\u00f3n superior a los 130 mdp, Julio Menchaca fortalece la infraestructura en Acaxochitl\u00e1n"},"content":{"rendered":"<p>Redacci\u00f3n<\/p>\n<ul>\n<li><i><\/i> <i><span style=\"font-weight: 400;\">\u201cA tres a\u00f1os y medio, sigue la transformaci\u00f3n de Hidalgo\u201d, asever\u00f3 el mandatario estatal<\/span><\/i><\/li>\n<\/ul>\n<p><span style=\"font-weight: 400;\">Mediante la entrega de programas sociales, la supervisi\u00f3n de obras y el anuncio de nuevos proyectos de infraestructura, las Rutas de la Transformaci\u00f3n llegaron al municipio de Acaxochitl\u00e1n, encabezadas por el gobernador Julio Menchaca Salazar, donde la actual administraci\u00f3n ha invertido m\u00e1s de 130 millones de pesos (mdp) en 21 obras p\u00fablicas.<\/span><\/p>\n<p><span style=\"font-weight: 400;\">\u201cHoy cumplimos, este 5 de marzo, tres a\u00f1os y medio de administraci\u00f3n; nos quedan dos y medio, y el tiempo se reduce sustancialmente. Entonces, hay much\u00edsimas cosas por hacer, hay que multiplicarlas, hay que multiplicar el tiempo y estar generando mejores condiciones de vida para nuestros municipios\u201d, asever\u00f3 el mandatario al enfatizar que es compromiso y obligaci\u00f3n de su gobierno mantenerse cercano a la gente.<\/span><\/p>\n<p><span style=\"font-weight: 400;\">Por ello, destac\u00f3 que, a trav\u00e9s de las Rutas de la Transformaci\u00f3n, se busca fortalecer la infraestructura de este Pueblo M\u00e1gico, con la pavimentaci\u00f3n de calles y caminos en Paredones, Coyametepec, Santa Catarina, Santa Ana Tzacuala, Zacacuautla y San Pedro Tlachichilco; as\u00ed como la construcci\u00f3n del sistema de agua potable en Santiago Tepepa y la rehabilitaci\u00f3n del Centro Gerontol\u00f3gico.<\/span><\/p>\n<p><span style=\"font-weight: 400;\">De igual manera, se ejecutan obras estrat\u00e9gicas como la rehabilitaci\u00f3n de la carretera El Lindero\u2013Honey y la rehabilitaci\u00f3n del tramo Acaxochitl\u00e1n\u2013Tlamimilolpa\u2013La Mesa\u2013Cuautepec, precis\u00f3 Alejandro S\u00e1nchez Garc\u00eda, secretario de Infraestructura P\u00fablica y Desarrollo Urbano Sostenible. A todo ello se sumar\u00e1n pavimentaciones en el barrio Antecomila Tlatezompa y la segunda etapa de la rehabilitaci\u00f3n de la carretera El Lindero-Honey.<\/span><\/p>\n<p><span style=\"font-weight: 400;\">Con el respaldo del Gobierno de M\u00e9xico, se rehabilitar\u00e1n los 25 kil\u00f3metros de la carretera federal que atraviesa el municipio de Acaxochitl\u00e1n, gracias a la inversi\u00f3n de 74.5 mdp, as\u00ed lo dio a conocer Pablo Octavio Olvera S\u00e1nchez, director del Centro SICT Hidalgo.<\/span><\/p>\n<p><span style=\"font-weight: 400;\">En materia educativa, Menchaca Salazar inform\u00f3 la conclusi\u00f3n de aulas en la Telesecundaria 108 de Zacacuautla y en el preescolar ind\u00edgena \u201cPrimavera\u201d de San Francisco Atotonilco, la rehabilitaci\u00f3n de un aula en el preescolar general \u201cLic. Alfonso Cravioto de Santiago Tepepa\u201d y la entrega de equipamiento especializado para planteles del CECyTEH; todo gracias a m\u00e1s de 4 mdp, detall\u00f3 Nancy Adriana Le\u00f3n Vite, subsecretaria de Educaci\u00f3n B\u00e1sica de la Secretar\u00eda de Educaci\u00f3n P\u00fablica de Hidalgo.<\/span><\/p>\n<p><span style=\"font-weight: 400;\">Por otra parte, el titular del Ejecutivo estatal indic\u00f3 que se han destinado m\u00e1s de 5 mdp en acciones espec\u00edficas para Acaxochitl\u00e1n, como la entrega de apoyos a trav\u00e9s de los programas Impulso NAFIN + Hidalgo 2025, \u201cTu Experiencia Transforma\u201d, \u201cHidalgo con Potencial\u201d y \u201cEmprendiendo Paso a Paso\u201d, as\u00ed como el Programa Estatal de Capacitaci\u00f3n y Certificaci\u00f3n para el Desarrollo Econ\u00f3mico Municipal.<\/span><\/p>\n<p><span style=\"font-weight: 400;\">Vanesa Escalante Arroyo, secretaria de Salud, puntualiz\u00f3 que el sarampi\u00f3n es una enfermedad altamente contagiosa, por lo que hizo un llamado a la poblaci\u00f3n para vacunarse en su unidad de salud m\u00e1s cercana; adem\u00e1s, invit\u00f3 a las y los habitantes de la regi\u00f3n a aprovechar los tr\u00e1mites y atenciones ofrecidas en los Servicios para el Pueblo.<\/span><\/p>\n<p><span style=\"font-weight: 400;\">Finalmente, Ricardo Perea G\u00f3mez, presidente municipal de Acaxochitl\u00e1n, se\u00f1al\u00f3 que la visita del gobernador Julio Menchaca motiva a las y los acaxochitecos a seguir adelante; por ello, agradeci\u00f3 la llegada de las Rutas de la Transformaci\u00f3n con acciones que mejoran su calidad de vida.<\/span><\/p>\n","protected":false},"excerpt":{"rendered":"<p>Redacci\u00f3n \u201cA tres a\u00f1os y medio, sigue la transformaci\u00f3n de Hidalgo\u201d, asever\u00f3 el mandatario estatal Mediante la entrega de programas sociales, la supervisi\u00f3n de obras y el anuncio de nuevos proyectos de infraestructura, las Rutas de la Transformaci\u00f3n llegaron al municipio de Acaxochitl\u00e1n, encabezadas por el gobernador Julio Menchaca Salazar, donde la actual administraci\u00f3n ha<\/p>\n","protected":false},"author":2,"featured_media":5583,"comment_status":"open","ping_status":"open","sticky":false,"template":"","format":"standard","meta":{"footnotes":""},"categories":[31,44],"tags":[],"class_list":{"0":"post-5582","1":"post","2":"type-post","3":"status-publish","4":"format-standard","5":"has-post-thumbnail","7":"category-hidalgo","8":"category-minuto-a-minuto"},"yoast_head":"<!-- This site is optimized with the Yoast SEO plugin v26.1.1 - https:\/\/yoast.com\/wordpress\/plugins\/seo\/ -->\n<title>Con inversi\u00f3n superior a los 130 mdp, Julio Menchaca fortalece la infraestructura en Acaxochitl\u00e1n - El Cardinal<\/title>\n<meta name=\"robots\" content=\"index, follow, max-snippet:-1, max-image-preview:large, max-video-preview:-1\" \/>\n<link rel=\"canonical\" href=\"https:\/\/elcardinal.com\/?p=5582\" \/>\n<meta property=\"og:locale\" content=\"es_MX\" \/>\n<meta property=\"og:type\" content=\"article\" \/>\n<meta property=\"og:title\" content=\"Con inversi\u00f3n superior a los 130 mdp, Julio Menchaca fortalece la infraestructura en Acaxochitl\u00e1n - El Cardinal\" \/>\n<meta property=\"og:description\" content=\"Redacci\u00f3n \u201cA tres a\u00f1os y medio, sigue la transformaci\u00f3n de Hidalgo\u201d, asever\u00f3 el mandatario estatal Mediante la entrega de programas sociales, la supervisi\u00f3n de obras y el anuncio de nuevos proyectos de infraestructura, las Rutas de la Transformaci\u00f3n llegaron al municipio de Acaxochitl\u00e1n, encabezadas por el gobernador Julio Menchaca Salazar, donde la actual administraci\u00f3n ha\" \/>\n<meta property=\"og:url\" content=\"https:\/\/elcardinal.com\/?p=5582\" \/>\n<meta property=\"og:site_name\" content=\"El Cardinal\" \/>\n<meta property=\"article:publisher\" content=\"https:\/\/www.facebook.com\/profile.php?id=100063093107011\" \/>\n<meta property=\"article:published_time\" content=\"2026-03-06T05:02:01+00:00\" \/>\n<meta property=\"og:image\" content=\"https:\/\/elcardinal.com\/wp-content\/uploads\/2026\/03\/050326_GOBERNADOR_FERIA-DE-SERVICIOS_ACAXOCHITLAN_LG-scaled.jpg\" \/>\n\t<meta property=\"og:image:width\" content=\"2560\" \/>\n\t<meta property=\"og:image:height\" content=\"1707\" \/>\n\t<meta property=\"og:image:type\" content=\"image\/jpeg\" \/>\n<meta name=\"author\" content=\"Antonio Alcaraz\" \/>\n<meta name=\"twitter:card\" content=\"summary_large_image\" \/>\n<meta name=\"twitter:creator\" content=\"@ElCardinal_Mx\" \/>\n<meta name=\"twitter:site\" content=\"@ElCardinal_Mx\" \/>\n<meta name=\"twitter:label1\" content=\"Escrito por\" \/>\n\t<meta name=\"twitter:data1\" content=\"Antonio Alcaraz\" \/>\n\t<meta name=\"twitter:label2\" content=\"Tiempo de lectura\" \/>\n\t<meta name=\"twitter:data2\" content=\"3 minutos\" \/>\n<script type=\"application\/ld+json\" class=\"yoast-schema-graph\">{\"@context\":\"https:\/\/schema.org\",\"@graph\":[{\"@type\":\"Article\",\"@id\":\"https:\/\/elcardinal.com\/?p=5582#article\",\"isPartOf\":{\"@id\":\"https:\/\/elcardinal.com\/?p=5582\"},\"author\":{\"name\":\"Antonio Alcaraz\",\"@id\":\"https:\/\/elcardinal.com\/#\/schema\/person\/3c352ec0a33987fe275c0e8a2ea69f8b\"},\"headline\":\"Con inversi\u00f3n superior a los 130 mdp, Julio Menchaca fortalece la infraestructura en Acaxochitl\u00e1n\",\"datePublished\":\"2026-03-06T05:02:01+00:00\",\"mainEntityOfPage\":{\"@id\":\"https:\/\/elcardinal.com\/?p=5582\"},\"wordCount\":599,\"commentCount\":0,\"publisher\":{\"@id\":\"https:\/\/elcardinal.com\/#organization\"},\"image\":{\"@id\":\"https:\/\/elcardinal.com\/?p=5582#primaryimage\"},\"thumbnailUrl\":\"https:\/\/elcardinal.com\/wp-content\/uploads\/2026\/03\/050326_GOBERNADOR_FERIA-DE-SERVICIOS_ACAXOCHITLAN_LG-scaled.jpg\",\"articleSection\":[\"Hidalgo\",\"Minuto a Minuto\"],\"inLanguage\":\"es\",\"potentialAction\":[{\"@type\":\"CommentAction\",\"name\":\"Comment\",\"target\":[\"https:\/\/elcardinal.com\/?p=5582#respond\"]}]},{\"@type\":\"WebPage\",\"@id\":\"https:\/\/elcardinal.com\/?p=5582\",\"url\":\"https:\/\/elcardinal.com\/?p=5582\",\"name\":\"Con inversi\u00f3n superior a los 130 mdp, Julio Menchaca fortalece la infraestructura en Acaxochitl\u00e1n - El Cardinal\",\"isPartOf\":{\"@id\":\"https:\/\/elcardinal.com\/#website\"},\"primaryImageOfPage\":{\"@id\":\"https:\/\/elcardinal.com\/?p=5582#primaryimage\"},\"image\":{\"@id\":\"https:\/\/elcardinal.com\/?p=5582#primaryimage\"},\"thumbnailUrl\":\"https:\/\/elcardinal.com\/wp-content\/uploads\/2026\/03\/050326_GOBERNADOR_FERIA-DE-SERVICIOS_ACAXOCHITLAN_LG-scaled.jpg\",\"datePublished\":\"2026-03-06T05:02:01+00:00\",\"breadcrumb\":{\"@id\":\"https:\/\/elcardinal.com\/?p=5582#breadcrumb\"},\"inLanguage\":\"es\",\"potentialAction\":[{\"@type\":\"ReadAction\",\"target\":[\"https:\/\/elcardinal.com\/?p=5582\"]}]},{\"@type\":\"ImageObject\",\"inLanguage\":\"es\",\"@id\":\"https:\/\/elcardinal.com\/?p=5582#primaryimage\",\"url\":\"https:\/\/elcardinal.com\/wp-content\/uploads\/2026\/03\/050326_GOBERNADOR_FERIA-DE-SERVICIOS_ACAXOCHITLAN_LG-scaled.jpg\",\"contentUrl\":\"https:\/\/elcardinal.com\/wp-content\/uploads\/2026\/03\/050326_GOBERNADOR_FERIA-DE-SERVICIOS_ACAXOCHITLAN_LG-scaled.jpg\",\"width\":2560,\"height\":1707},{\"@type\":\"BreadcrumbList\",\"@id\":\"https:\/\/elcardinal.com\/?p=5582#breadcrumb\",\"itemListElement\":[{\"@type\":\"ListItem\",\"position\":1,\"name\":\"Inicio\",\"item\":\"https:\/\/elcardinal.com\/\"},{\"@type\":\"ListItem\",\"position\":2,\"name\":\"Con inversi\u00f3n superior a los 130 mdp, Julio Menchaca fortalece la infraestructura en Acaxochitl\u00e1n\"}]},{\"@type\":\"WebSite\",\"@id\":\"https:\/\/elcardinal.com\/#website\",\"url\":\"https:\/\/elcardinal.com\/\",\"name\":\"El Cardinal\",\"description\":\"Periodismo honesto, con valor, sentido humano, a veces sarc\u00e1stico y divertido.\",\"publisher\":{\"@id\":\"https:\/\/elcardinal.com\/#organization\"},\"alternateName\":\"El Cardinal Noticias\",\"potentialAction\":[{\"@type\":\"SearchAction\",\"target\":{\"@type\":\"EntryPoint\",\"urlTemplate\":\"https:\/\/elcardinal.com\/?s={search_term_string}\"},\"query-input\":{\"@type\":\"PropertyValueSpecification\",\"valueRequired\":true,\"valueName\":\"search_term_string\"}}],\"inLanguage\":\"es\"},{\"@type\":\"Organization\",\"@id\":\"https:\/\/elcardinal.com\/#organization\",\"name\":\"El Cardinal\",\"url\":\"https:\/\/elcardinal.com\/\",\"logo\":{\"@type\":\"ImageObject\",\"inLanguage\":\"es\",\"@id\":\"https:\/\/elcardinal.com\/#\/schema\/logo\/image\/\",\"url\":\"https:\/\/elcardinal.com\/wp-content\/uploads\/2025\/04\/LOGO-EL-CARDINAL-Periodismo-con-valor.png\",\"contentUrl\":\"https:\/\/elcardinal.com\/wp-content\/uploads\/2025\/04\/LOGO-EL-CARDINAL-Periodismo-con-valor.png\",\"width\":755,\"height\":636,\"caption\":\"El Cardinal\"},\"image\":{\"@id\":\"https:\/\/elcardinal.com\/#\/schema\/logo\/image\/\"},\"sameAs\":[\"https:\/\/www.facebook.com\/profile.php?id=100063093107011\",\"https:\/\/x.com\/ElCardinal_Mx\"]},{\"@type\":\"Person\",\"@id\":\"https:\/\/elcardinal.com\/#\/schema\/person\/3c352ec0a33987fe275c0e8a2ea69f8b\",\"name\":\"Antonio Alcaraz\",\"image\":{\"@type\":\"ImageObject\",\"inLanguage\":\"es\",\"@id\":\"https:\/\/elcardinal.com\/#\/schema\/person\/image\/\",\"url\":\"https:\/\/elcardinal.com\/wp-content\/uploads\/2025\/05\/cropped-TONO-96x96.jpg\",\"contentUrl\":\"https:\/\/elcardinal.com\/wp-content\/uploads\/2025\/05\/cropped-TONO-96x96.jpg\",\"caption\":\"Antonio Alcaraz\"},\"url\":\"https:\/\/elcardinal.com\/?author=2\"}]}<\/script>\n<!-- \/ Yoast SEO plugin. -->","yoast_head_json":{"title":"Con inversi\u00f3n superior a los 130 mdp, Julio Menchaca fortalece la infraestructura en Acaxochitl\u00e1n - El Cardinal","robots":{"index":"index","follow":"follow","max-snippet":"max-snippet:-1","max-image-preview":"max-image-preview:large","max-video-preview":"max-video-preview:-1"},"canonical":"https:\/\/elcardinal.com\/?p=5582","og_locale":"es_MX","og_type":"article","og_title":"Con inversi\u00f3n superior a los 130 mdp, Julio Menchaca fortalece la infraestructura en Acaxochitl\u00e1n - El Cardinal","og_description":"Redacci\u00f3n \u201cA tres a\u00f1os y medio, sigue la transformaci\u00f3n de Hidalgo\u201d, asever\u00f3 el mandatario estatal Mediante la entrega de programas sociales, la supervisi\u00f3n de obras y el anuncio de nuevos proyectos de infraestructura, las Rutas de la Transformaci\u00f3n llegaron al municipio de Acaxochitl\u00e1n, encabezadas por el gobernador Julio Menchaca Salazar, donde la actual administraci\u00f3n ha","og_url":"https:\/\/elcardinal.com\/?p=5582","og_site_name":"El Cardinal","article_publisher":"https:\/\/www.facebook.com\/profile.php?id=100063093107011","article_published_time":"2026-03-06T05:02:01+00:00","og_image":[{"width":2560,"height":1707,"url":"https:\/\/elcardinal.com\/wp-content\/uploads\/2026\/03\/050326_GOBERNADOR_FERIA-DE-SERVICIOS_ACAXOCHITLAN_LG-scaled.jpg","type":"image\/jpeg"}],"author":"Antonio Alcaraz","twitter_card":"summary_large_image","twitter_creator":"@ElCardinal_Mx","twitter_site":"@ElCardinal_Mx","twitter_misc":{"Escrito por":"Antonio Alcaraz","Tiempo de lectura":"3 minutos"},"schema":{"@context":"https:\/\/schema.org","@graph":[{"@type":"Article","@id":"https:\/\/elcardinal.com\/?p=5582#article","isPartOf":{"@id":"https:\/\/elcardinal.com\/?p=5582"},"author":{"name":"Antonio Alcaraz","@id":"https:\/\/elcardinal.com\/#\/schema\/person\/3c352ec0a33987fe275c0e8a2ea69f8b"},"headline":"Con inversi\u00f3n superior a los 130 mdp, Julio Menchaca fortalece la infraestructura en Acaxochitl\u00e1n","datePublished":"2026-03-06T05:02:01+00:00","mainEntityOfPage":{"@id":"https:\/\/elcardinal.com\/?p=5582"},"wordCount":599,"commentCount":0,"publisher":{"@id":"https:\/\/elcardinal.com\/#organization"},"image":{"@id":"https:\/\/elcardinal.com\/?p=5582#primaryimage"},"thumbnailUrl":"https:\/\/elcardinal.com\/wp-content\/uploads\/2026\/03\/050326_GOBERNADOR_FERIA-DE-SERVICIOS_ACAXOCHITLAN_LG-scaled.jpg","articleSection":["Hidalgo","Minuto a Minuto"],"inLanguage":"es","potentialAction":[{"@type":"CommentAction","name":"Comment","target":["https:\/\/elcardinal.com\/?p=5582#respond"]}]},{"@type":"WebPage","@id":"https:\/\/elcardinal.com\/?p=5582","url":"https:\/\/elcardinal.com\/?p=5582","name":"Con inversi\u00f3n superior a los 130 mdp, Julio Menchaca fortalece la infraestructura en Acaxochitl\u00e1n - El Cardinal","isPartOf":{"@id":"https:\/\/elcardinal.com\/#website"},"primaryImageOfPage":{"@id":"https:\/\/elcardinal.com\/?p=5582#primaryimage"},"image":{"@id":"https:\/\/elcardinal.com\/?p=5582#primaryimage"},"thumbnailUrl":"https:\/\/elcardinal.com\/wp-content\/uploads\/2026\/03\/050326_GOBERNADOR_FERIA-DE-SERVICIOS_ACAXOCHITLAN_LG-scaled.jpg","datePublished":"2026-03-06T05:02:01+00:00","breadcrumb":{"@id":"https:\/\/elcardinal.com\/?p=5582#breadcrumb"},"inLanguage":"es","potentialAction":[{"@type":"ReadAction","target":["https:\/\/elcardinal.com\/?p=5582"]}]},{"@type":"ImageObject","inLanguage":"es","@id":"https:\/\/elcardinal.com\/?p=5582#primaryimage","url":"https:\/\/elcardinal.com\/wp-content\/uploads\/2026\/03\/050326_GOBERNADOR_FERIA-DE-SERVICIOS_ACAXOCHITLAN_LG-scaled.jpg","contentUrl":"https:\/\/elcardinal.com\/wp-content\/uploads\/2026\/03\/050326_GOBERNADOR_FERIA-DE-SERVICIOS_ACAXOCHITLAN_LG-scaled.jpg","width":2560,"height":1707},{"@type":"BreadcrumbList","@id":"https:\/\/elcardinal.com\/?p=5582#breadcrumb","itemListElement":[{"@type":"ListItem","position":1,"name":"Inicio","item":"https:\/\/elcardinal.com\/"},{"@type":"ListItem","position":2,"name":"Con inversi\u00f3n superior a los 130 mdp, Julio Menchaca fortalece la infraestructura en Acaxochitl\u00e1n"}]},{"@type":"WebSite","@id":"https:\/\/elcardinal.com\/#website","url":"https:\/\/elcardinal.com\/","name":"El Cardinal","description":"Periodismo honesto, con valor, sentido humano, a veces sarc\u00e1stico y divertido.","publisher":{"@id":"https:\/\/elcardinal.com\/#organization"},"alternateName":"El Cardinal Noticias","potentialAction":[{"@type":"SearchAction","target":{"@type":"EntryPoint","urlTemplate":"https:\/\/elcardinal.com\/?s={search_term_string}"},"query-input":{"@type":"PropertyValueSpecification","valueRequired":true,"valueName":"search_term_string"}}],"inLanguage":"es"},{"@type":"Organization","@id":"https:\/\/elcardinal.com\/#organization","name":"El Cardinal","url":"https:\/\/elcardinal.com\/","logo":{"@type":"ImageObject","inLanguage":"es","@id":"https:\/\/elcardinal.com\/#\/schema\/logo\/image\/","url":"https:\/\/elcardinal.com\/wp-content\/uploads\/2025\/04\/LOGO-EL-CARDINAL-Periodismo-con-valor.png","contentUrl":"https:\/\/elcardinal.com\/wp-content\/uploads\/2025\/04\/LOGO-EL-CARDINAL-Periodismo-con-valor.png","width":755,"height":636,"caption":"El Cardinal"},"image":{"@id":"https:\/\/elcardinal.com\/#\/schema\/logo\/image\/"},"sameAs":["https:\/\/www.facebook.com\/profile.php?id=100063093107011","https:\/\/x.com\/ElCardinal_Mx"]},{"@type":"Person","@id":"https:\/\/elcardinal.com\/#\/schema\/person\/3c352ec0a33987fe275c0e8a2ea69f8b","name":"Antonio Alcaraz","image":{"@type":"ImageObject","inLanguage":"es","@id":"https:\/\/elcardinal.com\/#\/schema\/person\/image\/","url":"https:\/\/elcardinal.com\/wp-content\/uploads\/2025\/05\/cropped-TONO-96x96.jpg","contentUrl":"https:\/\/elcardinal.com\/wp-content\/uploads\/2025\/05\/cropped-TONO-96x96.jpg","caption":"Antonio Alcaraz"},"url":"https:\/\/elcardinal.com\/?author=2"}]}},"_links":{"self":[{"href":"https:\/\/elcardinal.com\/index.php?rest_route=\/wp\/v2\/posts\/5582","targetHints":{"allow":["GET"]}}],"collection":[{"href":"https:\/\/elcardinal.com\/index.php?rest_route=\/wp\/v2\/posts"}],"about":[{"href":"https:\/\/elcardinal.com\/index.php?rest_route=\/wp\/v2\/types\/post"}],"author":[{"embeddable":true,"href":"https:\/\/elcardinal.com\/index.php?rest_route=\/wp\/v2\/users\/2"}],"replies":[{"embeddable":true,"href":"https:\/\/elcardinal.com\/index.php?rest_route=%2Fwp%2Fv2%2Fcomments&post=5582"}],"version-history":[{"count":1,"href":"https:\/\/elcardinal.com\/index.php?rest_route=\/wp\/v2\/posts\/5582\/revisions"}],"predecessor-version":[{"id":5584,"href":"https:\/\/elcardinal.com\/index.php?rest_route=\/wp\/v2\/posts\/5582\/revisions\/5584"}],"wp:featuredmedia":[{"embeddable":true,"href":"https:\/\/elcardinal.com\/index.php?rest_route=\/wp\/v2\/media\/5583"}],"wp:attachment":[{"href":"https:\/\/elcardinal.com\/index.php?rest_route=%2Fwp%2Fv2%2Fmedia&parent=5582"}],"wp:term":[{"taxonomy":"category","embeddable":true,"href":"https:\/\/elcardinal.com\/index.php?rest_route=%2Fwp%2Fv2%2Fcategories&post=5582"},{"taxonomy":"post_tag","embeddable":true,"href":"https:\/\/elcardinal.com\/index.php?rest_route=%2Fwp%2Fv2%2Ftags&post=5582"}],"curies":[{"name":"wp","href":"https:\/\/api.w.org\/{rel}","templated":true}]}}