{"id":5585,"date":"2026-03-06T14:24:34","date_gmt":"2026-03-06T20:24:34","guid":{"rendered":"https:\/\/elcardinal.com\/?p=5585"},"modified":"2026-03-06T14:24:34","modified_gmt":"2026-03-06T20:24:34","slug":"despacho-del-gobernador-responde-a-hidalguenses-con-programa-de-atencion-al-pueblo","status":"publish","type":"post","link":"https:\/\/elcardinal.com\/?p=5585","title":{"rendered":"Despacho del Gobernador responde a hidalguenses con programa de Atenci\u00f3n al Pueblo"},"content":{"rendered":"<p>Redacci\u00f3n<\/p>\n<p>Como parte de la pol\u00edtica social de cercan\u00eda impulsada por el titular del Gobierno de Hidalgo, Julio Menchaca Salazar, la Secretar\u00eda del Despacho del Gobernador, que encabeza Alejandro Vel\u00e1zquez Mendoza, entreg\u00f3 apoyos del Programa de Atenci\u00f3n al Pueblo a familias provenientes de distintas regiones del estado.<\/p>\n<p>Durante esta jornada, el secretario Alejandro Vel\u00e1zquez destac\u00f3 que dicha iniciativa busca atender de manera directa las necesidades de la ciudadan\u00eda, sin intermediarios, y promoviendo una administraci\u00f3n p\u00fablica m\u00e1s humana, cercana y efectiva.<\/p>\n<p>Por su parte Analinn Rivera Delgado, directora general de Atenci\u00f3n al Pueblo del Despacho del Gobernador, explic\u00f3 que la entrega se llev\u00f3 a cabo en coordinaci\u00f3n con la Secretar\u00eda de Bienestar e Inclusi\u00f3n Social, garantizando que los apoyos llegar\u00e1n de manera directa a las familias y comunidades que m\u00e1s los necesitan.<\/p>\n<p>A nombre de las y los beneficiarios, Antonieta Ram\u00edrez G\u00f3mez explic\u00f3 que el recurso otorgado ser\u00e1 destinado a emprender una dulcer\u00eda, la cual, junto a su familia, le permitir\u00e1 construir un patrimonio y generar ingresos que mejoren su calidad de vida, al tiempo que fortalecen la econom\u00eda familiar.<\/p>\n<p>Finalmente, Rivera Delgado explic\u00f3 que el Programa de Atenci\u00f3n al Pueblo contempla apoyos para impulsar proyectos productivos, mejorar la vivienda, brindar atenci\u00f3n a la salud, fortalecer el bienestar colectivo y atender situaciones de emergencia. Las personas interesadas pueden solicitar informaci\u00f3n de manera presencial en las oficinas de la direcci\u00f3n, ubicadas en el cuarto piso del Edificio de Gobierno.<\/p>\n<p>&nbsp;<\/p>\n","protected":false},"excerpt":{"rendered":"<p>Redacci\u00f3n Como parte de la pol\u00edtica social de cercan\u00eda impulsada por el titular del Gobierno de Hidalgo, Julio Menchaca Salazar, la Secretar\u00eda del Despacho del Gobernador, que encabeza Alejandro Vel\u00e1zquez Mendoza, entreg\u00f3 apoyos del Programa de Atenci\u00f3n al Pueblo a familias provenientes de distintas regiones del estado. Durante esta jornada, el secretario Alejandro Vel\u00e1zquez destac\u00f3<\/p>\n","protected":false},"author":2,"featured_media":5586,"comment_status":"open","ping_status":"open","sticky":false,"template":"","format":"standard","meta":{"footnotes":""},"categories":[31,44],"tags":[],"class_list":{"0":"post-5585","1":"post","2":"type-post","3":"status-publish","4":"format-standard","5":"has-post-thumbnail","7":"category-hidalgo","8":"category-minuto-a-minuto"},"yoast_head":"<!-- This site is optimized with the Yoast SEO plugin v26.1.1 - https:\/\/yoast.com\/wordpress\/plugins\/seo\/ -->\n<title>Despacho del Gobernador responde a hidalguenses con programa de Atenci\u00f3n al Pueblo - El Cardinal<\/title>\n<meta name=\"robots\" content=\"index, follow, max-snippet:-1, max-image-preview:large, max-video-preview:-1\" \/>\n<link rel=\"canonical\" href=\"https:\/\/elcardinal.com\/?p=5585\" \/>\n<meta property=\"og:locale\" content=\"es_MX\" \/>\n<meta property=\"og:type\" content=\"article\" \/>\n<meta property=\"og:title\" content=\"Despacho del Gobernador responde a hidalguenses con programa de Atenci\u00f3n al Pueblo - El Cardinal\" \/>\n<meta property=\"og:description\" content=\"Redacci\u00f3n Como parte de la pol\u00edtica social de cercan\u00eda impulsada por el titular del Gobierno de Hidalgo, Julio Menchaca Salazar, la Secretar\u00eda del Despacho del Gobernador, que encabeza Alejandro Vel\u00e1zquez Mendoza, entreg\u00f3 apoyos del Programa de Atenci\u00f3n al Pueblo a familias provenientes de distintas regiones del estado. Durante esta jornada, el secretario Alejandro Vel\u00e1zquez destac\u00f3\" \/>\n<meta property=\"og:url\" content=\"https:\/\/elcardinal.com\/?p=5585\" \/>\n<meta property=\"og:site_name\" content=\"El Cardinal\" \/>\n<meta property=\"article:publisher\" content=\"https:\/\/www.facebook.com\/profile.php?id=100063093107011\" \/>\n<meta property=\"article:published_time\" content=\"2026-03-06T20:24:34+00:00\" \/>\n<meta property=\"og:image\" content=\"https:\/\/elcardinal.com\/wp-content\/uploads\/2026\/03\/S1A5819-scaled.jpg\" \/>\n\t<meta property=\"og:image:width\" content=\"2560\" \/>\n\t<meta property=\"og:image:height\" content=\"1441\" \/>\n\t<meta property=\"og:image:type\" content=\"image\/jpeg\" \/>\n<meta name=\"author\" content=\"Antonio Alcaraz\" \/>\n<meta name=\"twitter:card\" content=\"summary_large_image\" \/>\n<meta name=\"twitter:creator\" content=\"@ElCardinal_Mx\" \/>\n<meta name=\"twitter:site\" content=\"@ElCardinal_Mx\" \/>\n<meta name=\"twitter:label1\" content=\"Escrito por\" \/>\n\t<meta name=\"twitter:data1\" content=\"Antonio Alcaraz\" \/>\n\t<meta name=\"twitter:label2\" content=\"Tiempo de lectura\" \/>\n\t<meta name=\"twitter:data2\" content=\"2 minutos\" \/>\n<script type=\"application\/ld+json\" class=\"yoast-schema-graph\">{\"@context\":\"https:\/\/schema.org\",\"@graph\":[{\"@type\":\"Article\",\"@id\":\"https:\/\/elcardinal.com\/?p=5585#article\",\"isPartOf\":{\"@id\":\"https:\/\/elcardinal.com\/?p=5585\"},\"author\":{\"name\":\"Antonio Alcaraz\",\"@id\":\"https:\/\/elcardinal.com\/#\/schema\/person\/3c352ec0a33987fe275c0e8a2ea69f8b\"},\"headline\":\"Despacho del Gobernador responde a hidalguenses con programa de Atenci\u00f3n al Pueblo\",\"datePublished\":\"2026-03-06T20:24:34+00:00\",\"mainEntityOfPage\":{\"@id\":\"https:\/\/elcardinal.com\/?p=5585\"},\"wordCount\":276,\"commentCount\":0,\"publisher\":{\"@id\":\"https:\/\/elcardinal.com\/#organization\"},\"image\":{\"@id\":\"https:\/\/elcardinal.com\/?p=5585#primaryimage\"},\"thumbnailUrl\":\"https:\/\/elcardinal.com\/wp-content\/uploads\/2026\/03\/S1A5819-scaled.jpg\",\"articleSection\":[\"Hidalgo\",\"Minuto a Minuto\"],\"inLanguage\":\"es\",\"potentialAction\":[{\"@type\":\"CommentAction\",\"name\":\"Comment\",\"target\":[\"https:\/\/elcardinal.com\/?p=5585#respond\"]}]},{\"@type\":\"WebPage\",\"@id\":\"https:\/\/elcardinal.com\/?p=5585\",\"url\":\"https:\/\/elcardinal.com\/?p=5585\",\"name\":\"Despacho del Gobernador responde a hidalguenses con programa de Atenci\u00f3n al Pueblo - El Cardinal\",\"isPartOf\":{\"@id\":\"https:\/\/elcardinal.com\/#website\"},\"primaryImageOfPage\":{\"@id\":\"https:\/\/elcardinal.com\/?p=5585#primaryimage\"},\"image\":{\"@id\":\"https:\/\/elcardinal.com\/?p=5585#primaryimage\"},\"thumbnailUrl\":\"https:\/\/elcardinal.com\/wp-content\/uploads\/2026\/03\/S1A5819-scaled.jpg\",\"datePublished\":\"2026-03-06T20:24:34+00:00\",\"breadcrumb\":{\"@id\":\"https:\/\/elcardinal.com\/?p=5585#breadcrumb\"},\"inLanguage\":\"es\",\"potentialAction\":[{\"@type\":\"ReadAction\",\"target\":[\"https:\/\/elcardinal.com\/?p=5585\"]}]},{\"@type\":\"ImageObject\",\"inLanguage\":\"es\",\"@id\":\"https:\/\/elcardinal.com\/?p=5585#primaryimage\",\"url\":\"https:\/\/elcardinal.com\/wp-content\/uploads\/2026\/03\/S1A5819-scaled.jpg\",\"contentUrl\":\"https:\/\/elcardinal.com\/wp-content\/uploads\/2026\/03\/S1A5819-scaled.jpg\",\"width\":2560,\"height\":1441},{\"@type\":\"BreadcrumbList\",\"@id\":\"https:\/\/elcardinal.com\/?p=5585#breadcrumb\",\"itemListElement\":[{\"@type\":\"ListItem\",\"position\":1,\"name\":\"Inicio\",\"item\":\"https:\/\/elcardinal.com\/\"},{\"@type\":\"ListItem\",\"position\":2,\"name\":\"Despacho del Gobernador responde a hidalguenses con programa de Atenci\u00f3n al Pueblo\"}]},{\"@type\":\"WebSite\",\"@id\":\"https:\/\/elcardinal.com\/#website\",\"url\":\"https:\/\/elcardinal.com\/\",\"name\":\"El Cardinal\",\"description\":\"Periodismo honesto, con valor, sentido humano, a veces sarc\u00e1stico y divertido.\",\"publisher\":{\"@id\":\"https:\/\/elcardinal.com\/#organization\"},\"alternateName\":\"El Cardinal Noticias\",\"potentialAction\":[{\"@type\":\"SearchAction\",\"target\":{\"@type\":\"EntryPoint\",\"urlTemplate\":\"https:\/\/elcardinal.com\/?s={search_term_string}\"},\"query-input\":{\"@type\":\"PropertyValueSpecification\",\"valueRequired\":true,\"valueName\":\"search_term_string\"}}],\"inLanguage\":\"es\"},{\"@type\":\"Organization\",\"@id\":\"https:\/\/elcardinal.com\/#organization\",\"name\":\"El Cardinal\",\"url\":\"https:\/\/elcardinal.com\/\",\"logo\":{\"@type\":\"ImageObject\",\"inLanguage\":\"es\",\"@id\":\"https:\/\/elcardinal.com\/#\/schema\/logo\/image\/\",\"url\":\"https:\/\/elcardinal.com\/wp-content\/uploads\/2025\/04\/LOGO-EL-CARDINAL-Periodismo-con-valor.png\",\"contentUrl\":\"https:\/\/elcardinal.com\/wp-content\/uploads\/2025\/04\/LOGO-EL-CARDINAL-Periodismo-con-valor.png\",\"width\":755,\"height\":636,\"caption\":\"El Cardinal\"},\"image\":{\"@id\":\"https:\/\/elcardinal.com\/#\/schema\/logo\/image\/\"},\"sameAs\":[\"https:\/\/www.facebook.com\/profile.php?id=100063093107011\",\"https:\/\/x.com\/ElCardinal_Mx\"]},{\"@type\":\"Person\",\"@id\":\"https:\/\/elcardinal.com\/#\/schema\/person\/3c352ec0a33987fe275c0e8a2ea69f8b\",\"name\":\"Antonio Alcaraz\",\"image\":{\"@type\":\"ImageObject\",\"inLanguage\":\"es\",\"@id\":\"https:\/\/elcardinal.com\/#\/schema\/person\/image\/\",\"url\":\"https:\/\/elcardinal.com\/wp-content\/uploads\/2025\/05\/cropped-TONO-96x96.jpg\",\"contentUrl\":\"https:\/\/elcardinal.com\/wp-content\/uploads\/2025\/05\/cropped-TONO-96x96.jpg\",\"caption\":\"Antonio Alcaraz\"},\"url\":\"https:\/\/elcardinal.com\/?author=2\"}]}<\/script>\n<!-- \/ Yoast SEO plugin. -->","yoast_head_json":{"title":"Despacho del Gobernador responde a hidalguenses con programa de Atenci\u00f3n al Pueblo - El Cardinal","robots":{"index":"index","follow":"follow","max-snippet":"max-snippet:-1","max-image-preview":"max-image-preview:large","max-video-preview":"max-video-preview:-1"},"canonical":"https:\/\/elcardinal.com\/?p=5585","og_locale":"es_MX","og_type":"article","og_title":"Despacho del Gobernador responde a hidalguenses con programa de Atenci\u00f3n al Pueblo - El Cardinal","og_description":"Redacci\u00f3n Como parte de la pol\u00edtica social de cercan\u00eda impulsada por el titular del Gobierno de Hidalgo, Julio Menchaca Salazar, la Secretar\u00eda del Despacho del Gobernador, que encabeza Alejandro Vel\u00e1zquez Mendoza, entreg\u00f3 apoyos del Programa de Atenci\u00f3n al Pueblo a familias provenientes de distintas regiones del estado. Durante esta jornada, el secretario Alejandro Vel\u00e1zquez destac\u00f3","og_url":"https:\/\/elcardinal.com\/?p=5585","og_site_name":"El Cardinal","article_publisher":"https:\/\/www.facebook.com\/profile.php?id=100063093107011","article_published_time":"2026-03-06T20:24:34+00:00","og_image":[{"width":2560,"height":1441,"url":"https:\/\/elcardinal.com\/wp-content\/uploads\/2026\/03\/S1A5819-scaled.jpg","type":"image\/jpeg"}],"author":"Antonio Alcaraz","twitter_card":"summary_large_image","twitter_creator":"@ElCardinal_Mx","twitter_site":"@ElCardinal_Mx","twitter_misc":{"Escrito por":"Antonio Alcaraz","Tiempo de lectura":"2 minutos"},"schema":{"@context":"https:\/\/schema.org","@graph":[{"@type":"Article","@id":"https:\/\/elcardinal.com\/?p=5585#article","isPartOf":{"@id":"https:\/\/elcardinal.com\/?p=5585"},"author":{"name":"Antonio Alcaraz","@id":"https:\/\/elcardinal.com\/#\/schema\/person\/3c352ec0a33987fe275c0e8a2ea69f8b"},"headline":"Despacho del Gobernador responde a hidalguenses con programa de Atenci\u00f3n al Pueblo","datePublished":"2026-03-06T20:24:34+00:00","mainEntityOfPage":{"@id":"https:\/\/elcardinal.com\/?p=5585"},"wordCount":276,"commentCount":0,"publisher":{"@id":"https:\/\/elcardinal.com\/#organization"},"image":{"@id":"https:\/\/elcardinal.com\/?p=5585#primaryimage"},"thumbnailUrl":"https:\/\/elcardinal.com\/wp-content\/uploads\/2026\/03\/S1A5819-scaled.jpg","articleSection":["Hidalgo","Minuto a Minuto"],"inLanguage":"es","potentialAction":[{"@type":"CommentAction","name":"Comment","target":["https:\/\/elcardinal.com\/?p=5585#respond"]}]},{"@type":"WebPage","@id":"https:\/\/elcardinal.com\/?p=5585","url":"https:\/\/elcardinal.com\/?p=5585","name":"Despacho del Gobernador responde a hidalguenses con programa de Atenci\u00f3n al Pueblo - El Cardinal","isPartOf":{"@id":"https:\/\/elcardinal.com\/#website"},"primaryImageOfPage":{"@id":"https:\/\/elcardinal.com\/?p=5585#primaryimage"},"image":{"@id":"https:\/\/elcardinal.com\/?p=5585#primaryimage"},"thumbnailUrl":"https:\/\/elcardinal.com\/wp-content\/uploads\/2026\/03\/S1A5819-scaled.jpg","datePublished":"2026-03-06T20:24:34+00:00","breadcrumb":{"@id":"https:\/\/elcardinal.com\/?p=5585#breadcrumb"},"inLanguage":"es","potentialAction":[{"@type":"ReadAction","target":["https:\/\/elcardinal.com\/?p=5585"]}]},{"@type":"ImageObject","inLanguage":"es","@id":"https:\/\/elcardinal.com\/?p=5585#primaryimage","url":"https:\/\/elcardinal.com\/wp-content\/uploads\/2026\/03\/S1A5819-scaled.jpg","contentUrl":"https:\/\/elcardinal.com\/wp-content\/uploads\/2026\/03\/S1A5819-scaled.jpg","width":2560,"height":1441},{"@type":"BreadcrumbList","@id":"https:\/\/elcardinal.com\/?p=5585#breadcrumb","itemListElement":[{"@type":"ListItem","position":1,"name":"Inicio","item":"https:\/\/elcardinal.com\/"},{"@type":"ListItem","position":2,"name":"Despacho del Gobernador responde a hidalguenses con programa de Atenci\u00f3n al Pueblo"}]},{"@type":"WebSite","@id":"https:\/\/elcardinal.com\/#website","url":"https:\/\/elcardinal.com\/","name":"El Cardinal","description":"Periodismo honesto, con valor, sentido humano, a veces sarc\u00e1stico y divertido.","publisher":{"@id":"https:\/\/elcardinal.com\/#organization"},"alternateName":"El Cardinal Noticias","potentialAction":[{"@type":"SearchAction","target":{"@type":"EntryPoint","urlTemplate":"https:\/\/elcardinal.com\/?s={search_term_string}"},"query-input":{"@type":"PropertyValueSpecification","valueRequired":true,"valueName":"search_term_string"}}],"inLanguage":"es"},{"@type":"Organization","@id":"https:\/\/elcardinal.com\/#organization","name":"El Cardinal","url":"https:\/\/elcardinal.com\/","logo":{"@type":"ImageObject","inLanguage":"es","@id":"https:\/\/elcardinal.com\/#\/schema\/logo\/image\/","url":"https:\/\/elcardinal.com\/wp-content\/uploads\/2025\/04\/LOGO-EL-CARDINAL-Periodismo-con-valor.png","contentUrl":"https:\/\/elcardinal.com\/wp-content\/uploads\/2025\/04\/LOGO-EL-CARDINAL-Periodismo-con-valor.png","width":755,"height":636,"caption":"El Cardinal"},"image":{"@id":"https:\/\/elcardinal.com\/#\/schema\/logo\/image\/"},"sameAs":["https:\/\/www.facebook.com\/profile.php?id=100063093107011","https:\/\/x.com\/ElCardinal_Mx"]},{"@type":"Person","@id":"https:\/\/elcardinal.com\/#\/schema\/person\/3c352ec0a33987fe275c0e8a2ea69f8b","name":"Antonio Alcaraz","image":{"@type":"ImageObject","inLanguage":"es","@id":"https:\/\/elcardinal.com\/#\/schema\/person\/image\/","url":"https:\/\/elcardinal.com\/wp-content\/uploads\/2025\/05\/cropped-TONO-96x96.jpg","contentUrl":"https:\/\/elcardinal.com\/wp-content\/uploads\/2025\/05\/cropped-TONO-96x96.jpg","caption":"Antonio Alcaraz"},"url":"https:\/\/elcardinal.com\/?author=2"}]}},"_links":{"self":[{"href":"https:\/\/elcardinal.com\/index.php?rest_route=\/wp\/v2\/posts\/5585","targetHints":{"allow":["GET"]}}],"collection":[{"href":"https:\/\/elcardinal.com\/index.php?rest_route=\/wp\/v2\/posts"}],"about":[{"href":"https:\/\/elcardinal.com\/index.php?rest_route=\/wp\/v2\/types\/post"}],"author":[{"embeddable":true,"href":"https:\/\/elcardinal.com\/index.php?rest_route=\/wp\/v2\/users\/2"}],"replies":[{"embeddable":true,"href":"https:\/\/elcardinal.com\/index.php?rest_route=%2Fwp%2Fv2%2Fcomments&post=5585"}],"version-history":[{"count":1,"href":"https:\/\/elcardinal.com\/index.php?rest_route=\/wp\/v2\/posts\/5585\/revisions"}],"predecessor-version":[{"id":5587,"href":"https:\/\/elcardinal.com\/index.php?rest_route=\/wp\/v2\/posts\/5585\/revisions\/5587"}],"wp:featuredmedia":[{"embeddable":true,"href":"https:\/\/elcardinal.com\/index.php?rest_route=\/wp\/v2\/media\/5586"}],"wp:attachment":[{"href":"https:\/\/elcardinal.com\/index.php?rest_route=%2Fwp%2Fv2%2Fmedia&parent=5585"}],"wp:term":[{"taxonomy":"category","embeddable":true,"href":"https:\/\/elcardinal.com\/index.php?rest_route=%2Fwp%2Fv2%2Fcategories&post=5585"},{"taxonomy":"post_tag","embeddable":true,"href":"https:\/\/elcardinal.com\/index.php?rest_route=%2Fwp%2Fv2%2Ftags&post=5585"}],"curies":[{"name":"wp","href":"https:\/\/api.w.org\/{rel}","templated":true}]}}