{"id":5781,"date":"2026-04-28T10:19:11","date_gmt":"2026-04-28T16:19:11","guid":{"rendered":"https:\/\/elcardinal.com\/?p=5781"},"modified":"2026-04-28T10:19:11","modified_gmt":"2026-04-28T16:19:11","slug":"perdio-sus-manos-pero-no-las-ganas-de-vivir-la-historia-de-florentino-hernandez","status":"publish","type":"post","link":"https:\/\/elcardinal.com\/?p=5781","title":{"rendered":"Perdi\u00f3 sus manos, pero no las ganas de vivir: la historia de Florentino Hern\u00e1ndez"},"content":{"rendered":"<p>Por: <strong>Jos\u00e9 Antonio Alcaraz Su\u00e1rez<\/strong><\/p>\n<p>Huejutla, Hgo.\u2014 En medio del intenso calor de <strong>37 grados de la huasteca hidalguense<\/strong>, <strong>Florentino Hern\u00e1ndez Saavedra<\/strong> caminaba a paso moderado en direcci\u00f3n a la <strong>Plaza 21 de Mayo<\/strong>. Sujetaba firmemente su morral negro, de donde pend\u00eda un trapo verde para secarse el sudor.<\/p>\n<p>Junto con otras 28 personas, don Florentino recibieron <strong>pr\u00f3tesis y \u00f3rtesis<\/strong> como parte de un programa del<strong> DIF municipal de Huejutla<\/strong> que devolvi\u00f3 m\u00e1s que movilidad; devolvi\u00f3 esperanza. Su historia de vida no pas\u00f3 desapercibida\u2026<\/p>\n<p><img fetchpriority=\"high\" decoding=\"async\" class=\"size-medium wp-image-5783 alignleft\" src=\"https:\/\/elcardinal.com\/wp-content\/uploads\/2026\/04\/WhatsApp-Image-2026-04-28-at-10.12.30-AM-175x300.jpeg\" alt=\"\" width=\"175\" height=\"300\" srcset=\"https:\/\/elcardinal.com\/wp-content\/uploads\/2026\/04\/WhatsApp-Image-2026-04-28-at-10.12.30-AM-175x300.jpeg 175w, https:\/\/elcardinal.com\/wp-content\/uploads\/2026\/04\/WhatsApp-Image-2026-04-28-at-10.12.30-AM-596x1024.jpeg 596w, https:\/\/elcardinal.com\/wp-content\/uploads\/2026\/04\/WhatsApp-Image-2026-04-28-at-10.12.30-AM-768x1318.jpeg 768w, https:\/\/elcardinal.com\/wp-content\/uploads\/2026\/04\/WhatsApp-Image-2026-04-28-at-10.12.30-AM-895x1536.jpeg 895w, https:\/\/elcardinal.com\/wp-content\/uploads\/2026\/04\/WhatsApp-Image-2026-04-28-at-10.12.30-AM-150x258.jpeg 150w, https:\/\/elcardinal.com\/wp-content\/uploads\/2026\/04\/WhatsApp-Image-2026-04-28-at-10.12.30-AM-450x773.jpeg 450w, https:\/\/elcardinal.com\/wp-content\/uploads\/2026\/04\/WhatsApp-Image-2026-04-28-at-10.12.30-AM.jpeg 932w\" sizes=\"(max-width: 175px) 100vw, 175px\" \/><\/p>\n<blockquote><p>Originario de la comunidad ind\u00edgena de <strong>Apilol<\/strong>, Florentino recuerda con claridad el momento que cambi\u00f3 su vida para siempre. Era el 2013 y trabajaba como alba\u00f1il en la <strong>Ciudad de M\u00e9xico<\/strong> cuando una pulidora en disco se rompi\u00f3: \u201cMe tumb\u00f3 las dos manos y me agarr\u00f3 tambi\u00e9n las piernas\u201d, cuenta. Ten\u00eda 35 a\u00f1os. Hoy, con 48, sigue luchando.<\/p><\/blockquote>\n<p>\u201cEn ese momento no sent\u00ed nada\u2026 hasta el otro d\u00eda despert\u00e9 y me dijeron que ya no ten\u00eda mis manos\u201d, relata. A partir de ah\u00ed comenz\u00f3 un proceso f\u00edsico y emocional complejo. <strong><em>\u201cYo ya no quer\u00eda regresar a Huejutla\u2026 pero mi esposa me anim\u00f3 mucho\u201d<\/em><\/strong>, dice, reconociendo en su familia el motor para no rendirse.<\/p>\n<p>Con el paso del tiempo, Florentino aprendi\u00f3 a adaptarse, le pusieron pr\u00f3tesis de gancho \u201ccomo las del capit\u00e1n Garfio\u201d . <strong>Volvi\u00f3 al campo, a \u201cchapuliar\u201d la tierra con machete, y tambi\u00e9n a manejar.<\/strong> Hoy trabaja como chofer en el transporte p\u00fablico en la regi\u00f3n, enfrentando diariamente los retos de una vida que tuvo que reconstruir desde cero.<\/p>\n<blockquote><p>\u201cS\u00ed he pedido trabajo, pero no me lo dan\u2026 aun as\u00ed sigo\u201d, comparte, evidenciando las barreras que a\u00fan existen para personas con discapacidad.<\/p><\/blockquote>\n<p>Las pr\u00f3tesis que recibi\u00f3 en esta jornada representan un cambio importante. Son realistas, de alta calidad, echas en Alemania. \u00a0\u201cEs la primera vez que tengo unas as\u00ed\u2026 m\u00e1s reales, m\u00e1s \u00fatiles. Me siento m\u00e1s c\u00f3modo, aunque tengo que practicar mucho\u201d, explica mientras muestra c\u00f3mo funcionan como una pinza que le permitir\u00e1 retomar muchas actividades.<\/p>\n<p><img decoding=\"async\" class=\"alignnone size-medium wp-image-5784\" src=\"https:\/\/elcardinal.com\/wp-content\/uploads\/2026\/04\/681541878_1281865013926590_7591800393155451932_n-300x200.jpg\" alt=\"\" width=\"300\" height=\"200\" srcset=\"https:\/\/elcardinal.com\/wp-content\/uploads\/2026\/04\/681541878_1281865013926590_7591800393155451932_n-300x200.jpg 300w, https:\/\/elcardinal.com\/wp-content\/uploads\/2026\/04\/681541878_1281865013926590_7591800393155451932_n-1024x683.jpg 1024w, https:\/\/elcardinal.com\/wp-content\/uploads\/2026\/04\/681541878_1281865013926590_7591800393155451932_n-768x512.jpg 768w, https:\/\/elcardinal.com\/wp-content\/uploads\/2026\/04\/681541878_1281865013926590_7591800393155451932_n-1536x1024.jpg 1536w, https:\/\/elcardinal.com\/wp-content\/uploads\/2026\/04\/681541878_1281865013926590_7591800393155451932_n-150x100.jpg 150w, https:\/\/elcardinal.com\/wp-content\/uploads\/2026\/04\/681541878_1281865013926590_7591800393155451932_n-450x300.jpg 450w, https:\/\/elcardinal.com\/wp-content\/uploads\/2026\/04\/681541878_1281865013926590_7591800393155451932_n-1200x800.jpg 1200w, https:\/\/elcardinal.com\/wp-content\/uploads\/2026\/04\/681541878_1281865013926590_7591800393155451932_n.jpg 1920w\" sizes=\"(max-width: 300px) 100vw, 300px\" \/><\/p>\n<p>Florentino reconoce que en el pasado recibi\u00f3 apoyos, pero no eran funcionales.<strong> \u201cEran m\u00e1s de adorno\u201d<\/strong>, dice sin rodeos. Hoy, su percepci\u00f3n ha cambiado: \u201cMe sorprendi\u00f3 el apoyo\u2026 s\u00ed ayudan\u201d.<\/p>\n<blockquote><p>M\u00e1s all\u00e1 de lo f\u00edsico, su historia deja una lecci\u00f3n clara:<em><strong> \u201cUno se desanima, pero si le echas ganas, logras lo que te propones\u2026 incluso la gente que habla mal, a veces te da fuerza\u201d.<\/strong><\/em><\/p><\/blockquote>\n<p>Con voz firme y mirada tranquila, agradece: \u201cDe coraz\u00f3n al presidente <strong>Alfredo San Rom\u00e1n<\/strong> y a la presidenta del DIF <strong>Kristel Rodr\u00edguez<\/strong>\u2026 no solo por m\u00ed, tambi\u00e9n por todos mis compa\u00f1eros\u201d.<\/p>\n<p><img decoding=\"async\" class=\"size-medium wp-image-5785 aligncenter\" src=\"https:\/\/elcardinal.com\/wp-content\/uploads\/2026\/04\/682021505_1281865047259920_1888726933460311217_n-300x200.jpg\" alt=\"\" width=\"300\" height=\"200\" srcset=\"https:\/\/elcardinal.com\/wp-content\/uploads\/2026\/04\/682021505_1281865047259920_1888726933460311217_n-300x200.jpg 300w, https:\/\/elcardinal.com\/wp-content\/uploads\/2026\/04\/682021505_1281865047259920_1888726933460311217_n-1024x683.jpg 1024w, https:\/\/elcardinal.com\/wp-content\/uploads\/2026\/04\/682021505_1281865047259920_1888726933460311217_n-768x512.jpg 768w, https:\/\/elcardinal.com\/wp-content\/uploads\/2026\/04\/682021505_1281865047259920_1888726933460311217_n-1536x1024.jpg 1536w, https:\/\/elcardinal.com\/wp-content\/uploads\/2026\/04\/682021505_1281865047259920_1888726933460311217_n-150x100.jpg 150w, https:\/\/elcardinal.com\/wp-content\/uploads\/2026\/04\/682021505_1281865047259920_1888726933460311217_n-450x300.jpg 450w, https:\/\/elcardinal.com\/wp-content\/uploads\/2026\/04\/682021505_1281865047259920_1888726933460311217_n-1200x800.jpg 1200w, https:\/\/elcardinal.com\/wp-content\/uploads\/2026\/04\/682021505_1281865047259920_1888726933460311217_n.jpg 1920w\" sizes=\"(max-width: 300px) 100vw, 300px\" \/><\/p>\n<p>Hoy, Florentino no solo recibi\u00f3 pr\u00f3tesis. Recibi\u00f3 la oportunidad de volver a empezar\u2026 paso a paso, con dignidad y esperanza.<\/p>\n<p><img loading=\"lazy\" decoding=\"async\" class=\"alignnone size-medium wp-image-5786\" src=\"https:\/\/elcardinal.com\/wp-content\/uploads\/2026\/04\/681359151_1281864883926603_4719117618858282726_n-225x300.jpg\" alt=\"\" width=\"225\" height=\"300\" srcset=\"https:\/\/elcardinal.com\/wp-content\/uploads\/2026\/04\/681359151_1281864883926603_4719117618858282726_n-225x300.jpg 225w, https:\/\/elcardinal.com\/wp-content\/uploads\/2026\/04\/681359151_1281864883926603_4719117618858282726_n-768x1024.jpg 768w, https:\/\/elcardinal.com\/wp-content\/uploads\/2026\/04\/681359151_1281864883926603_4719117618858282726_n-1152x1536.jpg 1152w, https:\/\/elcardinal.com\/wp-content\/uploads\/2026\/04\/681359151_1281864883926603_4719117618858282726_n-150x200.jpg 150w, https:\/\/elcardinal.com\/wp-content\/uploads\/2026\/04\/681359151_1281864883926603_4719117618858282726_n-450x600.jpg 450w, https:\/\/elcardinal.com\/wp-content\/uploads\/2026\/04\/681359151_1281864883926603_4719117618858282726_n-1200x1600.jpg 1200w, https:\/\/elcardinal.com\/wp-content\/uploads\/2026\/04\/681359151_1281864883926603_4719117618858282726_n.jpg 1536w\" sizes=\"(max-width: 225px) 100vw, 225px\" \/><\/p>\n","protected":false},"excerpt":{"rendered":"<p>Por: Jos\u00e9 Antonio Alcaraz Su\u00e1rez Huejutla, Hgo.\u2014 En medio del intenso calor de 37 grados de la huasteca hidalguense, Florentino Hern\u00e1ndez Saavedra caminaba a paso moderado en direcci\u00f3n a la Plaza 21 de Mayo. Sujetaba firmemente su morral negro, de donde pend\u00eda un trapo verde para secarse el sudor. Junto con otras 28 personas, don<\/p>\n","protected":false},"author":2,"featured_media":5782,"comment_status":"open","ping_status":"open","sticky":false,"template":"","format":"standard","meta":{"footnotes":""},"categories":[31,36,44,33],"tags":[60,59,373],"class_list":{"0":"post-5781","1":"post","2":"type-post","3":"status-publish","4":"format-standard","5":"has-post-thumbnail","7":"category-hidalgo","8":"category-historias","9":"category-minuto-a-minuto","10":"category-regiones","11":"tag-alfredo-san-roman","12":"tag-huejutla","13":"tag-kristel-rodriguez"},"yoast_head":"<!-- This site is optimized with the Yoast SEO plugin v26.1.1 - https:\/\/yoast.com\/wordpress\/plugins\/seo\/ -->\n<title>Perdi\u00f3 sus manos, pero no las ganas de vivir: la historia de Florentino Hern\u00e1ndez - El Cardinal<\/title>\n<meta name=\"robots\" content=\"index, follow, max-snippet:-1, max-image-preview:large, max-video-preview:-1\" \/>\n<link rel=\"canonical\" href=\"https:\/\/elcardinal.com\/?p=5781\" \/>\n<meta property=\"og:locale\" content=\"es_MX\" \/>\n<meta property=\"og:type\" content=\"article\" \/>\n<meta property=\"og:title\" content=\"Perdi\u00f3 sus manos, pero no las ganas de vivir: la historia de Florentino Hern\u00e1ndez - El Cardinal\" \/>\n<meta property=\"og:description\" content=\"Por: Jos\u00e9 Antonio Alcaraz Su\u00e1rez Huejutla, Hgo.\u2014 En medio del intenso calor de 37 grados de la huasteca hidalguense, Florentino Hern\u00e1ndez Saavedra caminaba a paso moderado en direcci\u00f3n a la Plaza 21 de Mayo. Sujetaba firmemente su morral negro, de donde pend\u00eda un trapo verde para secarse el sudor. Junto con otras 28 personas, don\" \/>\n<meta property=\"og:url\" content=\"https:\/\/elcardinal.com\/?p=5781\" \/>\n<meta property=\"og:site_name\" content=\"El Cardinal\" \/>\n<meta property=\"article:publisher\" content=\"https:\/\/www.facebook.com\/profile.php?id=100063093107011\" \/>\n<meta property=\"article:published_time\" content=\"2026-04-28T16:19:11+00:00\" \/>\n<meta property=\"og:image\" content=\"https:\/\/elcardinal.com\/wp-content\/uploads\/2026\/04\/WhatsApp-Image-2026-04-28-at-10.12.31-AM-1.jpeg\" \/>\n\t<meta property=\"og:image:width\" content=\"1600\" \/>\n\t<meta property=\"og:image:height\" content=\"1200\" \/>\n\t<meta property=\"og:image:type\" content=\"image\/jpeg\" \/>\n<meta name=\"author\" content=\"Antonio Alcaraz\" \/>\n<meta name=\"twitter:card\" content=\"summary_large_image\" \/>\n<meta name=\"twitter:creator\" content=\"@ElCardinal_Mx\" \/>\n<meta name=\"twitter:site\" content=\"@ElCardinal_Mx\" \/>\n<meta name=\"twitter:label1\" content=\"Escrito por\" \/>\n\t<meta name=\"twitter:data1\" content=\"Antonio Alcaraz\" \/>\n\t<meta name=\"twitter:label2\" content=\"Tiempo de lectura\" \/>\n\t<meta name=\"twitter:data2\" content=\"3 minutos\" \/>\n<script type=\"application\/ld+json\" class=\"yoast-schema-graph\">{\"@context\":\"https:\/\/schema.org\",\"@graph\":[{\"@type\":\"Article\",\"@id\":\"https:\/\/elcardinal.com\/?p=5781#article\",\"isPartOf\":{\"@id\":\"https:\/\/elcardinal.com\/?p=5781\"},\"author\":{\"name\":\"Antonio Alcaraz\",\"@id\":\"https:\/\/elcardinal.com\/#\/schema\/person\/3c352ec0a33987fe275c0e8a2ea69f8b\"},\"headline\":\"Perdi\u00f3 sus manos, pero no las ganas de vivir: la historia de Florentino Hern\u00e1ndez\",\"datePublished\":\"2026-04-28T16:19:11+00:00\",\"mainEntityOfPage\":{\"@id\":\"https:\/\/elcardinal.com\/?p=5781\"},\"wordCount\":494,\"commentCount\":0,\"publisher\":{\"@id\":\"https:\/\/elcardinal.com\/#organization\"},\"image\":{\"@id\":\"https:\/\/elcardinal.com\/?p=5781#primaryimage\"},\"thumbnailUrl\":\"https:\/\/elcardinal.com\/wp-content\/uploads\/2026\/04\/WhatsApp-Image-2026-04-28-at-10.12.31-AM-1.jpeg\",\"keywords\":[\"Alfredo San Rom\u00e1n\",\"Huejutla\",\"Kristel Rodr\u00edguez\"],\"articleSection\":[\"Hidalgo\",\"Historias\",\"Minuto a Minuto\",\"Regiones\"],\"inLanguage\":\"es\",\"potentialAction\":[{\"@type\":\"CommentAction\",\"name\":\"Comment\",\"target\":[\"https:\/\/elcardinal.com\/?p=5781#respond\"]}]},{\"@type\":\"WebPage\",\"@id\":\"https:\/\/elcardinal.com\/?p=5781\",\"url\":\"https:\/\/elcardinal.com\/?p=5781\",\"name\":\"Perdi\u00f3 sus manos, pero no las ganas de vivir: la historia de Florentino Hern\u00e1ndez - El Cardinal\",\"isPartOf\":{\"@id\":\"https:\/\/elcardinal.com\/#website\"},\"primaryImageOfPage\":{\"@id\":\"https:\/\/elcardinal.com\/?p=5781#primaryimage\"},\"image\":{\"@id\":\"https:\/\/elcardinal.com\/?p=5781#primaryimage\"},\"thumbnailUrl\":\"https:\/\/elcardinal.com\/wp-content\/uploads\/2026\/04\/WhatsApp-Image-2026-04-28-at-10.12.31-AM-1.jpeg\",\"datePublished\":\"2026-04-28T16:19:11+00:00\",\"breadcrumb\":{\"@id\":\"https:\/\/elcardinal.com\/?p=5781#breadcrumb\"},\"inLanguage\":\"es\",\"potentialAction\":[{\"@type\":\"ReadAction\",\"target\":[\"https:\/\/elcardinal.com\/?p=5781\"]}]},{\"@type\":\"ImageObject\",\"inLanguage\":\"es\",\"@id\":\"https:\/\/elcardinal.com\/?p=5781#primaryimage\",\"url\":\"https:\/\/elcardinal.com\/wp-content\/uploads\/2026\/04\/WhatsApp-Image-2026-04-28-at-10.12.31-AM-1.jpeg\",\"contentUrl\":\"https:\/\/elcardinal.com\/wp-content\/uploads\/2026\/04\/WhatsApp-Image-2026-04-28-at-10.12.31-AM-1.jpeg\",\"width\":1600,\"height\":1200},{\"@type\":\"BreadcrumbList\",\"@id\":\"https:\/\/elcardinal.com\/?p=5781#breadcrumb\",\"itemListElement\":[{\"@type\":\"ListItem\",\"position\":1,\"name\":\"Inicio\",\"item\":\"https:\/\/elcardinal.com\/\"},{\"@type\":\"ListItem\",\"position\":2,\"name\":\"Perdi\u00f3 sus manos, pero no las ganas de vivir: la historia de Florentino Hern\u00e1ndez\"}]},{\"@type\":\"WebSite\",\"@id\":\"https:\/\/elcardinal.com\/#website\",\"url\":\"https:\/\/elcardinal.com\/\",\"name\":\"El Cardinal\",\"description\":\"Periodismo honesto, con valor, sentido humano, a veces sarc\u00e1stico y divertido.\",\"publisher\":{\"@id\":\"https:\/\/elcardinal.com\/#organization\"},\"alternateName\":\"El Cardinal Noticias\",\"potentialAction\":[{\"@type\":\"SearchAction\",\"target\":{\"@type\":\"EntryPoint\",\"urlTemplate\":\"https:\/\/elcardinal.com\/?s={search_term_string}\"},\"query-input\":{\"@type\":\"PropertyValueSpecification\",\"valueRequired\":true,\"valueName\":\"search_term_string\"}}],\"inLanguage\":\"es\"},{\"@type\":\"Organization\",\"@id\":\"https:\/\/elcardinal.com\/#organization\",\"name\":\"El Cardinal\",\"url\":\"https:\/\/elcardinal.com\/\",\"logo\":{\"@type\":\"ImageObject\",\"inLanguage\":\"es\",\"@id\":\"https:\/\/elcardinal.com\/#\/schema\/logo\/image\/\",\"url\":\"https:\/\/elcardinal.com\/wp-content\/uploads\/2025\/04\/LOGO-EL-CARDINAL-Periodismo-con-valor.png\",\"contentUrl\":\"https:\/\/elcardinal.com\/wp-content\/uploads\/2025\/04\/LOGO-EL-CARDINAL-Periodismo-con-valor.png\",\"width\":755,\"height\":636,\"caption\":\"El Cardinal\"},\"image\":{\"@id\":\"https:\/\/elcardinal.com\/#\/schema\/logo\/image\/\"},\"sameAs\":[\"https:\/\/www.facebook.com\/profile.php?id=100063093107011\",\"https:\/\/x.com\/ElCardinal_Mx\"]},{\"@type\":\"Person\",\"@id\":\"https:\/\/elcardinal.com\/#\/schema\/person\/3c352ec0a33987fe275c0e8a2ea69f8b\",\"name\":\"Antonio Alcaraz\",\"image\":{\"@type\":\"ImageObject\",\"inLanguage\":\"es\",\"@id\":\"https:\/\/elcardinal.com\/#\/schema\/person\/image\/\",\"url\":\"https:\/\/elcardinal.com\/wp-content\/uploads\/2025\/05\/cropped-TONO-96x96.jpg\",\"contentUrl\":\"https:\/\/elcardinal.com\/wp-content\/uploads\/2025\/05\/cropped-TONO-96x96.jpg\",\"caption\":\"Antonio Alcaraz\"},\"url\":\"https:\/\/elcardinal.com\/?author=2\"}]}<\/script>\n<!-- \/ Yoast SEO plugin. -->","yoast_head_json":{"title":"Perdi\u00f3 sus manos, pero no las ganas de vivir: la historia de Florentino Hern\u00e1ndez - El Cardinal","robots":{"index":"index","follow":"follow","max-snippet":"max-snippet:-1","max-image-preview":"max-image-preview:large","max-video-preview":"max-video-preview:-1"},"canonical":"https:\/\/elcardinal.com\/?p=5781","og_locale":"es_MX","og_type":"article","og_title":"Perdi\u00f3 sus manos, pero no las ganas de vivir: la historia de Florentino Hern\u00e1ndez - El Cardinal","og_description":"Por: Jos\u00e9 Antonio Alcaraz Su\u00e1rez Huejutla, Hgo.\u2014 En medio del intenso calor de 37 grados de la huasteca hidalguense, Florentino Hern\u00e1ndez Saavedra caminaba a paso moderado en direcci\u00f3n a la Plaza 21 de Mayo. Sujetaba firmemente su morral negro, de donde pend\u00eda un trapo verde para secarse el sudor. Junto con otras 28 personas, don","og_url":"https:\/\/elcardinal.com\/?p=5781","og_site_name":"El Cardinal","article_publisher":"https:\/\/www.facebook.com\/profile.php?id=100063093107011","article_published_time":"2026-04-28T16:19:11+00:00","og_image":[{"width":1600,"height":1200,"url":"https:\/\/elcardinal.com\/wp-content\/uploads\/2026\/04\/WhatsApp-Image-2026-04-28-at-10.12.31-AM-1.jpeg","type":"image\/jpeg"}],"author":"Antonio Alcaraz","twitter_card":"summary_large_image","twitter_creator":"@ElCardinal_Mx","twitter_site":"@ElCardinal_Mx","twitter_misc":{"Escrito por":"Antonio Alcaraz","Tiempo de lectura":"3 minutos"},"schema":{"@context":"https:\/\/schema.org","@graph":[{"@type":"Article","@id":"https:\/\/elcardinal.com\/?p=5781#article","isPartOf":{"@id":"https:\/\/elcardinal.com\/?p=5781"},"author":{"name":"Antonio Alcaraz","@id":"https:\/\/elcardinal.com\/#\/schema\/person\/3c352ec0a33987fe275c0e8a2ea69f8b"},"headline":"Perdi\u00f3 sus manos, pero no las ganas de vivir: la historia de Florentino Hern\u00e1ndez","datePublished":"2026-04-28T16:19:11+00:00","mainEntityOfPage":{"@id":"https:\/\/elcardinal.com\/?p=5781"},"wordCount":494,"commentCount":0,"publisher":{"@id":"https:\/\/elcardinal.com\/#organization"},"image":{"@id":"https:\/\/elcardinal.com\/?p=5781#primaryimage"},"thumbnailUrl":"https:\/\/elcardinal.com\/wp-content\/uploads\/2026\/04\/WhatsApp-Image-2026-04-28-at-10.12.31-AM-1.jpeg","keywords":["Alfredo San Rom\u00e1n","Huejutla","Kristel Rodr\u00edguez"],"articleSection":["Hidalgo","Historias","Minuto a Minuto","Regiones"],"inLanguage":"es","potentialAction":[{"@type":"CommentAction","name":"Comment","target":["https:\/\/elcardinal.com\/?p=5781#respond"]}]},{"@type":"WebPage","@id":"https:\/\/elcardinal.com\/?p=5781","url":"https:\/\/elcardinal.com\/?p=5781","name":"Perdi\u00f3 sus manos, pero no las ganas de vivir: la historia de Florentino Hern\u00e1ndez - El Cardinal","isPartOf":{"@id":"https:\/\/elcardinal.com\/#website"},"primaryImageOfPage":{"@id":"https:\/\/elcardinal.com\/?p=5781#primaryimage"},"image":{"@id":"https:\/\/elcardinal.com\/?p=5781#primaryimage"},"thumbnailUrl":"https:\/\/elcardinal.com\/wp-content\/uploads\/2026\/04\/WhatsApp-Image-2026-04-28-at-10.12.31-AM-1.jpeg","datePublished":"2026-04-28T16:19:11+00:00","breadcrumb":{"@id":"https:\/\/elcardinal.com\/?p=5781#breadcrumb"},"inLanguage":"es","potentialAction":[{"@type":"ReadAction","target":["https:\/\/elcardinal.com\/?p=5781"]}]},{"@type":"ImageObject","inLanguage":"es","@id":"https:\/\/elcardinal.com\/?p=5781#primaryimage","url":"https:\/\/elcardinal.com\/wp-content\/uploads\/2026\/04\/WhatsApp-Image-2026-04-28-at-10.12.31-AM-1.jpeg","contentUrl":"https:\/\/elcardinal.com\/wp-content\/uploads\/2026\/04\/WhatsApp-Image-2026-04-28-at-10.12.31-AM-1.jpeg","width":1600,"height":1200},{"@type":"BreadcrumbList","@id":"https:\/\/elcardinal.com\/?p=5781#breadcrumb","itemListElement":[{"@type":"ListItem","position":1,"name":"Inicio","item":"https:\/\/elcardinal.com\/"},{"@type":"ListItem","position":2,"name":"Perdi\u00f3 sus manos, pero no las ganas de vivir: la historia de Florentino Hern\u00e1ndez"}]},{"@type":"WebSite","@id":"https:\/\/elcardinal.com\/#website","url":"https:\/\/elcardinal.com\/","name":"El Cardinal","description":"Periodismo honesto, con valor, sentido humano, a veces sarc\u00e1stico y divertido.","publisher":{"@id":"https:\/\/elcardinal.com\/#organization"},"alternateName":"El Cardinal Noticias","potentialAction":[{"@type":"SearchAction","target":{"@type":"EntryPoint","urlTemplate":"https:\/\/elcardinal.com\/?s={search_term_string}"},"query-input":{"@type":"PropertyValueSpecification","valueRequired":true,"valueName":"search_term_string"}}],"inLanguage":"es"},{"@type":"Organization","@id":"https:\/\/elcardinal.com\/#organization","name":"El Cardinal","url":"https:\/\/elcardinal.com\/","logo":{"@type":"ImageObject","inLanguage":"es","@id":"https:\/\/elcardinal.com\/#\/schema\/logo\/image\/","url":"https:\/\/elcardinal.com\/wp-content\/uploads\/2025\/04\/LOGO-EL-CARDINAL-Periodismo-con-valor.png","contentUrl":"https:\/\/elcardinal.com\/wp-content\/uploads\/2025\/04\/LOGO-EL-CARDINAL-Periodismo-con-valor.png","width":755,"height":636,"caption":"El Cardinal"},"image":{"@id":"https:\/\/elcardinal.com\/#\/schema\/logo\/image\/"},"sameAs":["https:\/\/www.facebook.com\/profile.php?id=100063093107011","https:\/\/x.com\/ElCardinal_Mx"]},{"@type":"Person","@id":"https:\/\/elcardinal.com\/#\/schema\/person\/3c352ec0a33987fe275c0e8a2ea69f8b","name":"Antonio Alcaraz","image":{"@type":"ImageObject","inLanguage":"es","@id":"https:\/\/elcardinal.com\/#\/schema\/person\/image\/","url":"https:\/\/elcardinal.com\/wp-content\/uploads\/2025\/05\/cropped-TONO-96x96.jpg","contentUrl":"https:\/\/elcardinal.com\/wp-content\/uploads\/2025\/05\/cropped-TONO-96x96.jpg","caption":"Antonio Alcaraz"},"url":"https:\/\/elcardinal.com\/?author=2"}]}},"_links":{"self":[{"href":"https:\/\/elcardinal.com\/index.php?rest_route=\/wp\/v2\/posts\/5781","targetHints":{"allow":["GET"]}}],"collection":[{"href":"https:\/\/elcardinal.com\/index.php?rest_route=\/wp\/v2\/posts"}],"about":[{"href":"https:\/\/elcardinal.com\/index.php?rest_route=\/wp\/v2\/types\/post"}],"author":[{"embeddable":true,"href":"https:\/\/elcardinal.com\/index.php?rest_route=\/wp\/v2\/users\/2"}],"replies":[{"embeddable":true,"href":"https:\/\/elcardinal.com\/index.php?rest_route=%2Fwp%2Fv2%2Fcomments&post=5781"}],"version-history":[{"count":1,"href":"https:\/\/elcardinal.com\/index.php?rest_route=\/wp\/v2\/posts\/5781\/revisions"}],"predecessor-version":[{"id":5787,"href":"https:\/\/elcardinal.com\/index.php?rest_route=\/wp\/v2\/posts\/5781\/revisions\/5787"}],"wp:featuredmedia":[{"embeddable":true,"href":"https:\/\/elcardinal.com\/index.php?rest_route=\/wp\/v2\/media\/5782"}],"wp:attachment":[{"href":"https:\/\/elcardinal.com\/index.php?rest_route=%2Fwp%2Fv2%2Fmedia&parent=5781"}],"wp:term":[{"taxonomy":"category","embeddable":true,"href":"https:\/\/elcardinal.com\/index.php?rest_route=%2Fwp%2Fv2%2Fcategories&post=5781"},{"taxonomy":"post_tag","embeddable":true,"href":"https:\/\/elcardinal.com\/index.php?rest_route=%2Fwp%2Fv2%2Ftags&post=5781"}],"curies":[{"name":"wp","href":"https:\/\/api.w.org\/{rel}","templated":true}]}}