{"id":5788,"date":"2026-04-28T17:13:47","date_gmt":"2026-04-28T23:13:47","guid":{"rendered":"https:\/\/elcardinal.com\/?p=5788"},"modified":"2026-04-28T17:14:02","modified_gmt":"2026-04-28T23:14:02","slug":"congreso-del-estado-recibe-la-cuenta-publica-de-pachuca-2025","status":"publish","type":"post","link":"https:\/\/elcardinal.com\/?p=5788","title":{"rendered":"Congreso del Estado recibe la Cuenta P\u00fablica de Pachuca 2025"},"content":{"rendered":"<p>Redacci\u00f3n<\/p>\n<p>En sesi\u00f3n de la Comisi\u00f3n Inspectora de la Auditor\u00eda Superior, el Congreso del Estado Libre y Soberano de Hidalgo recibi\u00f3 la Cuenta P\u00fablica del Municipio de Pachuca de Soto 2025, con fundamento en la Ley de Fiscalizaci\u00f3n Superior y Rendici\u00f3n de Cuentas de la entidad.<\/p>\n<p>El diputado Andr\u00e9s Vel\u00e1zquez V\u00e1zquez, presidente de la Junta de Gobierno y de la comisi\u00f3n, reconoci\u00f3 la labor del edil de Pachuca al liberar del ambulantaje a una de las plazas m\u00e1s antiguas del pa\u00eds y por embellecer la ciudad, \u201cla entrega de la cuenta p\u00fablica trata precisamente de esto, de qu\u00e9 se ha hecho con las inversiones\u201d.<\/p>\n<p>El legislador tambi\u00e9n indic\u00f3 que \u201ccuando se entregan cuentas se deja una historia del manejo de los recursos. Con transparencia y responsabilidad institucional, se informa a la ciudadan\u00eda con claridad c\u00f3mo se administran y ejercen los recursos p\u00fablicos. Desde esta comisi\u00f3n, reconocemos la importancia de que los municipios cumplan en tiempo y forma con la presentaci\u00f3n de su cuenta p\u00fablica, pues fortalecen los mecanismos de fiscalizaci\u00f3n, permiten una revisi\u00f3n objetiva del ejercicio gubernamental y consolidan la confianza ciudadana en las instituciones\u201d.<\/p>\n<p>Jorge Alberto Reyes Hern\u00e1ndez, presidente municipal de Pachuca, consider\u00f3 importante \u201chacerle ver a la gente en qu\u00e9 se aplican los recursos, si algo ha caracterizado a esta administraci\u00f3n es la transparencia. Con este reporte sabr\u00e1n c\u00f3mo se recaudan y a qu\u00e9 se destinan, siempre se han generado dudas y, en ocasiones, se omite dar una respuesta por parte de los funcionarios de realmente a d\u00f3nde va a parar el recurso\u201d.<\/p>\n<p>La diputada Paloma Barrag\u00e1n Santos, presidenta de la directiva de abril, asegur\u00f3 que este proceso brinda la posibilidad de identificar las \u00e1reas de mejora, recoger buenas pr\u00e1cticas y seguir avanzando hacia una gesti\u00f3n m\u00e1s eficiente. Adem\u00e1s, \u201cconsolida una administraci\u00f3n que act\u00faa siempre con legalidad, honestidad y visi\u00f3n de futuro\u201d.<\/p>\n<p>En la entrega tambi\u00e9n estuvieron presentes las y los diputados integrantes de la comisi\u00f3n, as\u00ed como directores del Congreso.<\/p>\n","protected":false},"excerpt":{"rendered":"<p>Redacci\u00f3n En sesi\u00f3n de la Comisi\u00f3n Inspectora de la Auditor\u00eda Superior, el Congreso del Estado Libre y Soberano de Hidalgo recibi\u00f3 la Cuenta P\u00fablica del Municipio de Pachuca de Soto 2025, con fundamento en la Ley de Fiscalizaci\u00f3n Superior y Rendici\u00f3n de Cuentas de la entidad. El diputado Andr\u00e9s Vel\u00e1zquez V\u00e1zquez, presidente de la Junta<\/p>\n","protected":false},"author":2,"featured_media":5789,"comment_status":"open","ping_status":"open","sticky":false,"template":"","format":"standard","meta":{"footnotes":""},"categories":[31,44,35],"tags":[62,80],"class_list":{"0":"post-5788","1":"post","2":"type-post","3":"status-publish","4":"format-standard","5":"has-post-thumbnail","7":"category-hidalgo","8":"category-minuto-a-minuto","9":"category-opinion","10":"tag-congreso-de-hidalgo","11":"tag-jorge-reyes"},"yoast_head":"<!-- This site is optimized with the Yoast SEO plugin v26.1.1 - https:\/\/yoast.com\/wordpress\/plugins\/seo\/ -->\n<title>Congreso del Estado recibe la Cuenta P\u00fablica de Pachuca 2025 - El Cardinal<\/title>\n<meta name=\"robots\" content=\"index, follow, max-snippet:-1, max-image-preview:large, max-video-preview:-1\" \/>\n<link rel=\"canonical\" href=\"https:\/\/elcardinal.com\/?p=5788\" \/>\n<meta property=\"og:locale\" content=\"es_MX\" \/>\n<meta property=\"og:type\" content=\"article\" \/>\n<meta property=\"og:title\" content=\"Congreso del Estado recibe la Cuenta P\u00fablica de Pachuca 2025 - El Cardinal\" \/>\n<meta property=\"og:description\" content=\"Redacci\u00f3n En sesi\u00f3n de la Comisi\u00f3n Inspectora de la Auditor\u00eda Superior, el Congreso del Estado Libre y Soberano de Hidalgo recibi\u00f3 la Cuenta P\u00fablica del Municipio de Pachuca de Soto 2025, con fundamento en la Ley de Fiscalizaci\u00f3n Superior y Rendici\u00f3n de Cuentas de la entidad. El diputado Andr\u00e9s Vel\u00e1zquez V\u00e1zquez, presidente de la Junta\" \/>\n<meta property=\"og:url\" content=\"https:\/\/elcardinal.com\/?p=5788\" \/>\n<meta property=\"og:site_name\" content=\"El Cardinal\" \/>\n<meta property=\"article:publisher\" content=\"https:\/\/www.facebook.com\/profile.php?id=100063093107011\" \/>\n<meta property=\"article:published_time\" content=\"2026-04-28T23:13:47+00:00\" \/>\n<meta property=\"article:modified_time\" content=\"2026-04-28T23:14:02+00:00\" \/>\n<meta property=\"og:image\" content=\"https:\/\/elcardinal.com\/wp-content\/uploads\/2026\/04\/28.04.2026-Comision-Inspectora-Entrega-Cuenta-Publica-Mpio.-Pachuca-62.jpg\" \/>\n\t<meta property=\"og:image:width\" content=\"2014\" \/>\n\t<meta property=\"og:image:height\" content=\"1800\" \/>\n\t<meta property=\"og:image:type\" content=\"image\/jpeg\" \/>\n<meta name=\"author\" content=\"Antonio Alcaraz\" \/>\n<meta name=\"twitter:card\" content=\"summary_large_image\" \/>\n<meta name=\"twitter:creator\" content=\"@ElCardinal_Mx\" \/>\n<meta name=\"twitter:site\" content=\"@ElCardinal_Mx\" \/>\n<meta name=\"twitter:label1\" content=\"Escrito por\" \/>\n\t<meta name=\"twitter:data1\" content=\"Antonio Alcaraz\" \/>\n\t<meta name=\"twitter:label2\" content=\"Tiempo de lectura\" \/>\n\t<meta name=\"twitter:data2\" content=\"2 minutos\" \/>\n<script type=\"application\/ld+json\" class=\"yoast-schema-graph\">{\"@context\":\"https:\/\/schema.org\",\"@graph\":[{\"@type\":\"Article\",\"@id\":\"https:\/\/elcardinal.com\/?p=5788#article\",\"isPartOf\":{\"@id\":\"https:\/\/elcardinal.com\/?p=5788\"},\"author\":{\"name\":\"Antonio Alcaraz\",\"@id\":\"https:\/\/elcardinal.com\/#\/schema\/person\/3c352ec0a33987fe275c0e8a2ea69f8b\"},\"headline\":\"Congreso del Estado recibe la Cuenta P\u00fablica de Pachuca 2025\",\"datePublished\":\"2026-04-28T23:13:47+00:00\",\"dateModified\":\"2026-04-28T23:14:02+00:00\",\"mainEntityOfPage\":{\"@id\":\"https:\/\/elcardinal.com\/?p=5788\"},\"wordCount\":370,\"commentCount\":0,\"publisher\":{\"@id\":\"https:\/\/elcardinal.com\/#organization\"},\"image\":{\"@id\":\"https:\/\/elcardinal.com\/?p=5788#primaryimage\"},\"thumbnailUrl\":\"https:\/\/elcardinal.com\/wp-content\/uploads\/2026\/04\/28.04.2026-Comision-Inspectora-Entrega-Cuenta-Publica-Mpio.-Pachuca-62.jpg\",\"keywords\":[\"Congreso de Hidalgo\",\"Jorge Reyes\"],\"articleSection\":[\"Hidalgo\",\"Minuto a Minuto\",\"Opini\u00f3n\"],\"inLanguage\":\"es\",\"potentialAction\":[{\"@type\":\"CommentAction\",\"name\":\"Comment\",\"target\":[\"https:\/\/elcardinal.com\/?p=5788#respond\"]}]},{\"@type\":\"WebPage\",\"@id\":\"https:\/\/elcardinal.com\/?p=5788\",\"url\":\"https:\/\/elcardinal.com\/?p=5788\",\"name\":\"Congreso del Estado recibe la Cuenta P\u00fablica de Pachuca 2025 - El Cardinal\",\"isPartOf\":{\"@id\":\"https:\/\/elcardinal.com\/#website\"},\"primaryImageOfPage\":{\"@id\":\"https:\/\/elcardinal.com\/?p=5788#primaryimage\"},\"image\":{\"@id\":\"https:\/\/elcardinal.com\/?p=5788#primaryimage\"},\"thumbnailUrl\":\"https:\/\/elcardinal.com\/wp-content\/uploads\/2026\/04\/28.04.2026-Comision-Inspectora-Entrega-Cuenta-Publica-Mpio.-Pachuca-62.jpg\",\"datePublished\":\"2026-04-28T23:13:47+00:00\",\"dateModified\":\"2026-04-28T23:14:02+00:00\",\"breadcrumb\":{\"@id\":\"https:\/\/elcardinal.com\/?p=5788#breadcrumb\"},\"inLanguage\":\"es\",\"potentialAction\":[{\"@type\":\"ReadAction\",\"target\":[\"https:\/\/elcardinal.com\/?p=5788\"]}]},{\"@type\":\"ImageObject\",\"inLanguage\":\"es\",\"@id\":\"https:\/\/elcardinal.com\/?p=5788#primaryimage\",\"url\":\"https:\/\/elcardinal.com\/wp-content\/uploads\/2026\/04\/28.04.2026-Comision-Inspectora-Entrega-Cuenta-Publica-Mpio.-Pachuca-62.jpg\",\"contentUrl\":\"https:\/\/elcardinal.com\/wp-content\/uploads\/2026\/04\/28.04.2026-Comision-Inspectora-Entrega-Cuenta-Publica-Mpio.-Pachuca-62.jpg\",\"width\":2014,\"height\":1800},{\"@type\":\"BreadcrumbList\",\"@id\":\"https:\/\/elcardinal.com\/?p=5788#breadcrumb\",\"itemListElement\":[{\"@type\":\"ListItem\",\"position\":1,\"name\":\"Inicio\",\"item\":\"https:\/\/elcardinal.com\/\"},{\"@type\":\"ListItem\",\"position\":2,\"name\":\"Congreso del Estado recibe la Cuenta P\u00fablica de Pachuca 2025\"}]},{\"@type\":\"WebSite\",\"@id\":\"https:\/\/elcardinal.com\/#website\",\"url\":\"https:\/\/elcardinal.com\/\",\"name\":\"El Cardinal\",\"description\":\"Periodismo honesto, con valor, sentido humano, a veces sarc\u00e1stico y divertido.\",\"publisher\":{\"@id\":\"https:\/\/elcardinal.com\/#organization\"},\"alternateName\":\"El Cardinal Noticias\",\"potentialAction\":[{\"@type\":\"SearchAction\",\"target\":{\"@type\":\"EntryPoint\",\"urlTemplate\":\"https:\/\/elcardinal.com\/?s={search_term_string}\"},\"query-input\":{\"@type\":\"PropertyValueSpecification\",\"valueRequired\":true,\"valueName\":\"search_term_string\"}}],\"inLanguage\":\"es\"},{\"@type\":\"Organization\",\"@id\":\"https:\/\/elcardinal.com\/#organization\",\"name\":\"El Cardinal\",\"url\":\"https:\/\/elcardinal.com\/\",\"logo\":{\"@type\":\"ImageObject\",\"inLanguage\":\"es\",\"@id\":\"https:\/\/elcardinal.com\/#\/schema\/logo\/image\/\",\"url\":\"https:\/\/elcardinal.com\/wp-content\/uploads\/2025\/04\/LOGO-EL-CARDINAL-Periodismo-con-valor.png\",\"contentUrl\":\"https:\/\/elcardinal.com\/wp-content\/uploads\/2025\/04\/LOGO-EL-CARDINAL-Periodismo-con-valor.png\",\"width\":755,\"height\":636,\"caption\":\"El Cardinal\"},\"image\":{\"@id\":\"https:\/\/elcardinal.com\/#\/schema\/logo\/image\/\"},\"sameAs\":[\"https:\/\/www.facebook.com\/profile.php?id=100063093107011\",\"https:\/\/x.com\/ElCardinal_Mx\"]},{\"@type\":\"Person\",\"@id\":\"https:\/\/elcardinal.com\/#\/schema\/person\/3c352ec0a33987fe275c0e8a2ea69f8b\",\"name\":\"Antonio Alcaraz\",\"image\":{\"@type\":\"ImageObject\",\"inLanguage\":\"es\",\"@id\":\"https:\/\/elcardinal.com\/#\/schema\/person\/image\/\",\"url\":\"https:\/\/elcardinal.com\/wp-content\/uploads\/2025\/05\/cropped-TONO-96x96.jpg\",\"contentUrl\":\"https:\/\/elcardinal.com\/wp-content\/uploads\/2025\/05\/cropped-TONO-96x96.jpg\",\"caption\":\"Antonio Alcaraz\"},\"url\":\"https:\/\/elcardinal.com\/?author=2\"}]}<\/script>\n<!-- \/ Yoast SEO plugin. -->","yoast_head_json":{"title":"Congreso del Estado recibe la Cuenta P\u00fablica de Pachuca 2025 - El Cardinal","robots":{"index":"index","follow":"follow","max-snippet":"max-snippet:-1","max-image-preview":"max-image-preview:large","max-video-preview":"max-video-preview:-1"},"canonical":"https:\/\/elcardinal.com\/?p=5788","og_locale":"es_MX","og_type":"article","og_title":"Congreso del Estado recibe la Cuenta P\u00fablica de Pachuca 2025 - El Cardinal","og_description":"Redacci\u00f3n En sesi\u00f3n de la Comisi\u00f3n Inspectora de la Auditor\u00eda Superior, el Congreso del Estado Libre y Soberano de Hidalgo recibi\u00f3 la Cuenta P\u00fablica del Municipio de Pachuca de Soto 2025, con fundamento en la Ley de Fiscalizaci\u00f3n Superior y Rendici\u00f3n de Cuentas de la entidad. El diputado Andr\u00e9s Vel\u00e1zquez V\u00e1zquez, presidente de la Junta","og_url":"https:\/\/elcardinal.com\/?p=5788","og_site_name":"El Cardinal","article_publisher":"https:\/\/www.facebook.com\/profile.php?id=100063093107011","article_published_time":"2026-04-28T23:13:47+00:00","article_modified_time":"2026-04-28T23:14:02+00:00","og_image":[{"width":2014,"height":1800,"url":"https:\/\/elcardinal.com\/wp-content\/uploads\/2026\/04\/28.04.2026-Comision-Inspectora-Entrega-Cuenta-Publica-Mpio.-Pachuca-62.jpg","type":"image\/jpeg"}],"author":"Antonio Alcaraz","twitter_card":"summary_large_image","twitter_creator":"@ElCardinal_Mx","twitter_site":"@ElCardinal_Mx","twitter_misc":{"Escrito por":"Antonio Alcaraz","Tiempo de lectura":"2 minutos"},"schema":{"@context":"https:\/\/schema.org","@graph":[{"@type":"Article","@id":"https:\/\/elcardinal.com\/?p=5788#article","isPartOf":{"@id":"https:\/\/elcardinal.com\/?p=5788"},"author":{"name":"Antonio Alcaraz","@id":"https:\/\/elcardinal.com\/#\/schema\/person\/3c352ec0a33987fe275c0e8a2ea69f8b"},"headline":"Congreso del Estado recibe la Cuenta P\u00fablica de Pachuca 2025","datePublished":"2026-04-28T23:13:47+00:00","dateModified":"2026-04-28T23:14:02+00:00","mainEntityOfPage":{"@id":"https:\/\/elcardinal.com\/?p=5788"},"wordCount":370,"commentCount":0,"publisher":{"@id":"https:\/\/elcardinal.com\/#organization"},"image":{"@id":"https:\/\/elcardinal.com\/?p=5788#primaryimage"},"thumbnailUrl":"https:\/\/elcardinal.com\/wp-content\/uploads\/2026\/04\/28.04.2026-Comision-Inspectora-Entrega-Cuenta-Publica-Mpio.-Pachuca-62.jpg","keywords":["Congreso de Hidalgo","Jorge Reyes"],"articleSection":["Hidalgo","Minuto a Minuto","Opini\u00f3n"],"inLanguage":"es","potentialAction":[{"@type":"CommentAction","name":"Comment","target":["https:\/\/elcardinal.com\/?p=5788#respond"]}]},{"@type":"WebPage","@id":"https:\/\/elcardinal.com\/?p=5788","url":"https:\/\/elcardinal.com\/?p=5788","name":"Congreso del Estado recibe la Cuenta P\u00fablica de Pachuca 2025 - El Cardinal","isPartOf":{"@id":"https:\/\/elcardinal.com\/#website"},"primaryImageOfPage":{"@id":"https:\/\/elcardinal.com\/?p=5788#primaryimage"},"image":{"@id":"https:\/\/elcardinal.com\/?p=5788#primaryimage"},"thumbnailUrl":"https:\/\/elcardinal.com\/wp-content\/uploads\/2026\/04\/28.04.2026-Comision-Inspectora-Entrega-Cuenta-Publica-Mpio.-Pachuca-62.jpg","datePublished":"2026-04-28T23:13:47+00:00","dateModified":"2026-04-28T23:14:02+00:00","breadcrumb":{"@id":"https:\/\/elcardinal.com\/?p=5788#breadcrumb"},"inLanguage":"es","potentialAction":[{"@type":"ReadAction","target":["https:\/\/elcardinal.com\/?p=5788"]}]},{"@type":"ImageObject","inLanguage":"es","@id":"https:\/\/elcardinal.com\/?p=5788#primaryimage","url":"https:\/\/elcardinal.com\/wp-content\/uploads\/2026\/04\/28.04.2026-Comision-Inspectora-Entrega-Cuenta-Publica-Mpio.-Pachuca-62.jpg","contentUrl":"https:\/\/elcardinal.com\/wp-content\/uploads\/2026\/04\/28.04.2026-Comision-Inspectora-Entrega-Cuenta-Publica-Mpio.-Pachuca-62.jpg","width":2014,"height":1800},{"@type":"BreadcrumbList","@id":"https:\/\/elcardinal.com\/?p=5788#breadcrumb","itemListElement":[{"@type":"ListItem","position":1,"name":"Inicio","item":"https:\/\/elcardinal.com\/"},{"@type":"ListItem","position":2,"name":"Congreso del Estado recibe la Cuenta P\u00fablica de Pachuca 2025"}]},{"@type":"WebSite","@id":"https:\/\/elcardinal.com\/#website","url":"https:\/\/elcardinal.com\/","name":"El Cardinal","description":"Periodismo honesto, con valor, sentido humano, a veces sarc\u00e1stico y divertido.","publisher":{"@id":"https:\/\/elcardinal.com\/#organization"},"alternateName":"El Cardinal Noticias","potentialAction":[{"@type":"SearchAction","target":{"@type":"EntryPoint","urlTemplate":"https:\/\/elcardinal.com\/?s={search_term_string}"},"query-input":{"@type":"PropertyValueSpecification","valueRequired":true,"valueName":"search_term_string"}}],"inLanguage":"es"},{"@type":"Organization","@id":"https:\/\/elcardinal.com\/#organization","name":"El Cardinal","url":"https:\/\/elcardinal.com\/","logo":{"@type":"ImageObject","inLanguage":"es","@id":"https:\/\/elcardinal.com\/#\/schema\/logo\/image\/","url":"https:\/\/elcardinal.com\/wp-content\/uploads\/2025\/04\/LOGO-EL-CARDINAL-Periodismo-con-valor.png","contentUrl":"https:\/\/elcardinal.com\/wp-content\/uploads\/2025\/04\/LOGO-EL-CARDINAL-Periodismo-con-valor.png","width":755,"height":636,"caption":"El Cardinal"},"image":{"@id":"https:\/\/elcardinal.com\/#\/schema\/logo\/image\/"},"sameAs":["https:\/\/www.facebook.com\/profile.php?id=100063093107011","https:\/\/x.com\/ElCardinal_Mx"]},{"@type":"Person","@id":"https:\/\/elcardinal.com\/#\/schema\/person\/3c352ec0a33987fe275c0e8a2ea69f8b","name":"Antonio Alcaraz","image":{"@type":"ImageObject","inLanguage":"es","@id":"https:\/\/elcardinal.com\/#\/schema\/person\/image\/","url":"https:\/\/elcardinal.com\/wp-content\/uploads\/2025\/05\/cropped-TONO-96x96.jpg","contentUrl":"https:\/\/elcardinal.com\/wp-content\/uploads\/2025\/05\/cropped-TONO-96x96.jpg","caption":"Antonio Alcaraz"},"url":"https:\/\/elcardinal.com\/?author=2"}]}},"_links":{"self":[{"href":"https:\/\/elcardinal.com\/index.php?rest_route=\/wp\/v2\/posts\/5788","targetHints":{"allow":["GET"]}}],"collection":[{"href":"https:\/\/elcardinal.com\/index.php?rest_route=\/wp\/v2\/posts"}],"about":[{"href":"https:\/\/elcardinal.com\/index.php?rest_route=\/wp\/v2\/types\/post"}],"author":[{"embeddable":true,"href":"https:\/\/elcardinal.com\/index.php?rest_route=\/wp\/v2\/users\/2"}],"replies":[{"embeddable":true,"href":"https:\/\/elcardinal.com\/index.php?rest_route=%2Fwp%2Fv2%2Fcomments&post=5788"}],"version-history":[{"count":2,"href":"https:\/\/elcardinal.com\/index.php?rest_route=\/wp\/v2\/posts\/5788\/revisions"}],"predecessor-version":[{"id":5791,"href":"https:\/\/elcardinal.com\/index.php?rest_route=\/wp\/v2\/posts\/5788\/revisions\/5791"}],"wp:featuredmedia":[{"embeddable":true,"href":"https:\/\/elcardinal.com\/index.php?rest_route=\/wp\/v2\/media\/5789"}],"wp:attachment":[{"href":"https:\/\/elcardinal.com\/index.php?rest_route=%2Fwp%2Fv2%2Fmedia&parent=5788"}],"wp:term":[{"taxonomy":"category","embeddable":true,"href":"https:\/\/elcardinal.com\/index.php?rest_route=%2Fwp%2Fv2%2Fcategories&post=5788"},{"taxonomy":"post_tag","embeddable":true,"href":"https:\/\/elcardinal.com\/index.php?rest_route=%2Fwp%2Fv2%2Ftags&post=5788"}],"curies":[{"name":"wp","href":"https:\/\/api.w.org\/{rel}","templated":true}]}}