{"id":5798,"date":"2026-04-28T23:44:11","date_gmt":"2026-04-29T05:44:11","guid":{"rendered":"https:\/\/elcardinal.com\/?p=5798"},"modified":"2026-04-28T23:44:11","modified_gmt":"2026-04-29T05:44:11","slug":"con-iniciativa-legisladores-reconocen-a-las-abejas-como-especie-de-proteccion-prioritaria","status":"publish","type":"post","link":"https:\/\/elcardinal.com\/?p=5798","title":{"rendered":"Con iniciativa, legisladores reconocen a las abejas como especie de protecci\u00f3n prioritaria"},"content":{"rendered":"<p>Redacci\u00f3n<\/p>\n<p><span style=\"font-weight: 400;\">En sesi\u00f3n ordinaria, las diputadas <\/span><b>Alma Rosa El\u00edas Paso<\/b><span style=\"font-weight: 400;\">, <\/span><b>Paloma Barrag\u00e1n Santos<\/b><span style=\"font-weight: 400;\">, <\/span><b>Yarabi Gonz\u00e1lez Mart\u00ednez <\/b><span style=\"font-weight: 400;\">y el diputado <\/span><b>Juli\u00e1n Nochebuena Hern\u00e1ndez<\/b><span style=\"font-weight: 400;\"> (Morena) presentaron la iniciativa que actualiza la denominaci\u00f3n de la Ley de Protecci\u00f3n, Salvaguarda y Explotaci\u00f3n de la Abeja para el Estado de Hidalgo por la de Ley para la Protecci\u00f3n, Fomento Sustentable y Servicios Ecosist\u00e9micos de las Abejas para el Estado de Hidalgo, con el objetivo de reconocer a las abejas como especie polinizadora de protecci\u00f3n prioritaria para la conservaci\u00f3n de la biodiversidad.<\/span><\/p>\n<p>&nbsp;<\/p>\n<p><b>Otras iniciativas<\/b><\/p>\n<p><b>Combate al plagio y la apropiaci\u00f3n indebida<\/b><\/p>\n<p><span style=\"font-weight: 400;\">La legisladora <\/span><b>Yarabi Gonz\u00e1lez Mart\u00ednez<\/b><span style=\"font-weight: 400;\"> (Morena) propuso la iniciativa que reforma la Ley de Cultura y Derechos Culturales del Estado de Hidalgo, con la finalidad de combatir el plagio y la apropiaci\u00f3n indebida del Patrimonio Cultural Intangible de Pueblos y Comunidades Ind\u00edgenas de la entidad.<\/span><\/p>\n<p>&nbsp;<\/p>\n<p><b>Responsabilidad social en el turismo<\/b><\/p>\n<p><span style=\"font-weight: 400;\">El legislador <\/span><b>Francisco Javier T\u00e9llez S\u00e1nchez<\/b><span style=\"font-weight: 400;\"> (PT) present\u00f3 la iniciativa que reforma la Ley de Turismo Sustentable del Estado de Hidalgo, con el objetivo de fortalecer el enfoque de seguridad y responsabilidad social dentro de la actividad tur\u00edstica, incorporando mecanismos que permitan prevenir, detectar y atender conductas delictivas que vulneran la integridad de las personas, particularmente aquellas que atentan contra su dignidad y libertad.<\/span><\/p>\n<p>&nbsp;<\/p>\n<p><b>Capacitaci\u00f3n para el trabajo<\/b><\/p>\n<p><span style=\"font-weight: 400;\">La diputada <\/span><b>Tania Er\u00e9ndira Meza Escorza<\/b><span style=\"font-weight: 400;\"> (Morena) propuso la iniciativa que reforma la Ley de Acceso de las Mujeres a una Vida Libre de Violencia para el Estado de Hidalgo, con la finalidad de fortalecer la protecci\u00f3n integral de las mujeres v\u00edctimas de violencia, mediante la incorporaci\u00f3n de medidas orientadas a su capacitaci\u00f3n para el trabajo, inserci\u00f3n laboral y autonom\u00eda econ\u00f3mica, adem\u00e1s de contribuir a su empoderamiento.<\/span><\/p>\n<p>&nbsp;<\/p>\n<p><b>Inexigibilidad de otra conducta y excusa absolutoria en encubrimiento<\/b><\/p>\n<p><span style=\"font-weight: 400;\">La legisladora <\/span><b>Claudia Lilia Luna Islas<\/b><span style=\"font-weight: 400;\"> (PAN) detall\u00f3 la iniciativa que reforma el C\u00f3digo Penal para el Estado de Hidalgo, con el prop\u00f3sito de restringir de forma razonable y proporcional las causas de inculpabilidad y las excusas absolutorias en el delito de encubrimiento.<\/span><\/p>\n<p>&nbsp;<\/p>\n<p><b>Intolerancia religiosa<\/b><\/p>\n<p><span style=\"font-weight: 400;\">Las diputadas <\/span><b>Diana Rangel Z\u00fa\u00f1iga<\/b><span style=\"font-weight: 400;\"> y <\/span><b>Paloma Barrag\u00e1n Santos<\/b><span style=\"font-weight: 400;\"> (Morena) presentaron la iniciativa que reforma la Ley para Prevenir, Atender, Sancionar y Eliminar la Discriminaci\u00f3n en el Estado de Hidalgo, con el prop\u00f3sito de incorporar a la intolerancia religiosa como una forma de discriminaci\u00f3n para reconocer, prevenir y sancionar actos u omisiones que vulneren la libertad de pensamiento, conciencia y religi\u00f3n, garantizando la protecci\u00f3n efectiva de los derechos humanos y la convivencia respetuosa en un marco de igualdad, pluralidad y no discriminaci\u00f3n.<\/span><\/p>\n<p>&nbsp;<\/p>\n<p><b>Derecho a la salud y educaci\u00f3n<\/b><\/p>\n<p><span style=\"font-weight: 400;\">El diputado <\/span><b>Marco Antonio Mendoza Bustamante<\/b><span style=\"font-weight: 400;\"> (PRI) detall\u00f3 la iniciativa que reforma la Ley de Educaci\u00f3n del Estado de Hidalgo, en materia de salud f\u00edsica y mental de las y los educandos para garantizar su derecho a la salud y educaci\u00f3n.<\/span><\/p>\n<p>&nbsp;<\/p>\n<p><b>Orientaci\u00f3n sexual, identidad y expresi\u00f3n de g\u00e9nero<\/b><\/p>\n<p><span style=\"font-weight: 400;\">El legislador <\/span><b>Carlos Alejandro Alc\u00e1ntara Carbajal<\/b><span style=\"font-weight: 400;\"> (MC) present\u00f3 la iniciativa que reforma la Ley para Prevenir, Atender, Sancionar y Eliminar la Discriminaci\u00f3n en el Estado de Hidalgo, con el objetivo de armonizar, actualizar y fortalecer el marco jur\u00eddico en materia de igualdad y no discriminaci\u00f3n, mediante la adecuaci\u00f3n del lenguaje normativo y la incorporaci\u00f3n de disposiciones que garanticen de manera efectiva el respeto, protecci\u00f3n y ejercicio pleno de los derechos humanos de las personas pertenecientes a la diversidad sexogen\u00e9rica.<\/span><\/p>\n<p>&nbsp;<\/p>\n<p><b>Dict\u00e1menes<\/b><\/p>\n<p><b>Modificaci\u00f3n a la Ley de Ingresos de Tolcayuca<\/b><\/p>\n<p><span style=\"font-weight: 400;\">Diputadas y diputados integrantes de la <\/span><b>LXVI Legislatura<\/b><span style=\"font-weight: 400;\"> avalaron con 25 votos a favor, cero en contra y cero abstenciones, el dictamen que aprueba la modificaci\u00f3n a la Ley de Ingresos de Tolcayuca para el ejercicio fiscal 2026, emitido por la primera Comisi\u00f3n Permanente de Hacienda y Presupuesto.<\/span><\/p>\n<p><span style=\"font-weight: 400;\">El legislador <\/span><b>Miguel \u00c1ngel Moreno Zamora<\/b><span style=\"font-weight: 400;\"> (Morena) precis\u00f3 que el municipio percibir\u00e1 los ingresos provenientes de los conceptos y en las cantidades estimadas sobre impuestos, derechos, productos, aprovechamientos, participaciones y aportaciones.<\/span><\/p>\n<p>&nbsp;<\/p>\n<p><b>Modificaci\u00f3n a cuotas y tarifas de agua en Chapantongo<\/b><\/p>\n<p><span style=\"font-weight: 400;\">Asimismo, avalaron con 24 votos a favor, cero en contra y cero abstenciones, el dictamen que aprueba la modificaci\u00f3n de las cuotas y tarifas del Sistema de Agua Potable del Municipio de Chapantongo para el ejercicio fiscal 2026, emitido por la primera Comisi\u00f3n Permanente de Hacienda y Presupuesto.<\/span><\/p>\n<p><span style=\"font-weight: 400;\">La diputada <\/span><b>Mar\u00eda Guadalupe Cruz Monta\u00f1o<\/b><span style=\"font-weight: 400;\"> (PVEM) explic\u00f3 que la tarifa dom\u00e9stica m\u00ednima por consumo de agua potable ser\u00e1 de 67.73 pesos.<\/span><\/p>\n<p>&nbsp;<\/p>\n<p><b>Acuerdos econ\u00f3micos<\/b><\/p>\n<p><b>Tarifas preferenciales para adultos mayores<\/b><\/p>\n<p><span style=\"font-weight: 400;\">Tambi\u00e9n avalaron con 22 votos a favor, cero en contra y cero abstenciones, el acuerdo econ\u00f3mico que exhorta a las autoridades en materia de movilidad y a las personas concesionarias del transporte p\u00fablico del estado de Hidalgo, a garantizar el cumplimiento efectivo de las tarifas preferenciales para personas adultas mayores y con discapacidad, promovido por el diputado <\/span><b>Jos\u00e9 Luis Rodr\u00edguez Higareda <\/b><span style=\"font-weight: 400;\">(Morena), emitido por la primera Comisi\u00f3n Permanente de Comunicaciones y Transportes.<\/span><\/p>\n<p><span style=\"font-weight: 400;\">La legisladora <\/span><b>Claudia Lilia Luna Islas <\/b><span style=\"font-weight: 400;\">(PAN) tambi\u00e9n record\u00f3 que se les solicita fortalecer e implementar programas permanentes de capacitaci\u00f3n dirigidos a las personas a cargo de las concesiones del transporte, enfocados en trato digno, no discriminaci\u00f3n y cumplimiento de la ley.<\/span><\/p>\n<p>&nbsp;<\/p>\n<p><b>Nombramiento de integrantes de la Comisi\u00f3n de Selecci\u00f3n<\/b><\/p>\n<p><span style=\"font-weight: 400;\">Adem\u00e1s, avalaron con 22 votos a favor, cero en contra y cero abstenciones, el acuerdo que somete a la aprobaci\u00f3n del Pleno los nombramientos de las personas que conformar\u00e1n la Comisi\u00f3n de Selecci\u00f3n encargada de nombrar a los integrantes del Comit\u00e9 de Participaci\u00f3n Ciudadana del Sistema Estatal Anticorrupci\u00f3n de Hidalgo, emitido por la primera Comisi\u00f3n Permanente de Participaci\u00f3n Ciudadana.<\/span><\/p>\n<p><span style=\"font-weight: 400;\">El diputado <\/span><b>Marco Antonio Mendoza Bustamante<\/b><span style=\"font-weight: 400;\"> (PRI) explic\u00f3 que, tras sesi\u00f3n de la comisi\u00f3n, una vez realizado el an\u00e1lisis de cada uno de los expedientes, se present\u00f3 la lista de las personas que cumplieron con los requisitos.<\/span><\/p>\n<p><span style=\"font-weight: 400;\">Como parte de las propuestas de las instituciones de educaci\u00f3n superior y de investigaci\u00f3n, ser\u00e1n integrantes:<\/span><\/p>\n<ol>\n<li><span style=\"font-weight: 400;\"> Pastor Badillo Flores<\/span><\/li>\n<li><span style=\"font-weight: 400;\"> Martha Viridiana Licona Jim\u00e9nez<\/span><\/li>\n<li><span style=\"font-weight: 400;\"> Tifany Gisell Trejo Ortega<\/span><\/li>\n<li><span style=\"font-weight: 400;\"> Jaritzi Leilani P\u00e9rez Mart\u00ednez<\/span><\/li>\n<li><span style=\"font-weight: 400;\"> H\u00e9ctor Ju\u00e1rez Ronquillo<\/span><\/li>\n<li><span style=\"font-weight: 400;\"> Eleazar Hern\u00e1ndez Pe\u00f1a<\/span><\/li>\n<li><span style=\"font-weight: 400;\"> Raquel Rodr\u00edguez Aguilar<\/span><\/li>\n<li><span style=\"font-weight: 400;\"> Edgar Manuel Castillo Flores<\/span><\/li>\n<li><span style=\"font-weight: 400;\"> Flor Guadalupe Hern\u00e1ndez Ibarra<\/span><\/li>\n<li><span style=\"font-weight: 400;\"> Donato Edgar Ben\u00edtez Meza<\/span><\/li>\n<\/ol>\n<p>&nbsp;<\/p>\n<p><span style=\"font-weight: 400;\">Como parte de las propuestas de las organizaciones de la sociedad civil especializadas en materia de fiscalizaci\u00f3n, rendici\u00f3n de cuentas y combate a la corrupci\u00f3n, ser\u00e1n integrantes:<\/span><\/p>\n<ol>\n<li><span style=\"font-weight: 400;\"> Ulises Escorza de la Rosa<\/span><\/li>\n<li><span style=\"font-weight: 400;\"> Eduardo Javier Ba\u00f1os P\u00e9rez<\/span><\/li>\n<li><span style=\"font-weight: 400;\"> Deida Magali Rodr\u00edguez Ram\u00edrez<\/span><\/li>\n<li><span style=\"font-weight: 400;\"> Irlanda Mu\u00f1oz Valdez<\/span><\/li>\n<li><span style=\"font-weight: 400;\"> Celia Guadalupe Bernal Gonz\u00e1lez<\/span><\/li>\n<\/ol>\n<p>&nbsp;<\/p>\n<p><b>Asuntos generales<\/b><\/p>\n<p><b>Seguridad escolar<\/b><\/p>\n<p><span style=\"font-weight: 400;\">La diputada <\/span><b>Claudia Lilia Luna Islas<\/b><span style=\"font-weight: 400;\"> (PAN) propuso el acuerdo econ\u00f3mico que exhorta a la SEP y al secretario de Seguridad P\u00fablica, ambos del Estado de Hidalgo, a fin de fortalecer las medidas preventivas de seguridad escolar.<\/span><\/p>\n<p>&nbsp;<\/p>\n<p><b>Regularizaci\u00f3n de motocicletas<\/b><\/p>\n<p><span style=\"font-weight: 400;\">La legisladora <\/span><b>Orqu\u00eddea Larragoiti Osorio<\/b><span style=\"font-weight: 400;\"> (PT) present\u00f3 el acuerdo econ\u00f3mico que exhorta a la Secretar\u00eda de Hacienda a implementar un programa de est\u00edmulos fiscales para regularizaci\u00f3n vehicular de motocicletas.<\/span><\/p>\n<p>&nbsp;<\/p>\n<p><b>Participaci\u00f3n de la comunidad cient\u00edfica y tecnol\u00f3gica<\/b><\/p>\n<p><span style=\"font-weight: 400;\">La diputada <\/span><b>Hilda Miranda Miranda<\/b><span style=\"font-weight: 400;\"> (Morena) propuso el acuerdo econ\u00f3mico que exhorta a los municipios que integran las zonas metropolitanas del estado a involucrar la participaci\u00f3n de la comunidad cient\u00edfica y tecnol\u00f3gica en el desarrollo e instrumentaci\u00f3n de los proyectos metropolitanos, a efecto de tomar decisiones m\u00e1s acertadas en los procesos de toma de decisiones de trascendencia para sus municipios.<\/span><\/p>\n<p>&nbsp;<\/p>\n<p><b>Ciudades hermanas<\/b><\/p>\n<p><span style=\"font-weight: 400;\">El legislador <\/span><b>Arturo G\u00f3mez Canales<\/b><span style=\"font-weight: 400;\"> (Morena) record\u00f3 el hermanamiento que existe entre Tulancingo y Pleasanton: \u201chemos visto intercambios culturales que han llevado la m\u00fasica, gastronom\u00eda y tradiciones del Valle de Tulancingo hasta California. Hemos presenciado visitas acad\u00e9micas, encuentros entre j\u00f3venes de ambas ciudades que han descubierto que, pese a la diferencia del idioma, hay una risa que se entiende igual\u201d.<\/span><\/p>\n<p>&nbsp;<\/p>\n<p><b>Solidaridad hacia familia de minero<\/b><\/p>\n<p><span style=\"font-weight: 400;\">La diputada <\/span><b>Mar\u00eda del Rosario Guerrero Mart\u00ednez<\/b><span style=\"font-weight: 400;\"> (Morena), expres\u00f3 su solidaridad ante la muerte de un minero originario de Zimap\u00e1n, Alejandro Isidro Beltr\u00e1n Res\u00e9ndiz, de 54 a\u00f1os, localizado sin vida en la mina Santa Fe, ubicada en el municipio de Rosario, Sinaloa, tras 33 d\u00edas de labores de b\u00fasqueda, derivado de un accidente ocurrido el pasado 25 de marzo.<\/span><\/p>\n<p>&nbsp;<\/p>\n<p><b>Importancia de la informaci\u00f3n<\/b><\/p>\n<p><span style=\"font-weight: 400;\">El legislador <\/span><b>Jos\u00e9 Luis Rodr\u00edguez Higareda<\/b><span style=\"font-weight: 400;\"> (Morena) manifest\u00f3 la necesidad de promover una cultura de verificaci\u00f3n de la informaci\u00f3n, combatir la desinformaci\u00f3n desde los espacios institucionales, as\u00ed como fomentar un debate p\u00fablico basado en evidencia, datos y an\u00e1lisis responsable.<\/span><\/p>\n","protected":false},"excerpt":{"rendered":"<p>Redacci\u00f3n En sesi\u00f3n ordinaria, las diputadas Alma Rosa El\u00edas Paso, Paloma Barrag\u00e1n Santos, Yarabi Gonz\u00e1lez Mart\u00ednez y el diputado Juli\u00e1n Nochebuena Hern\u00e1ndez (Morena) presentaron la iniciativa que actualiza la denominaci\u00f3n de la Ley de Protecci\u00f3n, Salvaguarda y Explotaci\u00f3n de la Abeja para el Estado de Hidalgo por la de Ley para la Protecci\u00f3n, Fomento Sustentable<\/p>\n","protected":false},"author":2,"featured_media":5799,"comment_status":"open","ping_status":"open","sticky":false,"template":"","format":"standard","meta":{"footnotes":""},"categories":[31,44,39],"tags":[70,62],"class_list":{"0":"post-5798","1":"post","2":"type-post","3":"status-publish","4":"format-standard","5":"has-post-thumbnail","7":"category-hidalgo","8":"category-minuto-a-minuto","9":"category-politica","10":"tag-andres-velazquez","11":"tag-congreso-de-hidalgo"},"yoast_head":"<!-- This site is optimized with the Yoast SEO plugin v26.1.1 - https:\/\/yoast.com\/wordpress\/plugins\/seo\/ -->\n<title>Con iniciativa, legisladores reconocen a las abejas como especie de protecci\u00f3n prioritaria - El Cardinal<\/title>\n<meta name=\"robots\" content=\"index, follow, max-snippet:-1, max-image-preview:large, max-video-preview:-1\" \/>\n<link rel=\"canonical\" href=\"https:\/\/elcardinal.com\/?p=5798\" \/>\n<meta property=\"og:locale\" content=\"es_MX\" \/>\n<meta property=\"og:type\" content=\"article\" \/>\n<meta property=\"og:title\" content=\"Con iniciativa, legisladores reconocen a las abejas como especie de protecci\u00f3n prioritaria - El Cardinal\" \/>\n<meta property=\"og:description\" content=\"Redacci\u00f3n En sesi\u00f3n ordinaria, las diputadas Alma Rosa El\u00edas Paso, Paloma Barrag\u00e1n Santos, Yarabi Gonz\u00e1lez Mart\u00ednez y el diputado Juli\u00e1n Nochebuena Hern\u00e1ndez (Morena) presentaron la iniciativa que actualiza la denominaci\u00f3n de la Ley de Protecci\u00f3n, Salvaguarda y Explotaci\u00f3n de la Abeja para el Estado de Hidalgo por la de Ley para la Protecci\u00f3n, Fomento Sustentable\" \/>\n<meta property=\"og:url\" content=\"https:\/\/elcardinal.com\/?p=5798\" \/>\n<meta property=\"og:site_name\" content=\"El Cardinal\" \/>\n<meta property=\"article:publisher\" content=\"https:\/\/www.facebook.com\/profile.php?id=100063093107011\" \/>\n<meta property=\"article:published_time\" content=\"2026-04-29T05:44:11+00:00\" \/>\n<meta property=\"og:image\" content=\"https:\/\/elcardinal.com\/wp-content\/uploads\/2026\/04\/28.04.2026-Ordinaria-20.jpg\" \/>\n\t<meta property=\"og:image:width\" content=\"2400\" \/>\n\t<meta property=\"og:image:height\" content=\"1600\" \/>\n\t<meta property=\"og:image:type\" content=\"image\/jpeg\" \/>\n<meta name=\"author\" content=\"Antonio Alcaraz\" \/>\n<meta name=\"twitter:card\" content=\"summary_large_image\" \/>\n<meta name=\"twitter:creator\" content=\"@ElCardinal_Mx\" \/>\n<meta name=\"twitter:site\" content=\"@ElCardinal_Mx\" \/>\n<meta name=\"twitter:label1\" content=\"Escrito por\" \/>\n\t<meta name=\"twitter:data1\" content=\"Antonio Alcaraz\" \/>\n\t<meta name=\"twitter:label2\" content=\"Tiempo de lectura\" \/>\n\t<meta name=\"twitter:data2\" content=\"7 minutos\" \/>\n<script type=\"application\/ld+json\" class=\"yoast-schema-graph\">{\"@context\":\"https:\/\/schema.org\",\"@graph\":[{\"@type\":\"Article\",\"@id\":\"https:\/\/elcardinal.com\/?p=5798#article\",\"isPartOf\":{\"@id\":\"https:\/\/elcardinal.com\/?p=5798\"},\"author\":{\"name\":\"Antonio Alcaraz\",\"@id\":\"https:\/\/elcardinal.com\/#\/schema\/person\/3c352ec0a33987fe275c0e8a2ea69f8b\"},\"headline\":\"Con iniciativa, legisladores reconocen a las abejas como especie de protecci\u00f3n prioritaria\",\"datePublished\":\"2026-04-29T05:44:11+00:00\",\"mainEntityOfPage\":{\"@id\":\"https:\/\/elcardinal.com\/?p=5798\"},\"wordCount\":1522,\"commentCount\":0,\"publisher\":{\"@id\":\"https:\/\/elcardinal.com\/#organization\"},\"image\":{\"@id\":\"https:\/\/elcardinal.com\/?p=5798#primaryimage\"},\"thumbnailUrl\":\"https:\/\/elcardinal.com\/wp-content\/uploads\/2026\/04\/28.04.2026-Ordinaria-20.jpg\",\"keywords\":[\"Andr\u00e9s Vel\u00e1zquez\",\"Congreso de Hidalgo\"],\"articleSection\":[\"Hidalgo\",\"Minuto a Minuto\",\"Pol\u00edtica\"],\"inLanguage\":\"es\",\"potentialAction\":[{\"@type\":\"CommentAction\",\"name\":\"Comment\",\"target\":[\"https:\/\/elcardinal.com\/?p=5798#respond\"]}]},{\"@type\":\"WebPage\",\"@id\":\"https:\/\/elcardinal.com\/?p=5798\",\"url\":\"https:\/\/elcardinal.com\/?p=5798\",\"name\":\"Con iniciativa, legisladores reconocen a las abejas como especie de protecci\u00f3n prioritaria - El Cardinal\",\"isPartOf\":{\"@id\":\"https:\/\/elcardinal.com\/#website\"},\"primaryImageOfPage\":{\"@id\":\"https:\/\/elcardinal.com\/?p=5798#primaryimage\"},\"image\":{\"@id\":\"https:\/\/elcardinal.com\/?p=5798#primaryimage\"},\"thumbnailUrl\":\"https:\/\/elcardinal.com\/wp-content\/uploads\/2026\/04\/28.04.2026-Ordinaria-20.jpg\",\"datePublished\":\"2026-04-29T05:44:11+00:00\",\"breadcrumb\":{\"@id\":\"https:\/\/elcardinal.com\/?p=5798#breadcrumb\"},\"inLanguage\":\"es\",\"potentialAction\":[{\"@type\":\"ReadAction\",\"target\":[\"https:\/\/elcardinal.com\/?p=5798\"]}]},{\"@type\":\"ImageObject\",\"inLanguage\":\"es\",\"@id\":\"https:\/\/elcardinal.com\/?p=5798#primaryimage\",\"url\":\"https:\/\/elcardinal.com\/wp-content\/uploads\/2026\/04\/28.04.2026-Ordinaria-20.jpg\",\"contentUrl\":\"https:\/\/elcardinal.com\/wp-content\/uploads\/2026\/04\/28.04.2026-Ordinaria-20.jpg\",\"width\":2400,\"height\":1600},{\"@type\":\"BreadcrumbList\",\"@id\":\"https:\/\/elcardinal.com\/?p=5798#breadcrumb\",\"itemListElement\":[{\"@type\":\"ListItem\",\"position\":1,\"name\":\"Inicio\",\"item\":\"https:\/\/elcardinal.com\/\"},{\"@type\":\"ListItem\",\"position\":2,\"name\":\"Con iniciativa, legisladores reconocen a las abejas como especie de protecci\u00f3n prioritaria\"}]},{\"@type\":\"WebSite\",\"@id\":\"https:\/\/elcardinal.com\/#website\",\"url\":\"https:\/\/elcardinal.com\/\",\"name\":\"El Cardinal\",\"description\":\"Periodismo honesto, con valor, sentido humano, a veces sarc\u00e1stico y divertido.\",\"publisher\":{\"@id\":\"https:\/\/elcardinal.com\/#organization\"},\"alternateName\":\"El Cardinal Noticias\",\"potentialAction\":[{\"@type\":\"SearchAction\",\"target\":{\"@type\":\"EntryPoint\",\"urlTemplate\":\"https:\/\/elcardinal.com\/?s={search_term_string}\"},\"query-input\":{\"@type\":\"PropertyValueSpecification\",\"valueRequired\":true,\"valueName\":\"search_term_string\"}}],\"inLanguage\":\"es\"},{\"@type\":\"Organization\",\"@id\":\"https:\/\/elcardinal.com\/#organization\",\"name\":\"El Cardinal\",\"url\":\"https:\/\/elcardinal.com\/\",\"logo\":{\"@type\":\"ImageObject\",\"inLanguage\":\"es\",\"@id\":\"https:\/\/elcardinal.com\/#\/schema\/logo\/image\/\",\"url\":\"https:\/\/elcardinal.com\/wp-content\/uploads\/2025\/04\/LOGO-EL-CARDINAL-Periodismo-con-valor.png\",\"contentUrl\":\"https:\/\/elcardinal.com\/wp-content\/uploads\/2025\/04\/LOGO-EL-CARDINAL-Periodismo-con-valor.png\",\"width\":755,\"height\":636,\"caption\":\"El Cardinal\"},\"image\":{\"@id\":\"https:\/\/elcardinal.com\/#\/schema\/logo\/image\/\"},\"sameAs\":[\"https:\/\/www.facebook.com\/profile.php?id=100063093107011\",\"https:\/\/x.com\/ElCardinal_Mx\"]},{\"@type\":\"Person\",\"@id\":\"https:\/\/elcardinal.com\/#\/schema\/person\/3c352ec0a33987fe275c0e8a2ea69f8b\",\"name\":\"Antonio Alcaraz\",\"image\":{\"@type\":\"ImageObject\",\"inLanguage\":\"es\",\"@id\":\"https:\/\/elcardinal.com\/#\/schema\/person\/image\/\",\"url\":\"https:\/\/elcardinal.com\/wp-content\/uploads\/2025\/05\/cropped-TONO-96x96.jpg\",\"contentUrl\":\"https:\/\/elcardinal.com\/wp-content\/uploads\/2025\/05\/cropped-TONO-96x96.jpg\",\"caption\":\"Antonio Alcaraz\"},\"url\":\"https:\/\/elcardinal.com\/?author=2\"}]}<\/script>\n<!-- \/ Yoast SEO plugin. -->","yoast_head_json":{"title":"Con iniciativa, legisladores reconocen a las abejas como especie de protecci\u00f3n prioritaria - El Cardinal","robots":{"index":"index","follow":"follow","max-snippet":"max-snippet:-1","max-image-preview":"max-image-preview:large","max-video-preview":"max-video-preview:-1"},"canonical":"https:\/\/elcardinal.com\/?p=5798","og_locale":"es_MX","og_type":"article","og_title":"Con iniciativa, legisladores reconocen a las abejas como especie de protecci\u00f3n prioritaria - El Cardinal","og_description":"Redacci\u00f3n En sesi\u00f3n ordinaria, las diputadas Alma Rosa El\u00edas Paso, Paloma Barrag\u00e1n Santos, Yarabi Gonz\u00e1lez Mart\u00ednez y el diputado Juli\u00e1n Nochebuena Hern\u00e1ndez (Morena) presentaron la iniciativa que actualiza la denominaci\u00f3n de la Ley de Protecci\u00f3n, Salvaguarda y Explotaci\u00f3n de la Abeja para el Estado de Hidalgo por la de Ley para la Protecci\u00f3n, Fomento Sustentable","og_url":"https:\/\/elcardinal.com\/?p=5798","og_site_name":"El Cardinal","article_publisher":"https:\/\/www.facebook.com\/profile.php?id=100063093107011","article_published_time":"2026-04-29T05:44:11+00:00","og_image":[{"width":2400,"height":1600,"url":"https:\/\/elcardinal.com\/wp-content\/uploads\/2026\/04\/28.04.2026-Ordinaria-20.jpg","type":"image\/jpeg"}],"author":"Antonio Alcaraz","twitter_card":"summary_large_image","twitter_creator":"@ElCardinal_Mx","twitter_site":"@ElCardinal_Mx","twitter_misc":{"Escrito por":"Antonio Alcaraz","Tiempo de lectura":"7 minutos"},"schema":{"@context":"https:\/\/schema.org","@graph":[{"@type":"Article","@id":"https:\/\/elcardinal.com\/?p=5798#article","isPartOf":{"@id":"https:\/\/elcardinal.com\/?p=5798"},"author":{"name":"Antonio Alcaraz","@id":"https:\/\/elcardinal.com\/#\/schema\/person\/3c352ec0a33987fe275c0e8a2ea69f8b"},"headline":"Con iniciativa, legisladores reconocen a las abejas como especie de protecci\u00f3n prioritaria","datePublished":"2026-04-29T05:44:11+00:00","mainEntityOfPage":{"@id":"https:\/\/elcardinal.com\/?p=5798"},"wordCount":1522,"commentCount":0,"publisher":{"@id":"https:\/\/elcardinal.com\/#organization"},"image":{"@id":"https:\/\/elcardinal.com\/?p=5798#primaryimage"},"thumbnailUrl":"https:\/\/elcardinal.com\/wp-content\/uploads\/2026\/04\/28.04.2026-Ordinaria-20.jpg","keywords":["Andr\u00e9s Vel\u00e1zquez","Congreso de Hidalgo"],"articleSection":["Hidalgo","Minuto a Minuto","Pol\u00edtica"],"inLanguage":"es","potentialAction":[{"@type":"CommentAction","name":"Comment","target":["https:\/\/elcardinal.com\/?p=5798#respond"]}]},{"@type":"WebPage","@id":"https:\/\/elcardinal.com\/?p=5798","url":"https:\/\/elcardinal.com\/?p=5798","name":"Con iniciativa, legisladores reconocen a las abejas como especie de protecci\u00f3n prioritaria - El Cardinal","isPartOf":{"@id":"https:\/\/elcardinal.com\/#website"},"primaryImageOfPage":{"@id":"https:\/\/elcardinal.com\/?p=5798#primaryimage"},"image":{"@id":"https:\/\/elcardinal.com\/?p=5798#primaryimage"},"thumbnailUrl":"https:\/\/elcardinal.com\/wp-content\/uploads\/2026\/04\/28.04.2026-Ordinaria-20.jpg","datePublished":"2026-04-29T05:44:11+00:00","breadcrumb":{"@id":"https:\/\/elcardinal.com\/?p=5798#breadcrumb"},"inLanguage":"es","potentialAction":[{"@type":"ReadAction","target":["https:\/\/elcardinal.com\/?p=5798"]}]},{"@type":"ImageObject","inLanguage":"es","@id":"https:\/\/elcardinal.com\/?p=5798#primaryimage","url":"https:\/\/elcardinal.com\/wp-content\/uploads\/2026\/04\/28.04.2026-Ordinaria-20.jpg","contentUrl":"https:\/\/elcardinal.com\/wp-content\/uploads\/2026\/04\/28.04.2026-Ordinaria-20.jpg","width":2400,"height":1600},{"@type":"BreadcrumbList","@id":"https:\/\/elcardinal.com\/?p=5798#breadcrumb","itemListElement":[{"@type":"ListItem","position":1,"name":"Inicio","item":"https:\/\/elcardinal.com\/"},{"@type":"ListItem","position":2,"name":"Con iniciativa, legisladores reconocen a las abejas como especie de protecci\u00f3n prioritaria"}]},{"@type":"WebSite","@id":"https:\/\/elcardinal.com\/#website","url":"https:\/\/elcardinal.com\/","name":"El Cardinal","description":"Periodismo honesto, con valor, sentido humano, a veces sarc\u00e1stico y divertido.","publisher":{"@id":"https:\/\/elcardinal.com\/#organization"},"alternateName":"El Cardinal Noticias","potentialAction":[{"@type":"SearchAction","target":{"@type":"EntryPoint","urlTemplate":"https:\/\/elcardinal.com\/?s={search_term_string}"},"query-input":{"@type":"PropertyValueSpecification","valueRequired":true,"valueName":"search_term_string"}}],"inLanguage":"es"},{"@type":"Organization","@id":"https:\/\/elcardinal.com\/#organization","name":"El Cardinal","url":"https:\/\/elcardinal.com\/","logo":{"@type":"ImageObject","inLanguage":"es","@id":"https:\/\/elcardinal.com\/#\/schema\/logo\/image\/","url":"https:\/\/elcardinal.com\/wp-content\/uploads\/2025\/04\/LOGO-EL-CARDINAL-Periodismo-con-valor.png","contentUrl":"https:\/\/elcardinal.com\/wp-content\/uploads\/2025\/04\/LOGO-EL-CARDINAL-Periodismo-con-valor.png","width":755,"height":636,"caption":"El Cardinal"},"image":{"@id":"https:\/\/elcardinal.com\/#\/schema\/logo\/image\/"},"sameAs":["https:\/\/www.facebook.com\/profile.php?id=100063093107011","https:\/\/x.com\/ElCardinal_Mx"]},{"@type":"Person","@id":"https:\/\/elcardinal.com\/#\/schema\/person\/3c352ec0a33987fe275c0e8a2ea69f8b","name":"Antonio Alcaraz","image":{"@type":"ImageObject","inLanguage":"es","@id":"https:\/\/elcardinal.com\/#\/schema\/person\/image\/","url":"https:\/\/elcardinal.com\/wp-content\/uploads\/2025\/05\/cropped-TONO-96x96.jpg","contentUrl":"https:\/\/elcardinal.com\/wp-content\/uploads\/2025\/05\/cropped-TONO-96x96.jpg","caption":"Antonio Alcaraz"},"url":"https:\/\/elcardinal.com\/?author=2"}]}},"_links":{"self":[{"href":"https:\/\/elcardinal.com\/index.php?rest_route=\/wp\/v2\/posts\/5798","targetHints":{"allow":["GET"]}}],"collection":[{"href":"https:\/\/elcardinal.com\/index.php?rest_route=\/wp\/v2\/posts"}],"about":[{"href":"https:\/\/elcardinal.com\/index.php?rest_route=\/wp\/v2\/types\/post"}],"author":[{"embeddable":true,"href":"https:\/\/elcardinal.com\/index.php?rest_route=\/wp\/v2\/users\/2"}],"replies":[{"embeddable":true,"href":"https:\/\/elcardinal.com\/index.php?rest_route=%2Fwp%2Fv2%2Fcomments&post=5798"}],"version-history":[{"count":1,"href":"https:\/\/elcardinal.com\/index.php?rest_route=\/wp\/v2\/posts\/5798\/revisions"}],"predecessor-version":[{"id":5800,"href":"https:\/\/elcardinal.com\/index.php?rest_route=\/wp\/v2\/posts\/5798\/revisions\/5800"}],"wp:featuredmedia":[{"embeddable":true,"href":"https:\/\/elcardinal.com\/index.php?rest_route=\/wp\/v2\/media\/5799"}],"wp:attachment":[{"href":"https:\/\/elcardinal.com\/index.php?rest_route=%2Fwp%2Fv2%2Fmedia&parent=5798"}],"wp:term":[{"taxonomy":"category","embeddable":true,"href":"https:\/\/elcardinal.com\/index.php?rest_route=%2Fwp%2Fv2%2Fcategories&post=5798"},{"taxonomy":"post_tag","embeddable":true,"href":"https:\/\/elcardinal.com\/index.php?rest_route=%2Fwp%2Fv2%2Ftags&post=5798"}],"curies":[{"name":"wp","href":"https:\/\/api.w.org\/{rel}","templated":true}]}}