{"id":5801,"date":"2026-04-29T13:24:36","date_gmt":"2026-04-29T19:24:36","guid":{"rendered":"https:\/\/elcardinal.com\/?p=5801"},"modified":"2026-04-29T14:58:17","modified_gmt":"2026-04-29T20:58:17","slug":"karla-perales-impulsa-agenda-integral-a-favor-de-la-ninez-en-hidalgo","status":"publish","type":"post","link":"https:\/\/elcardinal.com\/?p=5801","title":{"rendered":"Karla Perales impulsa agenda integral a favor de la ni\u00f1ez en Hidalgo"},"content":{"rendered":"<p>Por: <strong>Claudia Mart\u00ednez<\/strong><\/p>\n<p>La diputada de <strong>Movimiento Ciudadano, Karla Perales Arrieta<\/strong>, reiter\u00f3 su compromiso de continuar trabajando, desde cualquier trinchera, en favor de las ni\u00f1as, ni\u00f1os y adolescentes de Hidalgo, sector que \u2014afirm\u00f3\u2014 requiere atenci\u00f3n prioritaria y acciones concretas.<\/p>\n<p>Como presidenta de la <strong>Comisi\u00f3n de la Ni\u00f1ez, la Juventud, el Deporte y la Familia<\/strong> en la LXVI Legislatura, ha promovido iniciativas con impacto directo, como la implementaci\u00f3n de operativos de seguridad en <em>Centros de Readaptaci\u00f3n Social<\/em>, donde menores acuden a visitar a familiares privados de la libertad o incluso viven con sus madres.<\/p>\n<blockquote><p>Asimismo, ha impulsado la adhesi\u00f3n de presidencias municipales y del SIPINNA al C\u00f3digo de Conducta Nacional para la Protecci\u00f3n de Ni\u00f1as, Ni\u00f1os y Adolescentes en el sector tur\u00edstico, con el objetivo de prevenir delitos como la trata de personas. Tambi\u00e9n destaca la propuesta para regular la venta y consumo de alcohol en espacios deportivos cuando haya presencia de menores.<\/p><\/blockquote>\n<p><img fetchpriority=\"high\" decoding=\"async\" class=\"size-medium wp-image-5803 alignleft\" src=\"https:\/\/elcardinal.com\/wp-content\/uploads\/2026\/04\/WhatsApp-Image-2026-04-29-at-1.20.04-PM-230x300.jpeg\" alt=\"\" width=\"230\" height=\"300\" srcset=\"https:\/\/elcardinal.com\/wp-content\/uploads\/2026\/04\/WhatsApp-Image-2026-04-29-at-1.20.04-PM-230x300.jpeg 230w, https:\/\/elcardinal.com\/wp-content\/uploads\/2026\/04\/WhatsApp-Image-2026-04-29-at-1.20.04-PM-785x1024.jpeg 785w, https:\/\/elcardinal.com\/wp-content\/uploads\/2026\/04\/WhatsApp-Image-2026-04-29-at-1.20.04-PM-768x1001.jpeg 768w, https:\/\/elcardinal.com\/wp-content\/uploads\/2026\/04\/WhatsApp-Image-2026-04-29-at-1.20.04-PM-1178x1536.jpeg 1178w, https:\/\/elcardinal.com\/wp-content\/uploads\/2026\/04\/WhatsApp-Image-2026-04-29-at-1.20.04-PM-150x196.jpeg 150w, https:\/\/elcardinal.com\/wp-content\/uploads\/2026\/04\/WhatsApp-Image-2026-04-29-at-1.20.04-PM-450x587.jpeg 450w, https:\/\/elcardinal.com\/wp-content\/uploads\/2026\/04\/WhatsApp-Image-2026-04-29-at-1.20.04-PM-1200x1565.jpeg 1200w, https:\/\/elcardinal.com\/wp-content\/uploads\/2026\/04\/WhatsApp-Image-2026-04-29-at-1.20.04-PM.jpeg 1227w\" sizes=\"(max-width: 230px) 100vw, 230px\" \/>Perales Arrieta inform\u00f3 que la comisi\u00f3n que encabeza ha promovido<em><strong> m\u00e1s de 100 iniciativas orientadas a garantizar los derechos e integridad de la ni\u00f1ez hidalguense.<\/strong> <\/em>No obstante, reconoci\u00f3 que a\u00fan existen pendientes, como la prohibici\u00f3n de cirug\u00edas est\u00e9ticas en menores de edad y la expedici\u00f3n inmediata de actas de nacimiento al momento del nacimiento, para evitar retrasos en el acceso a derechos b\u00e1sicos como la educaci\u00f3n.<\/p>\n<p>En este mismo sentido, confi\u00f3 en que antes de junio el Congreso local apruebe la iniciativa para acreditar parentesco en hospedajes, medida que busca prevenir la trata de menores, especialmente ante el incremento de turismo previsto por eventos internacionales como el <strong>Mundial de futbol FIFA 2026.<\/strong><\/p>\n<p>Otro de los temas que consider\u00f3 urgente es el reclutamiento de ni\u00f1as, ni\u00f1os y adolescentes por grupos delictivos. Aunque este delito ya est\u00e1 tipificado en Hidalgo, advirti\u00f3 que existen propuestas para eliminarlo, por lo que asegur\u00f3 que \u201cse dar\u00e1 la batalla\u201d para evitarlo.<\/p>\n<p>La legisladora se\u00f1al\u00f3 que la falta de voluntad ha frenado el avance de algunos temas fundamentales para la protecci\u00f3n de la ni\u00f1ez y juventud en la entidad.<\/p>\n<p><strong>ALERTA POR RETOS VIRALES EN REDES SOCIALES<\/strong><\/p>\n<p>Respecto al reto viral denominado \u201cTiroteo ma\u00f1ana\u201d, difundido principalmente en TikTok, Perales Arrieta<img decoding=\"async\" class=\"size-medium wp-image-5804 alignright\" src=\"https:\/\/elcardinal.com\/wp-content\/uploads\/2026\/04\/WhatsApp-Image-2026-04-29-at-1.20.03-PM-2-300x207.jpeg\" alt=\"\" width=\"300\" height=\"207\" srcset=\"https:\/\/elcardinal.com\/wp-content\/uploads\/2026\/04\/WhatsApp-Image-2026-04-29-at-1.20.03-PM-2-300x207.jpeg 300w, https:\/\/elcardinal.com\/wp-content\/uploads\/2026\/04\/WhatsApp-Image-2026-04-29-at-1.20.03-PM-2-1024x708.jpeg 1024w, https:\/\/elcardinal.com\/wp-content\/uploads\/2026\/04\/WhatsApp-Image-2026-04-29-at-1.20.03-PM-2-768x531.jpeg 768w, https:\/\/elcardinal.com\/wp-content\/uploads\/2026\/04\/WhatsApp-Image-2026-04-29-at-1.20.03-PM-2-150x104.jpeg 150w, https:\/\/elcardinal.com\/wp-content\/uploads\/2026\/04\/WhatsApp-Image-2026-04-29-at-1.20.03-PM-2-450x311.jpeg 450w, https:\/\/elcardinal.com\/wp-content\/uploads\/2026\/04\/WhatsApp-Image-2026-04-29-at-1.20.03-PM-2-1200x830.jpeg 1200w, https:\/\/elcardinal.com\/wp-content\/uploads\/2026\/04\/WhatsApp-Image-2026-04-29-at-1.20.03-PM-2.jpeg 1390w\" sizes=\"(max-width: 300px) 100vw, 300px\" \/> expres\u00f3 su preocupaci\u00f3n, ya que ha generado alertas en diversas escuelas de Hidalgo tras la aparici\u00f3n de mensajes en sanitarios.<\/p>\n<blockquote><p>Ante ello, exhort\u00f3 a las autoridades educativas, de seguridad y a los 84 ayuntamientos a trabajar de manera coordinada con padres de familia y docentes para implementar estrategias de prevenci\u00f3n.<\/p><\/blockquote>\n<p>Advirti\u00f3 adem\u00e1s sobre los riesgos a los que est\u00e1n expuestos los menores en redes sociales y videojuegos, donde pueden interactuar con personas desconocidas. En este contexto, destac\u00f3 la importancia de fortalecer la convivencia familiar, respaldando la propuesta de reducir <strong>la jornada laboral a 40 horas con dos d\u00edas de descanso<\/strong>, a fin de que madres y padres tengan mayor presencia en la vida de sus hijos.<\/p>\n<p>Tambi\u00e9n subray\u00f3 que la revisi\u00f3n de mochilas debe iniciar desde casa, ya que en muchos casos los padres desconocen qu\u00e9 llevan sus hijos a la escuela.<\/p>\n<p><strong>FORTALECER PROCURADUR\u00cdAS MUNICIPALES<\/strong><\/p>\n<p><img decoding=\"async\" class=\"size-medium wp-image-5805 alignleft\" src=\"https:\/\/elcardinal.com\/wp-content\/uploads\/2026\/04\/WhatsApp-Image-2026-04-29-at-1.20.04-PM-1-173x300.jpeg\" alt=\"\" width=\"173\" height=\"300\" srcset=\"https:\/\/elcardinal.com\/wp-content\/uploads\/2026\/04\/WhatsApp-Image-2026-04-29-at-1.20.04-PM-1-173x300.jpeg 173w, https:\/\/elcardinal.com\/wp-content\/uploads\/2026\/04\/WhatsApp-Image-2026-04-29-at-1.20.04-PM-1-592x1024.jpeg 592w, https:\/\/elcardinal.com\/wp-content\/uploads\/2026\/04\/WhatsApp-Image-2026-04-29-at-1.20.04-PM-1-768x1328.jpeg 768w, https:\/\/elcardinal.com\/wp-content\/uploads\/2026\/04\/WhatsApp-Image-2026-04-29-at-1.20.04-PM-1-888x1536.jpeg 888w, https:\/\/elcardinal.com\/wp-content\/uploads\/2026\/04\/WhatsApp-Image-2026-04-29-at-1.20.04-PM-1-150x259.jpeg 150w, https:\/\/elcardinal.com\/wp-content\/uploads\/2026\/04\/WhatsApp-Image-2026-04-29-at-1.20.04-PM-1-450x778.jpeg 450w, https:\/\/elcardinal.com\/wp-content\/uploads\/2026\/04\/WhatsApp-Image-2026-04-29-at-1.20.04-PM-1.jpeg 925w\" sizes=\"(max-width: 173px) 100vw, 173px\" \/>Sobre la reciente aprobaci\u00f3n para la creaci\u00f3n de procuradur\u00edas municipales de defensa de ni\u00f1as, ni\u00f1os y adolescentes, se\u00f1al\u00f3 que los ayuntamientos requerir\u00e1n recursos para su operaci\u00f3n, as\u00ed como personal especializado, incluyendo perfiles jur\u00eddicos, psicol\u00f3gicos y de trabajo social.<\/p>\n<p>Indic\u00f3 que, aunque muchos municipios ya cuentan con unidades de primer contacto, ser\u00e1 necesario fortalecerlas para garantizar la protecci\u00f3n integral de la ni\u00f1ez, por lo que se analizar\u00e1 la asignaci\u00f3n de presupuesto para 2027.<\/p>\n<p><strong>DESCARTA REELECCI\u00d3N<\/strong><\/p>\n<p>Karla Perales asegur\u00f3 que no tiene planes de reelegirse como <strong>diputada local en 2027<\/strong>, al considerar que la reelecci\u00f3n no es una pr\u00e1ctica saludable, aunque actualmente no est\u00e9 prohibida.<\/p>\n<p>Sobre sus aspiraciones pol\u00edticas, mencion\u00f3 que no le corresponde decidir su futuro en otro cargo p\u00fablico, aunque reconoci\u00f3 que existe la intenci\u00f3n de seguir sirviendo a la ciudadan\u00eda desde distintos espacios.<\/p>\n<blockquote><p>\u201cQuienes nos dedicamos a la pol\u00edtica aspiramos a m\u00e1s, pero ser\u00e1 la gente quien decida. Mientras tanto, seguir\u00e9 trabajando con congruencia y siempre a favor de la ni\u00f1ez\u201d, expres\u00f3.<\/p><\/blockquote>\n<p>Finalmente, inform\u00f3 que, con motivo del D\u00eda del Ni\u00f1o, realizar\u00e1 actividades recreativas en colonias de Mineral de la Reforma, como La Providencia, Tuzos y Amaque, as\u00ed como en el municipio de Emiliano Zapata, donde se proyectar\u00e1n pel\u00edculas para fomentar la convivencia familiar.<\/p>\n<p><iframe title=\"Entrevista Karla Perales impulsa agenda integral a favor de la ni\u00f1ez en Hidalgo \ud83d\udc67\ud83d\udc66\u2728\" width=\"788\" height=\"443\" src=\"https:\/\/www.youtube.com\/embed\/SI2CMohrxVQ?feature=oembed\" frameborder=\"0\" allow=\"accelerometer; autoplay; clipboard-write; encrypted-media; gyroscope; picture-in-picture; web-share\" referrerpolicy=\"strict-origin-when-cross-origin\" allowfullscreen><\/iframe><\/p>\n","protected":false},"excerpt":{"rendered":"<p>Por: Claudia Mart\u00ednez La diputada de Movimiento Ciudadano, Karla Perales Arrieta, reiter\u00f3 su compromiso de continuar trabajando, desde cualquier trinchera, en favor de las ni\u00f1as, ni\u00f1os y adolescentes de Hidalgo, sector que \u2014afirm\u00f3\u2014 requiere atenci\u00f3n prioritaria y acciones concretas. Como presidenta de la Comisi\u00f3n de la Ni\u00f1ez, la Juventud, el Deporte y la Familia en<\/p>\n","protected":false},"author":2,"featured_media":5802,"comment_status":"open","ping_status":"open","sticky":false,"template":"","format":"standard","meta":{"footnotes":""},"categories":[31,44,39],"tags":[62,375,165,302],"class_list":{"0":"post-5801","1":"post","2":"type-post","3":"status-publish","4":"format-standard","5":"has-post-thumbnail","7":"category-hidalgo","8":"category-minuto-a-minuto","9":"category-politica","10":"tag-congreso-de-hidalgo","11":"tag-karla-perales-arrieta","12":"tag-movimiento-ciudadano","13":"tag-ninez"},"yoast_head":"<!-- This site is optimized with the Yoast SEO plugin v26.1.1 - https:\/\/yoast.com\/wordpress\/plugins\/seo\/ -->\n<title>Karla Perales impulsa agenda integral a favor de la ni\u00f1ez en Hidalgo - El Cardinal<\/title>\n<meta name=\"robots\" content=\"index, follow, max-snippet:-1, max-image-preview:large, max-video-preview:-1\" \/>\n<link rel=\"canonical\" href=\"https:\/\/elcardinal.com\/?p=5801\" \/>\n<meta property=\"og:locale\" content=\"es_MX\" \/>\n<meta property=\"og:type\" content=\"article\" \/>\n<meta property=\"og:title\" content=\"Karla Perales impulsa agenda integral a favor de la ni\u00f1ez en Hidalgo - El Cardinal\" \/>\n<meta property=\"og:description\" content=\"Por: Claudia Mart\u00ednez La diputada de Movimiento Ciudadano, Karla Perales Arrieta, reiter\u00f3 su compromiso de continuar trabajando, desde cualquier trinchera, en favor de las ni\u00f1as, ni\u00f1os y adolescentes de Hidalgo, sector que \u2014afirm\u00f3\u2014 requiere atenci\u00f3n prioritaria y acciones concretas. Como presidenta de la Comisi\u00f3n de la Ni\u00f1ez, la Juventud, el Deporte y la Familia en\" \/>\n<meta property=\"og:url\" content=\"https:\/\/elcardinal.com\/?p=5801\" \/>\n<meta property=\"og:site_name\" content=\"El Cardinal\" \/>\n<meta property=\"article:publisher\" content=\"https:\/\/www.facebook.com\/profile.php?id=100063093107011\" \/>\n<meta property=\"article:published_time\" content=\"2026-04-29T19:24:36+00:00\" \/>\n<meta property=\"article:modified_time\" content=\"2026-04-29T20:58:17+00:00\" \/>\n<meta property=\"og:image\" content=\"https:\/\/elcardinal.com\/wp-content\/uploads\/2026\/04\/WhatsApp-Image-2026-04-29-at-1.20.03-PM.jpeg\" \/>\n\t<meta property=\"og:image:width\" content=\"1500\" \/>\n\t<meta property=\"og:image:height\" content=\"1000\" \/>\n\t<meta property=\"og:image:type\" content=\"image\/jpeg\" \/>\n<meta name=\"author\" content=\"Antonio Alcaraz\" \/>\n<meta name=\"twitter:card\" content=\"summary_large_image\" \/>\n<meta name=\"twitter:creator\" content=\"@ElCardinal_Mx\" \/>\n<meta name=\"twitter:site\" content=\"@ElCardinal_Mx\" \/>\n<meta name=\"twitter:label1\" content=\"Escrito por\" \/>\n\t<meta name=\"twitter:data1\" content=\"Antonio Alcaraz\" \/>\n\t<meta name=\"twitter:label2\" content=\"Tiempo de lectura\" \/>\n\t<meta name=\"twitter:data2\" content=\"4 minutos\" \/>\n<script type=\"application\/ld+json\" class=\"yoast-schema-graph\">{\"@context\":\"https:\/\/schema.org\",\"@graph\":[{\"@type\":\"Article\",\"@id\":\"https:\/\/elcardinal.com\/?p=5801#article\",\"isPartOf\":{\"@id\":\"https:\/\/elcardinal.com\/?p=5801\"},\"author\":{\"name\":\"Antonio Alcaraz\",\"@id\":\"https:\/\/elcardinal.com\/#\/schema\/person\/3c352ec0a33987fe275c0e8a2ea69f8b\"},\"headline\":\"Karla Perales impulsa agenda integral a favor de la ni\u00f1ez en Hidalgo\",\"datePublished\":\"2026-04-29T19:24:36+00:00\",\"dateModified\":\"2026-04-29T20:58:17+00:00\",\"mainEntityOfPage\":{\"@id\":\"https:\/\/elcardinal.com\/?p=5801\"},\"wordCount\":786,\"commentCount\":0,\"publisher\":{\"@id\":\"https:\/\/elcardinal.com\/#organization\"},\"image\":{\"@id\":\"https:\/\/elcardinal.com\/?p=5801#primaryimage\"},\"thumbnailUrl\":\"https:\/\/elcardinal.com\/wp-content\/uploads\/2026\/04\/WhatsApp-Image-2026-04-29-at-1.20.03-PM.jpeg\",\"keywords\":[\"Congreso de Hidalgo\",\"Karla Perales Arrieta\",\"Movimiento Ciudadano\",\"Ni\u00f1ez\"],\"articleSection\":[\"Hidalgo\",\"Minuto a Minuto\",\"Pol\u00edtica\"],\"inLanguage\":\"es\",\"potentialAction\":[{\"@type\":\"CommentAction\",\"name\":\"Comment\",\"target\":[\"https:\/\/elcardinal.com\/?p=5801#respond\"]}]},{\"@type\":\"WebPage\",\"@id\":\"https:\/\/elcardinal.com\/?p=5801\",\"url\":\"https:\/\/elcardinal.com\/?p=5801\",\"name\":\"Karla Perales impulsa agenda integral a favor de la ni\u00f1ez en Hidalgo - El Cardinal\",\"isPartOf\":{\"@id\":\"https:\/\/elcardinal.com\/#website\"},\"primaryImageOfPage\":{\"@id\":\"https:\/\/elcardinal.com\/?p=5801#primaryimage\"},\"image\":{\"@id\":\"https:\/\/elcardinal.com\/?p=5801#primaryimage\"},\"thumbnailUrl\":\"https:\/\/elcardinal.com\/wp-content\/uploads\/2026\/04\/WhatsApp-Image-2026-04-29-at-1.20.03-PM.jpeg\",\"datePublished\":\"2026-04-29T19:24:36+00:00\",\"dateModified\":\"2026-04-29T20:58:17+00:00\",\"breadcrumb\":{\"@id\":\"https:\/\/elcardinal.com\/?p=5801#breadcrumb\"},\"inLanguage\":\"es\",\"potentialAction\":[{\"@type\":\"ReadAction\",\"target\":[\"https:\/\/elcardinal.com\/?p=5801\"]}]},{\"@type\":\"ImageObject\",\"inLanguage\":\"es\",\"@id\":\"https:\/\/elcardinal.com\/?p=5801#primaryimage\",\"url\":\"https:\/\/elcardinal.com\/wp-content\/uploads\/2026\/04\/WhatsApp-Image-2026-04-29-at-1.20.03-PM.jpeg\",\"contentUrl\":\"https:\/\/elcardinal.com\/wp-content\/uploads\/2026\/04\/WhatsApp-Image-2026-04-29-at-1.20.03-PM.jpeg\",\"width\":1500,\"height\":1000},{\"@type\":\"BreadcrumbList\",\"@id\":\"https:\/\/elcardinal.com\/?p=5801#breadcrumb\",\"itemListElement\":[{\"@type\":\"ListItem\",\"position\":1,\"name\":\"Inicio\",\"item\":\"https:\/\/elcardinal.com\/\"},{\"@type\":\"ListItem\",\"position\":2,\"name\":\"Karla Perales impulsa agenda integral a favor de la ni\u00f1ez en Hidalgo\"}]},{\"@type\":\"WebSite\",\"@id\":\"https:\/\/elcardinal.com\/#website\",\"url\":\"https:\/\/elcardinal.com\/\",\"name\":\"El Cardinal\",\"description\":\"Periodismo honesto, con valor, sentido humano, a veces sarc\u00e1stico y divertido.\",\"publisher\":{\"@id\":\"https:\/\/elcardinal.com\/#organization\"},\"alternateName\":\"El Cardinal Noticias\",\"potentialAction\":[{\"@type\":\"SearchAction\",\"target\":{\"@type\":\"EntryPoint\",\"urlTemplate\":\"https:\/\/elcardinal.com\/?s={search_term_string}\"},\"query-input\":{\"@type\":\"PropertyValueSpecification\",\"valueRequired\":true,\"valueName\":\"search_term_string\"}}],\"inLanguage\":\"es\"},{\"@type\":\"Organization\",\"@id\":\"https:\/\/elcardinal.com\/#organization\",\"name\":\"El Cardinal\",\"url\":\"https:\/\/elcardinal.com\/\",\"logo\":{\"@type\":\"ImageObject\",\"inLanguage\":\"es\",\"@id\":\"https:\/\/elcardinal.com\/#\/schema\/logo\/image\/\",\"url\":\"https:\/\/elcardinal.com\/wp-content\/uploads\/2025\/04\/LOGO-EL-CARDINAL-Periodismo-con-valor.png\",\"contentUrl\":\"https:\/\/elcardinal.com\/wp-content\/uploads\/2025\/04\/LOGO-EL-CARDINAL-Periodismo-con-valor.png\",\"width\":755,\"height\":636,\"caption\":\"El Cardinal\"},\"image\":{\"@id\":\"https:\/\/elcardinal.com\/#\/schema\/logo\/image\/\"},\"sameAs\":[\"https:\/\/www.facebook.com\/profile.php?id=100063093107011\",\"https:\/\/x.com\/ElCardinal_Mx\"]},{\"@type\":\"Person\",\"@id\":\"https:\/\/elcardinal.com\/#\/schema\/person\/3c352ec0a33987fe275c0e8a2ea69f8b\",\"name\":\"Antonio Alcaraz\",\"image\":{\"@type\":\"ImageObject\",\"inLanguage\":\"es\",\"@id\":\"https:\/\/elcardinal.com\/#\/schema\/person\/image\/\",\"url\":\"https:\/\/elcardinal.com\/wp-content\/uploads\/2025\/05\/cropped-TONO-96x96.jpg\",\"contentUrl\":\"https:\/\/elcardinal.com\/wp-content\/uploads\/2025\/05\/cropped-TONO-96x96.jpg\",\"caption\":\"Antonio Alcaraz\"},\"url\":\"https:\/\/elcardinal.com\/?author=2\"}]}<\/script>\n<!-- \/ Yoast SEO plugin. -->","yoast_head_json":{"title":"Karla Perales impulsa agenda integral a favor de la ni\u00f1ez en Hidalgo - El Cardinal","robots":{"index":"index","follow":"follow","max-snippet":"max-snippet:-1","max-image-preview":"max-image-preview:large","max-video-preview":"max-video-preview:-1"},"canonical":"https:\/\/elcardinal.com\/?p=5801","og_locale":"es_MX","og_type":"article","og_title":"Karla Perales impulsa agenda integral a favor de la ni\u00f1ez en Hidalgo - El Cardinal","og_description":"Por: Claudia Mart\u00ednez La diputada de Movimiento Ciudadano, Karla Perales Arrieta, reiter\u00f3 su compromiso de continuar trabajando, desde cualquier trinchera, en favor de las ni\u00f1as, ni\u00f1os y adolescentes de Hidalgo, sector que \u2014afirm\u00f3\u2014 requiere atenci\u00f3n prioritaria y acciones concretas. Como presidenta de la Comisi\u00f3n de la Ni\u00f1ez, la Juventud, el Deporte y la Familia en","og_url":"https:\/\/elcardinal.com\/?p=5801","og_site_name":"El Cardinal","article_publisher":"https:\/\/www.facebook.com\/profile.php?id=100063093107011","article_published_time":"2026-04-29T19:24:36+00:00","article_modified_time":"2026-04-29T20:58:17+00:00","og_image":[{"width":1500,"height":1000,"url":"https:\/\/elcardinal.com\/wp-content\/uploads\/2026\/04\/WhatsApp-Image-2026-04-29-at-1.20.03-PM.jpeg","type":"image\/jpeg"}],"author":"Antonio Alcaraz","twitter_card":"summary_large_image","twitter_creator":"@ElCardinal_Mx","twitter_site":"@ElCardinal_Mx","twitter_misc":{"Escrito por":"Antonio Alcaraz","Tiempo de lectura":"4 minutos"},"schema":{"@context":"https:\/\/schema.org","@graph":[{"@type":"Article","@id":"https:\/\/elcardinal.com\/?p=5801#article","isPartOf":{"@id":"https:\/\/elcardinal.com\/?p=5801"},"author":{"name":"Antonio Alcaraz","@id":"https:\/\/elcardinal.com\/#\/schema\/person\/3c352ec0a33987fe275c0e8a2ea69f8b"},"headline":"Karla Perales impulsa agenda integral a favor de la ni\u00f1ez en Hidalgo","datePublished":"2026-04-29T19:24:36+00:00","dateModified":"2026-04-29T20:58:17+00:00","mainEntityOfPage":{"@id":"https:\/\/elcardinal.com\/?p=5801"},"wordCount":786,"commentCount":0,"publisher":{"@id":"https:\/\/elcardinal.com\/#organization"},"image":{"@id":"https:\/\/elcardinal.com\/?p=5801#primaryimage"},"thumbnailUrl":"https:\/\/elcardinal.com\/wp-content\/uploads\/2026\/04\/WhatsApp-Image-2026-04-29-at-1.20.03-PM.jpeg","keywords":["Congreso de Hidalgo","Karla Perales Arrieta","Movimiento Ciudadano","Ni\u00f1ez"],"articleSection":["Hidalgo","Minuto a Minuto","Pol\u00edtica"],"inLanguage":"es","potentialAction":[{"@type":"CommentAction","name":"Comment","target":["https:\/\/elcardinal.com\/?p=5801#respond"]}]},{"@type":"WebPage","@id":"https:\/\/elcardinal.com\/?p=5801","url":"https:\/\/elcardinal.com\/?p=5801","name":"Karla Perales impulsa agenda integral a favor de la ni\u00f1ez en Hidalgo - El Cardinal","isPartOf":{"@id":"https:\/\/elcardinal.com\/#website"},"primaryImageOfPage":{"@id":"https:\/\/elcardinal.com\/?p=5801#primaryimage"},"image":{"@id":"https:\/\/elcardinal.com\/?p=5801#primaryimage"},"thumbnailUrl":"https:\/\/elcardinal.com\/wp-content\/uploads\/2026\/04\/WhatsApp-Image-2026-04-29-at-1.20.03-PM.jpeg","datePublished":"2026-04-29T19:24:36+00:00","dateModified":"2026-04-29T20:58:17+00:00","breadcrumb":{"@id":"https:\/\/elcardinal.com\/?p=5801#breadcrumb"},"inLanguage":"es","potentialAction":[{"@type":"ReadAction","target":["https:\/\/elcardinal.com\/?p=5801"]}]},{"@type":"ImageObject","inLanguage":"es","@id":"https:\/\/elcardinal.com\/?p=5801#primaryimage","url":"https:\/\/elcardinal.com\/wp-content\/uploads\/2026\/04\/WhatsApp-Image-2026-04-29-at-1.20.03-PM.jpeg","contentUrl":"https:\/\/elcardinal.com\/wp-content\/uploads\/2026\/04\/WhatsApp-Image-2026-04-29-at-1.20.03-PM.jpeg","width":1500,"height":1000},{"@type":"BreadcrumbList","@id":"https:\/\/elcardinal.com\/?p=5801#breadcrumb","itemListElement":[{"@type":"ListItem","position":1,"name":"Inicio","item":"https:\/\/elcardinal.com\/"},{"@type":"ListItem","position":2,"name":"Karla Perales impulsa agenda integral a favor de la ni\u00f1ez en Hidalgo"}]},{"@type":"WebSite","@id":"https:\/\/elcardinal.com\/#website","url":"https:\/\/elcardinal.com\/","name":"El Cardinal","description":"Periodismo honesto, con valor, sentido humano, a veces sarc\u00e1stico y divertido.","publisher":{"@id":"https:\/\/elcardinal.com\/#organization"},"alternateName":"El Cardinal Noticias","potentialAction":[{"@type":"SearchAction","target":{"@type":"EntryPoint","urlTemplate":"https:\/\/elcardinal.com\/?s={search_term_string}"},"query-input":{"@type":"PropertyValueSpecification","valueRequired":true,"valueName":"search_term_string"}}],"inLanguage":"es"},{"@type":"Organization","@id":"https:\/\/elcardinal.com\/#organization","name":"El Cardinal","url":"https:\/\/elcardinal.com\/","logo":{"@type":"ImageObject","inLanguage":"es","@id":"https:\/\/elcardinal.com\/#\/schema\/logo\/image\/","url":"https:\/\/elcardinal.com\/wp-content\/uploads\/2025\/04\/LOGO-EL-CARDINAL-Periodismo-con-valor.png","contentUrl":"https:\/\/elcardinal.com\/wp-content\/uploads\/2025\/04\/LOGO-EL-CARDINAL-Periodismo-con-valor.png","width":755,"height":636,"caption":"El Cardinal"},"image":{"@id":"https:\/\/elcardinal.com\/#\/schema\/logo\/image\/"},"sameAs":["https:\/\/www.facebook.com\/profile.php?id=100063093107011","https:\/\/x.com\/ElCardinal_Mx"]},{"@type":"Person","@id":"https:\/\/elcardinal.com\/#\/schema\/person\/3c352ec0a33987fe275c0e8a2ea69f8b","name":"Antonio Alcaraz","image":{"@type":"ImageObject","inLanguage":"es","@id":"https:\/\/elcardinal.com\/#\/schema\/person\/image\/","url":"https:\/\/elcardinal.com\/wp-content\/uploads\/2025\/05\/cropped-TONO-96x96.jpg","contentUrl":"https:\/\/elcardinal.com\/wp-content\/uploads\/2025\/05\/cropped-TONO-96x96.jpg","caption":"Antonio Alcaraz"},"url":"https:\/\/elcardinal.com\/?author=2"}]}},"_links":{"self":[{"href":"https:\/\/elcardinal.com\/index.php?rest_route=\/wp\/v2\/posts\/5801","targetHints":{"allow":["GET"]}}],"collection":[{"href":"https:\/\/elcardinal.com\/index.php?rest_route=\/wp\/v2\/posts"}],"about":[{"href":"https:\/\/elcardinal.com\/index.php?rest_route=\/wp\/v2\/types\/post"}],"author":[{"embeddable":true,"href":"https:\/\/elcardinal.com\/index.php?rest_route=\/wp\/v2\/users\/2"}],"replies":[{"embeddable":true,"href":"https:\/\/elcardinal.com\/index.php?rest_route=%2Fwp%2Fv2%2Fcomments&post=5801"}],"version-history":[{"count":2,"href":"https:\/\/elcardinal.com\/index.php?rest_route=\/wp\/v2\/posts\/5801\/revisions"}],"predecessor-version":[{"id":5808,"href":"https:\/\/elcardinal.com\/index.php?rest_route=\/wp\/v2\/posts\/5801\/revisions\/5808"}],"wp:featuredmedia":[{"embeddable":true,"href":"https:\/\/elcardinal.com\/index.php?rest_route=\/wp\/v2\/media\/5802"}],"wp:attachment":[{"href":"https:\/\/elcardinal.com\/index.php?rest_route=%2Fwp%2Fv2%2Fmedia&parent=5801"}],"wp:term":[{"taxonomy":"category","embeddable":true,"href":"https:\/\/elcardinal.com\/index.php?rest_route=%2Fwp%2Fv2%2Fcategories&post=5801"},{"taxonomy":"post_tag","embeddable":true,"href":"https:\/\/elcardinal.com\/index.php?rest_route=%2Fwp%2Fv2%2Ftags&post=5801"}],"curies":[{"name":"wp","href":"https:\/\/api.w.org\/{rel}","templated":true}]}}