{"id":5813,"date":"2026-04-29T23:13:45","date_gmt":"2026-04-30T05:13:45","guid":{"rendered":"https:\/\/elcardinal.com\/?p=5813"},"modified":"2026-04-29T23:13:45","modified_gmt":"2026-04-30T05:13:45","slug":"congreso-reconoce-talento-de-ninas-ninos-y-jovenes-que-participaron-en-expociencias-nacional-2025","status":"publish","type":"post","link":"https:\/\/elcardinal.com\/?p=5813","title":{"rendered":"Congreso reconoce talento de ni\u00f1as, ni\u00f1os y j\u00f3venes que participaron en Expociencias Nacional 2025"},"content":{"rendered":"<p>Redacci\u00f3n<\/p>\n<p><span style=\"font-weight: 400;\">La Comisi\u00f3n de Humanidades, Ciencias, Tecnolog\u00eda e Innovaci\u00f3n del Congreso del Estado de Hidalgo, encabezada por la diputada <\/span><b>Paloma Barrag\u00e1n Santos<\/b><span style=\"font-weight: 400;\">, entreg\u00f3 reconocimientos a ni\u00f1as, ni\u00f1os, j\u00f3venes y asesores que obtuvieron buenos resultados en la Expociencias Nacional 2025, celebrada en diciembre en Tampico, Tamaulipas, quienes participar\u00e1n en diversos campeonatos internacionales este a\u00f1o en pa\u00edses como Tailandia, Reino Unido, Sud\u00e1frica, Colombia y Costa Rica.<\/span><\/p>\n<p><span style=\"font-weight: 400;\">El diputado <\/span><b>Andr\u00e9s Vel\u00e1zquez V\u00e1zquez<\/b><span style=\"font-weight: 400;\">, presidente de la Junta de Gobierno, indic\u00f3 que los galardonados \u201cson la prueba viva de que en nuestras aulas, laboratorios y comunidades se est\u00e1n gestando soluciones creativas a los retos del presente y del futuro. Quiero reconocer el esfuerzo de las ni\u00f1as y ni\u00f1os y j\u00f3venes que forman parte de esta delegaci\u00f3n. Detr\u00e1s de cada proyecto hay horas de estudio, ensayos fallidos, ajustes, desvelos y, sobre todo, una enorme pasi\u00f3n por aprender y transformar la realidad. Pero tambi\u00e9n hay alegr\u00eda, optimismo y entusiasmo, satisfacciones que solamente se logran para tener algo sumamente trascendente en la vida: la felicidad\u201d.<\/span><\/p>\n<p><span style=\"font-weight: 400;\">La legisladora <\/span><b>Paloma Barrag\u00e1n<\/b><span style=\"font-weight: 400;\">, presidenta de la directiva de abril, asegur\u00f3 que el papel de los diputados es ser facilitadores del talento. \u201cQueremos que ninguna ni\u00f1a o ni\u00f1o hidalguense, con una buena idea, se quede sin una oportunidad de verla crecer. En la Expociencias Nacional 2025, la delegaci\u00f3n de Hidalgo demostr\u00f3 de qu\u00e9 estamos hechos. Fue emocionante ver c\u00f3mo proyectos como Espiral Dorada de Pit\u00e1goras o el Escudo del Cuarzo destacaban entre 300 propuestas de todo el pa\u00eds\u201d.<\/span><\/p>\n<p><b>Miguel \u00c1ngel Tello Vargas<\/b><span style=\"font-weight: 400;\">, titular de la Unidad de Planeaci\u00f3n y Prospectiva del Gobierno del Estado de Hidalgo, consider\u00f3 que el hecho de que haya ni\u00f1os que viajen al extranjero a ganar premios, \u201csignifica que todos como sociedad estamos caminando hacia algo mejor. Y es gracias a los ni\u00f1os que se han metido de lleno a la ciencia. Pero tambi\u00e9n es gracias a los pap\u00e1s, al tiempo que les destinan, al dinero que muchas veces no tienen. Detr\u00e1s de eso tambi\u00e9n existen maestros que son los que los est\u00e1n impulsando\u201d.<\/span><\/p>\n<p><b>Gerardo Espinosa Espinoza<\/b><span style=\"font-weight: 400;\">, coordinador general de Pandillas Cient\u00edficas en el Estado de Hidalgo, indic\u00f3 que la ciencia y la tecnolog\u00eda \u201cno nada m\u00e1s es una materia. Se ha convertido en la punta de lanza del conocimiento que las ni\u00f1as y los ni\u00f1os en nuestro estado han visualizado para una proyecci\u00f3n, para resolver problemas, pero tambi\u00e9n para poner en alto el nombre de la entidad\u201d.<\/span><\/p>\n<p><b>B\u00e1rbara Loany Labra Serrano<\/b><span style=\"font-weight: 400;\">, de la secundaria Cenhies, en representaci\u00f3n de los ganadores, mencion\u00f3 que en cada uno de los proyectos de ciencia y tecnolog\u00eda que fueron seleccionados, \u201cest\u00e1 plasmado nuestro amor por descubrir cosas nuevas, por mejorar nuestro entorno y el futuro de todos\u201d.<\/span><\/p>\n<p><span style=\"font-weight: 400;\">En esta ocasi\u00f3n, recibieron reconocimiento las y los estudiantes:<\/span><\/p>\n<ul>\n<li style=\"font-weight: 400;\" aria-level=\"1\"><span style=\"font-weight: 400;\">Alejandra Espino God\u00ednez<\/span><\/li>\n<li style=\"font-weight: 400;\" aria-level=\"1\"><span style=\"font-weight: 400;\">Mar\u00eda Jos\u00e9 \u00c1lvarez P\u00e9rez<\/span><\/li>\n<li style=\"font-weight: 400;\" aria-level=\"1\"><span style=\"font-weight: 400;\">Grizel Valeria P\u00e9rez Alonso<\/span><\/li>\n<li style=\"font-weight: 400;\" aria-level=\"1\"><span style=\"font-weight: 400;\">Sebasti\u00e1n Cantera Gonz\u00e1lez<\/span><\/li>\n<li style=\"font-weight: 400;\" aria-level=\"1\"><span style=\"font-weight: 400;\">B\u00e1rbara Loany Labra Serrano<\/span><\/li>\n<li style=\"font-weight: 400;\" aria-level=\"1\"><span style=\"font-weight: 400;\">Kaylin Tovar Abad<\/span><\/li>\n<li style=\"font-weight: 400;\" aria-level=\"1\"><span style=\"font-weight: 400;\">Juan Antonio Aguilar Cruz<\/span><\/li>\n<li style=\"font-weight: 400;\" aria-level=\"1\"><span style=\"font-weight: 400;\">Xocoyotzin \u00c1ngeles Mej\u00eda<\/span><\/li>\n<li style=\"font-weight: 400;\" aria-level=\"1\"><span style=\"font-weight: 400;\">Evelin Yamileth Tapia Osorio<\/span><\/li>\n<li style=\"font-weight: 400;\" aria-level=\"1\"><span style=\"font-weight: 400;\">Itzel Erandi Basurto Garc\u00eda<\/span><\/li>\n<li style=\"font-weight: 400;\" aria-level=\"1\"><span style=\"font-weight: 400;\">Arlette Dom\u00ednguez P\u00e9rez<\/span><\/li>\n<\/ul>\n<p><b>Trabajo en la directiva<\/b><\/p>\n<p><span style=\"font-weight: 400;\">Durante abril, la diputada <\/span><b>Paloma Barrag\u00e1n<\/b><span style=\"font-weight: 400;\"> asumi\u00f3 la presidencia de la directiva del Congreso, una responsabilidad colectiva y profundamente orientada al servicio p\u00fablico.<\/span><\/p>\n<p><span style=\"font-weight: 400;\">En un mensaje de agradecimiento, destac\u00f3 que el Poder Legislativo es, por naturaleza, un \u00f3rgano colegiado donde cada decisi\u00f3n se construye a partir del di\u00e1logo, el contraste de ideas y, en muchas ocasiones, desde la diferencia.<\/span><\/p>\n<p><span style=\"font-weight: 400;\">En ese contexto, su labor se centr\u00f3 en mantener el equilibrio entre las distintas posturas, sin perder de vista el objetivo fundamental: velar siempre por el bienestar de la ciudadan\u00eda. A lo largo de este periodo, la legisladora dio continuidad al trabajo legislativo con responsabilidad, sosteniendo el ritmo de un poder que no puede detenerse y que exige compromiso permanente.<\/span><\/p>\n<p><span style=\"font-weight: 400;\">Asimismo, la diputada reconoci\u00f3 el trabajo conjunto que hizo posible el avance de la agenda parlamentaria, resaltando el liderazgo del diputado presidente <\/span><b>Andr\u00e9s Vel\u00e1zquez<\/b><span style=\"font-weight: 400;\">, as\u00ed como la colaboraci\u00f3n de las y los integrantes de la directiva, personal t\u00e9cnico y administrativo que, desde distintas \u00e1reas, garantizan el funcionamiento diario del Congreso.<\/span><\/p>\n","protected":false},"excerpt":{"rendered":"<p>Redacci\u00f3n La Comisi\u00f3n de Humanidades, Ciencias, Tecnolog\u00eda e Innovaci\u00f3n del Congreso del Estado de Hidalgo, encabezada por la diputada Paloma Barrag\u00e1n Santos, entreg\u00f3 reconocimientos a ni\u00f1as, ni\u00f1os, j\u00f3venes y asesores que obtuvieron buenos resultados en la Expociencias Nacional 2025, celebrada en diciembre en Tampico, Tamaulipas, quienes participar\u00e1n en diversos campeonatos internacionales este a\u00f1o en pa\u00edses<\/p>\n","protected":false},"author":2,"featured_media":5814,"comment_status":"open","ping_status":"open","sticky":false,"template":"","format":"standard","meta":{"footnotes":""},"categories":[31,44,39],"tags":[70,62,377],"class_list":{"0":"post-5813","1":"post","2":"type-post","3":"status-publish","4":"format-standard","5":"has-post-thumbnail","7":"category-hidalgo","8":"category-minuto-a-minuto","9":"category-politica","10":"tag-andres-velazquez","11":"tag-congreso-de-hidalgo","12":"tag-paloma-barragan-santos"},"yoast_head":"<!-- This site is optimized with the Yoast SEO plugin v26.1.1 - https:\/\/yoast.com\/wordpress\/plugins\/seo\/ -->\n<title>Congreso reconoce talento de ni\u00f1as, ni\u00f1os y j\u00f3venes que participaron en Expociencias Nacional 2025 - El Cardinal<\/title>\n<meta name=\"robots\" content=\"index, follow, max-snippet:-1, max-image-preview:large, max-video-preview:-1\" \/>\n<link rel=\"canonical\" href=\"https:\/\/elcardinal.com\/?p=5813\" \/>\n<meta property=\"og:locale\" content=\"es_MX\" \/>\n<meta property=\"og:type\" content=\"article\" \/>\n<meta property=\"og:title\" content=\"Congreso reconoce talento de ni\u00f1as, ni\u00f1os y j\u00f3venes que participaron en Expociencias Nacional 2025 - El Cardinal\" \/>\n<meta property=\"og:description\" content=\"Redacci\u00f3n La Comisi\u00f3n de Humanidades, Ciencias, Tecnolog\u00eda e Innovaci\u00f3n del Congreso del Estado de Hidalgo, encabezada por la diputada Paloma Barrag\u00e1n Santos, entreg\u00f3 reconocimientos a ni\u00f1as, ni\u00f1os, j\u00f3venes y asesores que obtuvieron buenos resultados en la Expociencias Nacional 2025, celebrada en diciembre en Tampico, Tamaulipas, quienes participar\u00e1n en diversos campeonatos internacionales este a\u00f1o en pa\u00edses\" \/>\n<meta property=\"og:url\" content=\"https:\/\/elcardinal.com\/?p=5813\" \/>\n<meta property=\"og:site_name\" content=\"El Cardinal\" \/>\n<meta property=\"article:publisher\" content=\"https:\/\/www.facebook.com\/profile.php?id=100063093107011\" \/>\n<meta property=\"article:published_time\" content=\"2026-04-30T05:13:45+00:00\" \/>\n<meta property=\"og:image\" content=\"https:\/\/elcardinal.com\/wp-content\/uploads\/2026\/04\/29.04.2926-Reconocimientos-expociencia-5.jpg\" \/>\n\t<meta property=\"og:image:width\" content=\"2400\" \/>\n\t<meta property=\"og:image:height\" content=\"1600\" \/>\n\t<meta property=\"og:image:type\" content=\"image\/jpeg\" \/>\n<meta name=\"author\" content=\"Antonio Alcaraz\" \/>\n<meta name=\"twitter:card\" content=\"summary_large_image\" \/>\n<meta name=\"twitter:creator\" content=\"@ElCardinal_Mx\" \/>\n<meta name=\"twitter:site\" content=\"@ElCardinal_Mx\" \/>\n<meta name=\"twitter:label1\" content=\"Escrito por\" \/>\n\t<meta name=\"twitter:data1\" content=\"Antonio Alcaraz\" \/>\n\t<meta name=\"twitter:label2\" content=\"Tiempo de lectura\" \/>\n\t<meta name=\"twitter:data2\" content=\"4 minutos\" \/>\n<script type=\"application\/ld+json\" class=\"yoast-schema-graph\">{\"@context\":\"https:\/\/schema.org\",\"@graph\":[{\"@type\":\"Article\",\"@id\":\"https:\/\/elcardinal.com\/?p=5813#article\",\"isPartOf\":{\"@id\":\"https:\/\/elcardinal.com\/?p=5813\"},\"author\":{\"name\":\"Antonio Alcaraz\",\"@id\":\"https:\/\/elcardinal.com\/#\/schema\/person\/3c352ec0a33987fe275c0e8a2ea69f8b\"},\"headline\":\"Congreso reconoce talento de ni\u00f1as, ni\u00f1os y j\u00f3venes que participaron en Expociencias Nacional 2025\",\"datePublished\":\"2026-04-30T05:13:45+00:00\",\"mainEntityOfPage\":{\"@id\":\"https:\/\/elcardinal.com\/?p=5813\"},\"wordCount\":748,\"commentCount\":0,\"publisher\":{\"@id\":\"https:\/\/elcardinal.com\/#organization\"},\"image\":{\"@id\":\"https:\/\/elcardinal.com\/?p=5813#primaryimage\"},\"thumbnailUrl\":\"https:\/\/elcardinal.com\/wp-content\/uploads\/2026\/04\/29.04.2926-Reconocimientos-expociencia-5.jpg\",\"keywords\":[\"Andr\u00e9s Vel\u00e1zquez\",\"Congreso de Hidalgo\",\"Paloma Barrag\u00e1n Santos\"],\"articleSection\":[\"Hidalgo\",\"Minuto a Minuto\",\"Pol\u00edtica\"],\"inLanguage\":\"es\",\"potentialAction\":[{\"@type\":\"CommentAction\",\"name\":\"Comment\",\"target\":[\"https:\/\/elcardinal.com\/?p=5813#respond\"]}]},{\"@type\":\"WebPage\",\"@id\":\"https:\/\/elcardinal.com\/?p=5813\",\"url\":\"https:\/\/elcardinal.com\/?p=5813\",\"name\":\"Congreso reconoce talento de ni\u00f1as, ni\u00f1os y j\u00f3venes que participaron en Expociencias Nacional 2025 - El Cardinal\",\"isPartOf\":{\"@id\":\"https:\/\/elcardinal.com\/#website\"},\"primaryImageOfPage\":{\"@id\":\"https:\/\/elcardinal.com\/?p=5813#primaryimage\"},\"image\":{\"@id\":\"https:\/\/elcardinal.com\/?p=5813#primaryimage\"},\"thumbnailUrl\":\"https:\/\/elcardinal.com\/wp-content\/uploads\/2026\/04\/29.04.2926-Reconocimientos-expociencia-5.jpg\",\"datePublished\":\"2026-04-30T05:13:45+00:00\",\"breadcrumb\":{\"@id\":\"https:\/\/elcardinal.com\/?p=5813#breadcrumb\"},\"inLanguage\":\"es\",\"potentialAction\":[{\"@type\":\"ReadAction\",\"target\":[\"https:\/\/elcardinal.com\/?p=5813\"]}]},{\"@type\":\"ImageObject\",\"inLanguage\":\"es\",\"@id\":\"https:\/\/elcardinal.com\/?p=5813#primaryimage\",\"url\":\"https:\/\/elcardinal.com\/wp-content\/uploads\/2026\/04\/29.04.2926-Reconocimientos-expociencia-5.jpg\",\"contentUrl\":\"https:\/\/elcardinal.com\/wp-content\/uploads\/2026\/04\/29.04.2926-Reconocimientos-expociencia-5.jpg\",\"width\":2400,\"height\":1600},{\"@type\":\"BreadcrumbList\",\"@id\":\"https:\/\/elcardinal.com\/?p=5813#breadcrumb\",\"itemListElement\":[{\"@type\":\"ListItem\",\"position\":1,\"name\":\"Inicio\",\"item\":\"https:\/\/elcardinal.com\/\"},{\"@type\":\"ListItem\",\"position\":2,\"name\":\"Congreso reconoce talento de ni\u00f1as, ni\u00f1os y j\u00f3venes que participaron en Expociencias Nacional 2025\"}]},{\"@type\":\"WebSite\",\"@id\":\"https:\/\/elcardinal.com\/#website\",\"url\":\"https:\/\/elcardinal.com\/\",\"name\":\"El Cardinal\",\"description\":\"Periodismo honesto, con valor, sentido humano, a veces sarc\u00e1stico y divertido.\",\"publisher\":{\"@id\":\"https:\/\/elcardinal.com\/#organization\"},\"alternateName\":\"El Cardinal Noticias\",\"potentialAction\":[{\"@type\":\"SearchAction\",\"target\":{\"@type\":\"EntryPoint\",\"urlTemplate\":\"https:\/\/elcardinal.com\/?s={search_term_string}\"},\"query-input\":{\"@type\":\"PropertyValueSpecification\",\"valueRequired\":true,\"valueName\":\"search_term_string\"}}],\"inLanguage\":\"es\"},{\"@type\":\"Organization\",\"@id\":\"https:\/\/elcardinal.com\/#organization\",\"name\":\"El Cardinal\",\"url\":\"https:\/\/elcardinal.com\/\",\"logo\":{\"@type\":\"ImageObject\",\"inLanguage\":\"es\",\"@id\":\"https:\/\/elcardinal.com\/#\/schema\/logo\/image\/\",\"url\":\"https:\/\/elcardinal.com\/wp-content\/uploads\/2025\/04\/LOGO-EL-CARDINAL-Periodismo-con-valor.png\",\"contentUrl\":\"https:\/\/elcardinal.com\/wp-content\/uploads\/2025\/04\/LOGO-EL-CARDINAL-Periodismo-con-valor.png\",\"width\":755,\"height\":636,\"caption\":\"El Cardinal\"},\"image\":{\"@id\":\"https:\/\/elcardinal.com\/#\/schema\/logo\/image\/\"},\"sameAs\":[\"https:\/\/www.facebook.com\/profile.php?id=100063093107011\",\"https:\/\/x.com\/ElCardinal_Mx\"]},{\"@type\":\"Person\",\"@id\":\"https:\/\/elcardinal.com\/#\/schema\/person\/3c352ec0a33987fe275c0e8a2ea69f8b\",\"name\":\"Antonio Alcaraz\",\"image\":{\"@type\":\"ImageObject\",\"inLanguage\":\"es\",\"@id\":\"https:\/\/elcardinal.com\/#\/schema\/person\/image\/\",\"url\":\"https:\/\/elcardinal.com\/wp-content\/uploads\/2025\/05\/cropped-TONO-96x96.jpg\",\"contentUrl\":\"https:\/\/elcardinal.com\/wp-content\/uploads\/2025\/05\/cropped-TONO-96x96.jpg\",\"caption\":\"Antonio Alcaraz\"},\"url\":\"https:\/\/elcardinal.com\/?author=2\"}]}<\/script>\n<!-- \/ Yoast SEO plugin. -->","yoast_head_json":{"title":"Congreso reconoce talento de ni\u00f1as, ni\u00f1os y j\u00f3venes que participaron en Expociencias Nacional 2025 - El Cardinal","robots":{"index":"index","follow":"follow","max-snippet":"max-snippet:-1","max-image-preview":"max-image-preview:large","max-video-preview":"max-video-preview:-1"},"canonical":"https:\/\/elcardinal.com\/?p=5813","og_locale":"es_MX","og_type":"article","og_title":"Congreso reconoce talento de ni\u00f1as, ni\u00f1os y j\u00f3venes que participaron en Expociencias Nacional 2025 - El Cardinal","og_description":"Redacci\u00f3n La Comisi\u00f3n de Humanidades, Ciencias, Tecnolog\u00eda e Innovaci\u00f3n del Congreso del Estado de Hidalgo, encabezada por la diputada Paloma Barrag\u00e1n Santos, entreg\u00f3 reconocimientos a ni\u00f1as, ni\u00f1os, j\u00f3venes y asesores que obtuvieron buenos resultados en la Expociencias Nacional 2025, celebrada en diciembre en Tampico, Tamaulipas, quienes participar\u00e1n en diversos campeonatos internacionales este a\u00f1o en pa\u00edses","og_url":"https:\/\/elcardinal.com\/?p=5813","og_site_name":"El Cardinal","article_publisher":"https:\/\/www.facebook.com\/profile.php?id=100063093107011","article_published_time":"2026-04-30T05:13:45+00:00","og_image":[{"width":2400,"height":1600,"url":"https:\/\/elcardinal.com\/wp-content\/uploads\/2026\/04\/29.04.2926-Reconocimientos-expociencia-5.jpg","type":"image\/jpeg"}],"author":"Antonio Alcaraz","twitter_card":"summary_large_image","twitter_creator":"@ElCardinal_Mx","twitter_site":"@ElCardinal_Mx","twitter_misc":{"Escrito por":"Antonio Alcaraz","Tiempo de lectura":"4 minutos"},"schema":{"@context":"https:\/\/schema.org","@graph":[{"@type":"Article","@id":"https:\/\/elcardinal.com\/?p=5813#article","isPartOf":{"@id":"https:\/\/elcardinal.com\/?p=5813"},"author":{"name":"Antonio Alcaraz","@id":"https:\/\/elcardinal.com\/#\/schema\/person\/3c352ec0a33987fe275c0e8a2ea69f8b"},"headline":"Congreso reconoce talento de ni\u00f1as, ni\u00f1os y j\u00f3venes que participaron en Expociencias Nacional 2025","datePublished":"2026-04-30T05:13:45+00:00","mainEntityOfPage":{"@id":"https:\/\/elcardinal.com\/?p=5813"},"wordCount":748,"commentCount":0,"publisher":{"@id":"https:\/\/elcardinal.com\/#organization"},"image":{"@id":"https:\/\/elcardinal.com\/?p=5813#primaryimage"},"thumbnailUrl":"https:\/\/elcardinal.com\/wp-content\/uploads\/2026\/04\/29.04.2926-Reconocimientos-expociencia-5.jpg","keywords":["Andr\u00e9s Vel\u00e1zquez","Congreso de Hidalgo","Paloma Barrag\u00e1n Santos"],"articleSection":["Hidalgo","Minuto a Minuto","Pol\u00edtica"],"inLanguage":"es","potentialAction":[{"@type":"CommentAction","name":"Comment","target":["https:\/\/elcardinal.com\/?p=5813#respond"]}]},{"@type":"WebPage","@id":"https:\/\/elcardinal.com\/?p=5813","url":"https:\/\/elcardinal.com\/?p=5813","name":"Congreso reconoce talento de ni\u00f1as, ni\u00f1os y j\u00f3venes que participaron en Expociencias Nacional 2025 - El Cardinal","isPartOf":{"@id":"https:\/\/elcardinal.com\/#website"},"primaryImageOfPage":{"@id":"https:\/\/elcardinal.com\/?p=5813#primaryimage"},"image":{"@id":"https:\/\/elcardinal.com\/?p=5813#primaryimage"},"thumbnailUrl":"https:\/\/elcardinal.com\/wp-content\/uploads\/2026\/04\/29.04.2926-Reconocimientos-expociencia-5.jpg","datePublished":"2026-04-30T05:13:45+00:00","breadcrumb":{"@id":"https:\/\/elcardinal.com\/?p=5813#breadcrumb"},"inLanguage":"es","potentialAction":[{"@type":"ReadAction","target":["https:\/\/elcardinal.com\/?p=5813"]}]},{"@type":"ImageObject","inLanguage":"es","@id":"https:\/\/elcardinal.com\/?p=5813#primaryimage","url":"https:\/\/elcardinal.com\/wp-content\/uploads\/2026\/04\/29.04.2926-Reconocimientos-expociencia-5.jpg","contentUrl":"https:\/\/elcardinal.com\/wp-content\/uploads\/2026\/04\/29.04.2926-Reconocimientos-expociencia-5.jpg","width":2400,"height":1600},{"@type":"BreadcrumbList","@id":"https:\/\/elcardinal.com\/?p=5813#breadcrumb","itemListElement":[{"@type":"ListItem","position":1,"name":"Inicio","item":"https:\/\/elcardinal.com\/"},{"@type":"ListItem","position":2,"name":"Congreso reconoce talento de ni\u00f1as, ni\u00f1os y j\u00f3venes que participaron en Expociencias Nacional 2025"}]},{"@type":"WebSite","@id":"https:\/\/elcardinal.com\/#website","url":"https:\/\/elcardinal.com\/","name":"El Cardinal","description":"Periodismo honesto, con valor, sentido humano, a veces sarc\u00e1stico y divertido.","publisher":{"@id":"https:\/\/elcardinal.com\/#organization"},"alternateName":"El Cardinal Noticias","potentialAction":[{"@type":"SearchAction","target":{"@type":"EntryPoint","urlTemplate":"https:\/\/elcardinal.com\/?s={search_term_string}"},"query-input":{"@type":"PropertyValueSpecification","valueRequired":true,"valueName":"search_term_string"}}],"inLanguage":"es"},{"@type":"Organization","@id":"https:\/\/elcardinal.com\/#organization","name":"El Cardinal","url":"https:\/\/elcardinal.com\/","logo":{"@type":"ImageObject","inLanguage":"es","@id":"https:\/\/elcardinal.com\/#\/schema\/logo\/image\/","url":"https:\/\/elcardinal.com\/wp-content\/uploads\/2025\/04\/LOGO-EL-CARDINAL-Periodismo-con-valor.png","contentUrl":"https:\/\/elcardinal.com\/wp-content\/uploads\/2025\/04\/LOGO-EL-CARDINAL-Periodismo-con-valor.png","width":755,"height":636,"caption":"El Cardinal"},"image":{"@id":"https:\/\/elcardinal.com\/#\/schema\/logo\/image\/"},"sameAs":["https:\/\/www.facebook.com\/profile.php?id=100063093107011","https:\/\/x.com\/ElCardinal_Mx"]},{"@type":"Person","@id":"https:\/\/elcardinal.com\/#\/schema\/person\/3c352ec0a33987fe275c0e8a2ea69f8b","name":"Antonio Alcaraz","image":{"@type":"ImageObject","inLanguage":"es","@id":"https:\/\/elcardinal.com\/#\/schema\/person\/image\/","url":"https:\/\/elcardinal.com\/wp-content\/uploads\/2025\/05\/cropped-TONO-96x96.jpg","contentUrl":"https:\/\/elcardinal.com\/wp-content\/uploads\/2025\/05\/cropped-TONO-96x96.jpg","caption":"Antonio Alcaraz"},"url":"https:\/\/elcardinal.com\/?author=2"}]}},"_links":{"self":[{"href":"https:\/\/elcardinal.com\/index.php?rest_route=\/wp\/v2\/posts\/5813","targetHints":{"allow":["GET"]}}],"collection":[{"href":"https:\/\/elcardinal.com\/index.php?rest_route=\/wp\/v2\/posts"}],"about":[{"href":"https:\/\/elcardinal.com\/index.php?rest_route=\/wp\/v2\/types\/post"}],"author":[{"embeddable":true,"href":"https:\/\/elcardinal.com\/index.php?rest_route=\/wp\/v2\/users\/2"}],"replies":[{"embeddable":true,"href":"https:\/\/elcardinal.com\/index.php?rest_route=%2Fwp%2Fv2%2Fcomments&post=5813"}],"version-history":[{"count":1,"href":"https:\/\/elcardinal.com\/index.php?rest_route=\/wp\/v2\/posts\/5813\/revisions"}],"predecessor-version":[{"id":5815,"href":"https:\/\/elcardinal.com\/index.php?rest_route=\/wp\/v2\/posts\/5813\/revisions\/5815"}],"wp:featuredmedia":[{"embeddable":true,"href":"https:\/\/elcardinal.com\/index.php?rest_route=\/wp\/v2\/media\/5814"}],"wp:attachment":[{"href":"https:\/\/elcardinal.com\/index.php?rest_route=%2Fwp%2Fv2%2Fmedia&parent=5813"}],"wp:term":[{"taxonomy":"category","embeddable":true,"href":"https:\/\/elcardinal.com\/index.php?rest_route=%2Fwp%2Fv2%2Fcategories&post=5813"},{"taxonomy":"post_tag","embeddable":true,"href":"https:\/\/elcardinal.com\/index.php?rest_route=%2Fwp%2Fv2%2Ftags&post=5813"}],"curies":[{"name":"wp","href":"https:\/\/api.w.org\/{rel}","templated":true}]}}