{"id":5816,"date":"2026-04-29T23:17:52","date_gmt":"2026-04-30T05:17:52","guid":{"rendered":"https:\/\/elcardinal.com\/?p=5816"},"modified":"2026-04-29T23:17:52","modified_gmt":"2026-04-30T05:17:52","slug":"diputada-impulsa-financiamiento-para-cerrar-la-brecha-de-genero-en-las-ciencias-y-tecnologia","status":"publish","type":"post","link":"https:\/\/elcardinal.com\/?p=5816","title":{"rendered":"Diputada impulsa financiamiento para cerrar la brecha de g\u00e9nero en las ciencias y tecnolog\u00eda"},"content":{"rendered":"<p>Redacci\u00f3n<\/p>\n<p><span style=\"font-weight: 400;\">En sesi\u00f3n ordinaria, la diputada <\/span><b>Paloma Barrag\u00e1n Santos<\/b><span style=\"font-weight: 400;\"> (Morena) detall\u00f3 la iniciativa que reforma la Ley de Humanidades, Ciencias, Tecnolog\u00edas e Innovaci\u00f3n del Estado de Hidalgo, con la finalidad de contribuir a revertir la brecha entre g\u00e9neros en el \u00e1mbito de las ciencias, tecnolog\u00eda, ingenier\u00edas y matem\u00e1ticas, mediante la modificaci\u00f3n para que parte de los recursos obtenidos por concepto de la aplicaci\u00f3n de sanciones a partidos pol\u00edticos se\u00f1alados en el C\u00f3digo Electoral, se destine a financiar programas con este prop\u00f3sito.<\/span><\/p>\n<p><b>Otras iniciativas<\/b><\/p>\n<p><b>Seguridad en atracciones mec\u00e1nicas<\/b><\/p>\n<p><span style=\"font-weight: 400;\">La diputada <\/span><b>Yarabi Gonz\u00e1lez Mart\u00ednez<\/b><span style=\"font-weight: 400;\"> (Morena) present\u00f3 la iniciativa que reforma la Ley de Protecci\u00f3n Civil y la Ley Org\u00e1nica Municipal, ambas del Estado de Hidalgo, con el objetivo de salvaguardar la vida e integridad f\u00edsica de los usuarios de juegos mec\u00e1nicos en ferias itinerantes, por ello, propone estandarizar el rigor t\u00e9cnico al prohibir el mantenimiento improvisado e impone la presentaci\u00f3n de una p\u00f3liza de seguro de responsabilidad civil como requisito para obtener permisos de operaci\u00f3n.<\/span><\/p>\n<p><b>Asistencia social para personas con discapacidad<\/b><\/p>\n<p><span style=\"font-weight: 400;\">El legislador <\/span><b>Juli\u00e1n Nochebuena Hern\u00e1ndez<\/b><span style=\"font-weight: 400;\"> (Morena) propuso la iniciativa que reforma la Ley Integral para las Personas con Discapacidad del Estado de Hidalgo, la cual busca que la Secretar\u00eda de Desarrollo Social promueva el derecho de las personas con discapacidad a un mayor \u00edndice de desarrollo humano, as\u00ed como el de sus familias, incluyendo alimentaci\u00f3n, vestido y vivienda adecuados y a la mejora continua de sus condiciones de vida, sin discriminaci\u00f3n.<\/span><\/p>\n<p><b>Enfoque de educaci\u00f3n inclusiva<\/b><\/p>\n<p><span style=\"font-weight: 400;\">El legislador <\/span><b>Francisco Javier T\u00e9llez S\u00e1nchez<\/b><span style=\"font-weight: 400;\"> (PT) present\u00f3 la iniciativa que modifica la Ley de Educaci\u00f3n del Estado de Hidalgo, con el prop\u00f3sito de fortalecer el enfoque de educaci\u00f3n inclusiva, garantizando que no se limite \u00fanicamente al acceso formal de las y los estudiantes con discapacidad o condiciones especiales al sistema, sino que se traduzca en condiciones reales de atenci\u00f3n, permanencia y desarrollo.<\/span><\/p>\n<p><b>Formaci\u00f3n especializada para autoridades<\/b><\/p>\n<p><span style=\"font-weight: 400;\">La diputada <\/span><b>Johana Montcerrat Hern\u00e1ndez P\u00e9rez<\/b><span style=\"font-weight: 400;\"> (PRI) propuso la iniciativa que reforma la Ley de los Derechos de Ni\u00f1as, Ni\u00f1os y Adolescentes para el Estado de Hidalgo, con el objetivo de fortalecer el marco jur\u00eddico para que las autoridades jurisdiccionales y administrativas que intervienen en procedimientos en los que participen ni\u00f1as, ni\u00f1os y adolescentes, cuenten con formaci\u00f3n especializada, capacidades institucionales y metodolog\u00edas de actuaci\u00f3n adecuadas, a fin de garantizar una impartici\u00f3n de justicia con enfoque de ni\u00f1ez, que evite su exposici\u00f3n innecesaria, reduzca experiencias abrumadoras y prevenga toda forma de revictimizaci\u00f3n.<\/span><\/p>\n<p><b>Enfoque institucional m\u00e1s sensible, accesible y efectivo<\/b><\/p>\n<p><span style=\"font-weight: 400;\">Las y los legisladores <\/span><b>Juana Olivia Alarc\u00f3n Rivera<\/b><span style=\"font-weight: 400;\">, <\/span><b>M\u00f3nica Leanett Reyes Mart\u00ednez<\/b><span style=\"font-weight: 400;\"> (Nueva Alianza), <\/span><b>Juli\u00e1n Nochebuena Hern\u00e1ndez<\/b><span style=\"font-weight: 400;\">, <\/span><b>Yarabi Gonz\u00e1lez Mart\u00ednez<\/b><span style=\"font-weight: 400;\">, <\/span><b>Aldo Meza Hern\u00e1ndez<\/b><span style=\"font-weight: 400;\"> y <\/span><b>Jos\u00e9 Luis Rodr\u00edguez Higareda<\/b><span style=\"font-weight: 400;\"> (Morena) detallaron la iniciativa que modifica la Ley de los Derechos de Ni\u00f1as, Ni\u00f1os y Adolescentes para el Estado de Hidalgo, con la finalidad de consolidar un enfoque institucional m\u00e1s sensible, accesible y efectivo en la protecci\u00f3n de los derechos de dicho sector, mediante la incorporaci\u00f3n de criterios que obliguen a las autoridades a reconocerles no solo como sujetos de derecho, sino como personas que requieren mecanismos de comunicaci\u00f3n adecuados a su desarrollo y comprensi\u00f3n.<\/span><\/p>\n<p><b>Protecci\u00f3n de la salud con enfoque diferenciado<\/b><\/p>\n<p><span style=\"font-weight: 400;\">El diputado <\/span><b>Marco Antonio Mendoza Bustamante<\/b><span style=\"font-weight: 400;\"> (PRI) propuso la iniciativa que reforma la Ley de Salud para el Estado de Hidalgo, la cual busca que, en el ejercicio del derecho a la protecci\u00f3n de la salud, acciones sanitarias, atenci\u00f3n m\u00e9dica y asistencia social, dirigidos a proteger, promover y restaurar la salud de la persona y de la colectividad, se deber\u00e1 observar y garantizar el enfoque diferenciado, de perspectiva de g\u00e9nero y la interculturalidad.<\/span><\/p>\n<p><b>Asuntos generales<\/b><\/p>\n<p><b>Acciones de revisi\u00f3n tarifaria en autopistas federales<\/b><\/p>\n<p><span style=\"font-weight: 400;\">La legisladora <\/span><b>Karla Perales Arrieta<\/b><span style=\"font-weight: 400;\"> y el legislador <\/span><b>Carlos Alejandro Alc\u00e1ntara Carbajal<\/b><span style=\"font-weight: 400;\"> (MC) presentaron el acuerdo econ\u00f3mico que exhorta a la persona titular del Poder Ejecutivo federal; de la Secretar\u00eda de Infraestructura, Comunicaciones y Transportes; y de la Direcci\u00f3n General de Caminos y Puentes Federales, a suspender temporalmente o revisar la actualizaci\u00f3n de las tarifas de peaje aplicada en autopistas federales, en tanto se realiza una revisi\u00f3n integral que justifique t\u00e9cnica, financiera y metodol\u00f3gicamente dichos incrementos.<\/span><\/p>\n<p><b>Combate a la extorsi\u00f3n contra adultos mayores<\/b><\/p>\n<p><span style=\"font-weight: 400;\">La diputada <\/span><b>Mar\u00eda del Rosario Guerrero Mart\u00ednez<\/b><span style=\"font-weight: 400;\"> (Morena) propuso el acuerdo econ\u00f3mico que exhorta a los 84 ayuntamientos a adoptar acciones de prevenci\u00f3n, orientaci\u00f3n, difusi\u00f3n y acompa\u00f1amiento para proteger a las personas adultas mayores frente a la extorsi\u00f3n y el fraude, particularmente los cometidos por v\u00eda telef\u00f3nica y mediante herramientas tecnol\u00f3gicas y digitales.<\/span><\/p>\n<p><b>Atenci\u00f3n a casos de gusano barrenador<\/b><\/p>\n<p><span style=\"font-weight: 400;\">Las y los legisladores <\/span><b>Yarabi Gonz\u00e1lez Mart\u00ednez<\/b><span style=\"font-weight: 400;\">, <\/span><b>Arturo G\u00f3mez Canales<\/b><span style=\"font-weight: 400;\">, <\/span><b>Aldo Meza Hern\u00e1ndez<\/b><span style=\"font-weight: 400;\">, <\/span><b>Juli\u00e1n Nochebuena Hern\u00e1ndez<\/b><span style=\"font-weight: 400;\">, <\/span><b>Mar\u00eda del Rosario Guerrero Mart\u00ednez<\/b><span style=\"font-weight: 400;\">, <\/span><b>Tania Er\u00e9ndira Meza Escorza<\/b><span style=\"font-weight: 400;\">, <\/span><b>Andr\u00e9s Vel\u00e1zquez V\u00e1zquez<\/b><span style=\"font-weight: 400;\">, <\/span><b>Jos\u00e9 Luis Rodr\u00edguez Higareda<\/b><span style=\"font-weight: 400;\">, <\/span><b>Alma Rosa El\u00edas Paso<\/b><span style=\"font-weight: 400;\"> (Morena), <\/span><b>M\u00f3nica Leanett Reyes Mart\u00ednez<\/b><span style=\"font-weight: 400;\">, <\/span><b>Jos\u00e9 Mar\u00eda Alejandro P\u00e9rez Ram\u00edrez<\/b><span style=\"font-weight: 400;\">, <\/span><b>Juana Olivia Alarc\u00f3n Rivera<\/b><span style=\"font-weight: 400;\"> (Nueva Alianza), <\/span><b>Johana Montcerrat Hern\u00e1ndez P\u00e9rez<\/b><span style=\"font-weight: 400;\"> y <\/span><b>Marco Antonio Mendoza Bustamante<\/b><span style=\"font-weight: 400;\"> (PRI) presentaron el acuerdo econ\u00f3mico que exhorta a los ayuntamientos\u00a0 a coadyuvar con las autoridades estatales para atender los casos de gusano barrenador en la entidad.<\/span><\/p>\n<p><b>Acceso al agua en el municipio de Chilcuautla<\/b><\/p>\n<p><span style=\"font-weight: 400;\">El diputado <\/span><b>Marco Antonio Mendoza Bustamante<\/b><span style=\"font-weight: 400;\"> (PRI) propuso el acuerdo econ\u00f3mico que exhorta a la presidencia municipal y al titular de la CEAA a dar soluci\u00f3n a la escasez de agua, agua contaminada y falta de transparencia e informaci\u00f3n en la supuesta compra de un terreno para la creaci\u00f3n de un nuevo pozo.<\/span><\/p>\n<p><b>D\u00eda de la Ni\u00f1ez<\/b><\/p>\n<p><span style=\"font-weight: 400;\">En el marco del D\u00eda de la Ni\u00f1ez, la legisladora <\/span><b>Karla Perales Arrieta<\/b><span style=\"font-weight: 400;\"> (MC) lament\u00f3 la espera en los tiempos de la burocracia legislativa. \u201cLa infancia ocurre una sola vez. Cada mes perdido en comisiones es una oportunidad que no regresa. El mejor homenaje que podemos rendir no est\u00e1 en los actos protocolarios, sino en asumir con seriedad nuestra responsabilidad, dictaminar, debatir y aprobar todo aquello que verdaderamente coloca a la ni\u00f1ez en el centro\u201d.<\/span><\/p>\n<p><span style=\"font-weight: 400;\">Mientras que el diputado <\/span><b>Jos\u00e9 Mar\u00eda Alejandro P\u00e9rez Ram\u00edrez<\/b><span style=\"font-weight: 400;\"> (Nueva Alianza) mencion\u00f3 a ni\u00f1as y ni\u00f1os: \u201cnunca permitan que nadie les diga que sus sue\u00f1os son demasiado grandes. Ustedes tienen el derecho inalienable de jugar, re\u00edr y vivir una vida libre de violencia. Su d\u00eda no es solo uno, su d\u00eda debe de ser cada ma\u00f1ana en la que despiertan en un M\u00e9xico que los proteja y un Hidalgo que los impulse\u201d.<\/span><\/p>\n<p><b>Problem\u00e1ticas en Santiago Tulantepec<\/b><\/p>\n<p><span style=\"font-weight: 400;\">El legislador <\/span><b>Marco Antonio Mendoza Bustamante<\/b><span style=\"font-weight: 400;\"> (PRI) expuso que existen mayores problem\u00e1ticas que atender en el municipio de Santiago Tulantepec que la aprobaci\u00f3n del gentilicio \u201ctulantepecano\u201d: \u201cen lugar de que el cabildo est\u00e9 inventando t\u00e9rminos, pues tendr\u00eda que revisar la historia para ver si eso representa a la gente originaria y atender los problemas que verdaderamente est\u00e1 padeciendo la gente\u201d.<\/span><\/p>\n<p><b>Otros puntos en la orden del d\u00eda<\/b><\/p>\n<p><b>Elecci\u00f3n de diputadas y diputados para integrar la directiva de mayo<\/b><\/p>\n<p><span style=\"font-weight: 400;\">La directiva de mayo, correspondiente al segundo periodo ordinario de sesiones del segundo a\u00f1o de ejercicio constitucional, quedar\u00e1 integrada por:<\/span><\/p>\n<ul>\n<li style=\"font-weight: 400;\" aria-level=\"1\"><span style=\"font-weight: 400;\">Diputada <\/span><b>M\u00f3nica Leanett Reyes Mart\u00ednez<\/b><span style=\"font-weight: 400;\">, presidenta.<\/span><\/li>\n<li style=\"font-weight: 400;\" aria-level=\"1\"><span style=\"font-weight: 400;\">Diputado <\/span><b>Arturo G\u00f3mez Canales<\/b><span style=\"font-weight: 400;\">, vicepresidente.<\/span><\/li>\n<li style=\"font-weight: 400;\" aria-level=\"1\"><span style=\"font-weight: 400;\">Diputada<\/span><b> Alma Rosa El\u00edas Paso<\/b><span style=\"font-weight: 400;\">, secretaria.<\/span><\/li>\n<li style=\"font-weight: 400;\" aria-level=\"1\"><span style=\"font-weight: 400;\">Diputado<\/span><b> Leonel Perusqu\u00eda Muedano<\/b><span style=\"font-weight: 400;\">, secretario.<\/span><\/li>\n<li style=\"font-weight: 400;\" aria-level=\"1\"><span style=\"font-weight: 400;\">Diputada <\/span><b>Orqu\u00eddea Larragoiti Osorio<\/b><span style=\"font-weight: 400;\">, secretaria suplente.<\/span><\/li>\n<\/ul>\n<p><span style=\"font-weight: 400;\">Diputado <\/span><b>Marco Antonio Mendoza Bustamante<\/b><span style=\"font-weight: 400;\">, secretario suplente.<\/span><\/p>\n","protected":false},"excerpt":{"rendered":"<p>Redacci\u00f3n En sesi\u00f3n ordinaria, la diputada Paloma Barrag\u00e1n Santos (Morena) detall\u00f3 la iniciativa que reforma la Ley de Humanidades, Ciencias, Tecnolog\u00edas e Innovaci\u00f3n del Estado de Hidalgo, con la finalidad de contribuir a revertir la brecha entre g\u00e9neros en el \u00e1mbito de las ciencias, tecnolog\u00eda, ingenier\u00edas y matem\u00e1ticas, mediante la modificaci\u00f3n para que parte de<\/p>\n","protected":false},"author":2,"featured_media":5817,"comment_status":"open","ping_status":"open","sticky":false,"template":"","format":"standard","meta":{"footnotes":""},"categories":[31,44,39],"tags":[62,377],"class_list":{"0":"post-5816","1":"post","2":"type-post","3":"status-publish","4":"format-standard","5":"has-post-thumbnail","7":"category-hidalgo","8":"category-minuto-a-minuto","9":"category-politica","10":"tag-congreso-de-hidalgo","11":"tag-paloma-barragan-santos"},"yoast_head":"<!-- This site is optimized with the Yoast SEO plugin v26.1.1 - https:\/\/yoast.com\/wordpress\/plugins\/seo\/ -->\n<title>Diputada impulsa financiamiento para cerrar la brecha de g\u00e9nero en las ciencias y tecnolog\u00eda - El Cardinal<\/title>\n<meta name=\"robots\" content=\"index, follow, max-snippet:-1, max-image-preview:large, max-video-preview:-1\" \/>\n<link rel=\"canonical\" href=\"https:\/\/elcardinal.com\/?p=5816\" \/>\n<meta property=\"og:locale\" content=\"es_MX\" \/>\n<meta property=\"og:type\" content=\"article\" \/>\n<meta property=\"og:title\" content=\"Diputada impulsa financiamiento para cerrar la brecha de g\u00e9nero en las ciencias y tecnolog\u00eda - El Cardinal\" \/>\n<meta property=\"og:description\" content=\"Redacci\u00f3n En sesi\u00f3n ordinaria, la diputada Paloma Barrag\u00e1n Santos (Morena) detall\u00f3 la iniciativa que reforma la Ley de Humanidades, Ciencias, Tecnolog\u00edas e Innovaci\u00f3n del Estado de Hidalgo, con la finalidad de contribuir a revertir la brecha entre g\u00e9neros en el \u00e1mbito de las ciencias, tecnolog\u00eda, ingenier\u00edas y matem\u00e1ticas, mediante la modificaci\u00f3n para que parte de\" \/>\n<meta property=\"og:url\" content=\"https:\/\/elcardinal.com\/?p=5816\" \/>\n<meta property=\"og:site_name\" content=\"El Cardinal\" \/>\n<meta property=\"article:publisher\" content=\"https:\/\/www.facebook.com\/profile.php?id=100063093107011\" \/>\n<meta property=\"article:published_time\" content=\"2026-04-30T05:17:52+00:00\" \/>\n<meta property=\"og:image\" content=\"https:\/\/elcardinal.com\/wp-content\/uploads\/2026\/04\/Sesion-29.04.2026-Ordinaria-120.jpg\" \/>\n\t<meta property=\"og:image:width\" content=\"2400\" \/>\n\t<meta property=\"og:image:height\" content=\"1600\" \/>\n\t<meta property=\"og:image:type\" content=\"image\/jpeg\" \/>\n<meta name=\"author\" content=\"Antonio Alcaraz\" \/>\n<meta name=\"twitter:card\" content=\"summary_large_image\" \/>\n<meta name=\"twitter:creator\" content=\"@ElCardinal_Mx\" \/>\n<meta name=\"twitter:site\" content=\"@ElCardinal_Mx\" \/>\n<meta name=\"twitter:label1\" content=\"Escrito por\" \/>\n\t<meta name=\"twitter:data1\" content=\"Antonio Alcaraz\" \/>\n\t<meta name=\"twitter:label2\" content=\"Tiempo de lectura\" \/>\n\t<meta name=\"twitter:data2\" content=\"6 minutos\" \/>\n<script type=\"application\/ld+json\" class=\"yoast-schema-graph\">{\"@context\":\"https:\/\/schema.org\",\"@graph\":[{\"@type\":\"Article\",\"@id\":\"https:\/\/elcardinal.com\/?p=5816#article\",\"isPartOf\":{\"@id\":\"https:\/\/elcardinal.com\/?p=5816\"},\"author\":{\"name\":\"Antonio Alcaraz\",\"@id\":\"https:\/\/elcardinal.com\/#\/schema\/person\/3c352ec0a33987fe275c0e8a2ea69f8b\"},\"headline\":\"Diputada impulsa financiamiento para cerrar la brecha de g\u00e9nero en las ciencias y tecnolog\u00eda\",\"datePublished\":\"2026-04-30T05:17:52+00:00\",\"mainEntityOfPage\":{\"@id\":\"https:\/\/elcardinal.com\/?p=5816\"},\"wordCount\":1348,\"commentCount\":0,\"publisher\":{\"@id\":\"https:\/\/elcardinal.com\/#organization\"},\"image\":{\"@id\":\"https:\/\/elcardinal.com\/?p=5816#primaryimage\"},\"thumbnailUrl\":\"https:\/\/elcardinal.com\/wp-content\/uploads\/2026\/04\/Sesion-29.04.2026-Ordinaria-120.jpg\",\"keywords\":[\"Congreso de Hidalgo\",\"Paloma Barrag\u00e1n Santos\"],\"articleSection\":[\"Hidalgo\",\"Minuto a Minuto\",\"Pol\u00edtica\"],\"inLanguage\":\"es\",\"potentialAction\":[{\"@type\":\"CommentAction\",\"name\":\"Comment\",\"target\":[\"https:\/\/elcardinal.com\/?p=5816#respond\"]}]},{\"@type\":\"WebPage\",\"@id\":\"https:\/\/elcardinal.com\/?p=5816\",\"url\":\"https:\/\/elcardinal.com\/?p=5816\",\"name\":\"Diputada impulsa financiamiento para cerrar la brecha de g\u00e9nero en las ciencias y tecnolog\u00eda - El Cardinal\",\"isPartOf\":{\"@id\":\"https:\/\/elcardinal.com\/#website\"},\"primaryImageOfPage\":{\"@id\":\"https:\/\/elcardinal.com\/?p=5816#primaryimage\"},\"image\":{\"@id\":\"https:\/\/elcardinal.com\/?p=5816#primaryimage\"},\"thumbnailUrl\":\"https:\/\/elcardinal.com\/wp-content\/uploads\/2026\/04\/Sesion-29.04.2026-Ordinaria-120.jpg\",\"datePublished\":\"2026-04-30T05:17:52+00:00\",\"breadcrumb\":{\"@id\":\"https:\/\/elcardinal.com\/?p=5816#breadcrumb\"},\"inLanguage\":\"es\",\"potentialAction\":[{\"@type\":\"ReadAction\",\"target\":[\"https:\/\/elcardinal.com\/?p=5816\"]}]},{\"@type\":\"ImageObject\",\"inLanguage\":\"es\",\"@id\":\"https:\/\/elcardinal.com\/?p=5816#primaryimage\",\"url\":\"https:\/\/elcardinal.com\/wp-content\/uploads\/2026\/04\/Sesion-29.04.2026-Ordinaria-120.jpg\",\"contentUrl\":\"https:\/\/elcardinal.com\/wp-content\/uploads\/2026\/04\/Sesion-29.04.2026-Ordinaria-120.jpg\",\"width\":2400,\"height\":1600},{\"@type\":\"BreadcrumbList\",\"@id\":\"https:\/\/elcardinal.com\/?p=5816#breadcrumb\",\"itemListElement\":[{\"@type\":\"ListItem\",\"position\":1,\"name\":\"Inicio\",\"item\":\"https:\/\/elcardinal.com\/\"},{\"@type\":\"ListItem\",\"position\":2,\"name\":\"Diputada impulsa financiamiento para cerrar la brecha de g\u00e9nero en las ciencias y tecnolog\u00eda\"}]},{\"@type\":\"WebSite\",\"@id\":\"https:\/\/elcardinal.com\/#website\",\"url\":\"https:\/\/elcardinal.com\/\",\"name\":\"El Cardinal\",\"description\":\"Periodismo honesto, con valor, sentido humano, a veces sarc\u00e1stico y divertido.\",\"publisher\":{\"@id\":\"https:\/\/elcardinal.com\/#organization\"},\"alternateName\":\"El Cardinal Noticias\",\"potentialAction\":[{\"@type\":\"SearchAction\",\"target\":{\"@type\":\"EntryPoint\",\"urlTemplate\":\"https:\/\/elcardinal.com\/?s={search_term_string}\"},\"query-input\":{\"@type\":\"PropertyValueSpecification\",\"valueRequired\":true,\"valueName\":\"search_term_string\"}}],\"inLanguage\":\"es\"},{\"@type\":\"Organization\",\"@id\":\"https:\/\/elcardinal.com\/#organization\",\"name\":\"El Cardinal\",\"url\":\"https:\/\/elcardinal.com\/\",\"logo\":{\"@type\":\"ImageObject\",\"inLanguage\":\"es\",\"@id\":\"https:\/\/elcardinal.com\/#\/schema\/logo\/image\/\",\"url\":\"https:\/\/elcardinal.com\/wp-content\/uploads\/2025\/04\/LOGO-EL-CARDINAL-Periodismo-con-valor.png\",\"contentUrl\":\"https:\/\/elcardinal.com\/wp-content\/uploads\/2025\/04\/LOGO-EL-CARDINAL-Periodismo-con-valor.png\",\"width\":755,\"height\":636,\"caption\":\"El Cardinal\"},\"image\":{\"@id\":\"https:\/\/elcardinal.com\/#\/schema\/logo\/image\/\"},\"sameAs\":[\"https:\/\/www.facebook.com\/profile.php?id=100063093107011\",\"https:\/\/x.com\/ElCardinal_Mx\"]},{\"@type\":\"Person\",\"@id\":\"https:\/\/elcardinal.com\/#\/schema\/person\/3c352ec0a33987fe275c0e8a2ea69f8b\",\"name\":\"Antonio Alcaraz\",\"image\":{\"@type\":\"ImageObject\",\"inLanguage\":\"es\",\"@id\":\"https:\/\/elcardinal.com\/#\/schema\/person\/image\/\",\"url\":\"https:\/\/elcardinal.com\/wp-content\/uploads\/2025\/05\/cropped-TONO-96x96.jpg\",\"contentUrl\":\"https:\/\/elcardinal.com\/wp-content\/uploads\/2025\/05\/cropped-TONO-96x96.jpg\",\"caption\":\"Antonio Alcaraz\"},\"url\":\"https:\/\/elcardinal.com\/?author=2\"}]}<\/script>\n<!-- \/ Yoast SEO plugin. -->","yoast_head_json":{"title":"Diputada impulsa financiamiento para cerrar la brecha de g\u00e9nero en las ciencias y tecnolog\u00eda - El Cardinal","robots":{"index":"index","follow":"follow","max-snippet":"max-snippet:-1","max-image-preview":"max-image-preview:large","max-video-preview":"max-video-preview:-1"},"canonical":"https:\/\/elcardinal.com\/?p=5816","og_locale":"es_MX","og_type":"article","og_title":"Diputada impulsa financiamiento para cerrar la brecha de g\u00e9nero en las ciencias y tecnolog\u00eda - El Cardinal","og_description":"Redacci\u00f3n En sesi\u00f3n ordinaria, la diputada Paloma Barrag\u00e1n Santos (Morena) detall\u00f3 la iniciativa que reforma la Ley de Humanidades, Ciencias, Tecnolog\u00edas e Innovaci\u00f3n del Estado de Hidalgo, con la finalidad de contribuir a revertir la brecha entre g\u00e9neros en el \u00e1mbito de las ciencias, tecnolog\u00eda, ingenier\u00edas y matem\u00e1ticas, mediante la modificaci\u00f3n para que parte de","og_url":"https:\/\/elcardinal.com\/?p=5816","og_site_name":"El Cardinal","article_publisher":"https:\/\/www.facebook.com\/profile.php?id=100063093107011","article_published_time":"2026-04-30T05:17:52+00:00","og_image":[{"width":2400,"height":1600,"url":"https:\/\/elcardinal.com\/wp-content\/uploads\/2026\/04\/Sesion-29.04.2026-Ordinaria-120.jpg","type":"image\/jpeg"}],"author":"Antonio Alcaraz","twitter_card":"summary_large_image","twitter_creator":"@ElCardinal_Mx","twitter_site":"@ElCardinal_Mx","twitter_misc":{"Escrito por":"Antonio Alcaraz","Tiempo de lectura":"6 minutos"},"schema":{"@context":"https:\/\/schema.org","@graph":[{"@type":"Article","@id":"https:\/\/elcardinal.com\/?p=5816#article","isPartOf":{"@id":"https:\/\/elcardinal.com\/?p=5816"},"author":{"name":"Antonio Alcaraz","@id":"https:\/\/elcardinal.com\/#\/schema\/person\/3c352ec0a33987fe275c0e8a2ea69f8b"},"headline":"Diputada impulsa financiamiento para cerrar la brecha de g\u00e9nero en las ciencias y tecnolog\u00eda","datePublished":"2026-04-30T05:17:52+00:00","mainEntityOfPage":{"@id":"https:\/\/elcardinal.com\/?p=5816"},"wordCount":1348,"commentCount":0,"publisher":{"@id":"https:\/\/elcardinal.com\/#organization"},"image":{"@id":"https:\/\/elcardinal.com\/?p=5816#primaryimage"},"thumbnailUrl":"https:\/\/elcardinal.com\/wp-content\/uploads\/2026\/04\/Sesion-29.04.2026-Ordinaria-120.jpg","keywords":["Congreso de Hidalgo","Paloma Barrag\u00e1n Santos"],"articleSection":["Hidalgo","Minuto a Minuto","Pol\u00edtica"],"inLanguage":"es","potentialAction":[{"@type":"CommentAction","name":"Comment","target":["https:\/\/elcardinal.com\/?p=5816#respond"]}]},{"@type":"WebPage","@id":"https:\/\/elcardinal.com\/?p=5816","url":"https:\/\/elcardinal.com\/?p=5816","name":"Diputada impulsa financiamiento para cerrar la brecha de g\u00e9nero en las ciencias y tecnolog\u00eda - El Cardinal","isPartOf":{"@id":"https:\/\/elcardinal.com\/#website"},"primaryImageOfPage":{"@id":"https:\/\/elcardinal.com\/?p=5816#primaryimage"},"image":{"@id":"https:\/\/elcardinal.com\/?p=5816#primaryimage"},"thumbnailUrl":"https:\/\/elcardinal.com\/wp-content\/uploads\/2026\/04\/Sesion-29.04.2026-Ordinaria-120.jpg","datePublished":"2026-04-30T05:17:52+00:00","breadcrumb":{"@id":"https:\/\/elcardinal.com\/?p=5816#breadcrumb"},"inLanguage":"es","potentialAction":[{"@type":"ReadAction","target":["https:\/\/elcardinal.com\/?p=5816"]}]},{"@type":"ImageObject","inLanguage":"es","@id":"https:\/\/elcardinal.com\/?p=5816#primaryimage","url":"https:\/\/elcardinal.com\/wp-content\/uploads\/2026\/04\/Sesion-29.04.2026-Ordinaria-120.jpg","contentUrl":"https:\/\/elcardinal.com\/wp-content\/uploads\/2026\/04\/Sesion-29.04.2026-Ordinaria-120.jpg","width":2400,"height":1600},{"@type":"BreadcrumbList","@id":"https:\/\/elcardinal.com\/?p=5816#breadcrumb","itemListElement":[{"@type":"ListItem","position":1,"name":"Inicio","item":"https:\/\/elcardinal.com\/"},{"@type":"ListItem","position":2,"name":"Diputada impulsa financiamiento para cerrar la brecha de g\u00e9nero en las ciencias y tecnolog\u00eda"}]},{"@type":"WebSite","@id":"https:\/\/elcardinal.com\/#website","url":"https:\/\/elcardinal.com\/","name":"El Cardinal","description":"Periodismo honesto, con valor, sentido humano, a veces sarc\u00e1stico y divertido.","publisher":{"@id":"https:\/\/elcardinal.com\/#organization"},"alternateName":"El Cardinal Noticias","potentialAction":[{"@type":"SearchAction","target":{"@type":"EntryPoint","urlTemplate":"https:\/\/elcardinal.com\/?s={search_term_string}"},"query-input":{"@type":"PropertyValueSpecification","valueRequired":true,"valueName":"search_term_string"}}],"inLanguage":"es"},{"@type":"Organization","@id":"https:\/\/elcardinal.com\/#organization","name":"El Cardinal","url":"https:\/\/elcardinal.com\/","logo":{"@type":"ImageObject","inLanguage":"es","@id":"https:\/\/elcardinal.com\/#\/schema\/logo\/image\/","url":"https:\/\/elcardinal.com\/wp-content\/uploads\/2025\/04\/LOGO-EL-CARDINAL-Periodismo-con-valor.png","contentUrl":"https:\/\/elcardinal.com\/wp-content\/uploads\/2025\/04\/LOGO-EL-CARDINAL-Periodismo-con-valor.png","width":755,"height":636,"caption":"El Cardinal"},"image":{"@id":"https:\/\/elcardinal.com\/#\/schema\/logo\/image\/"},"sameAs":["https:\/\/www.facebook.com\/profile.php?id=100063093107011","https:\/\/x.com\/ElCardinal_Mx"]},{"@type":"Person","@id":"https:\/\/elcardinal.com\/#\/schema\/person\/3c352ec0a33987fe275c0e8a2ea69f8b","name":"Antonio Alcaraz","image":{"@type":"ImageObject","inLanguage":"es","@id":"https:\/\/elcardinal.com\/#\/schema\/person\/image\/","url":"https:\/\/elcardinal.com\/wp-content\/uploads\/2025\/05\/cropped-TONO-96x96.jpg","contentUrl":"https:\/\/elcardinal.com\/wp-content\/uploads\/2025\/05\/cropped-TONO-96x96.jpg","caption":"Antonio Alcaraz"},"url":"https:\/\/elcardinal.com\/?author=2"}]}},"_links":{"self":[{"href":"https:\/\/elcardinal.com\/index.php?rest_route=\/wp\/v2\/posts\/5816","targetHints":{"allow":["GET"]}}],"collection":[{"href":"https:\/\/elcardinal.com\/index.php?rest_route=\/wp\/v2\/posts"}],"about":[{"href":"https:\/\/elcardinal.com\/index.php?rest_route=\/wp\/v2\/types\/post"}],"author":[{"embeddable":true,"href":"https:\/\/elcardinal.com\/index.php?rest_route=\/wp\/v2\/users\/2"}],"replies":[{"embeddable":true,"href":"https:\/\/elcardinal.com\/index.php?rest_route=%2Fwp%2Fv2%2Fcomments&post=5816"}],"version-history":[{"count":1,"href":"https:\/\/elcardinal.com\/index.php?rest_route=\/wp\/v2\/posts\/5816\/revisions"}],"predecessor-version":[{"id":5818,"href":"https:\/\/elcardinal.com\/index.php?rest_route=\/wp\/v2\/posts\/5816\/revisions\/5818"}],"wp:featuredmedia":[{"embeddable":true,"href":"https:\/\/elcardinal.com\/index.php?rest_route=\/wp\/v2\/media\/5817"}],"wp:attachment":[{"href":"https:\/\/elcardinal.com\/index.php?rest_route=%2Fwp%2Fv2%2Fmedia&parent=5816"}],"wp:term":[{"taxonomy":"category","embeddable":true,"href":"https:\/\/elcardinal.com\/index.php?rest_route=%2Fwp%2Fv2%2Fcategories&post=5816"},{"taxonomy":"post_tag","embeddable":true,"href":"https:\/\/elcardinal.com\/index.php?rest_route=%2Fwp%2Fv2%2Ftags&post=5816"}],"curies":[{"name":"wp","href":"https:\/\/api.w.org\/{rel}","templated":true}]}}