{"id":5819,"date":"2026-04-29T23:20:38","date_gmt":"2026-04-30T05:20:38","guid":{"rendered":"https:\/\/elcardinal.com\/?p=5819"},"modified":"2026-04-29T23:20:38","modified_gmt":"2026-04-30T05:20:38","slug":"poder-legislativo-recibe-la-cuenta-publica-del-estado-de-hidalgo-2025","status":"publish","type":"post","link":"https:\/\/elcardinal.com\/?p=5819","title":{"rendered":"Poder Legislativo recibe la Cuenta P\u00fablica del Estado de Hidalgo 2025"},"content":{"rendered":"<p>Redacci\u00f3n<\/p>\n<p><span style=\"font-weight: 400;\">En sesi\u00f3n de la Comisi\u00f3n Inspectora de la Auditor\u00eda Superior, el <\/span><b>Poder Legislativo<\/b><span style=\"font-weight: 400;\"> recibi\u00f3 la Cuenta P\u00fablica del Estado de Hidalgo 2025, con fundamento en la Ley de Fiscalizaci\u00f3n Superior y Rendici\u00f3n de Cuentas de la entidad.<\/span><\/p>\n<p><span style=\"font-weight: 400;\">El diputado <\/span><b>Andr\u00e9s Velazquez V\u00e1zquez<\/b><span style=\"font-weight: 400;\">, presidente de la Junta de Gobierno y de la comisi\u00f3n, precis\u00f3 que la cuenta p\u00fablica es el documento que integra la gesti\u00f3n financiera anual de los entes p\u00fablicos a trav\u00e9s de la informaci\u00f3n contable, presupuestaria, program\u00e1tica y econ\u00f3mica generada durante el ejercicio correspondiente.\u00a0<\/span><\/p>\n<p><span style=\"font-weight: 400;\">\u201cEstablece que la fiscalizaci\u00f3n superior tiene por objeto revisar la gesti\u00f3n financiera, verificar el cumplimiento de objetivos y metas, as\u00ed como constatar el apego a las disposiciones en materia de disciplina financiera. La recepci\u00f3n de la cuenta representa un ejercicio democr\u00e1tico, mediante el cual las instituciones p\u00fablicas informan a la ciudadan\u00eda sobre el origen, destino, administraci\u00f3n y aplicaci\u00f3n de los recursos p\u00fablicos\u201d, subray\u00f3 el legislador.<\/span><\/p>\n<p><b>Mar\u00eda Esther Ram\u00edrez Vargas<\/b><span style=\"font-weight: 400;\">, secretaria de Hacienda del Estado de Hidalgo, quien entreg\u00f3 la cuenta, inform\u00f3 que este documento se integra por siete tomos que incluyen el detalle de ingresos, egresos, deuda p\u00fablica, estados financieros consolidados, as\u00ed como la informaci\u00f3n correspondiente a los poderes del estado, \u00f3rganos aut\u00f3nomos y entidades paraestatales.<\/span><\/p>\n<p><span style=\"font-weight: 400;\">\u201cEn el ejercicio fiscal 2025 se registraron ingresos totales por 73 mil 653 millones de pesos, superando el 4 por ciento de lo estimado en la Ley de Ingresos del mismo a\u00f1o. Esto fue resultado del incremento de la recaudaci\u00f3n de ingresos propios, los cuales crecieron un 96 por ciento respecto al ejercicio 2021\u201d, precis\u00f3 la funcionaria.<\/span><\/p>\n<p><span style=\"font-weight: 400;\">La diputada <\/span><b>Paloma Barrag\u00e1n Santos<\/b><span style=\"font-weight: 400;\">, presidenta de la directiva de abril, mencion\u00f3 que este encuentro re\u00fane voluntades, miradas t\u00e9cnicas y compromiso institucional para revisar con seriedad el ejercicio de los recursos p\u00fablicos, \u201cporque detr\u00e1s de cada cifra hay decisiones, y detr\u00e1s de cada decisi\u00f3n, una intenci\u00f3n de atender mejor a la gente. Este proceso permitir\u00e1 evaluar el desempe\u00f1o financiero del gobierno estatal y verificar que la aplicaci\u00f3n del presupuesto se haya realizado conforme a la normatividad vigente\u201d.<\/span><\/p>\n<p><span style=\"font-weight: 400;\">En la entrega tambi\u00e9n estuvieron presentes diputadas y diputados integrantes de la comisi\u00f3n; as\u00ed como directores, personal del Congreso y de la Secretar\u00eda de Hacienda.<\/span><\/p>\n","protected":false},"excerpt":{"rendered":"<p>Redacci\u00f3n En sesi\u00f3n de la Comisi\u00f3n Inspectora de la Auditor\u00eda Superior, el Poder Legislativo recibi\u00f3 la Cuenta P\u00fablica del Estado de Hidalgo 2025, con fundamento en la Ley de Fiscalizaci\u00f3n Superior y Rendici\u00f3n de Cuentas de la entidad. El diputado Andr\u00e9s Velazquez V\u00e1zquez, presidente de la Junta de Gobierno y de la comisi\u00f3n, precis\u00f3 que<\/p>\n","protected":false},"author":2,"featured_media":5820,"comment_status":"open","ping_status":"open","sticky":false,"template":"","format":"standard","meta":{"footnotes":""},"categories":[31,44,39],"tags":[62],"class_list":{"0":"post-5819","1":"post","2":"type-post","3":"status-publish","4":"format-standard","5":"has-post-thumbnail","7":"category-hidalgo","8":"category-minuto-a-minuto","9":"category-politica","10":"tag-congreso-de-hidalgo"},"yoast_head":"<!-- This site is optimized with the Yoast SEO plugin v26.1.1 - https:\/\/yoast.com\/wordpress\/plugins\/seo\/ -->\n<title>Poder Legislativo recibe la Cuenta P\u00fablica del Estado de Hidalgo 2025 - El Cardinal<\/title>\n<meta name=\"robots\" content=\"index, follow, max-snippet:-1, max-image-preview:large, max-video-preview:-1\" \/>\n<link rel=\"canonical\" href=\"https:\/\/elcardinal.com\/?p=5819\" \/>\n<meta property=\"og:locale\" content=\"es_MX\" \/>\n<meta property=\"og:type\" content=\"article\" \/>\n<meta property=\"og:title\" content=\"Poder Legislativo recibe la Cuenta P\u00fablica del Estado de Hidalgo 2025 - El Cardinal\" \/>\n<meta property=\"og:description\" content=\"Redacci\u00f3n En sesi\u00f3n de la Comisi\u00f3n Inspectora de la Auditor\u00eda Superior, el Poder Legislativo recibi\u00f3 la Cuenta P\u00fablica del Estado de Hidalgo 2025, con fundamento en la Ley de Fiscalizaci\u00f3n Superior y Rendici\u00f3n de Cuentas de la entidad. El diputado Andr\u00e9s Velazquez V\u00e1zquez, presidente de la Junta de Gobierno y de la comisi\u00f3n, precis\u00f3 que\" \/>\n<meta property=\"og:url\" content=\"https:\/\/elcardinal.com\/?p=5819\" \/>\n<meta property=\"og:site_name\" content=\"El Cardinal\" \/>\n<meta property=\"article:publisher\" content=\"https:\/\/www.facebook.com\/profile.php?id=100063093107011\" \/>\n<meta property=\"article:published_time\" content=\"2026-04-30T05:20:38+00:00\" \/>\n<meta property=\"og:image\" content=\"https:\/\/elcardinal.com\/wp-content\/uploads\/2026\/04\/29.04.2026-Entrega-Cuenta-Publica-Estatal-9.jpg\" \/>\n\t<meta property=\"og:image:width\" content=\"1636\" \/>\n\t<meta property=\"og:image:height\" content=\"1800\" \/>\n\t<meta property=\"og:image:type\" content=\"image\/jpeg\" \/>\n<meta name=\"author\" content=\"Antonio Alcaraz\" \/>\n<meta name=\"twitter:card\" content=\"summary_large_image\" \/>\n<meta name=\"twitter:creator\" content=\"@ElCardinal_Mx\" \/>\n<meta name=\"twitter:site\" content=\"@ElCardinal_Mx\" \/>\n<meta name=\"twitter:label1\" content=\"Escrito por\" \/>\n\t<meta name=\"twitter:data1\" content=\"Antonio Alcaraz\" \/>\n\t<meta name=\"twitter:label2\" content=\"Tiempo de lectura\" \/>\n\t<meta name=\"twitter:data2\" content=\"2 minutos\" \/>\n<script type=\"application\/ld+json\" class=\"yoast-schema-graph\">{\"@context\":\"https:\/\/schema.org\",\"@graph\":[{\"@type\":\"Article\",\"@id\":\"https:\/\/elcardinal.com\/?p=5819#article\",\"isPartOf\":{\"@id\":\"https:\/\/elcardinal.com\/?p=5819\"},\"author\":{\"name\":\"Antonio Alcaraz\",\"@id\":\"https:\/\/elcardinal.com\/#\/schema\/person\/3c352ec0a33987fe275c0e8a2ea69f8b\"},\"headline\":\"Poder Legislativo recibe la Cuenta P\u00fablica del Estado de Hidalgo 2025\",\"datePublished\":\"2026-04-30T05:20:38+00:00\",\"mainEntityOfPage\":{\"@id\":\"https:\/\/elcardinal.com\/?p=5819\"},\"wordCount\":411,\"commentCount\":0,\"publisher\":{\"@id\":\"https:\/\/elcardinal.com\/#organization\"},\"image\":{\"@id\":\"https:\/\/elcardinal.com\/?p=5819#primaryimage\"},\"thumbnailUrl\":\"https:\/\/elcardinal.com\/wp-content\/uploads\/2026\/04\/29.04.2026-Entrega-Cuenta-Publica-Estatal-9.jpg\",\"keywords\":[\"Congreso de Hidalgo\"],\"articleSection\":[\"Hidalgo\",\"Minuto a Minuto\",\"Pol\u00edtica\"],\"inLanguage\":\"es\",\"potentialAction\":[{\"@type\":\"CommentAction\",\"name\":\"Comment\",\"target\":[\"https:\/\/elcardinal.com\/?p=5819#respond\"]}]},{\"@type\":\"WebPage\",\"@id\":\"https:\/\/elcardinal.com\/?p=5819\",\"url\":\"https:\/\/elcardinal.com\/?p=5819\",\"name\":\"Poder Legislativo recibe la Cuenta P\u00fablica del Estado de Hidalgo 2025 - El Cardinal\",\"isPartOf\":{\"@id\":\"https:\/\/elcardinal.com\/#website\"},\"primaryImageOfPage\":{\"@id\":\"https:\/\/elcardinal.com\/?p=5819#primaryimage\"},\"image\":{\"@id\":\"https:\/\/elcardinal.com\/?p=5819#primaryimage\"},\"thumbnailUrl\":\"https:\/\/elcardinal.com\/wp-content\/uploads\/2026\/04\/29.04.2026-Entrega-Cuenta-Publica-Estatal-9.jpg\",\"datePublished\":\"2026-04-30T05:20:38+00:00\",\"breadcrumb\":{\"@id\":\"https:\/\/elcardinal.com\/?p=5819#breadcrumb\"},\"inLanguage\":\"es\",\"potentialAction\":[{\"@type\":\"ReadAction\",\"target\":[\"https:\/\/elcardinal.com\/?p=5819\"]}]},{\"@type\":\"ImageObject\",\"inLanguage\":\"es\",\"@id\":\"https:\/\/elcardinal.com\/?p=5819#primaryimage\",\"url\":\"https:\/\/elcardinal.com\/wp-content\/uploads\/2026\/04\/29.04.2026-Entrega-Cuenta-Publica-Estatal-9.jpg\",\"contentUrl\":\"https:\/\/elcardinal.com\/wp-content\/uploads\/2026\/04\/29.04.2026-Entrega-Cuenta-Publica-Estatal-9.jpg\",\"width\":1636,\"height\":1800},{\"@type\":\"BreadcrumbList\",\"@id\":\"https:\/\/elcardinal.com\/?p=5819#breadcrumb\",\"itemListElement\":[{\"@type\":\"ListItem\",\"position\":1,\"name\":\"Inicio\",\"item\":\"https:\/\/elcardinal.com\/\"},{\"@type\":\"ListItem\",\"position\":2,\"name\":\"Poder Legislativo recibe la Cuenta P\u00fablica del Estado de Hidalgo 2025\"}]},{\"@type\":\"WebSite\",\"@id\":\"https:\/\/elcardinal.com\/#website\",\"url\":\"https:\/\/elcardinal.com\/\",\"name\":\"El Cardinal\",\"description\":\"Periodismo honesto, con valor, sentido humano, a veces sarc\u00e1stico y divertido.\",\"publisher\":{\"@id\":\"https:\/\/elcardinal.com\/#organization\"},\"alternateName\":\"El Cardinal Noticias\",\"potentialAction\":[{\"@type\":\"SearchAction\",\"target\":{\"@type\":\"EntryPoint\",\"urlTemplate\":\"https:\/\/elcardinal.com\/?s={search_term_string}\"},\"query-input\":{\"@type\":\"PropertyValueSpecification\",\"valueRequired\":true,\"valueName\":\"search_term_string\"}}],\"inLanguage\":\"es\"},{\"@type\":\"Organization\",\"@id\":\"https:\/\/elcardinal.com\/#organization\",\"name\":\"El Cardinal\",\"url\":\"https:\/\/elcardinal.com\/\",\"logo\":{\"@type\":\"ImageObject\",\"inLanguage\":\"es\",\"@id\":\"https:\/\/elcardinal.com\/#\/schema\/logo\/image\/\",\"url\":\"https:\/\/elcardinal.com\/wp-content\/uploads\/2025\/04\/LOGO-EL-CARDINAL-Periodismo-con-valor.png\",\"contentUrl\":\"https:\/\/elcardinal.com\/wp-content\/uploads\/2025\/04\/LOGO-EL-CARDINAL-Periodismo-con-valor.png\",\"width\":755,\"height\":636,\"caption\":\"El Cardinal\"},\"image\":{\"@id\":\"https:\/\/elcardinal.com\/#\/schema\/logo\/image\/\"},\"sameAs\":[\"https:\/\/www.facebook.com\/profile.php?id=100063093107011\",\"https:\/\/x.com\/ElCardinal_Mx\"]},{\"@type\":\"Person\",\"@id\":\"https:\/\/elcardinal.com\/#\/schema\/person\/3c352ec0a33987fe275c0e8a2ea69f8b\",\"name\":\"Antonio Alcaraz\",\"image\":{\"@type\":\"ImageObject\",\"inLanguage\":\"es\",\"@id\":\"https:\/\/elcardinal.com\/#\/schema\/person\/image\/\",\"url\":\"https:\/\/elcardinal.com\/wp-content\/uploads\/2025\/05\/cropped-TONO-96x96.jpg\",\"contentUrl\":\"https:\/\/elcardinal.com\/wp-content\/uploads\/2025\/05\/cropped-TONO-96x96.jpg\",\"caption\":\"Antonio Alcaraz\"},\"url\":\"https:\/\/elcardinal.com\/?author=2\"}]}<\/script>\n<!-- \/ Yoast SEO plugin. -->","yoast_head_json":{"title":"Poder Legislativo recibe la Cuenta P\u00fablica del Estado de Hidalgo 2025 - El Cardinal","robots":{"index":"index","follow":"follow","max-snippet":"max-snippet:-1","max-image-preview":"max-image-preview:large","max-video-preview":"max-video-preview:-1"},"canonical":"https:\/\/elcardinal.com\/?p=5819","og_locale":"es_MX","og_type":"article","og_title":"Poder Legislativo recibe la Cuenta P\u00fablica del Estado de Hidalgo 2025 - El Cardinal","og_description":"Redacci\u00f3n En sesi\u00f3n de la Comisi\u00f3n Inspectora de la Auditor\u00eda Superior, el Poder Legislativo recibi\u00f3 la Cuenta P\u00fablica del Estado de Hidalgo 2025, con fundamento en la Ley de Fiscalizaci\u00f3n Superior y Rendici\u00f3n de Cuentas de la entidad. El diputado Andr\u00e9s Velazquez V\u00e1zquez, presidente de la Junta de Gobierno y de la comisi\u00f3n, precis\u00f3 que","og_url":"https:\/\/elcardinal.com\/?p=5819","og_site_name":"El Cardinal","article_publisher":"https:\/\/www.facebook.com\/profile.php?id=100063093107011","article_published_time":"2026-04-30T05:20:38+00:00","og_image":[{"width":1636,"height":1800,"url":"https:\/\/elcardinal.com\/wp-content\/uploads\/2026\/04\/29.04.2026-Entrega-Cuenta-Publica-Estatal-9.jpg","type":"image\/jpeg"}],"author":"Antonio Alcaraz","twitter_card":"summary_large_image","twitter_creator":"@ElCardinal_Mx","twitter_site":"@ElCardinal_Mx","twitter_misc":{"Escrito por":"Antonio Alcaraz","Tiempo de lectura":"2 minutos"},"schema":{"@context":"https:\/\/schema.org","@graph":[{"@type":"Article","@id":"https:\/\/elcardinal.com\/?p=5819#article","isPartOf":{"@id":"https:\/\/elcardinal.com\/?p=5819"},"author":{"name":"Antonio Alcaraz","@id":"https:\/\/elcardinal.com\/#\/schema\/person\/3c352ec0a33987fe275c0e8a2ea69f8b"},"headline":"Poder Legislativo recibe la Cuenta P\u00fablica del Estado de Hidalgo 2025","datePublished":"2026-04-30T05:20:38+00:00","mainEntityOfPage":{"@id":"https:\/\/elcardinal.com\/?p=5819"},"wordCount":411,"commentCount":0,"publisher":{"@id":"https:\/\/elcardinal.com\/#organization"},"image":{"@id":"https:\/\/elcardinal.com\/?p=5819#primaryimage"},"thumbnailUrl":"https:\/\/elcardinal.com\/wp-content\/uploads\/2026\/04\/29.04.2026-Entrega-Cuenta-Publica-Estatal-9.jpg","keywords":["Congreso de Hidalgo"],"articleSection":["Hidalgo","Minuto a Minuto","Pol\u00edtica"],"inLanguage":"es","potentialAction":[{"@type":"CommentAction","name":"Comment","target":["https:\/\/elcardinal.com\/?p=5819#respond"]}]},{"@type":"WebPage","@id":"https:\/\/elcardinal.com\/?p=5819","url":"https:\/\/elcardinal.com\/?p=5819","name":"Poder Legislativo recibe la Cuenta P\u00fablica del Estado de Hidalgo 2025 - El Cardinal","isPartOf":{"@id":"https:\/\/elcardinal.com\/#website"},"primaryImageOfPage":{"@id":"https:\/\/elcardinal.com\/?p=5819#primaryimage"},"image":{"@id":"https:\/\/elcardinal.com\/?p=5819#primaryimage"},"thumbnailUrl":"https:\/\/elcardinal.com\/wp-content\/uploads\/2026\/04\/29.04.2026-Entrega-Cuenta-Publica-Estatal-9.jpg","datePublished":"2026-04-30T05:20:38+00:00","breadcrumb":{"@id":"https:\/\/elcardinal.com\/?p=5819#breadcrumb"},"inLanguage":"es","potentialAction":[{"@type":"ReadAction","target":["https:\/\/elcardinal.com\/?p=5819"]}]},{"@type":"ImageObject","inLanguage":"es","@id":"https:\/\/elcardinal.com\/?p=5819#primaryimage","url":"https:\/\/elcardinal.com\/wp-content\/uploads\/2026\/04\/29.04.2026-Entrega-Cuenta-Publica-Estatal-9.jpg","contentUrl":"https:\/\/elcardinal.com\/wp-content\/uploads\/2026\/04\/29.04.2026-Entrega-Cuenta-Publica-Estatal-9.jpg","width":1636,"height":1800},{"@type":"BreadcrumbList","@id":"https:\/\/elcardinal.com\/?p=5819#breadcrumb","itemListElement":[{"@type":"ListItem","position":1,"name":"Inicio","item":"https:\/\/elcardinal.com\/"},{"@type":"ListItem","position":2,"name":"Poder Legislativo recibe la Cuenta P\u00fablica del Estado de Hidalgo 2025"}]},{"@type":"WebSite","@id":"https:\/\/elcardinal.com\/#website","url":"https:\/\/elcardinal.com\/","name":"El Cardinal","description":"Periodismo honesto, con valor, sentido humano, a veces sarc\u00e1stico y divertido.","publisher":{"@id":"https:\/\/elcardinal.com\/#organization"},"alternateName":"El Cardinal Noticias","potentialAction":[{"@type":"SearchAction","target":{"@type":"EntryPoint","urlTemplate":"https:\/\/elcardinal.com\/?s={search_term_string}"},"query-input":{"@type":"PropertyValueSpecification","valueRequired":true,"valueName":"search_term_string"}}],"inLanguage":"es"},{"@type":"Organization","@id":"https:\/\/elcardinal.com\/#organization","name":"El Cardinal","url":"https:\/\/elcardinal.com\/","logo":{"@type":"ImageObject","inLanguage":"es","@id":"https:\/\/elcardinal.com\/#\/schema\/logo\/image\/","url":"https:\/\/elcardinal.com\/wp-content\/uploads\/2025\/04\/LOGO-EL-CARDINAL-Periodismo-con-valor.png","contentUrl":"https:\/\/elcardinal.com\/wp-content\/uploads\/2025\/04\/LOGO-EL-CARDINAL-Periodismo-con-valor.png","width":755,"height":636,"caption":"El Cardinal"},"image":{"@id":"https:\/\/elcardinal.com\/#\/schema\/logo\/image\/"},"sameAs":["https:\/\/www.facebook.com\/profile.php?id=100063093107011","https:\/\/x.com\/ElCardinal_Mx"]},{"@type":"Person","@id":"https:\/\/elcardinal.com\/#\/schema\/person\/3c352ec0a33987fe275c0e8a2ea69f8b","name":"Antonio Alcaraz","image":{"@type":"ImageObject","inLanguage":"es","@id":"https:\/\/elcardinal.com\/#\/schema\/person\/image\/","url":"https:\/\/elcardinal.com\/wp-content\/uploads\/2025\/05\/cropped-TONO-96x96.jpg","contentUrl":"https:\/\/elcardinal.com\/wp-content\/uploads\/2025\/05\/cropped-TONO-96x96.jpg","caption":"Antonio Alcaraz"},"url":"https:\/\/elcardinal.com\/?author=2"}]}},"_links":{"self":[{"href":"https:\/\/elcardinal.com\/index.php?rest_route=\/wp\/v2\/posts\/5819","targetHints":{"allow":["GET"]}}],"collection":[{"href":"https:\/\/elcardinal.com\/index.php?rest_route=\/wp\/v2\/posts"}],"about":[{"href":"https:\/\/elcardinal.com\/index.php?rest_route=\/wp\/v2\/types\/post"}],"author":[{"embeddable":true,"href":"https:\/\/elcardinal.com\/index.php?rest_route=\/wp\/v2\/users\/2"}],"replies":[{"embeddable":true,"href":"https:\/\/elcardinal.com\/index.php?rest_route=%2Fwp%2Fv2%2Fcomments&post=5819"}],"version-history":[{"count":1,"href":"https:\/\/elcardinal.com\/index.php?rest_route=\/wp\/v2\/posts\/5819\/revisions"}],"predecessor-version":[{"id":5821,"href":"https:\/\/elcardinal.com\/index.php?rest_route=\/wp\/v2\/posts\/5819\/revisions\/5821"}],"wp:featuredmedia":[{"embeddable":true,"href":"https:\/\/elcardinal.com\/index.php?rest_route=\/wp\/v2\/media\/5820"}],"wp:attachment":[{"href":"https:\/\/elcardinal.com\/index.php?rest_route=%2Fwp%2Fv2%2Fmedia&parent=5819"}],"wp:term":[{"taxonomy":"category","embeddable":true,"href":"https:\/\/elcardinal.com\/index.php?rest_route=%2Fwp%2Fv2%2Fcategories&post=5819"},{"taxonomy":"post_tag","embeddable":true,"href":"https:\/\/elcardinal.com\/index.php?rest_route=%2Fwp%2Fv2%2Ftags&post=5819"}],"curies":[{"name":"wp","href":"https:\/\/api.w.org\/{rel}","templated":true}]}}