{"id":5822,"date":"2026-04-30T10:42:59","date_gmt":"2026-04-30T16:42:59","guid":{"rendered":"https:\/\/elcardinal.com\/?p=5822"},"modified":"2026-04-30T10:42:59","modified_gmt":"2026-04-30T16:42:59","slug":"tono-bello-la-historia-del-nino-hombre-que-nunca-dejo-de-sonar","status":"publish","type":"post","link":"https:\/\/elcardinal.com\/?p=5822","title":{"rendered":"To\u00f1o Bello: la historia del ni\u00f1o-hombre que nunca dej\u00f3 de so\u00f1ar"},"content":{"rendered":"<p>Por: <strong>Jos\u00e9 Antonio Alcaraz Su\u00e1rez<\/strong><\/p>\n<p>En cada uno de nosotros vive un ni\u00f1o que <strong>nunca ha dejado de so\u00f1ar, de temer, de amar y de anhelar ser visto<\/strong>. A veces lo hemos silenciado, creyendo que crecer era dejarlo atr\u00e1s. Pero, la verdadera madurez no es olvidar a nuestro ni\u00f1o interior, sino aprender a caminar de su mano.<\/p>\n<blockquote><p>En los pliegues de nuestra memoria, en esos rincones donde la raz\u00f3n no siempre alcanza, habita la esencia pura de quienes somos. <strong>El ni\u00f1o interior<\/strong> representa nuestra capacidad de asombro, nuestra vulnerabilidad sagrada, el impulso genuino hacia la alegr\u00eda, la creatividad y el amor incondicional.<\/p><\/blockquote>\n<p>De manera personal, hoy puedo decir: \u00a1Tengo un ni\u00f1o interior feliz, sonriente y travieso! Lo reconozco y amo en plenitud, se llama<strong> To\u00f1o Bello<\/strong>. Aunque en el pasado lo ten\u00eda olvidado, lastimado y desorientado. Fue un proceso de d\u00e9cadas para reconocerlo, rescatarlo, abrazarlo, sanarlo y caminar con \u00e9l, tomando su manita, en la playa viendo el atardecer, escenario que nos gusta. <strong>Soy el HOMBRE-NI\u00d1O.<\/strong><\/p>\n<p><strong>\u00bfQU\u00c9 ES UN NI\u00d1O INTERIOR?<\/strong><\/p>\n<p>Muchos desconocen que filos\u00f3fica, psicol\u00f3gica y espiritualmente tenemos un ni\u00f1o interior. Aunque crecemos en edad, en el fondo de nosotros permanece una parte emocional, espont\u00e1nea y sensible que se form\u00f3 en la infancia. Es esa parte que siente asombro, juega, crea, sue\u00f1a, pero tambi\u00e9n la que guarda miedos, heridas y necesidades no satisfechas.<\/p>\n<p><strong>El ni\u00f1o interior representa:<\/strong><\/p>\n<p><strong>1. Esencia aut\u00e9ntica: <\/strong>el SER QUE EXIST\u00cdA antes de que las exigencias sociales moldearan.<\/p>\n<p><strong>2. Personalidad:<\/strong> Nuestro n\u00facleo emocional, donde habitan tanto la alegr\u00eda genuina como las heridas emocionales que a\u00fan nos afectan de formas inconscientes.<\/p>\n<p><strong>3. Conexi\u00f3n espiritual:<\/strong> la capacidad de amar sin condiciones, de tener fe, de maravillarnos con la vida.<\/p>\n<p>Cuando se habla de <strong>&#8220;sanar&#8221; o &#8220;rescatar&#8221;<\/strong> al ni\u00f1o interior, se refiere a mirar con amor y compasi\u00f3n a esa parte de nosotros que quiz\u00e1s fue ignorada, reprimida o herida, y que necesita ser escuchada para que podamos vivir de manera m\u00e1s libre, plena y verdadera.<\/p>\n<p><strong>SANAR AL NI\u00d1O INTERIOR<\/strong><\/p>\n<p>Sanar al ni\u00f1o interior es sentarnos junto a \u00e9l, escuchar sus l\u00e1grimas, sus miedos, sus sue\u00f1os olvidados, y decirle: &#8220;Estoy aqu\u00ed. No volver\u00e1s a estar solo&#8221;. As\u00ed le dije una vez a To\u00f1o Bello, tras salir de una consulta psicol\u00f3gica hace ya una d\u00e9cada. Recuerdo que, en ese tiempo, estaba muy mal en todos los aspectos, fue un proceso\u2026 lo mismo ha sido el proceso de rescatar a mi \u201cAdolescente Interno\u201d, pero ese es otro cap\u00edtulo (de un libro).<\/p>\n<blockquote><p>Hace unos meses, haciendo ejercicio descubr\u00ed una forma de meditar tan profunda. Yo le llamo<strong> \u201cMeditaci\u00f3n en el Gym\u201d<\/strong> que me transporta a escenarios incre\u00edbles donde brota sabidur\u00eda, ideas y respuestas (que incluso no pido) a preguntas de mi d\u00eda a d\u00eda.<\/p><\/blockquote>\n<p>Como muchos saben, soy muy activo y suelo despertarme temprano y realizar muchas cosas en el d\u00eda. Es mi naturaleza. A m\u00ed las meditaciones donde uno se queda inm\u00f3vil, no me funcionan, por ello he encontrado sin buscare alternativas para meditar y la<strong> MEDITACI\u00d3N ACTIVA<\/strong> es una de ellas.<\/p>\n<p>Bueno, resulta que despu\u00e9s de hacer mi rutina de levantamientos de pesas, suelo hacer de 15 a 30 minutos de cardio. Una vez me sub\u00ed a la el\u00edptica, puse la <strong>PlayList de mi Spotify \u201c\u00bfQui\u00e9n Soy?\u201d<\/strong> (m\u00fasica instrumental), cerr\u00e9 los ojos y en menos de un minuto, mi ser sali\u00f3 disparado de esta dimensi\u00f3n\u2026 UFF una experiencia incre\u00edble.<\/p>\n<p>Una de estas primeras meditaciones fue reencontrarme con To\u00f1o Bello, en una playa con arena blanca y agua turquesa, en el preludio de un atardecer. <strong><em>Yo estaba sentado, viendo el horizonte<\/em><\/strong>, cuando entonces, a la orilla del mar divis\u00e9 un ni\u00f1o en pleno juego: saltando y chapoteando el agua con las manos.<\/p>\n<p>Me levant\u00e9 y fui al encuentro de To\u00f1o Bello. Comenzamos a jugar con \u00e9l. Le dije que me daba mucho gusto verlo y, sobre todo, verlo feliz, pleno e inocente. Siempre que nos vemos, lo cargo en mis hombros para jugar y pasearlo. No fue la excepci\u00f3n.<\/p>\n<p><strong>MI ANIMAL DE PODER Y MI NI\u00d1O INTERIOR<\/strong><\/p>\n<p>Era tanta la energ\u00eda que se produc\u00eda por el esfuerzo f\u00edsico en la maquina el\u00edptica, emoci\u00f3n de mi ser mientras meditaba y el reencuentro con To\u00f1o Bello, hicieron que ambos nos transform\u00e1ramos en nuestro animal de poder.<\/p>\n<blockquote><p>Despu\u00e9s de correr, jugar, brincar u mojarnos, nos sentamos viendo al sol desapareciendo en el horizonte. Un acto de alquimia surgi\u00f3, pues ambos nos transformamos en nuestro animal de poder: Ahora \u00e9ramos dos <strong>LEONES<\/strong>, uno adulto y otro ni\u00f1o. Llore de la emoci\u00f3n que se vio en mi ser f\u00edsico\u2026 fue una experiencia m\u00e1gica y hermosa, desde luego, sin necesidad de precursores (psicotr\u00f3picos o plantas de poder), porque eso <strong>YA NO ES NECESARIO<\/strong> <em>(luego hablar\u00e9 de la drogadicci\u00f3n espiritual).<\/em><\/p><\/blockquote>\n<p>As\u00ed me reencontr\u00e9 con mi To\u00f1o Bello. El ni\u00f1o interior sabe que no necesita merecer amor, porque \u00e9l es amor\u2026 hoy sigo sanando y sanar es permitirnos llorar las heridas no lloradas, re\u00edr las risas no re\u00eddas, so\u00f1ar los sue\u00f1os prohibidos. <strong>Abrazar nuestras cicatrices con ternura<\/strong> (incluso las f\u00edsicas, como la de mi antebrazo derecho), honrando el coraje que hemos tenido para sobrevivir. Es comprender que, en cada reacci\u00f3n desproporcionada, en cada miedo irracional, late la voz de un ni\u00f1o que a\u00fan espera ser escuchado.<\/p>\n<p>Volver a nuestro ni\u00f1o interior es un acto revolucionario. Es negarnos a vivir en la desconexi\u00f3n, en la frialdad, en la resignaci\u00f3n. <strong>Es reconocer que la vida<\/strong> \u2014en su esencia m\u00e1s profunda\u2014 no se trata de acumular logros, sino de mantener vivo el fuego de la inocencia, el asombro ante un cielo estrellado, la risa sincera, la fe en lo imposible.<\/p>\n<p>No es tarde. Nunca es tarde para tender la mano hacia ese peque\u00f1o ser, para decirle: &#8220;Ven, caminemos juntos.&#8221; Porque s\u00f3lo cuando abrazamos a nuestro ni\u00f1o interior, podemos abrazar verdaderamente la vida.<\/p>\n<blockquote><p>Mi ni\u00f1o interior r\u00ede<br \/>\nMi ni\u00f1o interior sue\u00f1a<br \/>\nMi ni\u00f1o interior imagina<br \/>\nMi ni\u00f1o interior baila<br \/>\nMi ni\u00f1o interior se expresa<br \/>\nMi ni\u00f1o interior juega con la vida<br \/>\nAmo a mi ni\u00f1o interior<\/p><\/blockquote>\n<p><strong>GRACIAS TO\u00d1O BELLO, TE AMO.<\/strong><\/p>\n","protected":false},"excerpt":{"rendered":"<p>Por: Jos\u00e9 Antonio Alcaraz Su\u00e1rez En cada uno de nosotros vive un ni\u00f1o que nunca ha dejado de so\u00f1ar, de temer, de amar y de anhelar ser visto. A veces lo hemos silenciado, creyendo que crecer era dejarlo atr\u00e1s. Pero, la verdadera madurez no es olvidar a nuestro ni\u00f1o interior, sino aprender a caminar de<\/p>\n","protected":false},"author":2,"featured_media":5823,"comment_status":"open","ping_status":"open","sticky":false,"template":"","format":"standard","meta":{"footnotes":""},"categories":[31,44,35],"tags":[232],"class_list":{"0":"post-5822","1":"post","2":"type-post","3":"status-publish","4":"format-standard","5":"has-post-thumbnail","7":"category-hidalgo","8":"category-minuto-a-minuto","9":"category-opinion","10":"tag-semillas-estelares"},"yoast_head":"<!-- This site is optimized with the Yoast SEO plugin v26.1.1 - https:\/\/yoast.com\/wordpress\/plugins\/seo\/ -->\n<title>To\u00f1o Bello: la historia del ni\u00f1o-hombre que nunca dej\u00f3 de so\u00f1ar - El Cardinal<\/title>\n<meta name=\"robots\" content=\"index, follow, max-snippet:-1, max-image-preview:large, max-video-preview:-1\" \/>\n<link rel=\"canonical\" href=\"https:\/\/elcardinal.com\/?p=5822\" \/>\n<meta property=\"og:locale\" content=\"es_MX\" \/>\n<meta property=\"og:type\" content=\"article\" \/>\n<meta property=\"og:title\" content=\"To\u00f1o Bello: la historia del ni\u00f1o-hombre que nunca dej\u00f3 de so\u00f1ar - El Cardinal\" \/>\n<meta property=\"og:description\" content=\"Por: Jos\u00e9 Antonio Alcaraz Su\u00e1rez En cada uno de nosotros vive un ni\u00f1o que nunca ha dejado de so\u00f1ar, de temer, de amar y de anhelar ser visto. A veces lo hemos silenciado, creyendo que crecer era dejarlo atr\u00e1s. Pero, la verdadera madurez no es olvidar a nuestro ni\u00f1o interior, sino aprender a caminar de\" \/>\n<meta property=\"og:url\" content=\"https:\/\/elcardinal.com\/?p=5822\" \/>\n<meta property=\"og:site_name\" content=\"El Cardinal\" \/>\n<meta property=\"article:publisher\" content=\"https:\/\/www.facebook.com\/profile.php?id=100063093107011\" \/>\n<meta property=\"article:published_time\" content=\"2026-04-30T16:42:59+00:00\" \/>\n<meta property=\"og:image\" content=\"https:\/\/elcardinal.com\/wp-content\/uploads\/2026\/04\/WhatsApp-Image-2026-04-30-at-10.42.07-AM-1.jpeg\" \/>\n\t<meta property=\"og:image:width\" content=\"1440\" \/>\n\t<meta property=\"og:image:height\" content=\"1110\" \/>\n\t<meta property=\"og:image:type\" content=\"image\/jpeg\" \/>\n<meta name=\"author\" content=\"Antonio Alcaraz\" \/>\n<meta name=\"twitter:card\" content=\"summary_large_image\" \/>\n<meta name=\"twitter:creator\" content=\"@ElCardinal_Mx\" \/>\n<meta name=\"twitter:site\" content=\"@ElCardinal_Mx\" \/>\n<meta name=\"twitter:label1\" content=\"Escrito por\" \/>\n\t<meta name=\"twitter:data1\" content=\"Antonio Alcaraz\" \/>\n\t<meta name=\"twitter:label2\" content=\"Tiempo de lectura\" \/>\n\t<meta name=\"twitter:data2\" content=\"4 minutos\" \/>\n<script type=\"application\/ld+json\" class=\"yoast-schema-graph\">{\"@context\":\"https:\/\/schema.org\",\"@graph\":[{\"@type\":\"Article\",\"@id\":\"https:\/\/elcardinal.com\/?p=5822#article\",\"isPartOf\":{\"@id\":\"https:\/\/elcardinal.com\/?p=5822\"},\"author\":{\"name\":\"Antonio Alcaraz\",\"@id\":\"https:\/\/elcardinal.com\/#\/schema\/person\/3c352ec0a33987fe275c0e8a2ea69f8b\"},\"headline\":\"To\u00f1o Bello: la historia del ni\u00f1o-hombre que nunca dej\u00f3 de so\u00f1ar\",\"datePublished\":\"2026-04-30T16:42:59+00:00\",\"mainEntityOfPage\":{\"@id\":\"https:\/\/elcardinal.com\/?p=5822\"},\"wordCount\":1107,\"commentCount\":0,\"publisher\":{\"@id\":\"https:\/\/elcardinal.com\/#organization\"},\"image\":{\"@id\":\"https:\/\/elcardinal.com\/?p=5822#primaryimage\"},\"thumbnailUrl\":\"https:\/\/elcardinal.com\/wp-content\/uploads\/2026\/04\/WhatsApp-Image-2026-04-30-at-10.42.07-AM-1.jpeg\",\"keywords\":[\"Semillas Estelares\"],\"articleSection\":[\"Hidalgo\",\"Minuto a Minuto\",\"Opini\u00f3n\"],\"inLanguage\":\"es\",\"potentialAction\":[{\"@type\":\"CommentAction\",\"name\":\"Comment\",\"target\":[\"https:\/\/elcardinal.com\/?p=5822#respond\"]}]},{\"@type\":\"WebPage\",\"@id\":\"https:\/\/elcardinal.com\/?p=5822\",\"url\":\"https:\/\/elcardinal.com\/?p=5822\",\"name\":\"To\u00f1o Bello: la historia del ni\u00f1o-hombre que nunca dej\u00f3 de so\u00f1ar - El Cardinal\",\"isPartOf\":{\"@id\":\"https:\/\/elcardinal.com\/#website\"},\"primaryImageOfPage\":{\"@id\":\"https:\/\/elcardinal.com\/?p=5822#primaryimage\"},\"image\":{\"@id\":\"https:\/\/elcardinal.com\/?p=5822#primaryimage\"},\"thumbnailUrl\":\"https:\/\/elcardinal.com\/wp-content\/uploads\/2026\/04\/WhatsApp-Image-2026-04-30-at-10.42.07-AM-1.jpeg\",\"datePublished\":\"2026-04-30T16:42:59+00:00\",\"breadcrumb\":{\"@id\":\"https:\/\/elcardinal.com\/?p=5822#breadcrumb\"},\"inLanguage\":\"es\",\"potentialAction\":[{\"@type\":\"ReadAction\",\"target\":[\"https:\/\/elcardinal.com\/?p=5822\"]}]},{\"@type\":\"ImageObject\",\"inLanguage\":\"es\",\"@id\":\"https:\/\/elcardinal.com\/?p=5822#primaryimage\",\"url\":\"https:\/\/elcardinal.com\/wp-content\/uploads\/2026\/04\/WhatsApp-Image-2026-04-30-at-10.42.07-AM-1.jpeg\",\"contentUrl\":\"https:\/\/elcardinal.com\/wp-content\/uploads\/2026\/04\/WhatsApp-Image-2026-04-30-at-10.42.07-AM-1.jpeg\",\"width\":1440,\"height\":1110},{\"@type\":\"BreadcrumbList\",\"@id\":\"https:\/\/elcardinal.com\/?p=5822#breadcrumb\",\"itemListElement\":[{\"@type\":\"ListItem\",\"position\":1,\"name\":\"Inicio\",\"item\":\"https:\/\/elcardinal.com\/\"},{\"@type\":\"ListItem\",\"position\":2,\"name\":\"To\u00f1o Bello: la historia del ni\u00f1o-hombre que nunca dej\u00f3 de so\u00f1ar\"}]},{\"@type\":\"WebSite\",\"@id\":\"https:\/\/elcardinal.com\/#website\",\"url\":\"https:\/\/elcardinal.com\/\",\"name\":\"El Cardinal\",\"description\":\"Periodismo honesto, con valor, sentido humano, a veces sarc\u00e1stico y divertido.\",\"publisher\":{\"@id\":\"https:\/\/elcardinal.com\/#organization\"},\"alternateName\":\"El Cardinal Noticias\",\"potentialAction\":[{\"@type\":\"SearchAction\",\"target\":{\"@type\":\"EntryPoint\",\"urlTemplate\":\"https:\/\/elcardinal.com\/?s={search_term_string}\"},\"query-input\":{\"@type\":\"PropertyValueSpecification\",\"valueRequired\":true,\"valueName\":\"search_term_string\"}}],\"inLanguage\":\"es\"},{\"@type\":\"Organization\",\"@id\":\"https:\/\/elcardinal.com\/#organization\",\"name\":\"El Cardinal\",\"url\":\"https:\/\/elcardinal.com\/\",\"logo\":{\"@type\":\"ImageObject\",\"inLanguage\":\"es\",\"@id\":\"https:\/\/elcardinal.com\/#\/schema\/logo\/image\/\",\"url\":\"https:\/\/elcardinal.com\/wp-content\/uploads\/2025\/04\/LOGO-EL-CARDINAL-Periodismo-con-valor.png\",\"contentUrl\":\"https:\/\/elcardinal.com\/wp-content\/uploads\/2025\/04\/LOGO-EL-CARDINAL-Periodismo-con-valor.png\",\"width\":755,\"height\":636,\"caption\":\"El Cardinal\"},\"image\":{\"@id\":\"https:\/\/elcardinal.com\/#\/schema\/logo\/image\/\"},\"sameAs\":[\"https:\/\/www.facebook.com\/profile.php?id=100063093107011\",\"https:\/\/x.com\/ElCardinal_Mx\"]},{\"@type\":\"Person\",\"@id\":\"https:\/\/elcardinal.com\/#\/schema\/person\/3c352ec0a33987fe275c0e8a2ea69f8b\",\"name\":\"Antonio Alcaraz\",\"image\":{\"@type\":\"ImageObject\",\"inLanguage\":\"es\",\"@id\":\"https:\/\/elcardinal.com\/#\/schema\/person\/image\/\",\"url\":\"https:\/\/elcardinal.com\/wp-content\/uploads\/2025\/05\/cropped-TONO-96x96.jpg\",\"contentUrl\":\"https:\/\/elcardinal.com\/wp-content\/uploads\/2025\/05\/cropped-TONO-96x96.jpg\",\"caption\":\"Antonio Alcaraz\"},\"url\":\"https:\/\/elcardinal.com\/?author=2\"}]}<\/script>\n<!-- \/ Yoast SEO plugin. -->","yoast_head_json":{"title":"To\u00f1o Bello: la historia del ni\u00f1o-hombre que nunca dej\u00f3 de so\u00f1ar - El Cardinal","robots":{"index":"index","follow":"follow","max-snippet":"max-snippet:-1","max-image-preview":"max-image-preview:large","max-video-preview":"max-video-preview:-1"},"canonical":"https:\/\/elcardinal.com\/?p=5822","og_locale":"es_MX","og_type":"article","og_title":"To\u00f1o Bello: la historia del ni\u00f1o-hombre que nunca dej\u00f3 de so\u00f1ar - El Cardinal","og_description":"Por: Jos\u00e9 Antonio Alcaraz Su\u00e1rez En cada uno de nosotros vive un ni\u00f1o que nunca ha dejado de so\u00f1ar, de temer, de amar y de anhelar ser visto. A veces lo hemos silenciado, creyendo que crecer era dejarlo atr\u00e1s. Pero, la verdadera madurez no es olvidar a nuestro ni\u00f1o interior, sino aprender a caminar de","og_url":"https:\/\/elcardinal.com\/?p=5822","og_site_name":"El Cardinal","article_publisher":"https:\/\/www.facebook.com\/profile.php?id=100063093107011","article_published_time":"2026-04-30T16:42:59+00:00","og_image":[{"width":1440,"height":1110,"url":"https:\/\/elcardinal.com\/wp-content\/uploads\/2026\/04\/WhatsApp-Image-2026-04-30-at-10.42.07-AM-1.jpeg","type":"image\/jpeg"}],"author":"Antonio Alcaraz","twitter_card":"summary_large_image","twitter_creator":"@ElCardinal_Mx","twitter_site":"@ElCardinal_Mx","twitter_misc":{"Escrito por":"Antonio Alcaraz","Tiempo de lectura":"4 minutos"},"schema":{"@context":"https:\/\/schema.org","@graph":[{"@type":"Article","@id":"https:\/\/elcardinal.com\/?p=5822#article","isPartOf":{"@id":"https:\/\/elcardinal.com\/?p=5822"},"author":{"name":"Antonio Alcaraz","@id":"https:\/\/elcardinal.com\/#\/schema\/person\/3c352ec0a33987fe275c0e8a2ea69f8b"},"headline":"To\u00f1o Bello: la historia del ni\u00f1o-hombre que nunca dej\u00f3 de so\u00f1ar","datePublished":"2026-04-30T16:42:59+00:00","mainEntityOfPage":{"@id":"https:\/\/elcardinal.com\/?p=5822"},"wordCount":1107,"commentCount":0,"publisher":{"@id":"https:\/\/elcardinal.com\/#organization"},"image":{"@id":"https:\/\/elcardinal.com\/?p=5822#primaryimage"},"thumbnailUrl":"https:\/\/elcardinal.com\/wp-content\/uploads\/2026\/04\/WhatsApp-Image-2026-04-30-at-10.42.07-AM-1.jpeg","keywords":["Semillas Estelares"],"articleSection":["Hidalgo","Minuto a Minuto","Opini\u00f3n"],"inLanguage":"es","potentialAction":[{"@type":"CommentAction","name":"Comment","target":["https:\/\/elcardinal.com\/?p=5822#respond"]}]},{"@type":"WebPage","@id":"https:\/\/elcardinal.com\/?p=5822","url":"https:\/\/elcardinal.com\/?p=5822","name":"To\u00f1o Bello: la historia del ni\u00f1o-hombre que nunca dej\u00f3 de so\u00f1ar - El Cardinal","isPartOf":{"@id":"https:\/\/elcardinal.com\/#website"},"primaryImageOfPage":{"@id":"https:\/\/elcardinal.com\/?p=5822#primaryimage"},"image":{"@id":"https:\/\/elcardinal.com\/?p=5822#primaryimage"},"thumbnailUrl":"https:\/\/elcardinal.com\/wp-content\/uploads\/2026\/04\/WhatsApp-Image-2026-04-30-at-10.42.07-AM-1.jpeg","datePublished":"2026-04-30T16:42:59+00:00","breadcrumb":{"@id":"https:\/\/elcardinal.com\/?p=5822#breadcrumb"},"inLanguage":"es","potentialAction":[{"@type":"ReadAction","target":["https:\/\/elcardinal.com\/?p=5822"]}]},{"@type":"ImageObject","inLanguage":"es","@id":"https:\/\/elcardinal.com\/?p=5822#primaryimage","url":"https:\/\/elcardinal.com\/wp-content\/uploads\/2026\/04\/WhatsApp-Image-2026-04-30-at-10.42.07-AM-1.jpeg","contentUrl":"https:\/\/elcardinal.com\/wp-content\/uploads\/2026\/04\/WhatsApp-Image-2026-04-30-at-10.42.07-AM-1.jpeg","width":1440,"height":1110},{"@type":"BreadcrumbList","@id":"https:\/\/elcardinal.com\/?p=5822#breadcrumb","itemListElement":[{"@type":"ListItem","position":1,"name":"Inicio","item":"https:\/\/elcardinal.com\/"},{"@type":"ListItem","position":2,"name":"To\u00f1o Bello: la historia del ni\u00f1o-hombre que nunca dej\u00f3 de so\u00f1ar"}]},{"@type":"WebSite","@id":"https:\/\/elcardinal.com\/#website","url":"https:\/\/elcardinal.com\/","name":"El Cardinal","description":"Periodismo honesto, con valor, sentido humano, a veces sarc\u00e1stico y divertido.","publisher":{"@id":"https:\/\/elcardinal.com\/#organization"},"alternateName":"El Cardinal Noticias","potentialAction":[{"@type":"SearchAction","target":{"@type":"EntryPoint","urlTemplate":"https:\/\/elcardinal.com\/?s={search_term_string}"},"query-input":{"@type":"PropertyValueSpecification","valueRequired":true,"valueName":"search_term_string"}}],"inLanguage":"es"},{"@type":"Organization","@id":"https:\/\/elcardinal.com\/#organization","name":"El Cardinal","url":"https:\/\/elcardinal.com\/","logo":{"@type":"ImageObject","inLanguage":"es","@id":"https:\/\/elcardinal.com\/#\/schema\/logo\/image\/","url":"https:\/\/elcardinal.com\/wp-content\/uploads\/2025\/04\/LOGO-EL-CARDINAL-Periodismo-con-valor.png","contentUrl":"https:\/\/elcardinal.com\/wp-content\/uploads\/2025\/04\/LOGO-EL-CARDINAL-Periodismo-con-valor.png","width":755,"height":636,"caption":"El Cardinal"},"image":{"@id":"https:\/\/elcardinal.com\/#\/schema\/logo\/image\/"},"sameAs":["https:\/\/www.facebook.com\/profile.php?id=100063093107011","https:\/\/x.com\/ElCardinal_Mx"]},{"@type":"Person","@id":"https:\/\/elcardinal.com\/#\/schema\/person\/3c352ec0a33987fe275c0e8a2ea69f8b","name":"Antonio Alcaraz","image":{"@type":"ImageObject","inLanguage":"es","@id":"https:\/\/elcardinal.com\/#\/schema\/person\/image\/","url":"https:\/\/elcardinal.com\/wp-content\/uploads\/2025\/05\/cropped-TONO-96x96.jpg","contentUrl":"https:\/\/elcardinal.com\/wp-content\/uploads\/2025\/05\/cropped-TONO-96x96.jpg","caption":"Antonio Alcaraz"},"url":"https:\/\/elcardinal.com\/?author=2"}]}},"_links":{"self":[{"href":"https:\/\/elcardinal.com\/index.php?rest_route=\/wp\/v2\/posts\/5822","targetHints":{"allow":["GET"]}}],"collection":[{"href":"https:\/\/elcardinal.com\/index.php?rest_route=\/wp\/v2\/posts"}],"about":[{"href":"https:\/\/elcardinal.com\/index.php?rest_route=\/wp\/v2\/types\/post"}],"author":[{"embeddable":true,"href":"https:\/\/elcardinal.com\/index.php?rest_route=\/wp\/v2\/users\/2"}],"replies":[{"embeddable":true,"href":"https:\/\/elcardinal.com\/index.php?rest_route=%2Fwp%2Fv2%2Fcomments&post=5822"}],"version-history":[{"count":1,"href":"https:\/\/elcardinal.com\/index.php?rest_route=\/wp\/v2\/posts\/5822\/revisions"}],"predecessor-version":[{"id":5824,"href":"https:\/\/elcardinal.com\/index.php?rest_route=\/wp\/v2\/posts\/5822\/revisions\/5824"}],"wp:featuredmedia":[{"embeddable":true,"href":"https:\/\/elcardinal.com\/index.php?rest_route=\/wp\/v2\/media\/5823"}],"wp:attachment":[{"href":"https:\/\/elcardinal.com\/index.php?rest_route=%2Fwp%2Fv2%2Fmedia&parent=5822"}],"wp:term":[{"taxonomy":"category","embeddable":true,"href":"https:\/\/elcardinal.com\/index.php?rest_route=%2Fwp%2Fv2%2Fcategories&post=5822"},{"taxonomy":"post_tag","embeddable":true,"href":"https:\/\/elcardinal.com\/index.php?rest_route=%2Fwp%2Fv2%2Ftags&post=5822"}],"curies":[{"name":"wp","href":"https:\/\/api.w.org\/{rel}","templated":true}]}}