{"id":6132,"date":"2026-06-18T22:53:52","date_gmt":"2026-06-19T04:53:52","guid":{"rendered":"https:\/\/elcardinal.com\/?p=6132"},"modified":"2026-06-25T23:16:17","modified_gmt":"2026-06-26T05:16:17","slug":"mas-de-2-8-mdp-para-escuelas-de-cinco-municipios-de-la-sierra-gorda","status":"publish","type":"post","link":"https:\/\/elcardinal.com\/?p=6132","title":{"rendered":"M\u00e1s de 2.8 mdp para escuelas de cinco municipios de la Sierra Gorda"},"content":{"rendered":"<p>&nbsp;<\/p>\n<ul>\n<li style=\"font-weight: 400;\" aria-level=\"1\"><span style=\"font-weight: 400;\">Planteles de Chapulhuac\u00e1n, Pisaflores, La Misi\u00f3n, Jacala y Nicol\u00e1s Flores recibieron apoyos de infraestructura, mobiliario y equipamiento escolar.<\/span><\/li>\n<\/ul>\n<p><span style=\"font-weight: 400;\">Con el impulso del gobernador Julio Menchaca Salazar al fortalecimiento de la educaci\u00f3n p\u00fablica, se destinaron m\u00e1s de 2.8 millones de pesos para infraestructura, mobiliario y equipamiento escolar en planteles de educaci\u00f3n b\u00e1sica en cinco municipios de la Sierra Gorda hidalguense.<\/span><\/p>\n<p><span style=\"font-weight: 400;\">Durante una gira de trabajo, el secretario de Educaci\u00f3n P\u00fablica de Hidalgo, Natividad Castrej\u00f3n Valdez, en representaci\u00f3n del mandatario estatal, encabez\u00f3 la entrega de estos apoyos en Chapulhuac\u00e1n, Pisaflores, La Misi\u00f3n, Jacala de Ledezma y Nicol\u00e1s Flores.<\/span><\/p>\n<p><span style=\"font-weight: 400;\">En Chapulhuac\u00e1n, el tambi\u00e9n titular del Instituto Hidalguense de Educaci\u00f3n (IHE) entreg\u00f3 espacios rehabilitados en el Jard\u00edn de Ni\u00f1os \u201cJuan Escutia\u201d, mediante una inversi\u00f3n superior a 1.1 millones de pesos. Asimismo, distribuy\u00f3 mobiliario y equipo en beneficio de 22 planteles de educaci\u00f3n b\u00e1sica de la regi\u00f3n, con recursos por m\u00e1s de 694 mil pesos.<\/span><\/p>\n<p><span style=\"font-weight: 400;\">Asimismo, en Pisaflores se entregaron computadoras de escritorio y equipos <\/span><i><span style=\"font-weight: 400;\">no break<\/span><\/i><span style=\"font-weight: 400;\"> con una inversi\u00f3n de 510 mil 487 pesos. En La Misi\u00f3n, cuatro instituciones educativas recibieron mobiliario y equipamiento escolar mediante una inversi\u00f3n superior a los 207 mil pesos, mientras que en Jacala de Ledezma ocho escuelas fueron beneficiadas con recursos por m\u00e1s de 310 mil pesos para fortalecer los procesos de ense\u00f1anza y aprendizaje.<\/span><\/p>\n<p><span style=\"font-weight: 400;\">\u00a0<\/span><span style=\"font-weight: 400;\">Durante su recorrido por Nicol\u00e1s Flores, Natividad Castrej\u00f3n Valdez visit\u00f3 la escuela primaria \u201cAmado Nervo\u201d, donde inform\u00f3 a la comunidad educativa que el plantel mantiene su registro ante la Secretar\u00eda de Educaci\u00f3n P\u00fablica y el IHE, por lo que continuar\u00e1 operando bajo el sistema educativo estatal y no ser\u00e1 transferido al Consejo Nacional de Fomento Educativo (Conafe).<\/span><\/p>\n<p><span style=\"font-weight: 400;\">El funcionario estatal reconoci\u00f3 el compromiso de las y los docentes hidalguenses y destac\u00f3 que su labor es fundamental para la formaci\u00f3n integral de las nuevas generaciones.<\/span><\/p>\n<p><span style=\"font-weight: 400;\">&#8220;Gracias al compromiso de nuestras maestras y maestros, en las aulas se forman generaciones con una visi\u00f3n humanista, capaces de contribuir al bienestar y desarrollo de Hidalgo. A las madres y padres de familia, as\u00ed como a nuestras y nuestros estudiantes, les reiteramos que seguiremos acercando los apoyos necesarios para fortalecer su formaci\u00f3n acad\u00e9mica y su desarrollo integral&#8221;, expres\u00f3.<\/span><\/p>\n<p><span style=\"font-weight: 400;\">En las actividades participaron la presidenta municipal de Chapulhuac\u00e1n, Nhur Amira N\u00fa\u00f1ez Ponce; los presidentes municipales de Pisaflores, Miguel Bahena Sol\u00f3rzano; de La Misi\u00f3n, Ibsan Israel Villeda Villeda; y de Nicol\u00e1s Flores, Nicol\u00e1s Gonz\u00e1lez Elizalde; as\u00ed como la presidenta municipal de Jacala de Ledezma, Kendra Mart\u00ednez S\u00e1nchez. Tambi\u00e9n estuvieron presentes el titular de la Oficina de Enlace Educativo del Gobierno de M\u00e9xico en Hidalgo, Jos\u00e9 Nereo Lugo Moreno; el subsecretario de Educaci\u00f3n Media Superior y Superior, Daniel Fragoso Torres; la subsecretaria de Educaci\u00f3n B\u00e1sica, Nancy Adriana Le\u00f3n Vite, entre otras autoridades educativas y municipales.<\/span><\/p>\n","protected":false},"excerpt":{"rendered":"<p>&nbsp; Planteles de Chapulhuac\u00e1n, Pisaflores, La Misi\u00f3n, Jacala y Nicol\u00e1s Flores recibieron apoyos de infraestructura, mobiliario y equipamiento escolar. Con el impulso del gobernador Julio Menchaca Salazar al fortalecimiento de la educaci\u00f3n p\u00fablica, se destinaron m\u00e1s de 2.8 millones de pesos para infraestructura, mobiliario y equipamiento escolar en planteles de educaci\u00f3n b\u00e1sica en cinco municipios<\/p>\n","protected":false},"author":2,"featured_media":6133,"comment_status":"open","ping_status":"open","sticky":false,"template":"","format":"standard","meta":{"footnotes":""},"categories":[404,31,44,33],"tags":[],"class_list":["post-6132","post","type-post","status-publish","format-standard","has-post-thumbnail","category-educacion","category-hidalgo","category-minuto-a-minuto","category-regiones"],"yoast_head":"<!-- This site is optimized with the Yoast SEO plugin v28.0 - https:\/\/yoast.com\/product\/yoast-seo-wordpress\/ -->\n<title>M\u00e1s de 2.8 mdp para escuelas de cinco municipios de la Sierra Gorda - El Cardinal<\/title>\n<meta name=\"robots\" content=\"index, follow, max-snippet:-1, max-image-preview:large, max-video-preview:-1\" \/>\n<link rel=\"canonical\" href=\"https:\/\/elcardinal.com\/?p=6132\" \/>\n<meta property=\"og:locale\" content=\"es_MX\" \/>\n<meta property=\"og:type\" content=\"article\" \/>\n<meta property=\"og:title\" content=\"M\u00e1s de 2.8 mdp para escuelas de cinco municipios de la Sierra Gorda - El Cardinal\" \/>\n<meta property=\"og:description\" content=\"&nbsp; Planteles de Chapulhuac\u00e1n, Pisaflores, La Misi\u00f3n, Jacala y Nicol\u00e1s Flores recibieron apoyos de infraestructura, mobiliario y equipamiento escolar. Con el impulso del gobernador Julio Menchaca Salazar al fortalecimiento de la educaci\u00f3n p\u00fablica, se destinaron m\u00e1s de 2.8 millones de pesos para infraestructura, mobiliario y equipamiento escolar en planteles de educaci\u00f3n b\u00e1sica en cinco municipios\" \/>\n<meta property=\"og:url\" content=\"https:\/\/elcardinal.com\/?p=6132\" \/>\n<meta property=\"og:site_name\" content=\"El Cardinal\" \/>\n<meta property=\"article:publisher\" content=\"https:\/\/www.facebook.com\/profile.php?id=100063093107011\" \/>\n<meta property=\"article:published_time\" content=\"2026-06-19T04:53:52+00:00\" \/>\n<meta property=\"article:modified_time\" content=\"2026-06-26T05:16:17+00:00\" \/>\n<meta property=\"og:image\" content=\"https:\/\/elcardinal.com\/wp-content\/uploads\/2026\/06\/Nicolas-Flores-3.jpg\" \/>\n\t<meta property=\"og:image:width\" content=\"1600\" \/>\n\t<meta property=\"og:image:height\" content=\"1055\" \/>\n\t<meta property=\"og:image:type\" content=\"image\/jpeg\" \/>\n<meta name=\"author\" content=\"Antonio Alcaraz\" \/>\n<meta name=\"twitter:card\" content=\"summary_large_image\" \/>\n<meta name=\"twitter:creator\" content=\"@ElCardinal_Mx\" \/>\n<meta name=\"twitter:site\" content=\"@ElCardinal_Mx\" \/>\n<meta name=\"twitter:label1\" content=\"Escrito por\" \/>\n\t<meta name=\"twitter:data1\" content=\"Antonio Alcaraz\" \/>\n\t<meta name=\"twitter:label2\" content=\"Tiempo de lectura\" \/>\n\t<meta name=\"twitter:data2\" content=\"3 minutos\" \/>\n<script type=\"application\/ld+json\" class=\"yoast-schema-graph\">{\"@context\":\"https:\\\/\\\/schema.org\",\"@graph\":[{\"@type\":\"Article\",\"@id\":\"https:\\\/\\\/elcardinal.com\\\/?p=6132#article\",\"isPartOf\":{\"@id\":\"https:\\\/\\\/elcardinal.com\\\/?p=6132\"},\"author\":{\"name\":\"Antonio Alcaraz\",\"@id\":\"https:\\\/\\\/elcardinal.com\\\/#\\\/schema\\\/person\\\/3c352ec0a33987fe275c0e8a2ea69f8b\"},\"headline\":\"M\u00e1s de 2.8 mdp para escuelas de cinco municipios de la Sierra Gorda\",\"datePublished\":\"2026-06-19T04:53:52+00:00\",\"dateModified\":\"2026-06-26T05:16:17+00:00\",\"mainEntityOfPage\":{\"@id\":\"https:\\\/\\\/elcardinal.com\\\/?p=6132\"},\"wordCount\":513,\"commentCount\":0,\"publisher\":{\"@id\":\"https:\\\/\\\/elcardinal.com\\\/#organization\"},\"image\":{\"@id\":\"https:\\\/\\\/elcardinal.com\\\/?p=6132#primaryimage\"},\"thumbnailUrl\":\"https:\\\/\\\/elcardinal.com\\\/wp-content\\\/uploads\\\/2026\\\/06\\\/Nicolas-Flores-3.jpg\",\"articleSection\":[\"Educaci\u00f3n\",\"Hidalgo\",\"Minuto a Minuto\",\"Regiones\"],\"inLanguage\":\"es\",\"potentialAction\":[{\"@type\":\"CommentAction\",\"name\":\"Comment\",\"target\":[\"https:\\\/\\\/elcardinal.com\\\/?p=6132#respond\"]}]},{\"@type\":\"WebPage\",\"@id\":\"https:\\\/\\\/elcardinal.com\\\/?p=6132\",\"url\":\"https:\\\/\\\/elcardinal.com\\\/?p=6132\",\"name\":\"M\u00e1s de 2.8 mdp para escuelas de cinco municipios de la Sierra Gorda - El Cardinal\",\"isPartOf\":{\"@id\":\"https:\\\/\\\/elcardinal.com\\\/#website\"},\"primaryImageOfPage\":{\"@id\":\"https:\\\/\\\/elcardinal.com\\\/?p=6132#primaryimage\"},\"image\":{\"@id\":\"https:\\\/\\\/elcardinal.com\\\/?p=6132#primaryimage\"},\"thumbnailUrl\":\"https:\\\/\\\/elcardinal.com\\\/wp-content\\\/uploads\\\/2026\\\/06\\\/Nicolas-Flores-3.jpg\",\"datePublished\":\"2026-06-19T04:53:52+00:00\",\"dateModified\":\"2026-06-26T05:16:17+00:00\",\"breadcrumb\":{\"@id\":\"https:\\\/\\\/elcardinal.com\\\/?p=6132#breadcrumb\"},\"inLanguage\":\"es\",\"potentialAction\":[{\"@type\":\"ReadAction\",\"target\":[\"https:\\\/\\\/elcardinal.com\\\/?p=6132\"]}]},{\"@type\":\"ImageObject\",\"inLanguage\":\"es\",\"@id\":\"https:\\\/\\\/elcardinal.com\\\/?p=6132#primaryimage\",\"url\":\"https:\\\/\\\/elcardinal.com\\\/wp-content\\\/uploads\\\/2026\\\/06\\\/Nicolas-Flores-3.jpg\",\"contentUrl\":\"https:\\\/\\\/elcardinal.com\\\/wp-content\\\/uploads\\\/2026\\\/06\\\/Nicolas-Flores-3.jpg\",\"width\":1600,\"height\":1055},{\"@type\":\"BreadcrumbList\",\"@id\":\"https:\\\/\\\/elcardinal.com\\\/?p=6132#breadcrumb\",\"itemListElement\":[{\"@type\":\"ListItem\",\"position\":1,\"name\":\"Inicio\",\"item\":\"https:\\\/\\\/elcardinal.com\\\/\"},{\"@type\":\"ListItem\",\"position\":2,\"name\":\"M\u00e1s de 2.8 mdp para escuelas de cinco municipios de la Sierra Gorda\"}]},{\"@type\":\"WebSite\",\"@id\":\"https:\\\/\\\/elcardinal.com\\\/#website\",\"url\":\"https:\\\/\\\/elcardinal.com\\\/\",\"name\":\"El Cardinal\",\"description\":\"Periodismo honesto, con valor, sentido humano, a veces sarc\u00e1stico y divertido.\",\"publisher\":{\"@id\":\"https:\\\/\\\/elcardinal.com\\\/#organization\"},\"alternateName\":\"El Cardinal Noticias\",\"potentialAction\":[{\"@type\":\"SearchAction\",\"target\":{\"@type\":\"EntryPoint\",\"urlTemplate\":\"https:\\\/\\\/elcardinal.com\\\/?s={search_term_string}\"},\"query-input\":{\"@type\":\"PropertyValueSpecification\",\"valueRequired\":true,\"valueName\":\"search_term_string\"}}],\"inLanguage\":\"es\"},{\"@type\":\"Organization\",\"@id\":\"https:\\\/\\\/elcardinal.com\\\/#organization\",\"name\":\"El Cardinal\",\"url\":\"https:\\\/\\\/elcardinal.com\\\/\",\"logo\":{\"@type\":\"ImageObject\",\"inLanguage\":\"es\",\"@id\":\"https:\\\/\\\/elcardinal.com\\\/#\\\/schema\\\/logo\\\/image\\\/\",\"url\":\"https:\\\/\\\/elcardinal.com\\\/wp-content\\\/uploads\\\/2025\\\/04\\\/LOGO-EL-CARDINAL-Periodismo-con-valor.png\",\"contentUrl\":\"https:\\\/\\\/elcardinal.com\\\/wp-content\\\/uploads\\\/2025\\\/04\\\/LOGO-EL-CARDINAL-Periodismo-con-valor.png\",\"width\":755,\"height\":636,\"caption\":\"El Cardinal\"},\"image\":{\"@id\":\"https:\\\/\\\/elcardinal.com\\\/#\\\/schema\\\/logo\\\/image\\\/\"},\"sameAs\":[\"https:\\\/\\\/www.facebook.com\\\/profile.php?id=100063093107011\",\"https:\\\/\\\/x.com\\\/ElCardinal_Mx\"]},{\"@type\":\"Person\",\"@id\":\"https:\\\/\\\/elcardinal.com\\\/#\\\/schema\\\/person\\\/3c352ec0a33987fe275c0e8a2ea69f8b\",\"name\":\"Antonio Alcaraz\",\"image\":{\"@type\":\"ImageObject\",\"inLanguage\":\"es\",\"@id\":\"https:\\\/\\\/elcardinal.com\\\/wp-content\\\/uploads\\\/2025\\\/05\\\/cropped-TONO-96x96.jpg\",\"url\":\"https:\\\/\\\/elcardinal.com\\\/wp-content\\\/uploads\\\/2025\\\/05\\\/cropped-TONO-96x96.jpg\",\"contentUrl\":\"https:\\\/\\\/elcardinal.com\\\/wp-content\\\/uploads\\\/2025\\\/05\\\/cropped-TONO-96x96.jpg\",\"caption\":\"Antonio Alcaraz\"},\"url\":\"https:\\\/\\\/elcardinal.com\\\/?author=2\"}]}<\/script>\n<!-- \/ Yoast SEO plugin. -->","yoast_head_json":{"title":"M\u00e1s de 2.8 mdp para escuelas de cinco municipios de la Sierra Gorda - El Cardinal","robots":{"index":"index","follow":"follow","max-snippet":"max-snippet:-1","max-image-preview":"max-image-preview:large","max-video-preview":"max-video-preview:-1"},"canonical":"https:\/\/elcardinal.com\/?p=6132","og_locale":"es_MX","og_type":"article","og_title":"M\u00e1s de 2.8 mdp para escuelas de cinco municipios de la Sierra Gorda - El Cardinal","og_description":"&nbsp; Planteles de Chapulhuac\u00e1n, Pisaflores, La Misi\u00f3n, Jacala y Nicol\u00e1s Flores recibieron apoyos de infraestructura, mobiliario y equipamiento escolar. Con el impulso del gobernador Julio Menchaca Salazar al fortalecimiento de la educaci\u00f3n p\u00fablica, se destinaron m\u00e1s de 2.8 millones de pesos para infraestructura, mobiliario y equipamiento escolar en planteles de educaci\u00f3n b\u00e1sica en cinco municipios","og_url":"https:\/\/elcardinal.com\/?p=6132","og_site_name":"El Cardinal","article_publisher":"https:\/\/www.facebook.com\/profile.php?id=100063093107011","article_published_time":"2026-06-19T04:53:52+00:00","article_modified_time":"2026-06-26T05:16:17+00:00","og_image":[{"width":1600,"height":1055,"url":"https:\/\/elcardinal.com\/wp-content\/uploads\/2026\/06\/Nicolas-Flores-3.jpg","type":"image\/jpeg"}],"author":"Antonio Alcaraz","twitter_card":"summary_large_image","twitter_creator":"@ElCardinal_Mx","twitter_site":"@ElCardinal_Mx","twitter_misc":{"Escrito por":"Antonio Alcaraz","Tiempo de lectura":"3 minutos"},"schema":{"@context":"https:\/\/schema.org","@graph":[{"@type":"Article","@id":"https:\/\/elcardinal.com\/?p=6132#article","isPartOf":{"@id":"https:\/\/elcardinal.com\/?p=6132"},"author":{"name":"Antonio Alcaraz","@id":"https:\/\/elcardinal.com\/#\/schema\/person\/3c352ec0a33987fe275c0e8a2ea69f8b"},"headline":"M\u00e1s de 2.8 mdp para escuelas de cinco municipios de la Sierra Gorda","datePublished":"2026-06-19T04:53:52+00:00","dateModified":"2026-06-26T05:16:17+00:00","mainEntityOfPage":{"@id":"https:\/\/elcardinal.com\/?p=6132"},"wordCount":513,"commentCount":0,"publisher":{"@id":"https:\/\/elcardinal.com\/#organization"},"image":{"@id":"https:\/\/elcardinal.com\/?p=6132#primaryimage"},"thumbnailUrl":"https:\/\/elcardinal.com\/wp-content\/uploads\/2026\/06\/Nicolas-Flores-3.jpg","articleSection":["Educaci\u00f3n","Hidalgo","Minuto a Minuto","Regiones"],"inLanguage":"es","potentialAction":[{"@type":"CommentAction","name":"Comment","target":["https:\/\/elcardinal.com\/?p=6132#respond"]}]},{"@type":"WebPage","@id":"https:\/\/elcardinal.com\/?p=6132","url":"https:\/\/elcardinal.com\/?p=6132","name":"M\u00e1s de 2.8 mdp para escuelas de cinco municipios de la Sierra Gorda - El Cardinal","isPartOf":{"@id":"https:\/\/elcardinal.com\/#website"},"primaryImageOfPage":{"@id":"https:\/\/elcardinal.com\/?p=6132#primaryimage"},"image":{"@id":"https:\/\/elcardinal.com\/?p=6132#primaryimage"},"thumbnailUrl":"https:\/\/elcardinal.com\/wp-content\/uploads\/2026\/06\/Nicolas-Flores-3.jpg","datePublished":"2026-06-19T04:53:52+00:00","dateModified":"2026-06-26T05:16:17+00:00","breadcrumb":{"@id":"https:\/\/elcardinal.com\/?p=6132#breadcrumb"},"inLanguage":"es","potentialAction":[{"@type":"ReadAction","target":["https:\/\/elcardinal.com\/?p=6132"]}]},{"@type":"ImageObject","inLanguage":"es","@id":"https:\/\/elcardinal.com\/?p=6132#primaryimage","url":"https:\/\/elcardinal.com\/wp-content\/uploads\/2026\/06\/Nicolas-Flores-3.jpg","contentUrl":"https:\/\/elcardinal.com\/wp-content\/uploads\/2026\/06\/Nicolas-Flores-3.jpg","width":1600,"height":1055},{"@type":"BreadcrumbList","@id":"https:\/\/elcardinal.com\/?p=6132#breadcrumb","itemListElement":[{"@type":"ListItem","position":1,"name":"Inicio","item":"https:\/\/elcardinal.com\/"},{"@type":"ListItem","position":2,"name":"M\u00e1s de 2.8 mdp para escuelas de cinco municipios de la Sierra Gorda"}]},{"@type":"WebSite","@id":"https:\/\/elcardinal.com\/#website","url":"https:\/\/elcardinal.com\/","name":"El Cardinal","description":"Periodismo honesto, con valor, sentido humano, a veces sarc\u00e1stico y divertido.","publisher":{"@id":"https:\/\/elcardinal.com\/#organization"},"alternateName":"El Cardinal Noticias","potentialAction":[{"@type":"SearchAction","target":{"@type":"EntryPoint","urlTemplate":"https:\/\/elcardinal.com\/?s={search_term_string}"},"query-input":{"@type":"PropertyValueSpecification","valueRequired":true,"valueName":"search_term_string"}}],"inLanguage":"es"},{"@type":"Organization","@id":"https:\/\/elcardinal.com\/#organization","name":"El Cardinal","url":"https:\/\/elcardinal.com\/","logo":{"@type":"ImageObject","inLanguage":"es","@id":"https:\/\/elcardinal.com\/#\/schema\/logo\/image\/","url":"https:\/\/elcardinal.com\/wp-content\/uploads\/2025\/04\/LOGO-EL-CARDINAL-Periodismo-con-valor.png","contentUrl":"https:\/\/elcardinal.com\/wp-content\/uploads\/2025\/04\/LOGO-EL-CARDINAL-Periodismo-con-valor.png","width":755,"height":636,"caption":"El Cardinal"},"image":{"@id":"https:\/\/elcardinal.com\/#\/schema\/logo\/image\/"},"sameAs":["https:\/\/www.facebook.com\/profile.php?id=100063093107011","https:\/\/x.com\/ElCardinal_Mx"]},{"@type":"Person","@id":"https:\/\/elcardinal.com\/#\/schema\/person\/3c352ec0a33987fe275c0e8a2ea69f8b","name":"Antonio Alcaraz","image":{"@type":"ImageObject","inLanguage":"es","@id":"https:\/\/elcardinal.com\/wp-content\/uploads\/2025\/05\/cropped-TONO-96x96.jpg","url":"https:\/\/elcardinal.com\/wp-content\/uploads\/2025\/05\/cropped-TONO-96x96.jpg","contentUrl":"https:\/\/elcardinal.com\/wp-content\/uploads\/2025\/05\/cropped-TONO-96x96.jpg","caption":"Antonio Alcaraz"},"url":"https:\/\/elcardinal.com\/?author=2"}]}},"_links":{"self":[{"href":"https:\/\/elcardinal.com\/index.php?rest_route=\/wp\/v2\/posts\/6132","targetHints":{"allow":["GET"]}}],"collection":[{"href":"https:\/\/elcardinal.com\/index.php?rest_route=\/wp\/v2\/posts"}],"about":[{"href":"https:\/\/elcardinal.com\/index.php?rest_route=\/wp\/v2\/types\/post"}],"author":[{"embeddable":true,"href":"https:\/\/elcardinal.com\/index.php?rest_route=\/wp\/v2\/users\/2"}],"replies":[{"embeddable":true,"href":"https:\/\/elcardinal.com\/index.php?rest_route=%2Fwp%2Fv2%2Fcomments&post=6132"}],"version-history":[{"count":2,"href":"https:\/\/elcardinal.com\/index.php?rest_route=\/wp\/v2\/posts\/6132\/revisions"}],"predecessor-version":[{"id":6261,"href":"https:\/\/elcardinal.com\/index.php?rest_route=\/wp\/v2\/posts\/6132\/revisions\/6261"}],"wp:featuredmedia":[{"embeddable":true,"href":"https:\/\/elcardinal.com\/index.php?rest_route=\/wp\/v2\/media\/6133"}],"wp:attachment":[{"href":"https:\/\/elcardinal.com\/index.php?rest_route=%2Fwp%2Fv2%2Fmedia&parent=6132"}],"wp:term":[{"taxonomy":"category","embeddable":true,"href":"https:\/\/elcardinal.com\/index.php?rest_route=%2Fwp%2Fv2%2Fcategories&post=6132"},{"taxonomy":"post_tag","embeddable":true,"href":"https:\/\/elcardinal.com\/index.php?rest_route=%2Fwp%2Fv2%2Ftags&post=6132"}],"curies":[{"name":"wp","href":"https:\/\/api.w.org\/{rel}","templated":true}]}}