{"id":6515,"date":"2026-07-18T13:47:05","date_gmt":"2026-07-18T19:47:05","guid":{"rendered":"https:\/\/elcardinal.com\/?p=6515"},"modified":"2026-07-19T13:48:17","modified_gmt":"2026-07-19T19:48:17","slug":"egresan-150-docentes-de-la-escuela-normal-valle-del-mezquital-en-su-50-aniversario","status":"publish","type":"post","link":"https:\/\/elcardinal.com\/?p=6515","title":{"rendered":"Egresan 150 docentes de la Escuela Normal Valle del Mezquital en su 50 aniversario"},"content":{"rendered":"<p>Redacci\u00f3n<\/p>\n<p>Natividad Castrej\u00f3n Valdez reconoci\u00f3 a la generaci\u00f3n 2022-2026 como una generaci\u00f3n hist\u00f3rica por su formaci\u00f3n bajo el Plan de Estudios 2022 y la Nueva Escuela Mexicana<\/p>\n<p>El secretario de Educaci\u00f3n P\u00fablica de Hidalgo, Natividad Castrej\u00f3n Valdez, encabez\u00f3 la ceremonia de graduaci\u00f3n de 150 egresadas y egresados de la Escuela Normal Valle del Mezquital, generaci\u00f3n 2022-2026, que se form\u00f3 bajo los principios de la Nueva Escuela Mexicana.<\/p>\n<p>La generaci\u00f3n &#8220;Natividad Castrej\u00f3n Valdez&#8221; recibi\u00f3 los documentos que acreditan la conclusi\u00f3n de sus estudios en las licenciaturas en Educaci\u00f3n Preescolar y Educaci\u00f3n Primaria, as\u00ed como en Educaci\u00f3n Preescolar y Primaria Intercultural, Pluriling\u00fce y Comunitaria, durante una ceremonia que form\u00f3 parte de las actividades conmemorativas por el 50 aniversario de la instituci\u00f3n.<\/p>\n<p>Como padrino de la generaci\u00f3n, el secretario de Educaci\u00f3n P\u00fablica de Hidalgo destac\u00f3 que esta es una generaci\u00f3n hist\u00f3rica al haberse formado bajo el Plan de Estudios 2022 y los principios de la Nueva Escuela Mexicana (NEM).<\/p>\n<p>\u201cHan recibido una formaci\u00f3n que les ha capacitado para ense\u00f1ar con sensibilidad, trabajar de manera colaborativa con las familias y las comunidades, promover la inclusi\u00f3n, valorar la diversidad y colocar siempre a las ni\u00f1as, ni\u00f1os y adolescentes en el centro del proceso educativo\u201d, afirm\u00f3 el secretario.<\/p>\n<p>A nombre del gobernador del estado, Julio Menchaca Salazar, Natividad Castrej\u00f3n los invit\u00f3 a mantener un compromiso con la superaci\u00f3n permanente y destac\u00f3 que el magisterio es una figura clave y un agente de cambio indispensable para construir un mundo mejor para todas y todos.<\/p>\n<p>En su intervenci\u00f3n, el secretario general de la Secci\u00f3n 15 del Sindicato Nacional de Trabajadores de la Educaci\u00f3n (SNTE), Said Vargas S\u00e1enz, exhort\u00f3 a los nuevos docentes a no dejar de creer en sus capacidades y a seguir prepar\u00e1ndose: \u201cLos invito a construir el futuro desde las aulas; nuestras compa\u00f1eras y compa\u00f1eros trabajadores de la educaci\u00f3n son el pilar para edificar la igualdad, la justicia social, la libertad y el desarrollo de nuestro estado\u201d.<\/p>\n<p>Por su parte, la directora del plantel, Mar\u00eda Guadalupe Guzm\u00e1n Villa, manifest\u00f3 el orgullo de la instituci\u00f3n al entregar a la sociedad una generaci\u00f3n tan significativa justo en el a\u00f1o del 50 aniversario de la Normal y les dese\u00f3 \u00e9xito en su inserci\u00f3n al servicio profesional.<\/p>\n<p>En representaci\u00f3n de las y los graduados, Abril Rangel Hern\u00e1ndez, Mayra Trejo Maya, Ximena Falc\u00f3n Mu\u00f1oz y Ruth Samantha Porras Callejas reconocieron el respaldo de sus familias y la valiosa gu\u00eda de sus profesores durante su estancia en la instituci\u00f3n.<\/p>\n<p>El pres\u00eddium cont\u00f3 tambi\u00e9n con la asistencia de la presidenta municipal de Progreso de Obreg\u00f3n, Lorena Estrada Flores; el director general de Formaci\u00f3n y Superaci\u00f3n Docente, Jos\u00e9 Francisco Morelos Fern\u00e1ndez; el director de Educaci\u00f3n Normal, Taurino Ram\u00edrez Labra, entre otras autoridades del sector educativo.<\/p>\n","protected":false},"excerpt":{"rendered":"<p>Redacci\u00f3n Natividad Castrej\u00f3n Valdez reconoci\u00f3 a la generaci\u00f3n 2022-2026 como una generaci\u00f3n hist\u00f3rica por su formaci\u00f3n bajo el Plan de Estudios 2022 y la Nueva Escuela Mexicana El secretario de Educaci\u00f3n P\u00fablica de Hidalgo, Natividad Castrej\u00f3n Valdez, encabez\u00f3 la ceremonia de graduaci\u00f3n de 150 egresadas y egresados de la Escuela Normal Valle del Mezquital, generaci\u00f3n<\/p>\n","protected":false},"author":2,"featured_media":6516,"comment_status":"open","ping_status":"open","sticky":false,"template":"","format":"standard","meta":{"footnotes":""},"categories":[404,31,44],"tags":[],"class_list":["post-6515","post","type-post","status-publish","format-standard","has-post-thumbnail","category-educacion","category-hidalgo","category-minuto-a-minuto"],"yoast_head":"<!-- This site is optimized with the Yoast SEO plugin v28.0 - https:\/\/yoast.com\/product\/yoast-seo-wordpress\/ -->\n<title>Egresan 150 docentes de la Escuela Normal Valle del Mezquital en su 50 aniversario - El Cardinal<\/title>\n<meta name=\"robots\" content=\"index, follow, max-snippet:-1, max-image-preview:large, max-video-preview:-1\" \/>\n<link rel=\"canonical\" href=\"https:\/\/elcardinal.com\/?p=6515\" \/>\n<meta property=\"og:locale\" content=\"es_MX\" \/>\n<meta property=\"og:type\" content=\"article\" \/>\n<meta property=\"og:title\" content=\"Egresan 150 docentes de la Escuela Normal Valle del Mezquital en su 50 aniversario - El Cardinal\" \/>\n<meta property=\"og:description\" content=\"Redacci\u00f3n Natividad Castrej\u00f3n Valdez reconoci\u00f3 a la generaci\u00f3n 2022-2026 como una generaci\u00f3n hist\u00f3rica por su formaci\u00f3n bajo el Plan de Estudios 2022 y la Nueva Escuela Mexicana El secretario de Educaci\u00f3n P\u00fablica de Hidalgo, Natividad Castrej\u00f3n Valdez, encabez\u00f3 la ceremonia de graduaci\u00f3n de 150 egresadas y egresados de la Escuela Normal Valle del Mezquital, generaci\u00f3n\" \/>\n<meta property=\"og:url\" content=\"https:\/\/elcardinal.com\/?p=6515\" \/>\n<meta property=\"og:site_name\" content=\"El Cardinal\" \/>\n<meta property=\"article:publisher\" content=\"https:\/\/www.facebook.com\/profile.php?id=100063093107011\" \/>\n<meta property=\"article:published_time\" content=\"2026-07-18T19:47:05+00:00\" \/>\n<meta property=\"article:modified_time\" content=\"2026-07-19T19:48:17+00:00\" \/>\n<meta property=\"og:image\" content=\"https:\/\/elcardinal.com\/wp-content\/uploads\/2026\/07\/Egresan-150-estudiantes-de-la-Escuela-Normal-Valle-del-Mezquital-2-scaled.jpg\" \/>\n\t<meta property=\"og:image:width\" content=\"2560\" \/>\n\t<meta property=\"og:image:height\" content=\"1707\" \/>\n\t<meta property=\"og:image:type\" content=\"image\/jpeg\" \/>\n<meta name=\"author\" content=\"Antonio Alcaraz\" \/>\n<meta name=\"twitter:card\" content=\"summary_large_image\" \/>\n<meta name=\"twitter:creator\" content=\"@ElCardinal_Mx\" \/>\n<meta name=\"twitter:site\" content=\"@ElCardinal_Mx\" \/>\n<meta name=\"twitter:label1\" content=\"Escrito por\" \/>\n\t<meta name=\"twitter:data1\" content=\"Antonio Alcaraz\" \/>\n\t<meta name=\"twitter:label2\" content=\"Tiempo de lectura\" \/>\n\t<meta name=\"twitter:data2\" content=\"3 minutos\" \/>\n<script type=\"application\/ld+json\" class=\"yoast-schema-graph\">{\"@context\":\"https:\\\/\\\/schema.org\",\"@graph\":[{\"@type\":\"Article\",\"@id\":\"https:\\\/\\\/elcardinal.com\\\/?p=6515#article\",\"isPartOf\":{\"@id\":\"https:\\\/\\\/elcardinal.com\\\/?p=6515\"},\"author\":{\"name\":\"Antonio Alcaraz\",\"@id\":\"https:\\\/\\\/elcardinal.com\\\/#\\\/schema\\\/person\\\/3c352ec0a33987fe275c0e8a2ea69f8b\"},\"headline\":\"Egresan 150 docentes de la Escuela Normal Valle del Mezquital en su 50 aniversario\",\"datePublished\":\"2026-07-18T19:47:05+00:00\",\"dateModified\":\"2026-07-19T19:48:17+00:00\",\"mainEntityOfPage\":{\"@id\":\"https:\\\/\\\/elcardinal.com\\\/?p=6515\"},\"wordCount\":516,\"commentCount\":0,\"publisher\":{\"@id\":\"https:\\\/\\\/elcardinal.com\\\/#organization\"},\"image\":{\"@id\":\"https:\\\/\\\/elcardinal.com\\\/?p=6515#primaryimage\"},\"thumbnailUrl\":\"https:\\\/\\\/elcardinal.com\\\/wp-content\\\/uploads\\\/2026\\\/07\\\/Egresan-150-estudiantes-de-la-Escuela-Normal-Valle-del-Mezquital-2-scaled.jpg\",\"articleSection\":[\"Educaci\u00f3n\",\"Hidalgo\",\"Minuto a Minuto\"],\"inLanguage\":\"es\",\"potentialAction\":[{\"@type\":\"CommentAction\",\"name\":\"Comment\",\"target\":[\"https:\\\/\\\/elcardinal.com\\\/?p=6515#respond\"]}]},{\"@type\":\"WebPage\",\"@id\":\"https:\\\/\\\/elcardinal.com\\\/?p=6515\",\"url\":\"https:\\\/\\\/elcardinal.com\\\/?p=6515\",\"name\":\"Egresan 150 docentes de la Escuela Normal Valle del Mezquital en su 50 aniversario - El Cardinal\",\"isPartOf\":{\"@id\":\"https:\\\/\\\/elcardinal.com\\\/#website\"},\"primaryImageOfPage\":{\"@id\":\"https:\\\/\\\/elcardinal.com\\\/?p=6515#primaryimage\"},\"image\":{\"@id\":\"https:\\\/\\\/elcardinal.com\\\/?p=6515#primaryimage\"},\"thumbnailUrl\":\"https:\\\/\\\/elcardinal.com\\\/wp-content\\\/uploads\\\/2026\\\/07\\\/Egresan-150-estudiantes-de-la-Escuela-Normal-Valle-del-Mezquital-2-scaled.jpg\",\"datePublished\":\"2026-07-18T19:47:05+00:00\",\"dateModified\":\"2026-07-19T19:48:17+00:00\",\"breadcrumb\":{\"@id\":\"https:\\\/\\\/elcardinal.com\\\/?p=6515#breadcrumb\"},\"inLanguage\":\"es\",\"potentialAction\":[{\"@type\":\"ReadAction\",\"target\":[\"https:\\\/\\\/elcardinal.com\\\/?p=6515\"]}]},{\"@type\":\"ImageObject\",\"inLanguage\":\"es\",\"@id\":\"https:\\\/\\\/elcardinal.com\\\/?p=6515#primaryimage\",\"url\":\"https:\\\/\\\/elcardinal.com\\\/wp-content\\\/uploads\\\/2026\\\/07\\\/Egresan-150-estudiantes-de-la-Escuela-Normal-Valle-del-Mezquital-2-scaled.jpg\",\"contentUrl\":\"https:\\\/\\\/elcardinal.com\\\/wp-content\\\/uploads\\\/2026\\\/07\\\/Egresan-150-estudiantes-de-la-Escuela-Normal-Valle-del-Mezquital-2-scaled.jpg\",\"width\":2560,\"height\":1707},{\"@type\":\"BreadcrumbList\",\"@id\":\"https:\\\/\\\/elcardinal.com\\\/?p=6515#breadcrumb\",\"itemListElement\":[{\"@type\":\"ListItem\",\"position\":1,\"name\":\"Inicio\",\"item\":\"https:\\\/\\\/elcardinal.com\\\/\"},{\"@type\":\"ListItem\",\"position\":2,\"name\":\"Egresan 150 docentes de la Escuela Normal Valle del Mezquital en su 50 aniversario\"}]},{\"@type\":\"WebSite\",\"@id\":\"https:\\\/\\\/elcardinal.com\\\/#website\",\"url\":\"https:\\\/\\\/elcardinal.com\\\/\",\"name\":\"El Cardinal\",\"description\":\"Periodismo honesto, con valor, sentido humano, a veces sarc\u00e1stico y divertido.\",\"publisher\":{\"@id\":\"https:\\\/\\\/elcardinal.com\\\/#organization\"},\"alternateName\":\"El Cardinal Noticias\",\"potentialAction\":[{\"@type\":\"SearchAction\",\"target\":{\"@type\":\"EntryPoint\",\"urlTemplate\":\"https:\\\/\\\/elcardinal.com\\\/?s={search_term_string}\"},\"query-input\":{\"@type\":\"PropertyValueSpecification\",\"valueRequired\":true,\"valueName\":\"search_term_string\"}}],\"inLanguage\":\"es\"},{\"@type\":\"Organization\",\"@id\":\"https:\\\/\\\/elcardinal.com\\\/#organization\",\"name\":\"El Cardinal\",\"url\":\"https:\\\/\\\/elcardinal.com\\\/\",\"logo\":{\"@type\":\"ImageObject\",\"inLanguage\":\"es\",\"@id\":\"https:\\\/\\\/elcardinal.com\\\/#\\\/schema\\\/logo\\\/image\\\/\",\"url\":\"https:\\\/\\\/elcardinal.com\\\/wp-content\\\/uploads\\\/2025\\\/04\\\/LOGO-EL-CARDINAL-Periodismo-con-valor.png\",\"contentUrl\":\"https:\\\/\\\/elcardinal.com\\\/wp-content\\\/uploads\\\/2025\\\/04\\\/LOGO-EL-CARDINAL-Periodismo-con-valor.png\",\"width\":755,\"height\":636,\"caption\":\"El Cardinal\"},\"image\":{\"@id\":\"https:\\\/\\\/elcardinal.com\\\/#\\\/schema\\\/logo\\\/image\\\/\"},\"sameAs\":[\"https:\\\/\\\/www.facebook.com\\\/profile.php?id=100063093107011\",\"https:\\\/\\\/x.com\\\/ElCardinal_Mx\"]},{\"@type\":\"Person\",\"@id\":\"https:\\\/\\\/elcardinal.com\\\/#\\\/schema\\\/person\\\/3c352ec0a33987fe275c0e8a2ea69f8b\",\"name\":\"Antonio Alcaraz\",\"image\":{\"@type\":\"ImageObject\",\"inLanguage\":\"es\",\"@id\":\"https:\\\/\\\/elcardinal.com\\\/wp-content\\\/uploads\\\/2025\\\/05\\\/cropped-TONO-96x96.jpg\",\"url\":\"https:\\\/\\\/elcardinal.com\\\/wp-content\\\/uploads\\\/2025\\\/05\\\/cropped-TONO-96x96.jpg\",\"contentUrl\":\"https:\\\/\\\/elcardinal.com\\\/wp-content\\\/uploads\\\/2025\\\/05\\\/cropped-TONO-96x96.jpg\",\"caption\":\"Antonio Alcaraz\"},\"url\":\"https:\\\/\\\/elcardinal.com\\\/?author=2\"}]}<\/script>\n<!-- \/ Yoast SEO plugin. -->","yoast_head_json":{"title":"Egresan 150 docentes de la Escuela Normal Valle del Mezquital en su 50 aniversario - El Cardinal","robots":{"index":"index","follow":"follow","max-snippet":"max-snippet:-1","max-image-preview":"max-image-preview:large","max-video-preview":"max-video-preview:-1"},"canonical":"https:\/\/elcardinal.com\/?p=6515","og_locale":"es_MX","og_type":"article","og_title":"Egresan 150 docentes de la Escuela Normal Valle del Mezquital en su 50 aniversario - El Cardinal","og_description":"Redacci\u00f3n Natividad Castrej\u00f3n Valdez reconoci\u00f3 a la generaci\u00f3n 2022-2026 como una generaci\u00f3n hist\u00f3rica por su formaci\u00f3n bajo el Plan de Estudios 2022 y la Nueva Escuela Mexicana El secretario de Educaci\u00f3n P\u00fablica de Hidalgo, Natividad Castrej\u00f3n Valdez, encabez\u00f3 la ceremonia de graduaci\u00f3n de 150 egresadas y egresados de la Escuela Normal Valle del Mezquital, generaci\u00f3n","og_url":"https:\/\/elcardinal.com\/?p=6515","og_site_name":"El Cardinal","article_publisher":"https:\/\/www.facebook.com\/profile.php?id=100063093107011","article_published_time":"2026-07-18T19:47:05+00:00","article_modified_time":"2026-07-19T19:48:17+00:00","og_image":[{"width":2560,"height":1707,"url":"https:\/\/elcardinal.com\/wp-content\/uploads\/2026\/07\/Egresan-150-estudiantes-de-la-Escuela-Normal-Valle-del-Mezquital-2-scaled.jpg","type":"image\/jpeg"}],"author":"Antonio Alcaraz","twitter_card":"summary_large_image","twitter_creator":"@ElCardinal_Mx","twitter_site":"@ElCardinal_Mx","twitter_misc":{"Escrito por":"Antonio Alcaraz","Tiempo de lectura":"3 minutos"},"schema":{"@context":"https:\/\/schema.org","@graph":[{"@type":"Article","@id":"https:\/\/elcardinal.com\/?p=6515#article","isPartOf":{"@id":"https:\/\/elcardinal.com\/?p=6515"},"author":{"name":"Antonio Alcaraz","@id":"https:\/\/elcardinal.com\/#\/schema\/person\/3c352ec0a33987fe275c0e8a2ea69f8b"},"headline":"Egresan 150 docentes de la Escuela Normal Valle del Mezquital en su 50 aniversario","datePublished":"2026-07-18T19:47:05+00:00","dateModified":"2026-07-19T19:48:17+00:00","mainEntityOfPage":{"@id":"https:\/\/elcardinal.com\/?p=6515"},"wordCount":516,"commentCount":0,"publisher":{"@id":"https:\/\/elcardinal.com\/#organization"},"image":{"@id":"https:\/\/elcardinal.com\/?p=6515#primaryimage"},"thumbnailUrl":"https:\/\/elcardinal.com\/wp-content\/uploads\/2026\/07\/Egresan-150-estudiantes-de-la-Escuela-Normal-Valle-del-Mezquital-2-scaled.jpg","articleSection":["Educaci\u00f3n","Hidalgo","Minuto a Minuto"],"inLanguage":"es","potentialAction":[{"@type":"CommentAction","name":"Comment","target":["https:\/\/elcardinal.com\/?p=6515#respond"]}]},{"@type":"WebPage","@id":"https:\/\/elcardinal.com\/?p=6515","url":"https:\/\/elcardinal.com\/?p=6515","name":"Egresan 150 docentes de la Escuela Normal Valle del Mezquital en su 50 aniversario - El Cardinal","isPartOf":{"@id":"https:\/\/elcardinal.com\/#website"},"primaryImageOfPage":{"@id":"https:\/\/elcardinal.com\/?p=6515#primaryimage"},"image":{"@id":"https:\/\/elcardinal.com\/?p=6515#primaryimage"},"thumbnailUrl":"https:\/\/elcardinal.com\/wp-content\/uploads\/2026\/07\/Egresan-150-estudiantes-de-la-Escuela-Normal-Valle-del-Mezquital-2-scaled.jpg","datePublished":"2026-07-18T19:47:05+00:00","dateModified":"2026-07-19T19:48:17+00:00","breadcrumb":{"@id":"https:\/\/elcardinal.com\/?p=6515#breadcrumb"},"inLanguage":"es","potentialAction":[{"@type":"ReadAction","target":["https:\/\/elcardinal.com\/?p=6515"]}]},{"@type":"ImageObject","inLanguage":"es","@id":"https:\/\/elcardinal.com\/?p=6515#primaryimage","url":"https:\/\/elcardinal.com\/wp-content\/uploads\/2026\/07\/Egresan-150-estudiantes-de-la-Escuela-Normal-Valle-del-Mezquital-2-scaled.jpg","contentUrl":"https:\/\/elcardinal.com\/wp-content\/uploads\/2026\/07\/Egresan-150-estudiantes-de-la-Escuela-Normal-Valle-del-Mezquital-2-scaled.jpg","width":2560,"height":1707},{"@type":"BreadcrumbList","@id":"https:\/\/elcardinal.com\/?p=6515#breadcrumb","itemListElement":[{"@type":"ListItem","position":1,"name":"Inicio","item":"https:\/\/elcardinal.com\/"},{"@type":"ListItem","position":2,"name":"Egresan 150 docentes de la Escuela Normal Valle del Mezquital en su 50 aniversario"}]},{"@type":"WebSite","@id":"https:\/\/elcardinal.com\/#website","url":"https:\/\/elcardinal.com\/","name":"El Cardinal","description":"Periodismo honesto, con valor, sentido humano, a veces sarc\u00e1stico y divertido.","publisher":{"@id":"https:\/\/elcardinal.com\/#organization"},"alternateName":"El Cardinal Noticias","potentialAction":[{"@type":"SearchAction","target":{"@type":"EntryPoint","urlTemplate":"https:\/\/elcardinal.com\/?s={search_term_string}"},"query-input":{"@type":"PropertyValueSpecification","valueRequired":true,"valueName":"search_term_string"}}],"inLanguage":"es"},{"@type":"Organization","@id":"https:\/\/elcardinal.com\/#organization","name":"El Cardinal","url":"https:\/\/elcardinal.com\/","logo":{"@type":"ImageObject","inLanguage":"es","@id":"https:\/\/elcardinal.com\/#\/schema\/logo\/image\/","url":"https:\/\/elcardinal.com\/wp-content\/uploads\/2025\/04\/LOGO-EL-CARDINAL-Periodismo-con-valor.png","contentUrl":"https:\/\/elcardinal.com\/wp-content\/uploads\/2025\/04\/LOGO-EL-CARDINAL-Periodismo-con-valor.png","width":755,"height":636,"caption":"El Cardinal"},"image":{"@id":"https:\/\/elcardinal.com\/#\/schema\/logo\/image\/"},"sameAs":["https:\/\/www.facebook.com\/profile.php?id=100063093107011","https:\/\/x.com\/ElCardinal_Mx"]},{"@type":"Person","@id":"https:\/\/elcardinal.com\/#\/schema\/person\/3c352ec0a33987fe275c0e8a2ea69f8b","name":"Antonio Alcaraz","image":{"@type":"ImageObject","inLanguage":"es","@id":"https:\/\/elcardinal.com\/wp-content\/uploads\/2025\/05\/cropped-TONO-96x96.jpg","url":"https:\/\/elcardinal.com\/wp-content\/uploads\/2025\/05\/cropped-TONO-96x96.jpg","contentUrl":"https:\/\/elcardinal.com\/wp-content\/uploads\/2025\/05\/cropped-TONO-96x96.jpg","caption":"Antonio Alcaraz"},"url":"https:\/\/elcardinal.com\/?author=2"}]}},"_links":{"self":[{"href":"https:\/\/elcardinal.com\/index.php?rest_route=\/wp\/v2\/posts\/6515","targetHints":{"allow":["GET"]}}],"collection":[{"href":"https:\/\/elcardinal.com\/index.php?rest_route=\/wp\/v2\/posts"}],"about":[{"href":"https:\/\/elcardinal.com\/index.php?rest_route=\/wp\/v2\/types\/post"}],"author":[{"embeddable":true,"href":"https:\/\/elcardinal.com\/index.php?rest_route=\/wp\/v2\/users\/2"}],"replies":[{"embeddable":true,"href":"https:\/\/elcardinal.com\/index.php?rest_route=%2Fwp%2Fv2%2Fcomments&post=6515"}],"version-history":[{"count":1,"href":"https:\/\/elcardinal.com\/index.php?rest_route=\/wp\/v2\/posts\/6515\/revisions"}],"predecessor-version":[{"id":6517,"href":"https:\/\/elcardinal.com\/index.php?rest_route=\/wp\/v2\/posts\/6515\/revisions\/6517"}],"wp:featuredmedia":[{"embeddable":true,"href":"https:\/\/elcardinal.com\/index.php?rest_route=\/wp\/v2\/media\/6516"}],"wp:attachment":[{"href":"https:\/\/elcardinal.com\/index.php?rest_route=%2Fwp%2Fv2%2Fmedia&parent=6515"}],"wp:term":[{"taxonomy":"category","embeddable":true,"href":"https:\/\/elcardinal.com\/index.php?rest_route=%2Fwp%2Fv2%2Fcategories&post=6515"},{"taxonomy":"post_tag","embeddable":true,"href":"https:\/\/elcardinal.com\/index.php?rest_route=%2Fwp%2Fv2%2Ftags&post=6515"}],"curies":[{"name":"wp","href":"https:\/\/api.w.org\/{rel}","templated":true}]}}