{"id":6538,"date":"2026-07-20T16:03:40","date_gmt":"2026-07-20T22:03:40","guid":{"rendered":"https:\/\/elcardinal.com\/?p=6538"},"modified":"2026-07-20T17:13:58","modified_gmt":"2026-07-20T23:13:58","slug":"docentes-fortalecen-su-practica-educativa-con-taller-intensivo","status":"publish","type":"post","link":"https:\/\/elcardinal.com\/?p=6538","title":{"rendered":"Docentes fortalecen su pr\u00e1ctica educativa con taller intensivo"},"content":{"rendered":"<p>Redacci\u00f3n<\/p>\n<p><span style=\"font-weight: 400;\">El <strong>Instituto Hidalguense de Educaci\u00f3n (IHE)<\/strong> llev\u00f3 a cabo en todas las escuelas de educaci\u00f3n b\u00e1sica de la entidad el Taller Intensivo para Personal Docente &#8220;Estar siendo en comunidad de aprendizaje&#8221;, espacio de formaci\u00f3n continua que fortaleci\u00f3 la reflexi\u00f3n sobre la pr\u00e1ctica educativa, el trabajo colaborativo y los aprendizajes alcanzados durante el ciclo escolar 2025-2026.<\/span><\/p>\n<p><span style=\"font-weight: 400;\">La subsecretaria de Educaci\u00f3n B\u00e1sica del Gobierno de M\u00e9xico, Noem\u00ed Ju\u00e1rez P\u00e9rez, visit\u00f3 la Telesecundaria No. 72, ubicada en el municipio de Zapotl\u00e1n de Ju\u00e1rez, donde destac\u00f3 la importancia de generar espacios de reflexi\u00f3n colectiva que permitan a las maestras y maestros fortalecer su pr\u00e1ctica educativa a partir del an\u00e1lisis de sus experiencias, saberes y contextos, en congruencia con los principios de la Nueva Escuela Mexicana (NEM).<\/span><\/p>\n<p><span style=\"font-weight: 400;\">En representaci\u00f3n del secretario de Educaci\u00f3n P\u00fablica de Hidalgo y titular del IHE, Natividad Castrej\u00f3n Valdez, asisti\u00f3 la subsecretaria de Educaci\u00f3n B\u00e1sica, Nancy Adriana Le\u00f3n Vite, quien reiter\u00f3 que para el gobierno encabezado por Julio Menchaca Salazar es una prioridad fortalecer la educaci\u00f3n p\u00fablica a trav\u00e9s del acompa\u00f1amiento permanente a las comunidades escolares.<\/span><\/p>\n<p><span style=\"font-weight: 400;\">Como parte del trabajo acad\u00e9mico, las y los docentes trabajaron con la carpeta para la reflexi\u00f3n, recurso formativo dise\u00f1ado para documentar, analizar y fortalecer la pr\u00e1ctica educativa mediante actividades centradas en el di\u00e1logo, el intercambio de saberes y la construcci\u00f3n colectiva de aprendizajes.<\/span><\/p>\n<p><span style=\"font-weight: 400;\">El taller incluy\u00f3 los espacios de trabajo &#8220;Movilizar las comunidades de aprendizaje&#8221;, &#8220;El aprendizaje colectivo en contexto&#8221;, &#8220;Ser en lo que somos&#8221; y &#8220;Mosaico de la transformaci\u00f3n&#8221;, adem\u00e1s de un colof\u00f3n, un tablero de novedades y materiales de consulta.<\/span><\/p>\n<p><span style=\"font-weight: 400;\">Durante la jornada tambi\u00e9n se difundieron estrategias y convocatorias para el pr\u00f3ximo ciclo escolar, entre ellas el proceso colegiado &#8220;Sistematizaci\u00f3n de una experiencia escolar en comunidad de aprendizaje en el Consejo T\u00e9cnico Escolar&#8221; para 2026-2027; el ciclo de conversatorios &#8220;Perspectivas te\u00f3ricas cr\u00edticas y decoloniales en la Nueva Escuela Mexicana y sus posibilidades did\u00e1cticas&#8221;; la Estrategia Nacional de Atenci\u00f3n a la Salud Mental para las y los J\u00f3venes &#8220;El ABC de las emociones&#8221;; as\u00ed como el material &#8220;Cultura de paz y derechos humanos desde una lectura cr\u00edtica. Cuaderno para la formaci\u00f3n docente y el servicio p\u00fablico&#8221;.<\/span><\/p>\n<p><span style=\"font-weight: 400;\">Al evento tambi\u00e9n asistieron la directora general de Formaci\u00f3n Continua a Docentes y Directivos de Educaci\u00f3n B\u00e1sica, Adela Pi\u00f1a Bernal; la presidenta municipal de Zapotl\u00e1n de Ju\u00e1rez, Cynthia Arellano Mart\u00ednez; la titular de la Unidad de Gesti\u00f3n T\u00e9cnica de la Subsecretar\u00eda de Educaci\u00f3n B\u00e1sica, Claudia Huerta Ruiz;\u00a0 en representaci\u00f3n de la directora general de Desarrollo Curricular, Mar\u00eda del Rosario Ram\u00edrez Hern\u00e1ndez, la directora de Formaci\u00f3n Continua, Mar\u00eda de Lourdes Reyes P\u00e9rez, entre otros.<\/span><\/p>\n","protected":false},"excerpt":{"rendered":"<p>Redacci\u00f3n El Instituto Hidalguense de Educaci\u00f3n (IHE) llev\u00f3 a cabo en todas las escuelas de educaci\u00f3n b\u00e1sica de la entidad el Taller Intensivo para Personal Docente &#8220;Estar siendo en comunidad de aprendizaje&#8221;, espacio de formaci\u00f3n continua que fortaleci\u00f3 la reflexi\u00f3n sobre la pr\u00e1ctica educativa, el trabajo colaborativo y los aprendizajes alcanzados durante el ciclo escolar<\/p>\n","protected":false},"author":2,"featured_media":6539,"comment_status":"open","ping_status":"open","sticky":false,"template":"","format":"standard","meta":{"footnotes":""},"categories":[404,31,44],"tags":[403,402,400],"class_list":["post-6538","post","type-post","status-publish","format-standard","has-post-thumbnail","category-educacion","category-hidalgo","category-minuto-a-minuto","tag-ihe","tag-instituto-hidalguense-de-educacion","tag-naty-castrejon"],"yoast_head":"<!-- This site is optimized with the Yoast SEO plugin v28.0 - https:\/\/yoast.com\/product\/yoast-seo-wordpress\/ -->\n<title>Docentes fortalecen su pr\u00e1ctica educativa con taller intensivo - El Cardinal<\/title>\n<meta name=\"robots\" content=\"index, follow, max-snippet:-1, max-image-preview:large, max-video-preview:-1\" \/>\n<link rel=\"canonical\" href=\"https:\/\/elcardinal.com\/?p=6538\" \/>\n<meta property=\"og:locale\" content=\"es_MX\" \/>\n<meta property=\"og:type\" content=\"article\" \/>\n<meta property=\"og:title\" content=\"Docentes fortalecen su pr\u00e1ctica educativa con taller intensivo - El Cardinal\" \/>\n<meta property=\"og:description\" content=\"Redacci\u00f3n El Instituto Hidalguense de Educaci\u00f3n (IHE) llev\u00f3 a cabo en todas las escuelas de educaci\u00f3n b\u00e1sica de la entidad el Taller Intensivo para Personal Docente &#8220;Estar siendo en comunidad de aprendizaje&#8221;, espacio de formaci\u00f3n continua que fortaleci\u00f3 la reflexi\u00f3n sobre la pr\u00e1ctica educativa, el trabajo colaborativo y los aprendizajes alcanzados durante el ciclo escolar\" \/>\n<meta property=\"og:url\" content=\"https:\/\/elcardinal.com\/?p=6538\" \/>\n<meta property=\"og:site_name\" content=\"El Cardinal\" \/>\n<meta property=\"article:publisher\" content=\"https:\/\/www.facebook.com\/profile.php?id=100063093107011\" \/>\n<meta property=\"article:published_time\" content=\"2026-07-20T22:03:40+00:00\" \/>\n<meta property=\"article:modified_time\" content=\"2026-07-20T23:13:58+00:00\" \/>\n<meta property=\"og:image\" content=\"https:\/\/elcardinal.com\/wp-content\/uploads\/2026\/07\/Docentes-de-Hidalgo-fortalecen-su-practica-educativa-en-Taller-Intensivo-de-fin-de-ciclo-2.jpg\" \/>\n\t<meta property=\"og:image:width\" content=\"2048\" \/>\n\t<meta property=\"og:image:height\" content=\"1362\" \/>\n\t<meta property=\"og:image:type\" content=\"image\/jpeg\" \/>\n<meta name=\"author\" content=\"Antonio Alcaraz\" \/>\n<meta name=\"twitter:card\" content=\"summary_large_image\" \/>\n<meta name=\"twitter:creator\" content=\"@ElCardinal_Mx\" \/>\n<meta name=\"twitter:site\" content=\"@ElCardinal_Mx\" \/>\n<meta name=\"twitter:label1\" content=\"Escrito por\" \/>\n\t<meta name=\"twitter:data1\" content=\"Antonio Alcaraz\" \/>\n\t<meta name=\"twitter:label2\" content=\"Tiempo de lectura\" \/>\n\t<meta name=\"twitter:data2\" content=\"3 minutos\" \/>\n<script type=\"application\/ld+json\" class=\"yoast-schema-graph\">{\"@context\":\"https:\\\/\\\/schema.org\",\"@graph\":[{\"@type\":\"Article\",\"@id\":\"https:\\\/\\\/elcardinal.com\\\/?p=6538#article\",\"isPartOf\":{\"@id\":\"https:\\\/\\\/elcardinal.com\\\/?p=6538\"},\"author\":{\"name\":\"Antonio Alcaraz\",\"@id\":\"https:\\\/\\\/elcardinal.com\\\/#\\\/schema\\\/person\\\/3c352ec0a33987fe275c0e8a2ea69f8b\"},\"headline\":\"Docentes fortalecen su pr\u00e1ctica educativa con taller intensivo\",\"datePublished\":\"2026-07-20T22:03:40+00:00\",\"dateModified\":\"2026-07-20T23:13:58+00:00\",\"mainEntityOfPage\":{\"@id\":\"https:\\\/\\\/elcardinal.com\\\/?p=6538\"},\"wordCount\":503,\"commentCount\":0,\"publisher\":{\"@id\":\"https:\\\/\\\/elcardinal.com\\\/#organization\"},\"image\":{\"@id\":\"https:\\\/\\\/elcardinal.com\\\/?p=6538#primaryimage\"},\"thumbnailUrl\":\"https:\\\/\\\/elcardinal.com\\\/wp-content\\\/uploads\\\/2026\\\/07\\\/Docentes-de-Hidalgo-fortalecen-su-practica-educativa-en-Taller-Intensivo-de-fin-de-ciclo-2.jpg\",\"keywords\":[\"IHE\",\"Instituto Hidalguense de Educaci\u00f3n\",\"Naty Castrej\u00f3n\"],\"articleSection\":[\"Educaci\u00f3n\",\"Hidalgo\",\"Minuto a Minuto\"],\"inLanguage\":\"es\",\"potentialAction\":[{\"@type\":\"CommentAction\",\"name\":\"Comment\",\"target\":[\"https:\\\/\\\/elcardinal.com\\\/?p=6538#respond\"]}]},{\"@type\":\"WebPage\",\"@id\":\"https:\\\/\\\/elcardinal.com\\\/?p=6538\",\"url\":\"https:\\\/\\\/elcardinal.com\\\/?p=6538\",\"name\":\"Docentes fortalecen su pr\u00e1ctica educativa con taller intensivo - El Cardinal\",\"isPartOf\":{\"@id\":\"https:\\\/\\\/elcardinal.com\\\/#website\"},\"primaryImageOfPage\":{\"@id\":\"https:\\\/\\\/elcardinal.com\\\/?p=6538#primaryimage\"},\"image\":{\"@id\":\"https:\\\/\\\/elcardinal.com\\\/?p=6538#primaryimage\"},\"thumbnailUrl\":\"https:\\\/\\\/elcardinal.com\\\/wp-content\\\/uploads\\\/2026\\\/07\\\/Docentes-de-Hidalgo-fortalecen-su-practica-educativa-en-Taller-Intensivo-de-fin-de-ciclo-2.jpg\",\"datePublished\":\"2026-07-20T22:03:40+00:00\",\"dateModified\":\"2026-07-20T23:13:58+00:00\",\"breadcrumb\":{\"@id\":\"https:\\\/\\\/elcardinal.com\\\/?p=6538#breadcrumb\"},\"inLanguage\":\"es\",\"potentialAction\":[{\"@type\":\"ReadAction\",\"target\":[\"https:\\\/\\\/elcardinal.com\\\/?p=6538\"]}]},{\"@type\":\"ImageObject\",\"inLanguage\":\"es\",\"@id\":\"https:\\\/\\\/elcardinal.com\\\/?p=6538#primaryimage\",\"url\":\"https:\\\/\\\/elcardinal.com\\\/wp-content\\\/uploads\\\/2026\\\/07\\\/Docentes-de-Hidalgo-fortalecen-su-practica-educativa-en-Taller-Intensivo-de-fin-de-ciclo-2.jpg\",\"contentUrl\":\"https:\\\/\\\/elcardinal.com\\\/wp-content\\\/uploads\\\/2026\\\/07\\\/Docentes-de-Hidalgo-fortalecen-su-practica-educativa-en-Taller-Intensivo-de-fin-de-ciclo-2.jpg\",\"width\":2048,\"height\":1362},{\"@type\":\"BreadcrumbList\",\"@id\":\"https:\\\/\\\/elcardinal.com\\\/?p=6538#breadcrumb\",\"itemListElement\":[{\"@type\":\"ListItem\",\"position\":1,\"name\":\"Inicio\",\"item\":\"https:\\\/\\\/elcardinal.com\\\/\"},{\"@type\":\"ListItem\",\"position\":2,\"name\":\"Docentes fortalecen su pr\u00e1ctica educativa con taller intensivo\"}]},{\"@type\":\"WebSite\",\"@id\":\"https:\\\/\\\/elcardinal.com\\\/#website\",\"url\":\"https:\\\/\\\/elcardinal.com\\\/\",\"name\":\"El Cardinal\",\"description\":\"Periodismo honesto, con valor, sentido humano, a veces sarc\u00e1stico y divertido.\",\"publisher\":{\"@id\":\"https:\\\/\\\/elcardinal.com\\\/#organization\"},\"alternateName\":\"El Cardinal Noticias\",\"potentialAction\":[{\"@type\":\"SearchAction\",\"target\":{\"@type\":\"EntryPoint\",\"urlTemplate\":\"https:\\\/\\\/elcardinal.com\\\/?s={search_term_string}\"},\"query-input\":{\"@type\":\"PropertyValueSpecification\",\"valueRequired\":true,\"valueName\":\"search_term_string\"}}],\"inLanguage\":\"es\"},{\"@type\":\"Organization\",\"@id\":\"https:\\\/\\\/elcardinal.com\\\/#organization\",\"name\":\"El Cardinal\",\"url\":\"https:\\\/\\\/elcardinal.com\\\/\",\"logo\":{\"@type\":\"ImageObject\",\"inLanguage\":\"es\",\"@id\":\"https:\\\/\\\/elcardinal.com\\\/#\\\/schema\\\/logo\\\/image\\\/\",\"url\":\"https:\\\/\\\/elcardinal.com\\\/wp-content\\\/uploads\\\/2025\\\/04\\\/LOGO-EL-CARDINAL-Periodismo-con-valor.png\",\"contentUrl\":\"https:\\\/\\\/elcardinal.com\\\/wp-content\\\/uploads\\\/2025\\\/04\\\/LOGO-EL-CARDINAL-Periodismo-con-valor.png\",\"width\":755,\"height\":636,\"caption\":\"El Cardinal\"},\"image\":{\"@id\":\"https:\\\/\\\/elcardinal.com\\\/#\\\/schema\\\/logo\\\/image\\\/\"},\"sameAs\":[\"https:\\\/\\\/www.facebook.com\\\/profile.php?id=100063093107011\",\"https:\\\/\\\/x.com\\\/ElCardinal_Mx\"]},{\"@type\":\"Person\",\"@id\":\"https:\\\/\\\/elcardinal.com\\\/#\\\/schema\\\/person\\\/3c352ec0a33987fe275c0e8a2ea69f8b\",\"name\":\"Antonio Alcaraz\",\"image\":{\"@type\":\"ImageObject\",\"inLanguage\":\"es\",\"@id\":\"https:\\\/\\\/elcardinal.com\\\/wp-content\\\/uploads\\\/2025\\\/05\\\/cropped-TONO-96x96.jpg\",\"url\":\"https:\\\/\\\/elcardinal.com\\\/wp-content\\\/uploads\\\/2025\\\/05\\\/cropped-TONO-96x96.jpg\",\"contentUrl\":\"https:\\\/\\\/elcardinal.com\\\/wp-content\\\/uploads\\\/2025\\\/05\\\/cropped-TONO-96x96.jpg\",\"caption\":\"Antonio Alcaraz\"},\"url\":\"https:\\\/\\\/elcardinal.com\\\/?author=2\"}]}<\/script>\n<!-- \/ Yoast SEO plugin. -->","yoast_head_json":{"title":"Docentes fortalecen su pr\u00e1ctica educativa con taller intensivo - El Cardinal","robots":{"index":"index","follow":"follow","max-snippet":"max-snippet:-1","max-image-preview":"max-image-preview:large","max-video-preview":"max-video-preview:-1"},"canonical":"https:\/\/elcardinal.com\/?p=6538","og_locale":"es_MX","og_type":"article","og_title":"Docentes fortalecen su pr\u00e1ctica educativa con taller intensivo - El Cardinal","og_description":"Redacci\u00f3n El Instituto Hidalguense de Educaci\u00f3n (IHE) llev\u00f3 a cabo en todas las escuelas de educaci\u00f3n b\u00e1sica de la entidad el Taller Intensivo para Personal Docente &#8220;Estar siendo en comunidad de aprendizaje&#8221;, espacio de formaci\u00f3n continua que fortaleci\u00f3 la reflexi\u00f3n sobre la pr\u00e1ctica educativa, el trabajo colaborativo y los aprendizajes alcanzados durante el ciclo escolar","og_url":"https:\/\/elcardinal.com\/?p=6538","og_site_name":"El Cardinal","article_publisher":"https:\/\/www.facebook.com\/profile.php?id=100063093107011","article_published_time":"2026-07-20T22:03:40+00:00","article_modified_time":"2026-07-20T23:13:58+00:00","og_image":[{"width":2048,"height":1362,"url":"https:\/\/elcardinal.com\/wp-content\/uploads\/2026\/07\/Docentes-de-Hidalgo-fortalecen-su-practica-educativa-en-Taller-Intensivo-de-fin-de-ciclo-2.jpg","type":"image\/jpeg"}],"author":"Antonio Alcaraz","twitter_card":"summary_large_image","twitter_creator":"@ElCardinal_Mx","twitter_site":"@ElCardinal_Mx","twitter_misc":{"Escrito por":"Antonio Alcaraz","Tiempo de lectura":"3 minutos"},"schema":{"@context":"https:\/\/schema.org","@graph":[{"@type":"Article","@id":"https:\/\/elcardinal.com\/?p=6538#article","isPartOf":{"@id":"https:\/\/elcardinal.com\/?p=6538"},"author":{"name":"Antonio Alcaraz","@id":"https:\/\/elcardinal.com\/#\/schema\/person\/3c352ec0a33987fe275c0e8a2ea69f8b"},"headline":"Docentes fortalecen su pr\u00e1ctica educativa con taller intensivo","datePublished":"2026-07-20T22:03:40+00:00","dateModified":"2026-07-20T23:13:58+00:00","mainEntityOfPage":{"@id":"https:\/\/elcardinal.com\/?p=6538"},"wordCount":503,"commentCount":0,"publisher":{"@id":"https:\/\/elcardinal.com\/#organization"},"image":{"@id":"https:\/\/elcardinal.com\/?p=6538#primaryimage"},"thumbnailUrl":"https:\/\/elcardinal.com\/wp-content\/uploads\/2026\/07\/Docentes-de-Hidalgo-fortalecen-su-practica-educativa-en-Taller-Intensivo-de-fin-de-ciclo-2.jpg","keywords":["IHE","Instituto Hidalguense de Educaci\u00f3n","Naty Castrej\u00f3n"],"articleSection":["Educaci\u00f3n","Hidalgo","Minuto a Minuto"],"inLanguage":"es","potentialAction":[{"@type":"CommentAction","name":"Comment","target":["https:\/\/elcardinal.com\/?p=6538#respond"]}]},{"@type":"WebPage","@id":"https:\/\/elcardinal.com\/?p=6538","url":"https:\/\/elcardinal.com\/?p=6538","name":"Docentes fortalecen su pr\u00e1ctica educativa con taller intensivo - El Cardinal","isPartOf":{"@id":"https:\/\/elcardinal.com\/#website"},"primaryImageOfPage":{"@id":"https:\/\/elcardinal.com\/?p=6538#primaryimage"},"image":{"@id":"https:\/\/elcardinal.com\/?p=6538#primaryimage"},"thumbnailUrl":"https:\/\/elcardinal.com\/wp-content\/uploads\/2026\/07\/Docentes-de-Hidalgo-fortalecen-su-practica-educativa-en-Taller-Intensivo-de-fin-de-ciclo-2.jpg","datePublished":"2026-07-20T22:03:40+00:00","dateModified":"2026-07-20T23:13:58+00:00","breadcrumb":{"@id":"https:\/\/elcardinal.com\/?p=6538#breadcrumb"},"inLanguage":"es","potentialAction":[{"@type":"ReadAction","target":["https:\/\/elcardinal.com\/?p=6538"]}]},{"@type":"ImageObject","inLanguage":"es","@id":"https:\/\/elcardinal.com\/?p=6538#primaryimage","url":"https:\/\/elcardinal.com\/wp-content\/uploads\/2026\/07\/Docentes-de-Hidalgo-fortalecen-su-practica-educativa-en-Taller-Intensivo-de-fin-de-ciclo-2.jpg","contentUrl":"https:\/\/elcardinal.com\/wp-content\/uploads\/2026\/07\/Docentes-de-Hidalgo-fortalecen-su-practica-educativa-en-Taller-Intensivo-de-fin-de-ciclo-2.jpg","width":2048,"height":1362},{"@type":"BreadcrumbList","@id":"https:\/\/elcardinal.com\/?p=6538#breadcrumb","itemListElement":[{"@type":"ListItem","position":1,"name":"Inicio","item":"https:\/\/elcardinal.com\/"},{"@type":"ListItem","position":2,"name":"Docentes fortalecen su pr\u00e1ctica educativa con taller intensivo"}]},{"@type":"WebSite","@id":"https:\/\/elcardinal.com\/#website","url":"https:\/\/elcardinal.com\/","name":"El Cardinal","description":"Periodismo honesto, con valor, sentido humano, a veces sarc\u00e1stico y divertido.","publisher":{"@id":"https:\/\/elcardinal.com\/#organization"},"alternateName":"El Cardinal Noticias","potentialAction":[{"@type":"SearchAction","target":{"@type":"EntryPoint","urlTemplate":"https:\/\/elcardinal.com\/?s={search_term_string}"},"query-input":{"@type":"PropertyValueSpecification","valueRequired":true,"valueName":"search_term_string"}}],"inLanguage":"es"},{"@type":"Organization","@id":"https:\/\/elcardinal.com\/#organization","name":"El Cardinal","url":"https:\/\/elcardinal.com\/","logo":{"@type":"ImageObject","inLanguage":"es","@id":"https:\/\/elcardinal.com\/#\/schema\/logo\/image\/","url":"https:\/\/elcardinal.com\/wp-content\/uploads\/2025\/04\/LOGO-EL-CARDINAL-Periodismo-con-valor.png","contentUrl":"https:\/\/elcardinal.com\/wp-content\/uploads\/2025\/04\/LOGO-EL-CARDINAL-Periodismo-con-valor.png","width":755,"height":636,"caption":"El Cardinal"},"image":{"@id":"https:\/\/elcardinal.com\/#\/schema\/logo\/image\/"},"sameAs":["https:\/\/www.facebook.com\/profile.php?id=100063093107011","https:\/\/x.com\/ElCardinal_Mx"]},{"@type":"Person","@id":"https:\/\/elcardinal.com\/#\/schema\/person\/3c352ec0a33987fe275c0e8a2ea69f8b","name":"Antonio Alcaraz","image":{"@type":"ImageObject","inLanguage":"es","@id":"https:\/\/elcardinal.com\/wp-content\/uploads\/2025\/05\/cropped-TONO-96x96.jpg","url":"https:\/\/elcardinal.com\/wp-content\/uploads\/2025\/05\/cropped-TONO-96x96.jpg","contentUrl":"https:\/\/elcardinal.com\/wp-content\/uploads\/2025\/05\/cropped-TONO-96x96.jpg","caption":"Antonio Alcaraz"},"url":"https:\/\/elcardinal.com\/?author=2"}]}},"_links":{"self":[{"href":"https:\/\/elcardinal.com\/index.php?rest_route=\/wp\/v2\/posts\/6538","targetHints":{"allow":["GET"]}}],"collection":[{"href":"https:\/\/elcardinal.com\/index.php?rest_route=\/wp\/v2\/posts"}],"about":[{"href":"https:\/\/elcardinal.com\/index.php?rest_route=\/wp\/v2\/types\/post"}],"author":[{"embeddable":true,"href":"https:\/\/elcardinal.com\/index.php?rest_route=\/wp\/v2\/users\/2"}],"replies":[{"embeddable":true,"href":"https:\/\/elcardinal.com\/index.php?rest_route=%2Fwp%2Fv2%2Fcomments&post=6538"}],"version-history":[{"count":1,"href":"https:\/\/elcardinal.com\/index.php?rest_route=\/wp\/v2\/posts\/6538\/revisions"}],"predecessor-version":[{"id":6540,"href":"https:\/\/elcardinal.com\/index.php?rest_route=\/wp\/v2\/posts\/6538\/revisions\/6540"}],"wp:featuredmedia":[{"embeddable":true,"href":"https:\/\/elcardinal.com\/index.php?rest_route=\/wp\/v2\/media\/6539"}],"wp:attachment":[{"href":"https:\/\/elcardinal.com\/index.php?rest_route=%2Fwp%2Fv2%2Fmedia&parent=6538"}],"wp:term":[{"taxonomy":"category","embeddable":true,"href":"https:\/\/elcardinal.com\/index.php?rest_route=%2Fwp%2Fv2%2Fcategories&post=6538"},{"taxonomy":"post_tag","embeddable":true,"href":"https:\/\/elcardinal.com\/index.php?rest_route=%2Fwp%2Fv2%2Ftags&post=6538"}],"curies":[{"name":"wp","href":"https:\/\/api.w.org\/{rel}","templated":true}]}}