{"id":6541,"date":"2026-07-20T16:17:15","date_gmt":"2026-07-20T22:17:15","guid":{"rendered":"https:\/\/elcardinal.com\/?p=6541"},"modified":"2026-07-20T16:17:15","modified_gmt":"2026-07-20T22:17:15","slug":"vacaciones-con-libros-y-hasta-robotica-zapotlan-apuesta-por-la-ninez-con-cursos-gratuitos","status":"publish","type":"post","link":"https:\/\/elcardinal.com\/?p=6541","title":{"rendered":"\u00a1Vacaciones con libros\u2026 y hasta rob\u00f3tica! Zapotl\u00e1n apuesta por la ni\u00f1ez con cursos gratuitos"},"content":{"rendered":"<p>Por: <strong>Jos\u00e9 Antonio Alcaraz Su\u00e1rez<\/strong><\/p>\n<p>Con un llamado a convertir las vacaciones en una oportunidad para aprender, imaginar y so\u00f1ar en grande, la presidenta municipal de <strong>Zapotl\u00e1n de Ju\u00e1rez<\/strong>, Cynthia Arellano Mart\u00ednez, encabez\u00f3 el arranque del programa federal <strong>\u201cMis Vacaciones en la Biblioteca 2026\u201d<\/strong>, una estrategia que promueve la lectura y el aprendizaje durante el periodo vacacional.<\/p>\n<p>Al evento, realizado este lunes 20 de julio, asistieron la directora general de Bibliotecas, <strong>Guillermina P\u00e9rez Su\u00e1rez<\/strong>; la secretaria de Cultura de Hidalgo, <strong>Neyda Naranjo<\/strong>, adem\u00e1s de autoridades estatales, municipales, padres de familia y decenas de ni\u00f1as y ni\u00f1os que dieron vida a la ceremonia con la participaci\u00f3n del coro infantil.<\/p>\n<p>Durante su mensaje, la alcaldesa destac\u00f3 que una biblioteca es mucho m\u00e1s que un lugar para guardar libros:<\/p>\n<blockquote><p>\u201cUna biblioteca nos sirve para imaginar, para crear. Es un espacio que hemos cuidado para que nuestras ni\u00f1as, ni\u00f1os y adolescentes lo disfruten las veces que quieran\u201d, expres\u00f3.<\/p><\/blockquote>\n<p>Arellano Mart\u00ednez subray\u00f3 que el programa representa una alternativa completamente gratuita, divertida y segura para las familias durante el verano, al ofrecer actividades como lectura, cuentacuentos, juegos, trabajo en equipo y convivencia sana.<\/p>\n<blockquote><p>\u201cPap\u00e1s y mam\u00e1s, tengan la certeza de que aqu\u00ed sus hijos estar\u00e1n seguros. Queremos que aprendan, jueguen y sean felices\u201d, afirm\u00f3.<\/p><\/blockquote>\n<p>Uno de los anuncios que m\u00e1s llam\u00f3 la atenci\u00f3n fue que, adem\u00e1s de las actividades tradicionales, el Gobierno Municipal incorporar\u00e1 clases de rob\u00f3tica en las bibliotecas de la cabecera municipal, <strong>Acayuca y San Pedro Huaquilpan<\/strong>, con el objetivo de acercar a las nuevas generaciones a la tecnolog\u00eda.<\/p>\n<blockquote><p>\u201cAqu\u00ed so\u00f1amos en grande. Queremos que nuestras ni\u00f1as y ni\u00f1os lleguen muy lejos, por eso tambi\u00e9n tendr\u00e1n clases de rob\u00f3tica\u201d, destac\u00f3 la presidenta municipal.<\/p><\/blockquote>\n<p>La edil tambi\u00e9n reconoci\u00f3 el respaldo de la Secretar\u00eda de Cultura de Hidalgo y del Gobierno del Estado, encabezado por <strong>Julio Menchaca Salazar<\/strong>, as\u00ed como del Gobierno de M\u00e9xico, encabezado por la presidenta <strong>Claudia Sheinbaum Pardo<\/strong>, al considerar que la educaci\u00f3n y la cultura son las herramientas m\u00e1s importantes para transformar el futuro.<\/p>\n<blockquote><p>\u201cA veces hablamos de obras e inversiones, pero la verdadera transformaci\u00f3n empieza en la mente de nuestras ni\u00f1as y nuestros ni\u00f1os. Sin educaci\u00f3n y sin cultura, nuestro municipio no crecer\u00e1 como queremos\u201d, concluy\u00f3.<\/p><\/blockquote>\n<p>El programa <strong>\u201cMis Vacaciones en la Biblioteca 2026\u201d<\/strong> ofrecer\u00e1 talleres gratuitos durante el periodo vacacional, con la finalidad de fomentar la lectura, la creatividad y el aprendizaje en un ambiente seguro y recreativo para la ni\u00f1ez de Zapotl\u00e1n de Ju\u00e1rez.<\/p>\n","protected":false},"excerpt":{"rendered":"<p>Por: Jos\u00e9 Antonio Alcaraz Su\u00e1rez Con un llamado a convertir las vacaciones en una oportunidad para aprender, imaginar y so\u00f1ar en grande, la presidenta municipal de Zapotl\u00e1n de Ju\u00e1rez, Cynthia Arellano Mart\u00ednez, encabez\u00f3 el arranque del programa federal \u201cMis Vacaciones en la Biblioteca 2026\u201d, una estrategia que promueve la lectura y el aprendizaje durante el<\/p>\n","protected":false},"author":2,"featured_media":6542,"comment_status":"open","ping_status":"open","sticky":false,"template":"","format":"standard","meta":{"footnotes":""},"categories":[31,32,44],"tags":[129,426,127],"class_list":["post-6541","post","type-post","status-publish","format-standard","has-post-thumbnail","category-hidalgo","category-metropoli","category-minuto-a-minuto","tag-cynthia-arellano","tag-mis-vacaciones-en-la-biblioteca-2026","tag-zapotlan-de-juarez"],"yoast_head":"<!-- This site is optimized with the Yoast SEO plugin v28.0 - https:\/\/yoast.com\/product\/yoast-seo-wordpress\/ -->\n<title>\u00a1Vacaciones con libros\u2026 y hasta rob\u00f3tica! Zapotl\u00e1n apuesta por la ni\u00f1ez con cursos gratuitos - El Cardinal<\/title>\n<meta name=\"robots\" content=\"index, follow, max-snippet:-1, max-image-preview:large, max-video-preview:-1\" \/>\n<link rel=\"canonical\" href=\"https:\/\/elcardinal.com\/?p=6541\" \/>\n<meta property=\"og:locale\" content=\"es_MX\" \/>\n<meta property=\"og:type\" content=\"article\" \/>\n<meta property=\"og:title\" content=\"\u00a1Vacaciones con libros\u2026 y hasta rob\u00f3tica! Zapotl\u00e1n apuesta por la ni\u00f1ez con cursos gratuitos - El Cardinal\" \/>\n<meta property=\"og:description\" content=\"Por: Jos\u00e9 Antonio Alcaraz Su\u00e1rez Con un llamado a convertir las vacaciones en una oportunidad para aprender, imaginar y so\u00f1ar en grande, la presidenta municipal de Zapotl\u00e1n de Ju\u00e1rez, Cynthia Arellano Mart\u00ednez, encabez\u00f3 el arranque del programa federal \u201cMis Vacaciones en la Biblioteca 2026\u201d, una estrategia que promueve la lectura y el aprendizaje durante el\" \/>\n<meta property=\"og:url\" content=\"https:\/\/elcardinal.com\/?p=6541\" \/>\n<meta property=\"og:site_name\" content=\"El Cardinal\" \/>\n<meta property=\"article:publisher\" content=\"https:\/\/www.facebook.com\/profile.php?id=100063093107011\" \/>\n<meta property=\"article:published_time\" content=\"2026-07-20T22:17:15+00:00\" \/>\n<meta property=\"og:image\" content=\"https:\/\/elcardinal.com\/wp-content\/uploads\/2026\/07\/Screenshot_4-1.jpg\" \/>\n\t<meta property=\"og:image:width\" content=\"1320\" \/>\n\t<meta property=\"og:image:height\" content=\"741\" \/>\n\t<meta property=\"og:image:type\" content=\"image\/jpeg\" \/>\n<meta name=\"author\" content=\"Antonio Alcaraz\" \/>\n<meta name=\"twitter:card\" content=\"summary_large_image\" \/>\n<meta name=\"twitter:creator\" content=\"@ElCardinal_Mx\" \/>\n<meta name=\"twitter:site\" content=\"@ElCardinal_Mx\" \/>\n<meta name=\"twitter:label1\" content=\"Escrito por\" \/>\n\t<meta name=\"twitter:data1\" content=\"Antonio Alcaraz\" \/>\n\t<meta name=\"twitter:label2\" content=\"Tiempo de lectura\" \/>\n\t<meta name=\"twitter:data2\" content=\"2 minutos\" \/>\n<script type=\"application\/ld+json\" class=\"yoast-schema-graph\">{\"@context\":\"https:\\\/\\\/schema.org\",\"@graph\":[{\"@type\":\"Article\",\"@id\":\"https:\\\/\\\/elcardinal.com\\\/?p=6541#article\",\"isPartOf\":{\"@id\":\"https:\\\/\\\/elcardinal.com\\\/?p=6541\"},\"author\":{\"name\":\"Antonio Alcaraz\",\"@id\":\"https:\\\/\\\/elcardinal.com\\\/#\\\/schema\\\/person\\\/3c352ec0a33987fe275c0e8a2ea69f8b\"},\"headline\":\"\u00a1Vacaciones con libros\u2026 y hasta rob\u00f3tica! Zapotl\u00e1n apuesta por la ni\u00f1ez con cursos gratuitos\",\"datePublished\":\"2026-07-20T22:17:15+00:00\",\"mainEntityOfPage\":{\"@id\":\"https:\\\/\\\/elcardinal.com\\\/?p=6541\"},\"wordCount\":460,\"commentCount\":0,\"publisher\":{\"@id\":\"https:\\\/\\\/elcardinal.com\\\/#organization\"},\"image\":{\"@id\":\"https:\\\/\\\/elcardinal.com\\\/?p=6541#primaryimage\"},\"thumbnailUrl\":\"https:\\\/\\\/elcardinal.com\\\/wp-content\\\/uploads\\\/2026\\\/07\\\/Screenshot_4-1.jpg\",\"keywords\":[\"Cynthia Arellano\",\"Mis Vacaciones en la Biblioteca 2026\",\"Zapotl\u00e1n de Ju\u00e1rez\"],\"articleSection\":[\"Hidalgo\",\"Metr\u00f3poli\",\"Minuto a Minuto\"],\"inLanguage\":\"es\",\"potentialAction\":[{\"@type\":\"CommentAction\",\"name\":\"Comment\",\"target\":[\"https:\\\/\\\/elcardinal.com\\\/?p=6541#respond\"]}]},{\"@type\":\"WebPage\",\"@id\":\"https:\\\/\\\/elcardinal.com\\\/?p=6541\",\"url\":\"https:\\\/\\\/elcardinal.com\\\/?p=6541\",\"name\":\"\u00a1Vacaciones con libros\u2026 y hasta rob\u00f3tica! Zapotl\u00e1n apuesta por la ni\u00f1ez con cursos gratuitos - El Cardinal\",\"isPartOf\":{\"@id\":\"https:\\\/\\\/elcardinal.com\\\/#website\"},\"primaryImageOfPage\":{\"@id\":\"https:\\\/\\\/elcardinal.com\\\/?p=6541#primaryimage\"},\"image\":{\"@id\":\"https:\\\/\\\/elcardinal.com\\\/?p=6541#primaryimage\"},\"thumbnailUrl\":\"https:\\\/\\\/elcardinal.com\\\/wp-content\\\/uploads\\\/2026\\\/07\\\/Screenshot_4-1.jpg\",\"datePublished\":\"2026-07-20T22:17:15+00:00\",\"breadcrumb\":{\"@id\":\"https:\\\/\\\/elcardinal.com\\\/?p=6541#breadcrumb\"},\"inLanguage\":\"es\",\"potentialAction\":[{\"@type\":\"ReadAction\",\"target\":[\"https:\\\/\\\/elcardinal.com\\\/?p=6541\"]}]},{\"@type\":\"ImageObject\",\"inLanguage\":\"es\",\"@id\":\"https:\\\/\\\/elcardinal.com\\\/?p=6541#primaryimage\",\"url\":\"https:\\\/\\\/elcardinal.com\\\/wp-content\\\/uploads\\\/2026\\\/07\\\/Screenshot_4-1.jpg\",\"contentUrl\":\"https:\\\/\\\/elcardinal.com\\\/wp-content\\\/uploads\\\/2026\\\/07\\\/Screenshot_4-1.jpg\",\"width\":1320,\"height\":741},{\"@type\":\"BreadcrumbList\",\"@id\":\"https:\\\/\\\/elcardinal.com\\\/?p=6541#breadcrumb\",\"itemListElement\":[{\"@type\":\"ListItem\",\"position\":1,\"name\":\"Inicio\",\"item\":\"https:\\\/\\\/elcardinal.com\\\/\"},{\"@type\":\"ListItem\",\"position\":2,\"name\":\"\u00a1Vacaciones con libros\u2026 y hasta rob\u00f3tica! Zapotl\u00e1n apuesta por la ni\u00f1ez con cursos gratuitos\"}]},{\"@type\":\"WebSite\",\"@id\":\"https:\\\/\\\/elcardinal.com\\\/#website\",\"url\":\"https:\\\/\\\/elcardinal.com\\\/\",\"name\":\"El Cardinal\",\"description\":\"Periodismo honesto, con valor, sentido humano, a veces sarc\u00e1stico y divertido.\",\"publisher\":{\"@id\":\"https:\\\/\\\/elcardinal.com\\\/#organization\"},\"alternateName\":\"El Cardinal Noticias\",\"potentialAction\":[{\"@type\":\"SearchAction\",\"target\":{\"@type\":\"EntryPoint\",\"urlTemplate\":\"https:\\\/\\\/elcardinal.com\\\/?s={search_term_string}\"},\"query-input\":{\"@type\":\"PropertyValueSpecification\",\"valueRequired\":true,\"valueName\":\"search_term_string\"}}],\"inLanguage\":\"es\"},{\"@type\":\"Organization\",\"@id\":\"https:\\\/\\\/elcardinal.com\\\/#organization\",\"name\":\"El Cardinal\",\"url\":\"https:\\\/\\\/elcardinal.com\\\/\",\"logo\":{\"@type\":\"ImageObject\",\"inLanguage\":\"es\",\"@id\":\"https:\\\/\\\/elcardinal.com\\\/#\\\/schema\\\/logo\\\/image\\\/\",\"url\":\"https:\\\/\\\/elcardinal.com\\\/wp-content\\\/uploads\\\/2025\\\/04\\\/LOGO-EL-CARDINAL-Periodismo-con-valor.png\",\"contentUrl\":\"https:\\\/\\\/elcardinal.com\\\/wp-content\\\/uploads\\\/2025\\\/04\\\/LOGO-EL-CARDINAL-Periodismo-con-valor.png\",\"width\":755,\"height\":636,\"caption\":\"El Cardinal\"},\"image\":{\"@id\":\"https:\\\/\\\/elcardinal.com\\\/#\\\/schema\\\/logo\\\/image\\\/\"},\"sameAs\":[\"https:\\\/\\\/www.facebook.com\\\/profile.php?id=100063093107011\",\"https:\\\/\\\/x.com\\\/ElCardinal_Mx\"]},{\"@type\":\"Person\",\"@id\":\"https:\\\/\\\/elcardinal.com\\\/#\\\/schema\\\/person\\\/3c352ec0a33987fe275c0e8a2ea69f8b\",\"name\":\"Antonio Alcaraz\",\"image\":{\"@type\":\"ImageObject\",\"inLanguage\":\"es\",\"@id\":\"https:\\\/\\\/elcardinal.com\\\/wp-content\\\/uploads\\\/2025\\\/05\\\/cropped-TONO-96x96.jpg\",\"url\":\"https:\\\/\\\/elcardinal.com\\\/wp-content\\\/uploads\\\/2025\\\/05\\\/cropped-TONO-96x96.jpg\",\"contentUrl\":\"https:\\\/\\\/elcardinal.com\\\/wp-content\\\/uploads\\\/2025\\\/05\\\/cropped-TONO-96x96.jpg\",\"caption\":\"Antonio Alcaraz\"},\"url\":\"https:\\\/\\\/elcardinal.com\\\/?author=2\"}]}<\/script>\n<!-- \/ Yoast SEO plugin. -->","yoast_head_json":{"title":"\u00a1Vacaciones con libros\u2026 y hasta rob\u00f3tica! Zapotl\u00e1n apuesta por la ni\u00f1ez con cursos gratuitos - El Cardinal","robots":{"index":"index","follow":"follow","max-snippet":"max-snippet:-1","max-image-preview":"max-image-preview:large","max-video-preview":"max-video-preview:-1"},"canonical":"https:\/\/elcardinal.com\/?p=6541","og_locale":"es_MX","og_type":"article","og_title":"\u00a1Vacaciones con libros\u2026 y hasta rob\u00f3tica! Zapotl\u00e1n apuesta por la ni\u00f1ez con cursos gratuitos - El Cardinal","og_description":"Por: Jos\u00e9 Antonio Alcaraz Su\u00e1rez Con un llamado a convertir las vacaciones en una oportunidad para aprender, imaginar y so\u00f1ar en grande, la presidenta municipal de Zapotl\u00e1n de Ju\u00e1rez, Cynthia Arellano Mart\u00ednez, encabez\u00f3 el arranque del programa federal \u201cMis Vacaciones en la Biblioteca 2026\u201d, una estrategia que promueve la lectura y el aprendizaje durante el","og_url":"https:\/\/elcardinal.com\/?p=6541","og_site_name":"El Cardinal","article_publisher":"https:\/\/www.facebook.com\/profile.php?id=100063093107011","article_published_time":"2026-07-20T22:17:15+00:00","og_image":[{"width":1320,"height":741,"url":"https:\/\/elcardinal.com\/wp-content\/uploads\/2026\/07\/Screenshot_4-1.jpg","type":"image\/jpeg"}],"author":"Antonio Alcaraz","twitter_card":"summary_large_image","twitter_creator":"@ElCardinal_Mx","twitter_site":"@ElCardinal_Mx","twitter_misc":{"Escrito por":"Antonio Alcaraz","Tiempo de lectura":"2 minutos"},"schema":{"@context":"https:\/\/schema.org","@graph":[{"@type":"Article","@id":"https:\/\/elcardinal.com\/?p=6541#article","isPartOf":{"@id":"https:\/\/elcardinal.com\/?p=6541"},"author":{"name":"Antonio Alcaraz","@id":"https:\/\/elcardinal.com\/#\/schema\/person\/3c352ec0a33987fe275c0e8a2ea69f8b"},"headline":"\u00a1Vacaciones con libros\u2026 y hasta rob\u00f3tica! Zapotl\u00e1n apuesta por la ni\u00f1ez con cursos gratuitos","datePublished":"2026-07-20T22:17:15+00:00","mainEntityOfPage":{"@id":"https:\/\/elcardinal.com\/?p=6541"},"wordCount":460,"commentCount":0,"publisher":{"@id":"https:\/\/elcardinal.com\/#organization"},"image":{"@id":"https:\/\/elcardinal.com\/?p=6541#primaryimage"},"thumbnailUrl":"https:\/\/elcardinal.com\/wp-content\/uploads\/2026\/07\/Screenshot_4-1.jpg","keywords":["Cynthia Arellano","Mis Vacaciones en la Biblioteca 2026","Zapotl\u00e1n de Ju\u00e1rez"],"articleSection":["Hidalgo","Metr\u00f3poli","Minuto a Minuto"],"inLanguage":"es","potentialAction":[{"@type":"CommentAction","name":"Comment","target":["https:\/\/elcardinal.com\/?p=6541#respond"]}]},{"@type":"WebPage","@id":"https:\/\/elcardinal.com\/?p=6541","url":"https:\/\/elcardinal.com\/?p=6541","name":"\u00a1Vacaciones con libros\u2026 y hasta rob\u00f3tica! Zapotl\u00e1n apuesta por la ni\u00f1ez con cursos gratuitos - El Cardinal","isPartOf":{"@id":"https:\/\/elcardinal.com\/#website"},"primaryImageOfPage":{"@id":"https:\/\/elcardinal.com\/?p=6541#primaryimage"},"image":{"@id":"https:\/\/elcardinal.com\/?p=6541#primaryimage"},"thumbnailUrl":"https:\/\/elcardinal.com\/wp-content\/uploads\/2026\/07\/Screenshot_4-1.jpg","datePublished":"2026-07-20T22:17:15+00:00","breadcrumb":{"@id":"https:\/\/elcardinal.com\/?p=6541#breadcrumb"},"inLanguage":"es","potentialAction":[{"@type":"ReadAction","target":["https:\/\/elcardinal.com\/?p=6541"]}]},{"@type":"ImageObject","inLanguage":"es","@id":"https:\/\/elcardinal.com\/?p=6541#primaryimage","url":"https:\/\/elcardinal.com\/wp-content\/uploads\/2026\/07\/Screenshot_4-1.jpg","contentUrl":"https:\/\/elcardinal.com\/wp-content\/uploads\/2026\/07\/Screenshot_4-1.jpg","width":1320,"height":741},{"@type":"BreadcrumbList","@id":"https:\/\/elcardinal.com\/?p=6541#breadcrumb","itemListElement":[{"@type":"ListItem","position":1,"name":"Inicio","item":"https:\/\/elcardinal.com\/"},{"@type":"ListItem","position":2,"name":"\u00a1Vacaciones con libros\u2026 y hasta rob\u00f3tica! Zapotl\u00e1n apuesta por la ni\u00f1ez con cursos gratuitos"}]},{"@type":"WebSite","@id":"https:\/\/elcardinal.com\/#website","url":"https:\/\/elcardinal.com\/","name":"El Cardinal","description":"Periodismo honesto, con valor, sentido humano, a veces sarc\u00e1stico y divertido.","publisher":{"@id":"https:\/\/elcardinal.com\/#organization"},"alternateName":"El Cardinal Noticias","potentialAction":[{"@type":"SearchAction","target":{"@type":"EntryPoint","urlTemplate":"https:\/\/elcardinal.com\/?s={search_term_string}"},"query-input":{"@type":"PropertyValueSpecification","valueRequired":true,"valueName":"search_term_string"}}],"inLanguage":"es"},{"@type":"Organization","@id":"https:\/\/elcardinal.com\/#organization","name":"El Cardinal","url":"https:\/\/elcardinal.com\/","logo":{"@type":"ImageObject","inLanguage":"es","@id":"https:\/\/elcardinal.com\/#\/schema\/logo\/image\/","url":"https:\/\/elcardinal.com\/wp-content\/uploads\/2025\/04\/LOGO-EL-CARDINAL-Periodismo-con-valor.png","contentUrl":"https:\/\/elcardinal.com\/wp-content\/uploads\/2025\/04\/LOGO-EL-CARDINAL-Periodismo-con-valor.png","width":755,"height":636,"caption":"El Cardinal"},"image":{"@id":"https:\/\/elcardinal.com\/#\/schema\/logo\/image\/"},"sameAs":["https:\/\/www.facebook.com\/profile.php?id=100063093107011","https:\/\/x.com\/ElCardinal_Mx"]},{"@type":"Person","@id":"https:\/\/elcardinal.com\/#\/schema\/person\/3c352ec0a33987fe275c0e8a2ea69f8b","name":"Antonio Alcaraz","image":{"@type":"ImageObject","inLanguage":"es","@id":"https:\/\/elcardinal.com\/wp-content\/uploads\/2025\/05\/cropped-TONO-96x96.jpg","url":"https:\/\/elcardinal.com\/wp-content\/uploads\/2025\/05\/cropped-TONO-96x96.jpg","contentUrl":"https:\/\/elcardinal.com\/wp-content\/uploads\/2025\/05\/cropped-TONO-96x96.jpg","caption":"Antonio Alcaraz"},"url":"https:\/\/elcardinal.com\/?author=2"}]}},"_links":{"self":[{"href":"https:\/\/elcardinal.com\/index.php?rest_route=\/wp\/v2\/posts\/6541","targetHints":{"allow":["GET"]}}],"collection":[{"href":"https:\/\/elcardinal.com\/index.php?rest_route=\/wp\/v2\/posts"}],"about":[{"href":"https:\/\/elcardinal.com\/index.php?rest_route=\/wp\/v2\/types\/post"}],"author":[{"embeddable":true,"href":"https:\/\/elcardinal.com\/index.php?rest_route=\/wp\/v2\/users\/2"}],"replies":[{"embeddable":true,"href":"https:\/\/elcardinal.com\/index.php?rest_route=%2Fwp%2Fv2%2Fcomments&post=6541"}],"version-history":[{"count":1,"href":"https:\/\/elcardinal.com\/index.php?rest_route=\/wp\/v2\/posts\/6541\/revisions"}],"predecessor-version":[{"id":6543,"href":"https:\/\/elcardinal.com\/index.php?rest_route=\/wp\/v2\/posts\/6541\/revisions\/6543"}],"wp:featuredmedia":[{"embeddable":true,"href":"https:\/\/elcardinal.com\/index.php?rest_route=\/wp\/v2\/media\/6542"}],"wp:attachment":[{"href":"https:\/\/elcardinal.com\/index.php?rest_route=%2Fwp%2Fv2%2Fmedia&parent=6541"}],"wp:term":[{"taxonomy":"category","embeddable":true,"href":"https:\/\/elcardinal.com\/index.php?rest_route=%2Fwp%2Fv2%2Fcategories&post=6541"},{"taxonomy":"post_tag","embeddable":true,"href":"https:\/\/elcardinal.com\/index.php?rest_route=%2Fwp%2Fv2%2Ftags&post=6541"}],"curies":[{"name":"wp","href":"https:\/\/api.w.org\/{rel}","templated":true}]}}