{"id":6547,"date":"2026-07-20T17:16:34","date_gmt":"2026-07-20T23:16:34","guid":{"rendered":"https:\/\/elcardinal.com\/?p=6547"},"modified":"2026-07-20T17:16:34","modified_gmt":"2026-07-20T23:16:34","slug":"julio-menchaca-regresa-a-las-zonas-afectadas-por-la-vaguada-monzonica-para-supervisar-la-reconstruccion-en-hidalgo","status":"publish","type":"post","link":"https:\/\/elcardinal.com\/?p=6547","title":{"rendered":"Julio Menchaca regresa a las zonas afectadas por la vaguada monz\u00f3nica para supervisar la reconstrucci\u00f3n en Hidalgo"},"content":{"rendered":"<p>Por: <strong>Jos\u00e9 Antonio Alcaraz Su\u00e1rez<\/strong><\/p>\n<p>El gobernador de Hidalgo, <strong>Julio Menchaca Salazar<\/strong>, retomar\u00e1 a partir de este martes sus recorridos por los municipios que resultaron afectados por la devastadora vaguada monz\u00f3nica de octubre de 2025, con el objetivo de supervisar personalmente los avances en la reconstrucci\u00f3n, la entrega de apoyos y el programa de reubicaci\u00f3n de familias damnificadas.<\/p>\n<p>Durante la conferencia semanal del Gobierno del Estado, el coordinador general de Comunicaci\u00f3n Gubernamental, <strong>Edmundo Pineda<\/strong>, hizo el anuncio, recordando que, al menos 37 municipios sufrieron severas afectaciones por las lluvias, consideradas una de las peores cat\u00e1strofes naturales registradas en Hidalgo en m\u00e1s de siete d\u00e9cadas.<\/p>\n<p><strong>Alejandro S\u00e1nchez Garc\u00eda<\/strong>, titular de la Secretar\u00eda de Infraestructura P\u00fablica y Desarrollo Urbano Sostenible, indic\u00f3 que, como parte de la gira, este martes el mandatario visitar\u00e1 Chapulhuac\u00e1n y Pisaflores, mientras que el mi\u00e9rcoles acudir\u00e1 a Xochiatipan y Huautla, para revisar directamente las acciones que realizan los gobiernos estatal y federal.<\/p>\n<blockquote><p>Adem\u00e1s, inform\u00f3 que la reconstrucci\u00f3n contempla 129 obras de infraestructura, con una inversi\u00f3n superior a mil 930 millones de pesos, adem\u00e1s del programa de relocalizaci\u00f3n de familias que perdieron sus viviendas y la entrega de apoyos sociales para las comunidades afectadas de la sierra baja y alta y la huasteca.<\/p><\/blockquote>\n<p>Las autoridades se\u00f1alaron que las giras permitir\u00e1n verificar el avance de carreteras, puentes, sistemas de agua potable y otras obras prioritarias, as\u00ed como mantener contacto directo con las familias beneficiarias de los programas impulsados por los gobiernos estatal y federal.<\/p>\n<p>Con estos recorridos, el Gobierno de Hidalgo busca dar seguimiento en territorio a uno de los procesos de reconstrucci\u00f3n m\u00e1s importantes emprendidos en la entidad tras las intensas lluvias que golpearon diversas regiones del estado.<\/p>\n","protected":false},"excerpt":{"rendered":"<p>Por: Jos\u00e9 Antonio Alcaraz Su\u00e1rez El gobernador de Hidalgo, Julio Menchaca Salazar, retomar\u00e1 a partir de este martes sus recorridos por los municipios que resultaron afectados por la devastadora vaguada monz\u00f3nica de octubre de 2025, con el objetivo de supervisar personalmente los avances en la reconstrucci\u00f3n, la entrega de apoyos y el programa de reubicaci\u00f3n<\/p>\n","protected":false},"author":2,"featured_media":6548,"comment_status":"open","ping_status":"open","sticky":false,"template":"","format":"standard","meta":{"footnotes":""},"categories":[31,44,33],"tags":[87,247,355],"class_list":["post-6547","post","type-post","status-publish","format-standard","has-post-thumbnail","category-hidalgo","category-minuto-a-minuto","category-regiones","tag-hidalgo","tag-julio-menchaca-salazar","tag-vaguada-monzonica"],"yoast_head":"<!-- This site is optimized with the Yoast SEO plugin v28.0 - https:\/\/yoast.com\/product\/yoast-seo-wordpress\/ -->\n<title>Julio Menchaca regresa a las zonas afectadas por la vaguada monz\u00f3nica para supervisar la reconstrucci\u00f3n en Hidalgo - El Cardinal<\/title>\n<meta name=\"robots\" content=\"index, follow, max-snippet:-1, max-image-preview:large, max-video-preview:-1\" \/>\n<link rel=\"canonical\" href=\"https:\/\/elcardinal.com\/?p=6547\" \/>\n<meta property=\"og:locale\" content=\"es_MX\" \/>\n<meta property=\"og:type\" content=\"article\" \/>\n<meta property=\"og:title\" content=\"Julio Menchaca regresa a las zonas afectadas por la vaguada monz\u00f3nica para supervisar la reconstrucci\u00f3n en Hidalgo - El Cardinal\" \/>\n<meta property=\"og:description\" content=\"Por: Jos\u00e9 Antonio Alcaraz Su\u00e1rez El gobernador de Hidalgo, Julio Menchaca Salazar, retomar\u00e1 a partir de este martes sus recorridos por los municipios que resultaron afectados por la devastadora vaguada monz\u00f3nica de octubre de 2025, con el objetivo de supervisar personalmente los avances en la reconstrucci\u00f3n, la entrega de apoyos y el programa de reubicaci\u00f3n\" \/>\n<meta property=\"og:url\" content=\"https:\/\/elcardinal.com\/?p=6547\" \/>\n<meta property=\"og:site_name\" content=\"El Cardinal\" \/>\n<meta property=\"article:publisher\" content=\"https:\/\/www.facebook.com\/profile.php?id=100063093107011\" \/>\n<meta property=\"article:published_time\" content=\"2026-07-20T23:16:34+00:00\" \/>\n<meta property=\"og:image\" content=\"https:\/\/elcardinal.com\/wp-content\/uploads\/2026\/07\/ChatGPT-Image-20-jul-2026-05_16_03-p.m-1024x683.png\" \/>\n\t<meta property=\"og:image:width\" content=\"1024\" \/>\n\t<meta property=\"og:image:height\" content=\"683\" \/>\n\t<meta property=\"og:image:type\" content=\"image\/png\" \/>\n<meta name=\"author\" content=\"Antonio Alcaraz\" \/>\n<meta name=\"twitter:card\" content=\"summary_large_image\" \/>\n<meta name=\"twitter:creator\" content=\"@ElCardinal_Mx\" \/>\n<meta name=\"twitter:site\" content=\"@ElCardinal_Mx\" \/>\n<meta name=\"twitter:label1\" content=\"Escrito por\" \/>\n\t<meta name=\"twitter:data1\" content=\"Antonio Alcaraz\" \/>\n\t<meta name=\"twitter:label2\" content=\"Tiempo de lectura\" \/>\n\t<meta name=\"twitter:data2\" content=\"2 minutos\" \/>\n<script type=\"application\/ld+json\" class=\"yoast-schema-graph\">{\"@context\":\"https:\\\/\\\/schema.org\",\"@graph\":[{\"@type\":\"Article\",\"@id\":\"https:\\\/\\\/elcardinal.com\\\/?p=6547#article\",\"isPartOf\":{\"@id\":\"https:\\\/\\\/elcardinal.com\\\/?p=6547\"},\"author\":{\"name\":\"Antonio Alcaraz\",\"@id\":\"https:\\\/\\\/elcardinal.com\\\/#\\\/schema\\\/person\\\/3c352ec0a33987fe275c0e8a2ea69f8b\"},\"headline\":\"Julio Menchaca regresa a las zonas afectadas por la vaguada monz\u00f3nica para supervisar la reconstrucci\u00f3n en Hidalgo\",\"datePublished\":\"2026-07-20T23:16:34+00:00\",\"mainEntityOfPage\":{\"@id\":\"https:\\\/\\\/elcardinal.com\\\/?p=6547\"},\"wordCount\":317,\"commentCount\":0,\"publisher\":{\"@id\":\"https:\\\/\\\/elcardinal.com\\\/#organization\"},\"image\":{\"@id\":\"https:\\\/\\\/elcardinal.com\\\/?p=6547#primaryimage\"},\"thumbnailUrl\":\"https:\\\/\\\/elcardinal.com\\\/wp-content\\\/uploads\\\/2026\\\/07\\\/ChatGPT-Image-20-jul-2026-05_16_03-p.m.png\",\"keywords\":[\"Hidalgo\",\"Julio Menchaca Salazar\",\"vaguada monz\u00f3nica\"],\"articleSection\":[\"Hidalgo\",\"Minuto a Minuto\",\"Regiones\"],\"inLanguage\":\"es\",\"potentialAction\":[{\"@type\":\"CommentAction\",\"name\":\"Comment\",\"target\":[\"https:\\\/\\\/elcardinal.com\\\/?p=6547#respond\"]}]},{\"@type\":\"WebPage\",\"@id\":\"https:\\\/\\\/elcardinal.com\\\/?p=6547\",\"url\":\"https:\\\/\\\/elcardinal.com\\\/?p=6547\",\"name\":\"Julio Menchaca regresa a las zonas afectadas por la vaguada monz\u00f3nica para supervisar la reconstrucci\u00f3n en Hidalgo - El Cardinal\",\"isPartOf\":{\"@id\":\"https:\\\/\\\/elcardinal.com\\\/#website\"},\"primaryImageOfPage\":{\"@id\":\"https:\\\/\\\/elcardinal.com\\\/?p=6547#primaryimage\"},\"image\":{\"@id\":\"https:\\\/\\\/elcardinal.com\\\/?p=6547#primaryimage\"},\"thumbnailUrl\":\"https:\\\/\\\/elcardinal.com\\\/wp-content\\\/uploads\\\/2026\\\/07\\\/ChatGPT-Image-20-jul-2026-05_16_03-p.m.png\",\"datePublished\":\"2026-07-20T23:16:34+00:00\",\"breadcrumb\":{\"@id\":\"https:\\\/\\\/elcardinal.com\\\/?p=6547#breadcrumb\"},\"inLanguage\":\"es\",\"potentialAction\":[{\"@type\":\"ReadAction\",\"target\":[\"https:\\\/\\\/elcardinal.com\\\/?p=6547\"]}]},{\"@type\":\"ImageObject\",\"inLanguage\":\"es\",\"@id\":\"https:\\\/\\\/elcardinal.com\\\/?p=6547#primaryimage\",\"url\":\"https:\\\/\\\/elcardinal.com\\\/wp-content\\\/uploads\\\/2026\\\/07\\\/ChatGPT-Image-20-jul-2026-05_16_03-p.m.png\",\"contentUrl\":\"https:\\\/\\\/elcardinal.com\\\/wp-content\\\/uploads\\\/2026\\\/07\\\/ChatGPT-Image-20-jul-2026-05_16_03-p.m.png\",\"width\":1536,\"height\":1024},{\"@type\":\"BreadcrumbList\",\"@id\":\"https:\\\/\\\/elcardinal.com\\\/?p=6547#breadcrumb\",\"itemListElement\":[{\"@type\":\"ListItem\",\"position\":1,\"name\":\"Inicio\",\"item\":\"https:\\\/\\\/elcardinal.com\\\/\"},{\"@type\":\"ListItem\",\"position\":2,\"name\":\"Julio Menchaca regresa a las zonas afectadas por la vaguada monz\u00f3nica para supervisar la reconstrucci\u00f3n en Hidalgo\"}]},{\"@type\":\"WebSite\",\"@id\":\"https:\\\/\\\/elcardinal.com\\\/#website\",\"url\":\"https:\\\/\\\/elcardinal.com\\\/\",\"name\":\"El Cardinal\",\"description\":\"Periodismo honesto, con valor, sentido humano, a veces sarc\u00e1stico y divertido.\",\"publisher\":{\"@id\":\"https:\\\/\\\/elcardinal.com\\\/#organization\"},\"alternateName\":\"El Cardinal Noticias\",\"potentialAction\":[{\"@type\":\"SearchAction\",\"target\":{\"@type\":\"EntryPoint\",\"urlTemplate\":\"https:\\\/\\\/elcardinal.com\\\/?s={search_term_string}\"},\"query-input\":{\"@type\":\"PropertyValueSpecification\",\"valueRequired\":true,\"valueName\":\"search_term_string\"}}],\"inLanguage\":\"es\"},{\"@type\":\"Organization\",\"@id\":\"https:\\\/\\\/elcardinal.com\\\/#organization\",\"name\":\"El Cardinal\",\"url\":\"https:\\\/\\\/elcardinal.com\\\/\",\"logo\":{\"@type\":\"ImageObject\",\"inLanguage\":\"es\",\"@id\":\"https:\\\/\\\/elcardinal.com\\\/#\\\/schema\\\/logo\\\/image\\\/\",\"url\":\"https:\\\/\\\/elcardinal.com\\\/wp-content\\\/uploads\\\/2025\\\/04\\\/LOGO-EL-CARDINAL-Periodismo-con-valor.png\",\"contentUrl\":\"https:\\\/\\\/elcardinal.com\\\/wp-content\\\/uploads\\\/2025\\\/04\\\/LOGO-EL-CARDINAL-Periodismo-con-valor.png\",\"width\":755,\"height\":636,\"caption\":\"El Cardinal\"},\"image\":{\"@id\":\"https:\\\/\\\/elcardinal.com\\\/#\\\/schema\\\/logo\\\/image\\\/\"},\"sameAs\":[\"https:\\\/\\\/www.facebook.com\\\/profile.php?id=100063093107011\",\"https:\\\/\\\/x.com\\\/ElCardinal_Mx\"]},{\"@type\":\"Person\",\"@id\":\"https:\\\/\\\/elcardinal.com\\\/#\\\/schema\\\/person\\\/3c352ec0a33987fe275c0e8a2ea69f8b\",\"name\":\"Antonio Alcaraz\",\"image\":{\"@type\":\"ImageObject\",\"inLanguage\":\"es\",\"@id\":\"https:\\\/\\\/elcardinal.com\\\/wp-content\\\/uploads\\\/2025\\\/05\\\/cropped-TONO-96x96.jpg\",\"url\":\"https:\\\/\\\/elcardinal.com\\\/wp-content\\\/uploads\\\/2025\\\/05\\\/cropped-TONO-96x96.jpg\",\"contentUrl\":\"https:\\\/\\\/elcardinal.com\\\/wp-content\\\/uploads\\\/2025\\\/05\\\/cropped-TONO-96x96.jpg\",\"caption\":\"Antonio Alcaraz\"},\"url\":\"https:\\\/\\\/elcardinal.com\\\/?author=2\"}]}<\/script>\n<!-- \/ Yoast SEO plugin. -->","yoast_head_json":{"title":"Julio Menchaca regresa a las zonas afectadas por la vaguada monz\u00f3nica para supervisar la reconstrucci\u00f3n en Hidalgo - El Cardinal","robots":{"index":"index","follow":"follow","max-snippet":"max-snippet:-1","max-image-preview":"max-image-preview:large","max-video-preview":"max-video-preview:-1"},"canonical":"https:\/\/elcardinal.com\/?p=6547","og_locale":"es_MX","og_type":"article","og_title":"Julio Menchaca regresa a las zonas afectadas por la vaguada monz\u00f3nica para supervisar la reconstrucci\u00f3n en Hidalgo - El Cardinal","og_description":"Por: Jos\u00e9 Antonio Alcaraz Su\u00e1rez El gobernador de Hidalgo, Julio Menchaca Salazar, retomar\u00e1 a partir de este martes sus recorridos por los municipios que resultaron afectados por la devastadora vaguada monz\u00f3nica de octubre de 2025, con el objetivo de supervisar personalmente los avances en la reconstrucci\u00f3n, la entrega de apoyos y el programa de reubicaci\u00f3n","og_url":"https:\/\/elcardinal.com\/?p=6547","og_site_name":"El Cardinal","article_publisher":"https:\/\/www.facebook.com\/profile.php?id=100063093107011","article_published_time":"2026-07-20T23:16:34+00:00","og_image":[{"width":1024,"height":683,"url":"https:\/\/elcardinal.com\/wp-content\/uploads\/2026\/07\/ChatGPT-Image-20-jul-2026-05_16_03-p.m-1024x683.png","type":"image\/png"}],"author":"Antonio Alcaraz","twitter_card":"summary_large_image","twitter_creator":"@ElCardinal_Mx","twitter_site":"@ElCardinal_Mx","twitter_misc":{"Escrito por":"Antonio Alcaraz","Tiempo de lectura":"2 minutos"},"schema":{"@context":"https:\/\/schema.org","@graph":[{"@type":"Article","@id":"https:\/\/elcardinal.com\/?p=6547#article","isPartOf":{"@id":"https:\/\/elcardinal.com\/?p=6547"},"author":{"name":"Antonio Alcaraz","@id":"https:\/\/elcardinal.com\/#\/schema\/person\/3c352ec0a33987fe275c0e8a2ea69f8b"},"headline":"Julio Menchaca regresa a las zonas afectadas por la vaguada monz\u00f3nica para supervisar la reconstrucci\u00f3n en Hidalgo","datePublished":"2026-07-20T23:16:34+00:00","mainEntityOfPage":{"@id":"https:\/\/elcardinal.com\/?p=6547"},"wordCount":317,"commentCount":0,"publisher":{"@id":"https:\/\/elcardinal.com\/#organization"},"image":{"@id":"https:\/\/elcardinal.com\/?p=6547#primaryimage"},"thumbnailUrl":"https:\/\/elcardinal.com\/wp-content\/uploads\/2026\/07\/ChatGPT-Image-20-jul-2026-05_16_03-p.m.png","keywords":["Hidalgo","Julio Menchaca Salazar","vaguada monz\u00f3nica"],"articleSection":["Hidalgo","Minuto a Minuto","Regiones"],"inLanguage":"es","potentialAction":[{"@type":"CommentAction","name":"Comment","target":["https:\/\/elcardinal.com\/?p=6547#respond"]}]},{"@type":"WebPage","@id":"https:\/\/elcardinal.com\/?p=6547","url":"https:\/\/elcardinal.com\/?p=6547","name":"Julio Menchaca regresa a las zonas afectadas por la vaguada monz\u00f3nica para supervisar la reconstrucci\u00f3n en Hidalgo - El Cardinal","isPartOf":{"@id":"https:\/\/elcardinal.com\/#website"},"primaryImageOfPage":{"@id":"https:\/\/elcardinal.com\/?p=6547#primaryimage"},"image":{"@id":"https:\/\/elcardinal.com\/?p=6547#primaryimage"},"thumbnailUrl":"https:\/\/elcardinal.com\/wp-content\/uploads\/2026\/07\/ChatGPT-Image-20-jul-2026-05_16_03-p.m.png","datePublished":"2026-07-20T23:16:34+00:00","breadcrumb":{"@id":"https:\/\/elcardinal.com\/?p=6547#breadcrumb"},"inLanguage":"es","potentialAction":[{"@type":"ReadAction","target":["https:\/\/elcardinal.com\/?p=6547"]}]},{"@type":"ImageObject","inLanguage":"es","@id":"https:\/\/elcardinal.com\/?p=6547#primaryimage","url":"https:\/\/elcardinal.com\/wp-content\/uploads\/2026\/07\/ChatGPT-Image-20-jul-2026-05_16_03-p.m.png","contentUrl":"https:\/\/elcardinal.com\/wp-content\/uploads\/2026\/07\/ChatGPT-Image-20-jul-2026-05_16_03-p.m.png","width":1536,"height":1024},{"@type":"BreadcrumbList","@id":"https:\/\/elcardinal.com\/?p=6547#breadcrumb","itemListElement":[{"@type":"ListItem","position":1,"name":"Inicio","item":"https:\/\/elcardinal.com\/"},{"@type":"ListItem","position":2,"name":"Julio Menchaca regresa a las zonas afectadas por la vaguada monz\u00f3nica para supervisar la reconstrucci\u00f3n en Hidalgo"}]},{"@type":"WebSite","@id":"https:\/\/elcardinal.com\/#website","url":"https:\/\/elcardinal.com\/","name":"El Cardinal","description":"Periodismo honesto, con valor, sentido humano, a veces sarc\u00e1stico y divertido.","publisher":{"@id":"https:\/\/elcardinal.com\/#organization"},"alternateName":"El Cardinal Noticias","potentialAction":[{"@type":"SearchAction","target":{"@type":"EntryPoint","urlTemplate":"https:\/\/elcardinal.com\/?s={search_term_string}"},"query-input":{"@type":"PropertyValueSpecification","valueRequired":true,"valueName":"search_term_string"}}],"inLanguage":"es"},{"@type":"Organization","@id":"https:\/\/elcardinal.com\/#organization","name":"El Cardinal","url":"https:\/\/elcardinal.com\/","logo":{"@type":"ImageObject","inLanguage":"es","@id":"https:\/\/elcardinal.com\/#\/schema\/logo\/image\/","url":"https:\/\/elcardinal.com\/wp-content\/uploads\/2025\/04\/LOGO-EL-CARDINAL-Periodismo-con-valor.png","contentUrl":"https:\/\/elcardinal.com\/wp-content\/uploads\/2025\/04\/LOGO-EL-CARDINAL-Periodismo-con-valor.png","width":755,"height":636,"caption":"El Cardinal"},"image":{"@id":"https:\/\/elcardinal.com\/#\/schema\/logo\/image\/"},"sameAs":["https:\/\/www.facebook.com\/profile.php?id=100063093107011","https:\/\/x.com\/ElCardinal_Mx"]},{"@type":"Person","@id":"https:\/\/elcardinal.com\/#\/schema\/person\/3c352ec0a33987fe275c0e8a2ea69f8b","name":"Antonio Alcaraz","image":{"@type":"ImageObject","inLanguage":"es","@id":"https:\/\/elcardinal.com\/wp-content\/uploads\/2025\/05\/cropped-TONO-96x96.jpg","url":"https:\/\/elcardinal.com\/wp-content\/uploads\/2025\/05\/cropped-TONO-96x96.jpg","contentUrl":"https:\/\/elcardinal.com\/wp-content\/uploads\/2025\/05\/cropped-TONO-96x96.jpg","caption":"Antonio Alcaraz"},"url":"https:\/\/elcardinal.com\/?author=2"}]}},"_links":{"self":[{"href":"https:\/\/elcardinal.com\/index.php?rest_route=\/wp\/v2\/posts\/6547","targetHints":{"allow":["GET"]}}],"collection":[{"href":"https:\/\/elcardinal.com\/index.php?rest_route=\/wp\/v2\/posts"}],"about":[{"href":"https:\/\/elcardinal.com\/index.php?rest_route=\/wp\/v2\/types\/post"}],"author":[{"embeddable":true,"href":"https:\/\/elcardinal.com\/index.php?rest_route=\/wp\/v2\/users\/2"}],"replies":[{"embeddable":true,"href":"https:\/\/elcardinal.com\/index.php?rest_route=%2Fwp%2Fv2%2Fcomments&post=6547"}],"version-history":[{"count":1,"href":"https:\/\/elcardinal.com\/index.php?rest_route=\/wp\/v2\/posts\/6547\/revisions"}],"predecessor-version":[{"id":6549,"href":"https:\/\/elcardinal.com\/index.php?rest_route=\/wp\/v2\/posts\/6547\/revisions\/6549"}],"wp:featuredmedia":[{"embeddable":true,"href":"https:\/\/elcardinal.com\/index.php?rest_route=\/wp\/v2\/media\/6548"}],"wp:attachment":[{"href":"https:\/\/elcardinal.com\/index.php?rest_route=%2Fwp%2Fv2%2Fmedia&parent=6547"}],"wp:term":[{"taxonomy":"category","embeddable":true,"href":"https:\/\/elcardinal.com\/index.php?rest_route=%2Fwp%2Fv2%2Fcategories&post=6547"},{"taxonomy":"post_tag","embeddable":true,"href":"https:\/\/elcardinal.com\/index.php?rest_route=%2Fwp%2Fv2%2Ftags&post=6547"}],"curies":[{"name":"wp","href":"https:\/\/api.w.org\/{rel}","templated":true}]}}