{"id":6550,"date":"2026-07-20T17:32:25","date_gmt":"2026-07-20T23:32:25","guid":{"rendered":"https:\/\/elcardinal.com\/?p=6550"},"modified":"2026-07-20T17:32:25","modified_gmt":"2026-07-20T23:32:25","slug":"van-por-la-reubicacion-de-familias-en-hidalgo-estima-apoyar-a-cerca-de-2390-viviendas-afectadas-por-la-vaguada-monzonica","status":"publish","type":"post","link":"https:\/\/elcardinal.com\/?p=6550","title":{"rendered":"Van por la reubicaci\u00f3n de familias en Hidalgo: estima apoyar a cerca de 2,390 viviendas afectadas por la vaguada monz\u00f3nica"},"content":{"rendered":"<p>Por: <strong>Jos\u00e9 Antonio Alcaraz Su\u00e1rez\u00a0<\/strong><\/p>\n<p>El Gobierno Federal se encuentra en la fase final para definir a las familias que ser\u00e1n beneficiadas con el programa de relocalizaci\u00f3n de viviendas tras la devastadora vaguada monz\u00f3nica que golpe\u00f3 a Hidalgo en octubre de 2025. As\u00ed lo inform\u00f3 <strong>Julio Valera Piedras<\/strong>, titular de la Oficina de Representaci\u00f3n de la <strong>Secretar\u00eda de Desarrollo Agrario, Territorial y Urbano (SEDATU<\/strong>).<\/p>\n<p>Durante la conferencia del <strong>Gobierno de Hidalgo<\/strong>, el funcionario explic\u00f3 que, luego de los estudios t\u00e9cnicos realizados por especialistas y autoridades de los tres niveles de gobierno, se integr\u00f3 un padr\u00f3n de 2,866 viviendas ubicadas en zonas de riesgo.<\/p>\n<p>De ese total, se estima que alrededor de<strong> 2 mil 390 viviendas<\/strong> cumplen con los requisitos para incorporarse al programa de relocalizaci\u00f3n, aunque la cifra podr\u00eda modificarse conforme avance la revisi\u00f3n y la decisi\u00f3n de las propias familias.<\/p>\n<blockquote><p>&#8220;Nos encontramos en la fase final para la identificaci\u00f3n de beneficiarios y la entrega de apoyos o construcci\u00f3n de las viviendas&#8221;, destac\u00f3 Valera Piedras.<\/p><\/blockquote>\n<p>El funcionario explic\u00f3 que brigadas de los gobiernos federal, estatal y municipal iniciar\u00e1n, durante la \u00faltima semana de julio, asambleas informativas con las familias que ya cuentan con dict\u00e1menes de Protecci\u00f3n Civil que acreditan que sus viviendas se encuentran en zonas de alto riesgo. En estas reuniones se recibir\u00e1 la documentaci\u00f3n necesaria para acceder al programa.<\/p>\n<p>Uno de los principales retos, se\u00f1al\u00f3, ha sido encontrar terrenos seguros para construir nuevas viviendas, debido a la complicada geograf\u00eda de la<strong> Huasteca, la Sierra Alta, la Sierra Gorda y la regi\u00f3n\u00a0 Otom\u00ed-Tepehua.<\/strong><\/p>\n<p>Por ello, el <strong>Gobierno de M\u00e9xico<\/strong> tambi\u00e9n contempla apoyar a las familias que ya cuentan con un terreno propio, siempre y cuando \u00e9ste se encuentre fuera de zonas de riesgo y cumpla con la normatividad para que la Comisi\u00f3n Nacional de Vivienda pueda edificar las nuevas casas.<\/p>\n<p>Julio Valera reconoci\u00f3 el respaldo del gobernador Julio Menchaca Salazar, de las y los presidentes municipales y de la presidenta Claudia Sheinbaum para avanzar en un proceso que calific\u00f3 como complejo, pero que busca brindar certeza y seguridad a miles de familias hidalguenses afectadas por las lluvias.<\/p>\n","protected":false},"excerpt":{"rendered":"<p>Por: Jos\u00e9 Antonio Alcaraz Su\u00e1rez\u00a0 El Gobierno Federal se encuentra en la fase final para definir a las familias que ser\u00e1n beneficiadas con el programa de relocalizaci\u00f3n de viviendas tras la devastadora vaguada monz\u00f3nica que golpe\u00f3 a Hidalgo en octubre de 2025. As\u00ed lo inform\u00f3 Julio Valera Piedras, titular de la Oficina de Representaci\u00f3n de<\/p>\n","protected":false},"author":2,"featured_media":6551,"comment_status":"open","ping_status":"open","sticky":false,"template":"","format":"standard","meta":{"footnotes":""},"categories":[31,44,33],"tags":[173,428,74],"class_list":["post-6550","post","type-post","status-publish","format-standard","has-post-thumbnail","category-hidalgo","category-minuto-a-minuto","category-regiones","tag-gobierno-de-hidalgo","tag-julio-valera","tag-sedatu"],"yoast_head":"<!-- This site is optimized with the Yoast SEO plugin v28.0 - https:\/\/yoast.com\/product\/yoast-seo-wordpress\/ -->\n<title>Van por la reubicaci\u00f3n de familias en Hidalgo: estima apoyar a cerca de 2,390 viviendas afectadas por la vaguada monz\u00f3nica - El Cardinal<\/title>\n<meta name=\"robots\" content=\"index, follow, max-snippet:-1, max-image-preview:large, max-video-preview:-1\" \/>\n<link rel=\"canonical\" href=\"https:\/\/elcardinal.com\/?p=6550\" \/>\n<meta property=\"og:locale\" content=\"es_MX\" \/>\n<meta property=\"og:type\" content=\"article\" \/>\n<meta property=\"og:title\" content=\"Van por la reubicaci\u00f3n de familias en Hidalgo: estima apoyar a cerca de 2,390 viviendas afectadas por la vaguada monz\u00f3nica - El Cardinal\" \/>\n<meta property=\"og:description\" content=\"Por: Jos\u00e9 Antonio Alcaraz Su\u00e1rez\u00a0 El Gobierno Federal se encuentra en la fase final para definir a las familias que ser\u00e1n beneficiadas con el programa de relocalizaci\u00f3n de viviendas tras la devastadora vaguada monz\u00f3nica que golpe\u00f3 a Hidalgo en octubre de 2025. As\u00ed lo inform\u00f3 Julio Valera Piedras, titular de la Oficina de Representaci\u00f3n de\" \/>\n<meta property=\"og:url\" content=\"https:\/\/elcardinal.com\/?p=6550\" \/>\n<meta property=\"og:site_name\" content=\"El Cardinal\" \/>\n<meta property=\"article:publisher\" content=\"https:\/\/www.facebook.com\/profile.php?id=100063093107011\" \/>\n<meta property=\"article:published_time\" content=\"2026-07-20T23:32:25+00:00\" \/>\n<meta property=\"og:image\" content=\"https:\/\/elcardinal.com\/wp-content\/uploads\/2026\/07\/200726_CONFERENIA-DE-PRENSA-3-scaled.jpg\" \/>\n\t<meta property=\"og:image:width\" content=\"2560\" \/>\n\t<meta property=\"og:image:height\" content=\"1707\" \/>\n\t<meta property=\"og:image:type\" content=\"image\/jpeg\" \/>\n<meta name=\"author\" content=\"Antonio Alcaraz\" \/>\n<meta name=\"twitter:card\" content=\"summary_large_image\" \/>\n<meta name=\"twitter:creator\" content=\"@ElCardinal_Mx\" \/>\n<meta name=\"twitter:site\" content=\"@ElCardinal_Mx\" \/>\n<meta name=\"twitter:label1\" content=\"Escrito por\" \/>\n\t<meta name=\"twitter:data1\" content=\"Antonio Alcaraz\" \/>\n\t<meta name=\"twitter:label2\" content=\"Tiempo de lectura\" \/>\n\t<meta name=\"twitter:data2\" content=\"2 minutos\" \/>\n<script type=\"application\/ld+json\" class=\"yoast-schema-graph\">{\"@context\":\"https:\\\/\\\/schema.org\",\"@graph\":[{\"@type\":\"Article\",\"@id\":\"https:\\\/\\\/elcardinal.com\\\/?p=6550#article\",\"isPartOf\":{\"@id\":\"https:\\\/\\\/elcardinal.com\\\/?p=6550\"},\"author\":{\"name\":\"Antonio Alcaraz\",\"@id\":\"https:\\\/\\\/elcardinal.com\\\/#\\\/schema\\\/person\\\/3c352ec0a33987fe275c0e8a2ea69f8b\"},\"headline\":\"Van por la reubicaci\u00f3n de familias en Hidalgo: estima apoyar a cerca de 2,390 viviendas afectadas por la vaguada monz\u00f3nica\",\"datePublished\":\"2026-07-20T23:32:25+00:00\",\"mainEntityOfPage\":{\"@id\":\"https:\\\/\\\/elcardinal.com\\\/?p=6550\"},\"wordCount\":390,\"commentCount\":0,\"publisher\":{\"@id\":\"https:\\\/\\\/elcardinal.com\\\/#organization\"},\"image\":{\"@id\":\"https:\\\/\\\/elcardinal.com\\\/?p=6550#primaryimage\"},\"thumbnailUrl\":\"https:\\\/\\\/elcardinal.com\\\/wp-content\\\/uploads\\\/2026\\\/07\\\/200726_CONFERENIA-DE-PRENSA-3-scaled.jpg\",\"keywords\":[\"Gobierno de Hidalgo\",\"Julio Valera\",\"Sedatu\"],\"articleSection\":[\"Hidalgo\",\"Minuto a Minuto\",\"Regiones\"],\"inLanguage\":\"es\",\"potentialAction\":[{\"@type\":\"CommentAction\",\"name\":\"Comment\",\"target\":[\"https:\\\/\\\/elcardinal.com\\\/?p=6550#respond\"]}]},{\"@type\":\"WebPage\",\"@id\":\"https:\\\/\\\/elcardinal.com\\\/?p=6550\",\"url\":\"https:\\\/\\\/elcardinal.com\\\/?p=6550\",\"name\":\"Van por la reubicaci\u00f3n de familias en Hidalgo: estima apoyar a cerca de 2,390 viviendas afectadas por la vaguada monz\u00f3nica - El Cardinal\",\"isPartOf\":{\"@id\":\"https:\\\/\\\/elcardinal.com\\\/#website\"},\"primaryImageOfPage\":{\"@id\":\"https:\\\/\\\/elcardinal.com\\\/?p=6550#primaryimage\"},\"image\":{\"@id\":\"https:\\\/\\\/elcardinal.com\\\/?p=6550#primaryimage\"},\"thumbnailUrl\":\"https:\\\/\\\/elcardinal.com\\\/wp-content\\\/uploads\\\/2026\\\/07\\\/200726_CONFERENIA-DE-PRENSA-3-scaled.jpg\",\"datePublished\":\"2026-07-20T23:32:25+00:00\",\"breadcrumb\":{\"@id\":\"https:\\\/\\\/elcardinal.com\\\/?p=6550#breadcrumb\"},\"inLanguage\":\"es\",\"potentialAction\":[{\"@type\":\"ReadAction\",\"target\":[\"https:\\\/\\\/elcardinal.com\\\/?p=6550\"]}]},{\"@type\":\"ImageObject\",\"inLanguage\":\"es\",\"@id\":\"https:\\\/\\\/elcardinal.com\\\/?p=6550#primaryimage\",\"url\":\"https:\\\/\\\/elcardinal.com\\\/wp-content\\\/uploads\\\/2026\\\/07\\\/200726_CONFERENIA-DE-PRENSA-3-scaled.jpg\",\"contentUrl\":\"https:\\\/\\\/elcardinal.com\\\/wp-content\\\/uploads\\\/2026\\\/07\\\/200726_CONFERENIA-DE-PRENSA-3-scaled.jpg\",\"width\":2560,\"height\":1707},{\"@type\":\"BreadcrumbList\",\"@id\":\"https:\\\/\\\/elcardinal.com\\\/?p=6550#breadcrumb\",\"itemListElement\":[{\"@type\":\"ListItem\",\"position\":1,\"name\":\"Inicio\",\"item\":\"https:\\\/\\\/elcardinal.com\\\/\"},{\"@type\":\"ListItem\",\"position\":2,\"name\":\"Van por la reubicaci\u00f3n de familias en Hidalgo: estima apoyar a cerca de 2,390 viviendas afectadas por la vaguada monz\u00f3nica\"}]},{\"@type\":\"WebSite\",\"@id\":\"https:\\\/\\\/elcardinal.com\\\/#website\",\"url\":\"https:\\\/\\\/elcardinal.com\\\/\",\"name\":\"El Cardinal\",\"description\":\"Periodismo honesto, con valor, sentido humano, a veces sarc\u00e1stico y divertido.\",\"publisher\":{\"@id\":\"https:\\\/\\\/elcardinal.com\\\/#organization\"},\"alternateName\":\"El Cardinal Noticias\",\"potentialAction\":[{\"@type\":\"SearchAction\",\"target\":{\"@type\":\"EntryPoint\",\"urlTemplate\":\"https:\\\/\\\/elcardinal.com\\\/?s={search_term_string}\"},\"query-input\":{\"@type\":\"PropertyValueSpecification\",\"valueRequired\":true,\"valueName\":\"search_term_string\"}}],\"inLanguage\":\"es\"},{\"@type\":\"Organization\",\"@id\":\"https:\\\/\\\/elcardinal.com\\\/#organization\",\"name\":\"El Cardinal\",\"url\":\"https:\\\/\\\/elcardinal.com\\\/\",\"logo\":{\"@type\":\"ImageObject\",\"inLanguage\":\"es\",\"@id\":\"https:\\\/\\\/elcardinal.com\\\/#\\\/schema\\\/logo\\\/image\\\/\",\"url\":\"https:\\\/\\\/elcardinal.com\\\/wp-content\\\/uploads\\\/2025\\\/04\\\/LOGO-EL-CARDINAL-Periodismo-con-valor.png\",\"contentUrl\":\"https:\\\/\\\/elcardinal.com\\\/wp-content\\\/uploads\\\/2025\\\/04\\\/LOGO-EL-CARDINAL-Periodismo-con-valor.png\",\"width\":755,\"height\":636,\"caption\":\"El Cardinal\"},\"image\":{\"@id\":\"https:\\\/\\\/elcardinal.com\\\/#\\\/schema\\\/logo\\\/image\\\/\"},\"sameAs\":[\"https:\\\/\\\/www.facebook.com\\\/profile.php?id=100063093107011\",\"https:\\\/\\\/x.com\\\/ElCardinal_Mx\"]},{\"@type\":\"Person\",\"@id\":\"https:\\\/\\\/elcardinal.com\\\/#\\\/schema\\\/person\\\/3c352ec0a33987fe275c0e8a2ea69f8b\",\"name\":\"Antonio Alcaraz\",\"image\":{\"@type\":\"ImageObject\",\"inLanguage\":\"es\",\"@id\":\"https:\\\/\\\/elcardinal.com\\\/wp-content\\\/uploads\\\/2025\\\/05\\\/cropped-TONO-96x96.jpg\",\"url\":\"https:\\\/\\\/elcardinal.com\\\/wp-content\\\/uploads\\\/2025\\\/05\\\/cropped-TONO-96x96.jpg\",\"contentUrl\":\"https:\\\/\\\/elcardinal.com\\\/wp-content\\\/uploads\\\/2025\\\/05\\\/cropped-TONO-96x96.jpg\",\"caption\":\"Antonio Alcaraz\"},\"url\":\"https:\\\/\\\/elcardinal.com\\\/?author=2\"}]}<\/script>\n<!-- \/ Yoast SEO plugin. -->","yoast_head_json":{"title":"Van por la reubicaci\u00f3n de familias en Hidalgo: estima apoyar a cerca de 2,390 viviendas afectadas por la vaguada monz\u00f3nica - El Cardinal","robots":{"index":"index","follow":"follow","max-snippet":"max-snippet:-1","max-image-preview":"max-image-preview:large","max-video-preview":"max-video-preview:-1"},"canonical":"https:\/\/elcardinal.com\/?p=6550","og_locale":"es_MX","og_type":"article","og_title":"Van por la reubicaci\u00f3n de familias en Hidalgo: estima apoyar a cerca de 2,390 viviendas afectadas por la vaguada monz\u00f3nica - El Cardinal","og_description":"Por: Jos\u00e9 Antonio Alcaraz Su\u00e1rez\u00a0 El Gobierno Federal se encuentra en la fase final para definir a las familias que ser\u00e1n beneficiadas con el programa de relocalizaci\u00f3n de viviendas tras la devastadora vaguada monz\u00f3nica que golpe\u00f3 a Hidalgo en octubre de 2025. As\u00ed lo inform\u00f3 Julio Valera Piedras, titular de la Oficina de Representaci\u00f3n de","og_url":"https:\/\/elcardinal.com\/?p=6550","og_site_name":"El Cardinal","article_publisher":"https:\/\/www.facebook.com\/profile.php?id=100063093107011","article_published_time":"2026-07-20T23:32:25+00:00","og_image":[{"width":2560,"height":1707,"url":"https:\/\/elcardinal.com\/wp-content\/uploads\/2026\/07\/200726_CONFERENIA-DE-PRENSA-3-scaled.jpg","type":"image\/jpeg"}],"author":"Antonio Alcaraz","twitter_card":"summary_large_image","twitter_creator":"@ElCardinal_Mx","twitter_site":"@ElCardinal_Mx","twitter_misc":{"Escrito por":"Antonio Alcaraz","Tiempo de lectura":"2 minutos"},"schema":{"@context":"https:\/\/schema.org","@graph":[{"@type":"Article","@id":"https:\/\/elcardinal.com\/?p=6550#article","isPartOf":{"@id":"https:\/\/elcardinal.com\/?p=6550"},"author":{"name":"Antonio Alcaraz","@id":"https:\/\/elcardinal.com\/#\/schema\/person\/3c352ec0a33987fe275c0e8a2ea69f8b"},"headline":"Van por la reubicaci\u00f3n de familias en Hidalgo: estima apoyar a cerca de 2,390 viviendas afectadas por la vaguada monz\u00f3nica","datePublished":"2026-07-20T23:32:25+00:00","mainEntityOfPage":{"@id":"https:\/\/elcardinal.com\/?p=6550"},"wordCount":390,"commentCount":0,"publisher":{"@id":"https:\/\/elcardinal.com\/#organization"},"image":{"@id":"https:\/\/elcardinal.com\/?p=6550#primaryimage"},"thumbnailUrl":"https:\/\/elcardinal.com\/wp-content\/uploads\/2026\/07\/200726_CONFERENIA-DE-PRENSA-3-scaled.jpg","keywords":["Gobierno de Hidalgo","Julio Valera","Sedatu"],"articleSection":["Hidalgo","Minuto a Minuto","Regiones"],"inLanguage":"es","potentialAction":[{"@type":"CommentAction","name":"Comment","target":["https:\/\/elcardinal.com\/?p=6550#respond"]}]},{"@type":"WebPage","@id":"https:\/\/elcardinal.com\/?p=6550","url":"https:\/\/elcardinal.com\/?p=6550","name":"Van por la reubicaci\u00f3n de familias en Hidalgo: estima apoyar a cerca de 2,390 viviendas afectadas por la vaguada monz\u00f3nica - El Cardinal","isPartOf":{"@id":"https:\/\/elcardinal.com\/#website"},"primaryImageOfPage":{"@id":"https:\/\/elcardinal.com\/?p=6550#primaryimage"},"image":{"@id":"https:\/\/elcardinal.com\/?p=6550#primaryimage"},"thumbnailUrl":"https:\/\/elcardinal.com\/wp-content\/uploads\/2026\/07\/200726_CONFERENIA-DE-PRENSA-3-scaled.jpg","datePublished":"2026-07-20T23:32:25+00:00","breadcrumb":{"@id":"https:\/\/elcardinal.com\/?p=6550#breadcrumb"},"inLanguage":"es","potentialAction":[{"@type":"ReadAction","target":["https:\/\/elcardinal.com\/?p=6550"]}]},{"@type":"ImageObject","inLanguage":"es","@id":"https:\/\/elcardinal.com\/?p=6550#primaryimage","url":"https:\/\/elcardinal.com\/wp-content\/uploads\/2026\/07\/200726_CONFERENIA-DE-PRENSA-3-scaled.jpg","contentUrl":"https:\/\/elcardinal.com\/wp-content\/uploads\/2026\/07\/200726_CONFERENIA-DE-PRENSA-3-scaled.jpg","width":2560,"height":1707},{"@type":"BreadcrumbList","@id":"https:\/\/elcardinal.com\/?p=6550#breadcrumb","itemListElement":[{"@type":"ListItem","position":1,"name":"Inicio","item":"https:\/\/elcardinal.com\/"},{"@type":"ListItem","position":2,"name":"Van por la reubicaci\u00f3n de familias en Hidalgo: estima apoyar a cerca de 2,390 viviendas afectadas por la vaguada monz\u00f3nica"}]},{"@type":"WebSite","@id":"https:\/\/elcardinal.com\/#website","url":"https:\/\/elcardinal.com\/","name":"El Cardinal","description":"Periodismo honesto, con valor, sentido humano, a veces sarc\u00e1stico y divertido.","publisher":{"@id":"https:\/\/elcardinal.com\/#organization"},"alternateName":"El Cardinal Noticias","potentialAction":[{"@type":"SearchAction","target":{"@type":"EntryPoint","urlTemplate":"https:\/\/elcardinal.com\/?s={search_term_string}"},"query-input":{"@type":"PropertyValueSpecification","valueRequired":true,"valueName":"search_term_string"}}],"inLanguage":"es"},{"@type":"Organization","@id":"https:\/\/elcardinal.com\/#organization","name":"El Cardinal","url":"https:\/\/elcardinal.com\/","logo":{"@type":"ImageObject","inLanguage":"es","@id":"https:\/\/elcardinal.com\/#\/schema\/logo\/image\/","url":"https:\/\/elcardinal.com\/wp-content\/uploads\/2025\/04\/LOGO-EL-CARDINAL-Periodismo-con-valor.png","contentUrl":"https:\/\/elcardinal.com\/wp-content\/uploads\/2025\/04\/LOGO-EL-CARDINAL-Periodismo-con-valor.png","width":755,"height":636,"caption":"El Cardinal"},"image":{"@id":"https:\/\/elcardinal.com\/#\/schema\/logo\/image\/"},"sameAs":["https:\/\/www.facebook.com\/profile.php?id=100063093107011","https:\/\/x.com\/ElCardinal_Mx"]},{"@type":"Person","@id":"https:\/\/elcardinal.com\/#\/schema\/person\/3c352ec0a33987fe275c0e8a2ea69f8b","name":"Antonio Alcaraz","image":{"@type":"ImageObject","inLanguage":"es","@id":"https:\/\/elcardinal.com\/wp-content\/uploads\/2025\/05\/cropped-TONO-96x96.jpg","url":"https:\/\/elcardinal.com\/wp-content\/uploads\/2025\/05\/cropped-TONO-96x96.jpg","contentUrl":"https:\/\/elcardinal.com\/wp-content\/uploads\/2025\/05\/cropped-TONO-96x96.jpg","caption":"Antonio Alcaraz"},"url":"https:\/\/elcardinal.com\/?author=2"}]}},"_links":{"self":[{"href":"https:\/\/elcardinal.com\/index.php?rest_route=\/wp\/v2\/posts\/6550","targetHints":{"allow":["GET"]}}],"collection":[{"href":"https:\/\/elcardinal.com\/index.php?rest_route=\/wp\/v2\/posts"}],"about":[{"href":"https:\/\/elcardinal.com\/index.php?rest_route=\/wp\/v2\/types\/post"}],"author":[{"embeddable":true,"href":"https:\/\/elcardinal.com\/index.php?rest_route=\/wp\/v2\/users\/2"}],"replies":[{"embeddable":true,"href":"https:\/\/elcardinal.com\/index.php?rest_route=%2Fwp%2Fv2%2Fcomments&post=6550"}],"version-history":[{"count":1,"href":"https:\/\/elcardinal.com\/index.php?rest_route=\/wp\/v2\/posts\/6550\/revisions"}],"predecessor-version":[{"id":6552,"href":"https:\/\/elcardinal.com\/index.php?rest_route=\/wp\/v2\/posts\/6550\/revisions\/6552"}],"wp:featuredmedia":[{"embeddable":true,"href":"https:\/\/elcardinal.com\/index.php?rest_route=\/wp\/v2\/media\/6551"}],"wp:attachment":[{"href":"https:\/\/elcardinal.com\/index.php?rest_route=%2Fwp%2Fv2%2Fmedia&parent=6550"}],"wp:term":[{"taxonomy":"category","embeddable":true,"href":"https:\/\/elcardinal.com\/index.php?rest_route=%2Fwp%2Fv2%2Fcategories&post=6550"},{"taxonomy":"post_tag","embeddable":true,"href":"https:\/\/elcardinal.com\/index.php?rest_route=%2Fwp%2Fv2%2Ftags&post=6550"}],"curies":[{"name":"wp","href":"https:\/\/api.w.org\/{rel}","templated":true}]}}