{"id":6553,"date":"2026-07-20T18:03:13","date_gmt":"2026-07-21T00:03:13","guid":{"rendered":"https:\/\/elcardinal.com\/?p=6553"},"modified":"2026-07-20T18:03:13","modified_gmt":"2026-07-21T00:03:13","slug":"acusa-periodista-a-el-oso-de-morena-de-insultar-a-su-esposa-en-redes-sociales","status":"publish","type":"post","link":"https:\/\/elcardinal.com\/?p=6553","title":{"rendered":"Acusa periodista a &#8220;El Oso&#8221; de Morena, de insultar a su esposa en redes sociales"},"content":{"rendered":"<p>Redacci\u00f3n<\/p>\n<p>El periodista<strong> Pedro Ferriz<\/strong> difundi\u00f3 una denuncia p\u00fablica en la que se\u00f1ala al exdiputado local de Morena en Hidalgo y actual regidor en Metepec, <strong>Miguel \u00c1ngel Mart\u00ednez G\u00f3mez<\/strong>, auto nombrado &#8220;El Oso&#8221;, por presuntamente haber insultado a su esposa a trav\u00e9s de redes sociales y record\u00f3 que el exlegislador enfrenta una denuncia por presunta violencia familiar presentada en la entidad.<\/p>\n<p>De acuerdo con informaci\u00f3n publicada por <strong>Central Mx<\/strong>, Pedro Ferriz escribi\u00f3 en su cuenta de la red social X que el exlegislador (<strong>antes del PRD y convertido a morenista<\/strong>) &#8220;no solamente insulta a mi esposa&#8221;, sino que adem\u00e1s existe una denuncia en su contra ante la Fiscal\u00eda Especializada en Delitos Sexuales y contra la Familia de Hidalgo por el presunto delito de violencia familiar equiparada.<\/p>\n<blockquote><p>En la misma publicaci\u00f3n, el periodista asegur\u00f3 que, pese a la denuncia presentada, &#8220;no le hicieron nada&#8221;, en referencia al curso que habr\u00eda seguido el procedimiento judicial.<\/p><\/blockquote>\n<p>La publicaci\u00f3n fue acompa\u00f1ada por <strong>una captura de pantalla<\/strong> de un mensaje atribuido a Miguel \u00c1ngel Mart\u00ednez G\u00f3mez, en el que se observan expresiones ofensivas dirigidas hacia la esposa del comunicador.<\/p>\n<p><img fetchpriority=\"high\" decoding=\"async\" class=\"size-medium wp-image-6555 alignleft\" src=\"https:\/\/elcardinal.com\/wp-content\/uploads\/2026\/07\/Screenshot_9-300x263.jpg\" alt=\"\" width=\"300\" height=\"263\" srcset=\"https:\/\/elcardinal.com\/wp-content\/uploads\/2026\/07\/Screenshot_9-300x263.jpg 300w, https:\/\/elcardinal.com\/wp-content\/uploads\/2026\/07\/Screenshot_9-150x132.jpg 150w, https:\/\/elcardinal.com\/wp-content\/uploads\/2026\/07\/Screenshot_9-450x395.jpg 450w, https:\/\/elcardinal.com\/wp-content\/uploads\/2026\/07\/Screenshot_9.jpg 586w\" sizes=\"(max-width: 300px) 100vw, 300px\" \/><\/p>\n<p>Como antecedente, <strong>en marzo de 2024<\/strong> diversos medios de comunicaci\u00f3n en Hidalgo informaron sobre la existencia de una denuncia por presunta violencia familiar equiparada contra el entonces diputado local.<\/p>\n<p>En ese momento, Mart\u00ednez G\u00f3mez declar\u00f3 p\u00fablicamente que no hab\u00eda sido notificado formalmente del procedimiento. Hasta la fecha, no existe informaci\u00f3n p\u00fablica que indique que haya sido condenado por esos hechos.<\/p>\n<p>Hasta el momento, Miguel \u00c1ngel Mart\u00ednez G\u00f3mez no ha emitido un posicionamiento p\u00fablico respecto a los se\u00f1alamientos realizados por Pedro Ferriz ni sobre las acusaciones difundidas en esta nueva controversia.<\/p>\n","protected":false},"excerpt":{"rendered":"<p>Redacci\u00f3n El periodista Pedro Ferriz difundi\u00f3 una denuncia p\u00fablica en la que se\u00f1ala al exdiputado local de Morena en Hidalgo y actual regidor en Metepec, Miguel \u00c1ngel Mart\u00ednez G\u00f3mez, auto nombrado &#8220;El Oso&#8221;, por presuntamente haber insultado a su esposa a trav\u00e9s de redes sociales y record\u00f3 que el exlegislador enfrenta una denuncia por presunta<\/p>\n","protected":false},"author":2,"featured_media":6554,"comment_status":"open","ping_status":"open","sticky":false,"template":"","format":"standard","meta":{"footnotes":""},"categories":[31,44,39],"tags":[429],"class_list":["post-6553","post","type-post","status-publish","format-standard","has-post-thumbnail","category-hidalgo","category-minuto-a-minuto","category-politica","tag-pedro-ferriz"],"yoast_head":"<!-- This site is optimized with the Yoast SEO plugin v28.0 - https:\/\/yoast.com\/product\/yoast-seo-wordpress\/ -->\n<title>Acusa periodista a &quot;El Oso&quot; de Morena, de insultar a su esposa en redes sociales - El Cardinal<\/title>\n<meta name=\"robots\" content=\"index, follow, max-snippet:-1, max-image-preview:large, max-video-preview:-1\" \/>\n<link rel=\"canonical\" href=\"https:\/\/elcardinal.com\/?p=6553\" \/>\n<meta property=\"og:locale\" content=\"es_MX\" \/>\n<meta property=\"og:type\" content=\"article\" \/>\n<meta property=\"og:title\" content=\"Acusa periodista a &quot;El Oso&quot; de Morena, de insultar a su esposa en redes sociales - El Cardinal\" \/>\n<meta property=\"og:description\" content=\"Redacci\u00f3n El periodista Pedro Ferriz difundi\u00f3 una denuncia p\u00fablica en la que se\u00f1ala al exdiputado local de Morena en Hidalgo y actual regidor en Metepec, Miguel \u00c1ngel Mart\u00ednez G\u00f3mez, auto nombrado &#8220;El Oso&#8221;, por presuntamente haber insultado a su esposa a trav\u00e9s de redes sociales y record\u00f3 que el exlegislador enfrenta una denuncia por presunta\" \/>\n<meta property=\"og:url\" content=\"https:\/\/elcardinal.com\/?p=6553\" \/>\n<meta property=\"og:site_name\" content=\"El Cardinal\" \/>\n<meta property=\"article:publisher\" content=\"https:\/\/www.facebook.com\/profile.php?id=100063093107011\" \/>\n<meta property=\"article:published_time\" content=\"2026-07-21T00:03:13+00:00\" \/>\n<meta property=\"og:image\" content=\"https:\/\/elcardinal.com\/wp-content\/uploads\/2026\/07\/ChatGPT-Image-20-jul-2026-05_55_37-p.m-1024x683.png\" \/>\n\t<meta property=\"og:image:width\" content=\"1024\" \/>\n\t<meta property=\"og:image:height\" content=\"683\" \/>\n\t<meta property=\"og:image:type\" content=\"image\/png\" \/>\n<meta name=\"author\" content=\"Antonio Alcaraz\" \/>\n<meta name=\"twitter:card\" content=\"summary_large_image\" \/>\n<meta name=\"twitter:creator\" content=\"@ElCardinal_Mx\" \/>\n<meta name=\"twitter:site\" content=\"@ElCardinal_Mx\" \/>\n<meta name=\"twitter:label1\" content=\"Escrito por\" \/>\n\t<meta name=\"twitter:data1\" content=\"Antonio Alcaraz\" \/>\n\t<meta name=\"twitter:label2\" content=\"Tiempo de lectura\" \/>\n\t<meta name=\"twitter:data2\" content=\"2 minutos\" \/>\n<script type=\"application\/ld+json\" class=\"yoast-schema-graph\">{\"@context\":\"https:\\\/\\\/schema.org\",\"@graph\":[{\"@type\":\"Article\",\"@id\":\"https:\\\/\\\/elcardinal.com\\\/?p=6553#article\",\"isPartOf\":{\"@id\":\"https:\\\/\\\/elcardinal.com\\\/?p=6553\"},\"author\":{\"name\":\"Antonio Alcaraz\",\"@id\":\"https:\\\/\\\/elcardinal.com\\\/#\\\/schema\\\/person\\\/3c352ec0a33987fe275c0e8a2ea69f8b\"},\"headline\":\"Acusa periodista a &#8220;El Oso&#8221; de Morena, de insultar a su esposa en redes sociales\",\"datePublished\":\"2026-07-21T00:03:13+00:00\",\"mainEntityOfPage\":{\"@id\":\"https:\\\/\\\/elcardinal.com\\\/?p=6553\"},\"wordCount\":314,\"commentCount\":0,\"publisher\":{\"@id\":\"https:\\\/\\\/elcardinal.com\\\/#organization\"},\"image\":{\"@id\":\"https:\\\/\\\/elcardinal.com\\\/?p=6553#primaryimage\"},\"thumbnailUrl\":\"https:\\\/\\\/elcardinal.com\\\/wp-content\\\/uploads\\\/2026\\\/07\\\/ChatGPT-Image-20-jul-2026-05_55_37-p.m.png\",\"keywords\":[\"pedro Ferriz\"],\"articleSection\":[\"Hidalgo\",\"Minuto a Minuto\",\"Pol\u00edtica\"],\"inLanguage\":\"es\",\"potentialAction\":[{\"@type\":\"CommentAction\",\"name\":\"Comment\",\"target\":[\"https:\\\/\\\/elcardinal.com\\\/?p=6553#respond\"]}]},{\"@type\":\"WebPage\",\"@id\":\"https:\\\/\\\/elcardinal.com\\\/?p=6553\",\"url\":\"https:\\\/\\\/elcardinal.com\\\/?p=6553\",\"name\":\"Acusa periodista a \\\"El Oso\\\" de Morena, de insultar a su esposa en redes sociales - El Cardinal\",\"isPartOf\":{\"@id\":\"https:\\\/\\\/elcardinal.com\\\/#website\"},\"primaryImageOfPage\":{\"@id\":\"https:\\\/\\\/elcardinal.com\\\/?p=6553#primaryimage\"},\"image\":{\"@id\":\"https:\\\/\\\/elcardinal.com\\\/?p=6553#primaryimage\"},\"thumbnailUrl\":\"https:\\\/\\\/elcardinal.com\\\/wp-content\\\/uploads\\\/2026\\\/07\\\/ChatGPT-Image-20-jul-2026-05_55_37-p.m.png\",\"datePublished\":\"2026-07-21T00:03:13+00:00\",\"breadcrumb\":{\"@id\":\"https:\\\/\\\/elcardinal.com\\\/?p=6553#breadcrumb\"},\"inLanguage\":\"es\",\"potentialAction\":[{\"@type\":\"ReadAction\",\"target\":[\"https:\\\/\\\/elcardinal.com\\\/?p=6553\"]}]},{\"@type\":\"ImageObject\",\"inLanguage\":\"es\",\"@id\":\"https:\\\/\\\/elcardinal.com\\\/?p=6553#primaryimage\",\"url\":\"https:\\\/\\\/elcardinal.com\\\/wp-content\\\/uploads\\\/2026\\\/07\\\/ChatGPT-Image-20-jul-2026-05_55_37-p.m.png\",\"contentUrl\":\"https:\\\/\\\/elcardinal.com\\\/wp-content\\\/uploads\\\/2026\\\/07\\\/ChatGPT-Image-20-jul-2026-05_55_37-p.m.png\",\"width\":1536,\"height\":1024},{\"@type\":\"BreadcrumbList\",\"@id\":\"https:\\\/\\\/elcardinal.com\\\/?p=6553#breadcrumb\",\"itemListElement\":[{\"@type\":\"ListItem\",\"position\":1,\"name\":\"Inicio\",\"item\":\"https:\\\/\\\/elcardinal.com\\\/\"},{\"@type\":\"ListItem\",\"position\":2,\"name\":\"Acusa periodista a &#8220;El Oso&#8221; de Morena, de insultar a su esposa en redes sociales\"}]},{\"@type\":\"WebSite\",\"@id\":\"https:\\\/\\\/elcardinal.com\\\/#website\",\"url\":\"https:\\\/\\\/elcardinal.com\\\/\",\"name\":\"El Cardinal\",\"description\":\"Periodismo honesto, con valor, sentido humano, a veces sarc\u00e1stico y divertido.\",\"publisher\":{\"@id\":\"https:\\\/\\\/elcardinal.com\\\/#organization\"},\"alternateName\":\"El Cardinal Noticias\",\"potentialAction\":[{\"@type\":\"SearchAction\",\"target\":{\"@type\":\"EntryPoint\",\"urlTemplate\":\"https:\\\/\\\/elcardinal.com\\\/?s={search_term_string}\"},\"query-input\":{\"@type\":\"PropertyValueSpecification\",\"valueRequired\":true,\"valueName\":\"search_term_string\"}}],\"inLanguage\":\"es\"},{\"@type\":\"Organization\",\"@id\":\"https:\\\/\\\/elcardinal.com\\\/#organization\",\"name\":\"El Cardinal\",\"url\":\"https:\\\/\\\/elcardinal.com\\\/\",\"logo\":{\"@type\":\"ImageObject\",\"inLanguage\":\"es\",\"@id\":\"https:\\\/\\\/elcardinal.com\\\/#\\\/schema\\\/logo\\\/image\\\/\",\"url\":\"https:\\\/\\\/elcardinal.com\\\/wp-content\\\/uploads\\\/2025\\\/04\\\/LOGO-EL-CARDINAL-Periodismo-con-valor.png\",\"contentUrl\":\"https:\\\/\\\/elcardinal.com\\\/wp-content\\\/uploads\\\/2025\\\/04\\\/LOGO-EL-CARDINAL-Periodismo-con-valor.png\",\"width\":755,\"height\":636,\"caption\":\"El Cardinal\"},\"image\":{\"@id\":\"https:\\\/\\\/elcardinal.com\\\/#\\\/schema\\\/logo\\\/image\\\/\"},\"sameAs\":[\"https:\\\/\\\/www.facebook.com\\\/profile.php?id=100063093107011\",\"https:\\\/\\\/x.com\\\/ElCardinal_Mx\"]},{\"@type\":\"Person\",\"@id\":\"https:\\\/\\\/elcardinal.com\\\/#\\\/schema\\\/person\\\/3c352ec0a33987fe275c0e8a2ea69f8b\",\"name\":\"Antonio Alcaraz\",\"image\":{\"@type\":\"ImageObject\",\"inLanguage\":\"es\",\"@id\":\"https:\\\/\\\/elcardinal.com\\\/wp-content\\\/uploads\\\/2025\\\/05\\\/cropped-TONO-96x96.jpg\",\"url\":\"https:\\\/\\\/elcardinal.com\\\/wp-content\\\/uploads\\\/2025\\\/05\\\/cropped-TONO-96x96.jpg\",\"contentUrl\":\"https:\\\/\\\/elcardinal.com\\\/wp-content\\\/uploads\\\/2025\\\/05\\\/cropped-TONO-96x96.jpg\",\"caption\":\"Antonio Alcaraz\"},\"url\":\"https:\\\/\\\/elcardinal.com\\\/?author=2\"}]}<\/script>\n<!-- \/ Yoast SEO plugin. -->","yoast_head_json":{"title":"Acusa periodista a \"El Oso\" de Morena, de insultar a su esposa en redes sociales - El Cardinal","robots":{"index":"index","follow":"follow","max-snippet":"max-snippet:-1","max-image-preview":"max-image-preview:large","max-video-preview":"max-video-preview:-1"},"canonical":"https:\/\/elcardinal.com\/?p=6553","og_locale":"es_MX","og_type":"article","og_title":"Acusa periodista a \"El Oso\" de Morena, de insultar a su esposa en redes sociales - El Cardinal","og_description":"Redacci\u00f3n El periodista Pedro Ferriz difundi\u00f3 una denuncia p\u00fablica en la que se\u00f1ala al exdiputado local de Morena en Hidalgo y actual regidor en Metepec, Miguel \u00c1ngel Mart\u00ednez G\u00f3mez, auto nombrado &#8220;El Oso&#8221;, por presuntamente haber insultado a su esposa a trav\u00e9s de redes sociales y record\u00f3 que el exlegislador enfrenta una denuncia por presunta","og_url":"https:\/\/elcardinal.com\/?p=6553","og_site_name":"El Cardinal","article_publisher":"https:\/\/www.facebook.com\/profile.php?id=100063093107011","article_published_time":"2026-07-21T00:03:13+00:00","og_image":[{"width":1024,"height":683,"url":"https:\/\/elcardinal.com\/wp-content\/uploads\/2026\/07\/ChatGPT-Image-20-jul-2026-05_55_37-p.m-1024x683.png","type":"image\/png"}],"author":"Antonio Alcaraz","twitter_card":"summary_large_image","twitter_creator":"@ElCardinal_Mx","twitter_site":"@ElCardinal_Mx","twitter_misc":{"Escrito por":"Antonio Alcaraz","Tiempo de lectura":"2 minutos"},"schema":{"@context":"https:\/\/schema.org","@graph":[{"@type":"Article","@id":"https:\/\/elcardinal.com\/?p=6553#article","isPartOf":{"@id":"https:\/\/elcardinal.com\/?p=6553"},"author":{"name":"Antonio Alcaraz","@id":"https:\/\/elcardinal.com\/#\/schema\/person\/3c352ec0a33987fe275c0e8a2ea69f8b"},"headline":"Acusa periodista a &#8220;El Oso&#8221; de Morena, de insultar a su esposa en redes sociales","datePublished":"2026-07-21T00:03:13+00:00","mainEntityOfPage":{"@id":"https:\/\/elcardinal.com\/?p=6553"},"wordCount":314,"commentCount":0,"publisher":{"@id":"https:\/\/elcardinal.com\/#organization"},"image":{"@id":"https:\/\/elcardinal.com\/?p=6553#primaryimage"},"thumbnailUrl":"https:\/\/elcardinal.com\/wp-content\/uploads\/2026\/07\/ChatGPT-Image-20-jul-2026-05_55_37-p.m.png","keywords":["pedro Ferriz"],"articleSection":["Hidalgo","Minuto a Minuto","Pol\u00edtica"],"inLanguage":"es","potentialAction":[{"@type":"CommentAction","name":"Comment","target":["https:\/\/elcardinal.com\/?p=6553#respond"]}]},{"@type":"WebPage","@id":"https:\/\/elcardinal.com\/?p=6553","url":"https:\/\/elcardinal.com\/?p=6553","name":"Acusa periodista a \"El Oso\" de Morena, de insultar a su esposa en redes sociales - El Cardinal","isPartOf":{"@id":"https:\/\/elcardinal.com\/#website"},"primaryImageOfPage":{"@id":"https:\/\/elcardinal.com\/?p=6553#primaryimage"},"image":{"@id":"https:\/\/elcardinal.com\/?p=6553#primaryimage"},"thumbnailUrl":"https:\/\/elcardinal.com\/wp-content\/uploads\/2026\/07\/ChatGPT-Image-20-jul-2026-05_55_37-p.m.png","datePublished":"2026-07-21T00:03:13+00:00","breadcrumb":{"@id":"https:\/\/elcardinal.com\/?p=6553#breadcrumb"},"inLanguage":"es","potentialAction":[{"@type":"ReadAction","target":["https:\/\/elcardinal.com\/?p=6553"]}]},{"@type":"ImageObject","inLanguage":"es","@id":"https:\/\/elcardinal.com\/?p=6553#primaryimage","url":"https:\/\/elcardinal.com\/wp-content\/uploads\/2026\/07\/ChatGPT-Image-20-jul-2026-05_55_37-p.m.png","contentUrl":"https:\/\/elcardinal.com\/wp-content\/uploads\/2026\/07\/ChatGPT-Image-20-jul-2026-05_55_37-p.m.png","width":1536,"height":1024},{"@type":"BreadcrumbList","@id":"https:\/\/elcardinal.com\/?p=6553#breadcrumb","itemListElement":[{"@type":"ListItem","position":1,"name":"Inicio","item":"https:\/\/elcardinal.com\/"},{"@type":"ListItem","position":2,"name":"Acusa periodista a &#8220;El Oso&#8221; de Morena, de insultar a su esposa en redes sociales"}]},{"@type":"WebSite","@id":"https:\/\/elcardinal.com\/#website","url":"https:\/\/elcardinal.com\/","name":"El Cardinal","description":"Periodismo honesto, con valor, sentido humano, a veces sarc\u00e1stico y divertido.","publisher":{"@id":"https:\/\/elcardinal.com\/#organization"},"alternateName":"El Cardinal Noticias","potentialAction":[{"@type":"SearchAction","target":{"@type":"EntryPoint","urlTemplate":"https:\/\/elcardinal.com\/?s={search_term_string}"},"query-input":{"@type":"PropertyValueSpecification","valueRequired":true,"valueName":"search_term_string"}}],"inLanguage":"es"},{"@type":"Organization","@id":"https:\/\/elcardinal.com\/#organization","name":"El Cardinal","url":"https:\/\/elcardinal.com\/","logo":{"@type":"ImageObject","inLanguage":"es","@id":"https:\/\/elcardinal.com\/#\/schema\/logo\/image\/","url":"https:\/\/elcardinal.com\/wp-content\/uploads\/2025\/04\/LOGO-EL-CARDINAL-Periodismo-con-valor.png","contentUrl":"https:\/\/elcardinal.com\/wp-content\/uploads\/2025\/04\/LOGO-EL-CARDINAL-Periodismo-con-valor.png","width":755,"height":636,"caption":"El Cardinal"},"image":{"@id":"https:\/\/elcardinal.com\/#\/schema\/logo\/image\/"},"sameAs":["https:\/\/www.facebook.com\/profile.php?id=100063093107011","https:\/\/x.com\/ElCardinal_Mx"]},{"@type":"Person","@id":"https:\/\/elcardinal.com\/#\/schema\/person\/3c352ec0a33987fe275c0e8a2ea69f8b","name":"Antonio Alcaraz","image":{"@type":"ImageObject","inLanguage":"es","@id":"https:\/\/elcardinal.com\/wp-content\/uploads\/2025\/05\/cropped-TONO-96x96.jpg","url":"https:\/\/elcardinal.com\/wp-content\/uploads\/2025\/05\/cropped-TONO-96x96.jpg","contentUrl":"https:\/\/elcardinal.com\/wp-content\/uploads\/2025\/05\/cropped-TONO-96x96.jpg","caption":"Antonio Alcaraz"},"url":"https:\/\/elcardinal.com\/?author=2"}]}},"_links":{"self":[{"href":"https:\/\/elcardinal.com\/index.php?rest_route=\/wp\/v2\/posts\/6553","targetHints":{"allow":["GET"]}}],"collection":[{"href":"https:\/\/elcardinal.com\/index.php?rest_route=\/wp\/v2\/posts"}],"about":[{"href":"https:\/\/elcardinal.com\/index.php?rest_route=\/wp\/v2\/types\/post"}],"author":[{"embeddable":true,"href":"https:\/\/elcardinal.com\/index.php?rest_route=\/wp\/v2\/users\/2"}],"replies":[{"embeddable":true,"href":"https:\/\/elcardinal.com\/index.php?rest_route=%2Fwp%2Fv2%2Fcomments&post=6553"}],"version-history":[{"count":1,"href":"https:\/\/elcardinal.com\/index.php?rest_route=\/wp\/v2\/posts\/6553\/revisions"}],"predecessor-version":[{"id":6556,"href":"https:\/\/elcardinal.com\/index.php?rest_route=\/wp\/v2\/posts\/6553\/revisions\/6556"}],"wp:featuredmedia":[{"embeddable":true,"href":"https:\/\/elcardinal.com\/index.php?rest_route=\/wp\/v2\/media\/6554"}],"wp:attachment":[{"href":"https:\/\/elcardinal.com\/index.php?rest_route=%2Fwp%2Fv2%2Fmedia&parent=6553"}],"wp:term":[{"taxonomy":"category","embeddable":true,"href":"https:\/\/elcardinal.com\/index.php?rest_route=%2Fwp%2Fv2%2Fcategories&post=6553"},{"taxonomy":"post_tag","embeddable":true,"href":"https:\/\/elcardinal.com\/index.php?rest_route=%2Fwp%2Fv2%2Ftags&post=6553"}],"curies":[{"name":"wp","href":"https:\/\/api.w.org\/{rel}","templated":true}]}}