{"id":6569,"date":"2026-07-21T20:14:05","date_gmt":"2026-07-22T02:14:05","guid":{"rendered":"https:\/\/elcardinal.com\/?p=6569"},"modified":"2026-07-21T20:14:05","modified_gmt":"2026-07-22T02:14:05","slug":"cartas-con-valor-fomenta-principios-en-la-ninez-en-huejutla","status":"publish","type":"post","link":"https:\/\/elcardinal.com\/?p=6569","title":{"rendered":"Cartas con Valor fomenta principios en la ni\u00f1ez en Huejutla"},"content":{"rendered":"<p>Redacci\u00f3n<\/p>\n<p><span style=\"font-size: 14px;\">La formaci\u00f3n de valores en la ni\u00f1ez constituye una de las bases para construir un mejor Hidalgo. Bajo esta visi\u00f3n impulsada por el gobernador Julio Menchaca, la directora general de \u00d3rganos de Control y Vigilancia, Briseyda Torres, en coordinaci\u00f3n con el Voluntariado de la Secretar\u00eda de Contralor\u00eda, llev\u00f3 el programa &#8220;Cartas con Valor&#8221; a cuatro colonias del municipio de Huejutla de Reyes, con el prop\u00f3sito de fomentar la solidaridad, el respeto y la convivencia entre las nuevas generaciones.<\/span><i><\/i><\/p>\n<p><span style=\"font-weight: 400;\">Durante la jornada se visitaron las colonias Rojo G\u00f3mez, Parque de Poblamiento, Ju\u00e1rez y Todos por Hidalgo, donde 277 ni\u00f1as y ni\u00f1os participaron en una din\u00e1mica de intercambio de cartas y dibujos por juguetes. Esta actividad promovi\u00f3 la reflexi\u00f3n sobre la importancia de practicar valores en la vida cotidiana y fortaleci\u00f3 la cercan\u00eda entre las instituciones y la ciudadan\u00eda.<\/span><\/p>\n<p><span style=\"font-weight: 400;\">En total se entregaron 277 juguetes, distribuidos de la siguiente manera: 55 en la colonia Rojo G\u00f3mez, 113 en Parque de Poblamiento, 60 en Ju\u00e1rez y 49 en Todos por Hidalgo. La entrega fue posible gracias al trabajo coordinado entre el Voluntariado de la Secretar\u00eda de Contralor\u00eda, as\u00ed como las y los delegados de cada colonia.<\/span><\/p>\n<p><span style=\"font-weight: 400;\">Como parte de la din\u00e1mica, las ni\u00f1as y los ni\u00f1os elaboraron una carta o un dibujo en el que expresaron el valor que practican en su vida diaria, entre ellos el respeto, la honestidad, la solidaridad, la responsabilidad, la empat\u00eda y la amistad.\u00a0<\/span><\/p>\n<p><span style=\"font-weight: 400;\">En reconocimiento a su participaci\u00f3n, recibieron juguetes did\u00e1cticos, entre los que destacaron rompecabezas, juegos de ensamble, mu\u00f1ecos, sets para elaborar collares, pulseras y u\u00f1as, as\u00ed como kits de excavaci\u00f3n, materiales que estimulan la creatividad, la imaginaci\u00f3n, el trabajo colaborativo y el aprendizaje mediante el juego.<\/span><\/p>\n<p><span style=\"font-weight: 400;\">La actividad cont\u00f3 con la presencia de Miguel Acosta Salazar, rector de la Universidad Tecnol\u00f3gica de la Huasteca Hidalguense (UTHH) y autoridades de esa instituci\u00f3n educativa, quienes se sumaron a esta iniciativa para impulsar la promoci\u00f3n de valores y la participaci\u00f3n social en beneficio de la ni\u00f1ez hidalguense.<\/span><\/p>\n<p><span style=\"font-weight: 400;\">El contralor \u00c1lvaro Bardales destac\u00f3 que programas como &#8220;Cartas con Valor&#8221; contribuyen a fortalecer la confianza ciudadana al acercar a las instituciones con las familias mediante acciones preventivas, formativas y de participaci\u00f3n social, adem\u00e1s de fomentar una cultura de integridad, responsabilidad y compromiso desde la infancia.<\/span><\/p>\n<p><span style=\"font-weight: 400;\">El programa continuar\u00e1 su recorrido por distintas regiones de Hidalgo mediante nuevas jornadas coordinadas con autoridades municipales, instituciones educativas y representantes comunitarios, con el objetivo de beneficiar a un mayor n\u00famero de ni\u00f1as y ni\u00f1os, fortalecer el tejido social y promover valores que contribuyan a la construcci\u00f3n de comunidades m\u00e1s unidas y participativas.<\/span><\/p>\n<p>&nbsp;<\/p>\n","protected":false},"excerpt":{"rendered":"<p>Redacci\u00f3n La formaci\u00f3n de valores en la ni\u00f1ez constituye una de las bases para construir un mejor Hidalgo. Bajo esta visi\u00f3n impulsada por el gobernador Julio Menchaca, la directora general de \u00d3rganos de Control y Vigilancia, Briseyda Torres, en coordinaci\u00f3n con el Voluntariado de la Secretar\u00eda de Contralor\u00eda, llev\u00f3 el programa &#8220;Cartas con Valor&#8221; a<\/p>\n","protected":false},"author":2,"featured_media":6570,"comment_status":"open","ping_status":"open","sticky":false,"template":"","format":"standard","meta":{"footnotes":""},"categories":[31,44,33],"tags":[],"class_list":["post-6569","post","type-post","status-publish","format-standard","has-post-thumbnail","category-hidalgo","category-minuto-a-minuto","category-regiones"],"yoast_head":"<!-- This site is optimized with the Yoast SEO plugin v28.0 - https:\/\/yoast.com\/product\/yoast-seo-wordpress\/ -->\n<title>Cartas con Valor fomenta principios en la ni\u00f1ez en Huejutla - El Cardinal<\/title>\n<meta name=\"robots\" content=\"index, follow, max-snippet:-1, max-image-preview:large, max-video-preview:-1\" \/>\n<link rel=\"canonical\" href=\"https:\/\/elcardinal.com\/?p=6569\" \/>\n<meta property=\"og:locale\" content=\"es_MX\" \/>\n<meta property=\"og:type\" content=\"article\" \/>\n<meta property=\"og:title\" content=\"Cartas con Valor fomenta principios en la ni\u00f1ez en Huejutla - El Cardinal\" \/>\n<meta property=\"og:description\" content=\"Redacci\u00f3n La formaci\u00f3n de valores en la ni\u00f1ez constituye una de las bases para construir un mejor Hidalgo. Bajo esta visi\u00f3n impulsada por el gobernador Julio Menchaca, la directora general de \u00d3rganos de Control y Vigilancia, Briseyda Torres, en coordinaci\u00f3n con el Voluntariado de la Secretar\u00eda de Contralor\u00eda, llev\u00f3 el programa &#8220;Cartas con Valor&#8221; a\" \/>\n<meta property=\"og:url\" content=\"https:\/\/elcardinal.com\/?p=6569\" \/>\n<meta property=\"og:site_name\" content=\"El Cardinal\" \/>\n<meta property=\"article:publisher\" content=\"https:\/\/www.facebook.com\/profile.php?id=100063093107011\" \/>\n<meta property=\"article:published_time\" content=\"2026-07-22T02:14:05+00:00\" \/>\n<meta property=\"og:image\" content=\"https:\/\/elcardinal.com\/wp-content\/uploads\/2026\/07\/FOTO-6-1.jpeg\" \/>\n\t<meta property=\"og:image:width\" content=\"1280\" \/>\n\t<meta property=\"og:image:height\" content=\"960\" \/>\n\t<meta property=\"og:image:type\" content=\"image\/jpeg\" \/>\n<meta name=\"author\" content=\"Antonio Alcaraz\" \/>\n<meta name=\"twitter:card\" content=\"summary_large_image\" \/>\n<meta name=\"twitter:creator\" content=\"@ElCardinal_Mx\" \/>\n<meta name=\"twitter:site\" content=\"@ElCardinal_Mx\" \/>\n<meta name=\"twitter:label1\" content=\"Escrito por\" \/>\n\t<meta name=\"twitter:data1\" content=\"Antonio Alcaraz\" \/>\n\t<meta name=\"twitter:label2\" content=\"Tiempo de lectura\" \/>\n\t<meta name=\"twitter:data2\" content=\"3 minutos\" \/>\n<script type=\"application\/ld+json\" class=\"yoast-schema-graph\">{\"@context\":\"https:\\\/\\\/schema.org\",\"@graph\":[{\"@type\":\"Article\",\"@id\":\"https:\\\/\\\/elcardinal.com\\\/?p=6569#article\",\"isPartOf\":{\"@id\":\"https:\\\/\\\/elcardinal.com\\\/?p=6569\"},\"author\":{\"name\":\"Antonio Alcaraz\",\"@id\":\"https:\\\/\\\/elcardinal.com\\\/#\\\/schema\\\/person\\\/3c352ec0a33987fe275c0e8a2ea69f8b\"},\"headline\":\"Cartas con Valor fomenta principios en la ni\u00f1ez en Huejutla\",\"datePublished\":\"2026-07-22T02:14:05+00:00\",\"mainEntityOfPage\":{\"@id\":\"https:\\\/\\\/elcardinal.com\\\/?p=6569\"},\"wordCount\":477,\"commentCount\":0,\"publisher\":{\"@id\":\"https:\\\/\\\/elcardinal.com\\\/#organization\"},\"image\":{\"@id\":\"https:\\\/\\\/elcardinal.com\\\/?p=6569#primaryimage\"},\"thumbnailUrl\":\"https:\\\/\\\/elcardinal.com\\\/wp-content\\\/uploads\\\/2026\\\/07\\\/FOTO-6-1.jpeg\",\"articleSection\":[\"Hidalgo\",\"Minuto a Minuto\",\"Regiones\"],\"inLanguage\":\"es\",\"potentialAction\":[{\"@type\":\"CommentAction\",\"name\":\"Comment\",\"target\":[\"https:\\\/\\\/elcardinal.com\\\/?p=6569#respond\"]}]},{\"@type\":\"WebPage\",\"@id\":\"https:\\\/\\\/elcardinal.com\\\/?p=6569\",\"url\":\"https:\\\/\\\/elcardinal.com\\\/?p=6569\",\"name\":\"Cartas con Valor fomenta principios en la ni\u00f1ez en Huejutla - El Cardinal\",\"isPartOf\":{\"@id\":\"https:\\\/\\\/elcardinal.com\\\/#website\"},\"primaryImageOfPage\":{\"@id\":\"https:\\\/\\\/elcardinal.com\\\/?p=6569#primaryimage\"},\"image\":{\"@id\":\"https:\\\/\\\/elcardinal.com\\\/?p=6569#primaryimage\"},\"thumbnailUrl\":\"https:\\\/\\\/elcardinal.com\\\/wp-content\\\/uploads\\\/2026\\\/07\\\/FOTO-6-1.jpeg\",\"datePublished\":\"2026-07-22T02:14:05+00:00\",\"breadcrumb\":{\"@id\":\"https:\\\/\\\/elcardinal.com\\\/?p=6569#breadcrumb\"},\"inLanguage\":\"es\",\"potentialAction\":[{\"@type\":\"ReadAction\",\"target\":[\"https:\\\/\\\/elcardinal.com\\\/?p=6569\"]}]},{\"@type\":\"ImageObject\",\"inLanguage\":\"es\",\"@id\":\"https:\\\/\\\/elcardinal.com\\\/?p=6569#primaryimage\",\"url\":\"https:\\\/\\\/elcardinal.com\\\/wp-content\\\/uploads\\\/2026\\\/07\\\/FOTO-6-1.jpeg\",\"contentUrl\":\"https:\\\/\\\/elcardinal.com\\\/wp-content\\\/uploads\\\/2026\\\/07\\\/FOTO-6-1.jpeg\",\"width\":1280,\"height\":960},{\"@type\":\"BreadcrumbList\",\"@id\":\"https:\\\/\\\/elcardinal.com\\\/?p=6569#breadcrumb\",\"itemListElement\":[{\"@type\":\"ListItem\",\"position\":1,\"name\":\"Inicio\",\"item\":\"https:\\\/\\\/elcardinal.com\\\/\"},{\"@type\":\"ListItem\",\"position\":2,\"name\":\"Cartas con Valor fomenta principios en la ni\u00f1ez en Huejutla\"}]},{\"@type\":\"WebSite\",\"@id\":\"https:\\\/\\\/elcardinal.com\\\/#website\",\"url\":\"https:\\\/\\\/elcardinal.com\\\/\",\"name\":\"El Cardinal\",\"description\":\"Periodismo honesto, con valor, sentido humano, a veces sarc\u00e1stico y divertido.\",\"publisher\":{\"@id\":\"https:\\\/\\\/elcardinal.com\\\/#organization\"},\"alternateName\":\"El Cardinal Noticias\",\"potentialAction\":[{\"@type\":\"SearchAction\",\"target\":{\"@type\":\"EntryPoint\",\"urlTemplate\":\"https:\\\/\\\/elcardinal.com\\\/?s={search_term_string}\"},\"query-input\":{\"@type\":\"PropertyValueSpecification\",\"valueRequired\":true,\"valueName\":\"search_term_string\"}}],\"inLanguage\":\"es\"},{\"@type\":\"Organization\",\"@id\":\"https:\\\/\\\/elcardinal.com\\\/#organization\",\"name\":\"El Cardinal\",\"url\":\"https:\\\/\\\/elcardinal.com\\\/\",\"logo\":{\"@type\":\"ImageObject\",\"inLanguage\":\"es\",\"@id\":\"https:\\\/\\\/elcardinal.com\\\/#\\\/schema\\\/logo\\\/image\\\/\",\"url\":\"https:\\\/\\\/elcardinal.com\\\/wp-content\\\/uploads\\\/2025\\\/04\\\/LOGO-EL-CARDINAL-Periodismo-con-valor.png\",\"contentUrl\":\"https:\\\/\\\/elcardinal.com\\\/wp-content\\\/uploads\\\/2025\\\/04\\\/LOGO-EL-CARDINAL-Periodismo-con-valor.png\",\"width\":755,\"height\":636,\"caption\":\"El Cardinal\"},\"image\":{\"@id\":\"https:\\\/\\\/elcardinal.com\\\/#\\\/schema\\\/logo\\\/image\\\/\"},\"sameAs\":[\"https:\\\/\\\/www.facebook.com\\\/profile.php?id=100063093107011\",\"https:\\\/\\\/x.com\\\/ElCardinal_Mx\"]},{\"@type\":\"Person\",\"@id\":\"https:\\\/\\\/elcardinal.com\\\/#\\\/schema\\\/person\\\/3c352ec0a33987fe275c0e8a2ea69f8b\",\"name\":\"Antonio Alcaraz\",\"image\":{\"@type\":\"ImageObject\",\"inLanguage\":\"es\",\"@id\":\"https:\\\/\\\/elcardinal.com\\\/wp-content\\\/uploads\\\/2025\\\/05\\\/cropped-TONO-96x96.jpg\",\"url\":\"https:\\\/\\\/elcardinal.com\\\/wp-content\\\/uploads\\\/2025\\\/05\\\/cropped-TONO-96x96.jpg\",\"contentUrl\":\"https:\\\/\\\/elcardinal.com\\\/wp-content\\\/uploads\\\/2025\\\/05\\\/cropped-TONO-96x96.jpg\",\"caption\":\"Antonio Alcaraz\"},\"url\":\"https:\\\/\\\/elcardinal.com\\\/?author=2\"}]}<\/script>\n<!-- \/ Yoast SEO plugin. -->","yoast_head_json":{"title":"Cartas con Valor fomenta principios en la ni\u00f1ez en Huejutla - El Cardinal","robots":{"index":"index","follow":"follow","max-snippet":"max-snippet:-1","max-image-preview":"max-image-preview:large","max-video-preview":"max-video-preview:-1"},"canonical":"https:\/\/elcardinal.com\/?p=6569","og_locale":"es_MX","og_type":"article","og_title":"Cartas con Valor fomenta principios en la ni\u00f1ez en Huejutla - El Cardinal","og_description":"Redacci\u00f3n La formaci\u00f3n de valores en la ni\u00f1ez constituye una de las bases para construir un mejor Hidalgo. Bajo esta visi\u00f3n impulsada por el gobernador Julio Menchaca, la directora general de \u00d3rganos de Control y Vigilancia, Briseyda Torres, en coordinaci\u00f3n con el Voluntariado de la Secretar\u00eda de Contralor\u00eda, llev\u00f3 el programa &#8220;Cartas con Valor&#8221; a","og_url":"https:\/\/elcardinal.com\/?p=6569","og_site_name":"El Cardinal","article_publisher":"https:\/\/www.facebook.com\/profile.php?id=100063093107011","article_published_time":"2026-07-22T02:14:05+00:00","og_image":[{"width":1280,"height":960,"url":"https:\/\/elcardinal.com\/wp-content\/uploads\/2026\/07\/FOTO-6-1.jpeg","type":"image\/jpeg"}],"author":"Antonio Alcaraz","twitter_card":"summary_large_image","twitter_creator":"@ElCardinal_Mx","twitter_site":"@ElCardinal_Mx","twitter_misc":{"Escrito por":"Antonio Alcaraz","Tiempo de lectura":"3 minutos"},"schema":{"@context":"https:\/\/schema.org","@graph":[{"@type":"Article","@id":"https:\/\/elcardinal.com\/?p=6569#article","isPartOf":{"@id":"https:\/\/elcardinal.com\/?p=6569"},"author":{"name":"Antonio Alcaraz","@id":"https:\/\/elcardinal.com\/#\/schema\/person\/3c352ec0a33987fe275c0e8a2ea69f8b"},"headline":"Cartas con Valor fomenta principios en la ni\u00f1ez en Huejutla","datePublished":"2026-07-22T02:14:05+00:00","mainEntityOfPage":{"@id":"https:\/\/elcardinal.com\/?p=6569"},"wordCount":477,"commentCount":0,"publisher":{"@id":"https:\/\/elcardinal.com\/#organization"},"image":{"@id":"https:\/\/elcardinal.com\/?p=6569#primaryimage"},"thumbnailUrl":"https:\/\/elcardinal.com\/wp-content\/uploads\/2026\/07\/FOTO-6-1.jpeg","articleSection":["Hidalgo","Minuto a Minuto","Regiones"],"inLanguage":"es","potentialAction":[{"@type":"CommentAction","name":"Comment","target":["https:\/\/elcardinal.com\/?p=6569#respond"]}]},{"@type":"WebPage","@id":"https:\/\/elcardinal.com\/?p=6569","url":"https:\/\/elcardinal.com\/?p=6569","name":"Cartas con Valor fomenta principios en la ni\u00f1ez en Huejutla - El Cardinal","isPartOf":{"@id":"https:\/\/elcardinal.com\/#website"},"primaryImageOfPage":{"@id":"https:\/\/elcardinal.com\/?p=6569#primaryimage"},"image":{"@id":"https:\/\/elcardinal.com\/?p=6569#primaryimage"},"thumbnailUrl":"https:\/\/elcardinal.com\/wp-content\/uploads\/2026\/07\/FOTO-6-1.jpeg","datePublished":"2026-07-22T02:14:05+00:00","breadcrumb":{"@id":"https:\/\/elcardinal.com\/?p=6569#breadcrumb"},"inLanguage":"es","potentialAction":[{"@type":"ReadAction","target":["https:\/\/elcardinal.com\/?p=6569"]}]},{"@type":"ImageObject","inLanguage":"es","@id":"https:\/\/elcardinal.com\/?p=6569#primaryimage","url":"https:\/\/elcardinal.com\/wp-content\/uploads\/2026\/07\/FOTO-6-1.jpeg","contentUrl":"https:\/\/elcardinal.com\/wp-content\/uploads\/2026\/07\/FOTO-6-1.jpeg","width":1280,"height":960},{"@type":"BreadcrumbList","@id":"https:\/\/elcardinal.com\/?p=6569#breadcrumb","itemListElement":[{"@type":"ListItem","position":1,"name":"Inicio","item":"https:\/\/elcardinal.com\/"},{"@type":"ListItem","position":2,"name":"Cartas con Valor fomenta principios en la ni\u00f1ez en Huejutla"}]},{"@type":"WebSite","@id":"https:\/\/elcardinal.com\/#website","url":"https:\/\/elcardinal.com\/","name":"El Cardinal","description":"Periodismo honesto, con valor, sentido humano, a veces sarc\u00e1stico y divertido.","publisher":{"@id":"https:\/\/elcardinal.com\/#organization"},"alternateName":"El Cardinal Noticias","potentialAction":[{"@type":"SearchAction","target":{"@type":"EntryPoint","urlTemplate":"https:\/\/elcardinal.com\/?s={search_term_string}"},"query-input":{"@type":"PropertyValueSpecification","valueRequired":true,"valueName":"search_term_string"}}],"inLanguage":"es"},{"@type":"Organization","@id":"https:\/\/elcardinal.com\/#organization","name":"El Cardinal","url":"https:\/\/elcardinal.com\/","logo":{"@type":"ImageObject","inLanguage":"es","@id":"https:\/\/elcardinal.com\/#\/schema\/logo\/image\/","url":"https:\/\/elcardinal.com\/wp-content\/uploads\/2025\/04\/LOGO-EL-CARDINAL-Periodismo-con-valor.png","contentUrl":"https:\/\/elcardinal.com\/wp-content\/uploads\/2025\/04\/LOGO-EL-CARDINAL-Periodismo-con-valor.png","width":755,"height":636,"caption":"El Cardinal"},"image":{"@id":"https:\/\/elcardinal.com\/#\/schema\/logo\/image\/"},"sameAs":["https:\/\/www.facebook.com\/profile.php?id=100063093107011","https:\/\/x.com\/ElCardinal_Mx"]},{"@type":"Person","@id":"https:\/\/elcardinal.com\/#\/schema\/person\/3c352ec0a33987fe275c0e8a2ea69f8b","name":"Antonio Alcaraz","image":{"@type":"ImageObject","inLanguage":"es","@id":"https:\/\/elcardinal.com\/wp-content\/uploads\/2025\/05\/cropped-TONO-96x96.jpg","url":"https:\/\/elcardinal.com\/wp-content\/uploads\/2025\/05\/cropped-TONO-96x96.jpg","contentUrl":"https:\/\/elcardinal.com\/wp-content\/uploads\/2025\/05\/cropped-TONO-96x96.jpg","caption":"Antonio Alcaraz"},"url":"https:\/\/elcardinal.com\/?author=2"}]}},"_links":{"self":[{"href":"https:\/\/elcardinal.com\/index.php?rest_route=\/wp\/v2\/posts\/6569","targetHints":{"allow":["GET"]}}],"collection":[{"href":"https:\/\/elcardinal.com\/index.php?rest_route=\/wp\/v2\/posts"}],"about":[{"href":"https:\/\/elcardinal.com\/index.php?rest_route=\/wp\/v2\/types\/post"}],"author":[{"embeddable":true,"href":"https:\/\/elcardinal.com\/index.php?rest_route=\/wp\/v2\/users\/2"}],"replies":[{"embeddable":true,"href":"https:\/\/elcardinal.com\/index.php?rest_route=%2Fwp%2Fv2%2Fcomments&post=6569"}],"version-history":[{"count":1,"href":"https:\/\/elcardinal.com\/index.php?rest_route=\/wp\/v2\/posts\/6569\/revisions"}],"predecessor-version":[{"id":6571,"href":"https:\/\/elcardinal.com\/index.php?rest_route=\/wp\/v2\/posts\/6569\/revisions\/6571"}],"wp:featuredmedia":[{"embeddable":true,"href":"https:\/\/elcardinal.com\/index.php?rest_route=\/wp\/v2\/media\/6570"}],"wp:attachment":[{"href":"https:\/\/elcardinal.com\/index.php?rest_route=%2Fwp%2Fv2%2Fmedia&parent=6569"}],"wp:term":[{"taxonomy":"category","embeddable":true,"href":"https:\/\/elcardinal.com\/index.php?rest_route=%2Fwp%2Fv2%2Fcategories&post=6569"},{"taxonomy":"post_tag","embeddable":true,"href":"https:\/\/elcardinal.com\/index.php?rest_route=%2Fwp%2Fv2%2Ftags&post=6569"}],"curies":[{"name":"wp","href":"https:\/\/api.w.org\/{rel}","templated":true}]}}