{"id":6572,"date":"2026-07-21T20:22:58","date_gmt":"2026-07-22T02:22:58","guid":{"rendered":"https:\/\/elcardinal.com\/?p=6572"},"modified":"2026-07-21T20:22:58","modified_gmt":"2026-07-22T02:22:58","slug":"lxvi-legislatura-fortalece-profesionalizacion-policial-con-reforma-sobre-el-certificado-unico","status":"publish","type":"post","link":"https:\/\/elcardinal.com\/?p=6572","title":{"rendered":"LXVI Legislatura fortalece profesionalizaci\u00f3n policial con reforma sobre el certificado \u00fanico"},"content":{"rendered":"<p>Redacci\u00f3n<\/p>\n<p><span style=\"font-weight: 400;\">En sesi\u00f3n ordinaria, diputadas y diputados integrantes de la <\/span><b>LXVI Legislatura<\/b><span style=\"font-weight: 400;\"> avalaron con 28 votos a favor, cero en contra y cero abstenciones, el dictamen que aprueba con modificaciones la iniciativa que reforma la Ley Org\u00e1nica Municipal para el Estado de Hidalgo, en materia de Certificado \u00danico Policial, emitido por la primera Comisi\u00f3n Permanente de Legislaci\u00f3n y Puntos Constitucionales.<\/span><\/p>\n<p><span style=\"font-weight: 400;\">La legisladora <\/span><b>Orqu\u00eddea Larragoiti Osorio<\/b><span style=\"font-weight: 400;\"> (PT), promovente del dictamen, record\u00f3 que el objetivo es garantizar que los servidores p\u00fablicos que se desempe\u00f1en funciones como Polic\u00eda Preventiva y Tr\u00e1nsito cuenten con Certificado \u00danico Policial y lo mantengan actualizado.<\/span><\/p>\n<p><b>Creaci\u00f3n de comisiones especiales de seguimiento<\/b><\/p>\n<p><span style=\"font-weight: 400;\">Asimismo, avalaron con 28 votos a favor, cero en contra y cero abstenciones, el dictamen que aprueba con modificaciones la iniciativa que reforma la Ley Org\u00e1nica Municipal para el Estado de Hidalgo, en materia de creaci\u00f3n de comisiones especiales, emitido por la primera Comisi\u00f3n Permanente de Legislaci\u00f3n y Puntos Constitucionales.<\/span><\/p>\n<p><span style=\"font-weight: 400;\">La diputada <\/span><b>Claudia Lilia Luna Islas<\/b><span style=\"font-weight: 400;\"> (PAN), una de las y los promoventes del dictamen, precis\u00f3 que el prop\u00f3sito es fortalecer el papel de las regidur\u00edas dentro del ayuntamiento como \u00f3rgano de control y vigilancia, mediante la incorporaci\u00f3n de una nueva facultad que les permita, de forma colegiada, impulsar la creaci\u00f3n de comisiones especiales de seguimiento.<\/span><\/p>\n<p><b>Requisitos de elegibilidad<\/b><\/p>\n<p><span style=\"font-weight: 400;\">Tambi\u00e9n avalaron con 27 votos a favor, cero en contra y cero abstenciones, el dictamen que aprueba parcialmente la iniciativa que reforma la Constituci\u00f3n Pol\u00edtica del Estado de Hidalgo, en materia de requisitos de elegibilidad, emitido por la primera Comisi\u00f3n Permanente de Legislaci\u00f3n y Puntos Constitucionales.<\/span><\/p>\n<p><span style=\"font-weight: 400;\">El legislador <\/span><b>Jos\u00e9 Luis Rodr\u00edguez Higareda <\/b><span style=\"font-weight: 400;\">(Morena), promovente del dictamen, mencion\u00f3 que la finalidad es homologar el texto constitucional federal vigente dentro de la Constituci\u00f3n local para contar con un marco jur\u00eddico claro y uniforme que garantice la neutralidad pol\u00edtica de las fuerzas armadas y de los cuerpos de seguridad p\u00fablica, garantizando equidad e imparcialidad en las contiendas electorales.<\/span><\/p>\n<p><b>Delimitaci\u00f3n de competencia en el proceso de las leyes de ingresos<\/b><\/p>\n<p><span style=\"font-weight: 400;\">Asimismo, avalaron con 28 votos a favor, cero en contra y cero abstenciones, el dictamen que aprueba la iniciativa que reforma la Constituci\u00f3n Pol\u00edtica de Estado de Hidalgo, en materia de delimitaci\u00f3n de competencia en el proceso de las leyes de ingresos municipales, emitido por la Primera Comisi\u00f3n Permanente de Legislaci\u00f3n y Puntos Constitucionales.<\/span><\/p>\n<p><span style=\"font-weight: 400;\">El diputado <\/span><b>Miguel \u00c1ngel Moreno Zamora<\/b><span style=\"font-weight: 400;\"> (Morena), uno de las y los promoventes del dictamen, detall\u00f3 que se busca actualizar disposiciones respecto de las etapas procesales de las Leyes de Ingresos de los municipios, estableciendo una delimitaci\u00f3n clara de competencias entre la presidenta o presidente municipal, el ayuntamiento y el Congreso.<\/span><\/p>\n<p><b>Reformas al C\u00f3digo Penal para el Estado de Hidalgo<\/b><\/p>\n<p><span style=\"font-weight: 400;\">Adem\u00e1s, avalaron con 27 votos a favor, cero en contra y cero abstenciones, el dictamen que emite resolutivo respecto a las iniciativas que reforman el C\u00f3digo Penal para el Estado de Hidalgo, emitido por la primera Comisi\u00f3n Permanente de Seguridad Ciudadana y Justicia.<\/span><\/p>\n<p><span style=\"font-weight: 400;\">La legisladora <\/span><b>M\u00f3nica Leanett Reyes Mart\u00ednez<\/b><span style=\"font-weight: 400;\"> (Nueva Alianza), una de las y los promoventes del dictamen, indic\u00f3 que las iniciativas abordan temas como cobranza extrajudicial ilegal, uso indebido de aeronaves pilotadas a distancia, discriminaci\u00f3n, protecci\u00f3n de personas y grupos de atenci\u00f3n prioritaria, delitos contra la orientaci\u00f3n sexoafectiva o la identidad de g\u00e9nero de las personas, la creaci\u00f3n de una agravante al delito de da\u00f1o en la propiedad por conducir bajo los efectos de alcohol o cualquier otra sustancia, delitos cometidos contra servidores p\u00fablicos, abuso sexual, cohabitaci\u00f3n forzada,<\/span> <span style=\"font-weight: 400;\">acoso sexual y acecho, abuso sexual cometido contra personas con discapacidad y armonizaci\u00f3n del delito de abuso sexual, entre otros.<\/span><\/p>\n<p><span style=\"font-weight: 400;\">El diputado <\/span><b>Carlos Alejandro Alc\u00e1ntara Cabajal<\/b><span style=\"font-weight: 400;\"> (MC) destac\u00f3 que las reformas en materia de discriminaci\u00f3n y prohibici\u00f3n de las llamadas terapias de conversi\u00f3n surgen de experiencias reales de personas de la diversidad sexual que han enfrentado exclusi\u00f3n y violencia.<\/span><\/p>\n<p><span style=\"font-weight: 400;\">La legisladora <\/span><b>Tania Er\u00e9ndira Meza Escorza<\/b><span style=\"font-weight: 400;\"> (Morena) celebr\u00f3 la aprobaci\u00f3n de iniciativas que tipifican como un delito independiente las llamadas terapias de conversi\u00f3n. Explic\u00f3 que esta modificaci\u00f3n permitir\u00e1 sancionar no solo a quienes las practiquen, tambi\u00e9n a quienes las financien, al tratarse de actos de tortura que vulneran el libre desarrollo de la personalidad y que, en muchos casos, derivan en da\u00f1os psicol\u00f3gicos graves e incluso suicidios.<\/span><\/p>\n<p><span style=\"font-weight: 400;\">La diputada <\/span><b>Yarabi Gonz\u00e1lez Mart\u00ednez<\/b><span style=\"font-weight: 400;\"> (Morena) explic\u00f3 que las reformas incorporan agravantes para los delitos de abuso sexual, violencia a la intimidad y hostigamiento sexuales cuando las v\u00edctimas sean personas con discapacidad, con el prop\u00f3sito de imponer sanciones m\u00e1s severas y garantizar una justicia efectiva para un grupo hist\u00f3ricamente vulnerado.<\/span><\/p>\n<p><span style=\"font-weight: 400;\">La legisladora <\/span><b>Paloma Barrag\u00e1n Santos<\/b><span style=\"font-weight: 400;\"> (Morena) se\u00f1al\u00f3 que, aunque los usos y costumbres forman parte de la identidad de los pueblos originarios, estos no pueden justificar la vulneraci\u00f3n de los derechos de las ni\u00f1as ni los matrimonios o uniones forzadas.<\/span><\/p>\n<p><span style=\"font-weight: 400;\">La diputada <\/span><b>Johana Montcerrat Hern\u00e1ndez P\u00e9rez<\/b><span style=\"font-weight: 400;\"> (PRI) aplaudi\u00f3 la aprobaci\u00f3n de las reformas para tipificar la cohabitaci\u00f3n forzada y el delito de acecho, al considerar que representan avances fundamentales en la protecci\u00f3n de los derechos humanos de ni\u00f1as y mujeres.<\/span><\/p>\n<p><span style=\"font-weight: 400;\">La legisladora <\/span><b>Mar\u00eda Guadalupe Cruz Monta\u00f1o<\/b><span style=\"font-weight: 400;\"> (PVEM) inform\u00f3 que la reforma al art\u00edculo 179 busca corregir una deficiencia de t\u00e9cnica legislativa que podr\u00eda generar interpretaciones err\u00f3neas sobre el delito, al sustituir la conjunci\u00f3n \u201cy\u201d por \u201co\u201d en la descripci\u00f3n de las conductas previstas por el tipo penal.<\/span><\/p>\n<p><b>Acuerdos econ\u00f3micos<\/b><\/p>\n<p><b>Revisi\u00f3n integral de la carretera Real del Monte-Huasca<\/b><\/p>\n<p><span style=\"font-weight: 400;\">Por otro lado, avalaron con 23 votos a favor, cero en contra y cero abstenciones, el acuerdo econ\u00f3mico dirigido al titular de la Secretar\u00eda de Infraestructura, Comunicaciones y Transportes federal y al titular de la Secretar\u00eda de Infraestructura P\u00fablica y Desarrollo Urbano Sostenible estatal, emitido por la primera Comisi\u00f3n Permanente de Comunicaciones y Transportes.<\/span><\/p>\n<p><span style=\"font-weight: 400;\">La diputada <\/span><b>Claudia Lilia Luna Islas<\/b><span style=\"font-weight: 400;\"> (PAN), promovente del acuerdo, indic\u00f3 que se les solicita realizar una revisi\u00f3n integral de la carretera Real del Monte-Huasca, identificando los tramos de mayor riesgo y adoptando las medidas correctivas y preventivas necesarias, como el reforzamiento de taludes, la instalaci\u00f3n de sistemas de protecci\u00f3n, se\u00f1alizaci\u00f3n y la ejecuci\u00f3n de obras que garanticen su uso seguro y permanente.<\/span><\/p>\n<p><b>Acciones de seguridad en centros escolares<\/b><\/p>\n<p><span style=\"font-weight: 400;\">Asimismo, avalaron con 24 votos a favor, cero en contra y cero abstenciones, el acuerdo econ\u00f3mico que exhorta a los 84 ayuntamientos a fortalecer las acciones de seguridad en lugares con mayor movimiento estudiantil para prevenir y erradicar las agresiones contra las mujeres y en los centros escolares a prevenir el ingreso con armas, promovido por las legisladoras <\/span><b>Orqu\u00eddea Larragoiti Osorio<\/b><span style=\"font-weight: 400;\"> (PT) y <\/span><b>Claudia Lilia Luna Islas <\/b><span style=\"font-weight: 400;\">(PAN), emitido por la primera Comisi\u00f3n Permanente de Seguridad Ciudadana y Justicia.<\/span><\/p>\n<p><span style=\"font-weight: 400;\">El legislador <\/span><b>Marco Antonio Mendoza Bustamante<\/b><span style=\"font-weight: 400;\"> (PRI) inform\u00f3 que se les solicita implementar acciones como operativos de prevenci\u00f3n, patrullajes, la colocaci\u00f3n de c\u00e1maras de vigilancia y la presencia constante del personal de seguridad, como una medida tendiente a prevenir la violencia.<\/span><\/p>\n<p><b>Acompa\u00f1amiento a las personas adultas mayores<\/b><\/p>\n<p><span style=\"font-weight: 400;\">Tambi\u00e9n avalaron con 25 votos a favor, cero en contra y cero abstenciones, el acuerdo econ\u00f3mico que exhorta a los 84 ayuntamientos en materia de prevenci\u00f3n, orientaci\u00f3n y acompa\u00f1amiento a las personas adultas mayores ante delitos cometidos mediante medios electr\u00f3nicos, promovido por la diputada <\/span><b>Mar\u00eda del Rosario Guerrero Mart\u00ednez<\/b><span style=\"font-weight: 400;\"> (Morena), emitido por la primera Comisi\u00f3n Permanente de Seguridad Ciudadana y Justicia.<\/span><\/p>\n<p><span style=\"font-weight: 400;\">El diputado <\/span><b>Jos\u00e9 Luis Rodr\u00edguez Higareda<\/b><span style=\"font-weight: 400;\"> (Morena) comunic\u00f3 que les solicita implementar acciones integrales de orientaci\u00f3n, capacitaci\u00f3n y acompa\u00f1amiento dirigidas a personas adultas mayores para promover su protecci\u00f3n frente a fraudes, extorsiones, robo de identidad y dem\u00e1s delitos cometidos mediante medios electr\u00f3nicos.<\/span><\/p>\n<p><b>Asuntos generales<\/b><\/p>\n<p><b>Servicio p\u00fablico de transporte<\/b><\/p>\n<p><span style=\"font-weight: 400;\">El legislador <\/span><b>Marco Antonio Mendoza Bustamante<\/b><span style=\"font-weight: 400;\"> (PRI) present\u00f3 el acuerdo econ\u00f3mico que exhorta a la Secretar\u00eda de Movilidad y Transporte del Estado de Hidalgo, al Sistema de Transporte Convencional y a las autoridades competentes para atender diversas problem\u00e1ticas relacionadas con la prestaci\u00f3n del servicio p\u00fablico de transporte.<\/span><\/p>\n","protected":false},"excerpt":{"rendered":"<p>Redacci\u00f3n En sesi\u00f3n ordinaria, diputadas y diputados integrantes de la LXVI Legislatura avalaron con 28 votos a favor, cero en contra y cero abstenciones, el dictamen que aprueba con modificaciones la iniciativa que reforma la Ley Org\u00e1nica Municipal para el Estado de Hidalgo, en materia de Certificado \u00danico Policial, emitido por la primera Comisi\u00f3n Permanente<\/p>\n","protected":false},"author":2,"featured_media":6573,"comment_status":"open","ping_status":"open","sticky":false,"template":"","format":"standard","meta":{"footnotes":""},"categories":[31,44,39],"tags":[62],"class_list":["post-6572","post","type-post","status-publish","format-standard","has-post-thumbnail","category-hidalgo","category-minuto-a-minuto","category-politica","tag-congreso-de-hidalgo"],"yoast_head":"<!-- This site is optimized with the Yoast SEO plugin v28.0 - https:\/\/yoast.com\/product\/yoast-seo-wordpress\/ -->\n<title>LXVI Legislatura fortalece profesionalizaci\u00f3n policial con reforma sobre el certificado \u00fanico - El Cardinal<\/title>\n<meta name=\"robots\" content=\"index, follow, max-snippet:-1, max-image-preview:large, max-video-preview:-1\" \/>\n<link rel=\"canonical\" href=\"https:\/\/elcardinal.com\/?p=6572\" \/>\n<meta property=\"og:locale\" content=\"es_MX\" \/>\n<meta property=\"og:type\" content=\"article\" \/>\n<meta property=\"og:title\" content=\"LXVI Legislatura fortalece profesionalizaci\u00f3n policial con reforma sobre el certificado \u00fanico - El Cardinal\" \/>\n<meta property=\"og:description\" content=\"Redacci\u00f3n En sesi\u00f3n ordinaria, diputadas y diputados integrantes de la LXVI Legislatura avalaron con 28 votos a favor, cero en contra y cero abstenciones, el dictamen que aprueba con modificaciones la iniciativa que reforma la Ley Org\u00e1nica Municipal para el Estado de Hidalgo, en materia de Certificado \u00danico Policial, emitido por la primera Comisi\u00f3n Permanente\" \/>\n<meta property=\"og:url\" content=\"https:\/\/elcardinal.com\/?p=6572\" \/>\n<meta property=\"og:site_name\" content=\"El Cardinal\" \/>\n<meta property=\"article:publisher\" content=\"https:\/\/www.facebook.com\/profile.php?id=100063093107011\" \/>\n<meta property=\"article:published_time\" content=\"2026-07-22T02:22:58+00:00\" \/>\n<meta property=\"og:image\" content=\"https:\/\/elcardinal.com\/wp-content\/uploads\/2026\/07\/Sesion-21.07.2027-Ordinaria-4.jpg\" \/>\n\t<meta property=\"og:image:width\" content=\"2400\" \/>\n\t<meta property=\"og:image:height\" content=\"1600\" \/>\n\t<meta property=\"og:image:type\" content=\"image\/jpeg\" \/>\n<meta name=\"author\" content=\"Antonio Alcaraz\" \/>\n<meta name=\"twitter:card\" content=\"summary_large_image\" \/>\n<meta name=\"twitter:creator\" content=\"@ElCardinal_Mx\" \/>\n<meta name=\"twitter:site\" content=\"@ElCardinal_Mx\" \/>\n<meta name=\"twitter:label1\" content=\"Escrito por\" \/>\n\t<meta name=\"twitter:data1\" content=\"Antonio Alcaraz\" \/>\n\t<meta name=\"twitter:label2\" content=\"Tiempo de lectura\" \/>\n\t<meta name=\"twitter:data2\" content=\"7 minutos\" \/>\n<script type=\"application\/ld+json\" class=\"yoast-schema-graph\">{\"@context\":\"https:\\\/\\\/schema.org\",\"@graph\":[{\"@type\":\"Article\",\"@id\":\"https:\\\/\\\/elcardinal.com\\\/?p=6572#article\",\"isPartOf\":{\"@id\":\"https:\\\/\\\/elcardinal.com\\\/?p=6572\"},\"author\":{\"name\":\"Antonio Alcaraz\",\"@id\":\"https:\\\/\\\/elcardinal.com\\\/#\\\/schema\\\/person\\\/3c352ec0a33987fe275c0e8a2ea69f8b\"},\"headline\":\"LXVI Legislatura fortalece profesionalizaci\u00f3n policial con reforma sobre el certificado \u00fanico\",\"datePublished\":\"2026-07-22T02:22:58+00:00\",\"mainEntityOfPage\":{\"@id\":\"https:\\\/\\\/elcardinal.com\\\/?p=6572\"},\"wordCount\":1421,\"commentCount\":0,\"publisher\":{\"@id\":\"https:\\\/\\\/elcardinal.com\\\/#organization\"},\"image\":{\"@id\":\"https:\\\/\\\/elcardinal.com\\\/?p=6572#primaryimage\"},\"thumbnailUrl\":\"https:\\\/\\\/elcardinal.com\\\/wp-content\\\/uploads\\\/2026\\\/07\\\/Sesion-21.07.2027-Ordinaria-4.jpg\",\"keywords\":[\"Congreso de Hidalgo\"],\"articleSection\":[\"Hidalgo\",\"Minuto a Minuto\",\"Pol\u00edtica\"],\"inLanguage\":\"es\",\"potentialAction\":[{\"@type\":\"CommentAction\",\"name\":\"Comment\",\"target\":[\"https:\\\/\\\/elcardinal.com\\\/?p=6572#respond\"]}]},{\"@type\":\"WebPage\",\"@id\":\"https:\\\/\\\/elcardinal.com\\\/?p=6572\",\"url\":\"https:\\\/\\\/elcardinal.com\\\/?p=6572\",\"name\":\"LXVI Legislatura fortalece profesionalizaci\u00f3n policial con reforma sobre el certificado \u00fanico - El Cardinal\",\"isPartOf\":{\"@id\":\"https:\\\/\\\/elcardinal.com\\\/#website\"},\"primaryImageOfPage\":{\"@id\":\"https:\\\/\\\/elcardinal.com\\\/?p=6572#primaryimage\"},\"image\":{\"@id\":\"https:\\\/\\\/elcardinal.com\\\/?p=6572#primaryimage\"},\"thumbnailUrl\":\"https:\\\/\\\/elcardinal.com\\\/wp-content\\\/uploads\\\/2026\\\/07\\\/Sesion-21.07.2027-Ordinaria-4.jpg\",\"datePublished\":\"2026-07-22T02:22:58+00:00\",\"breadcrumb\":{\"@id\":\"https:\\\/\\\/elcardinal.com\\\/?p=6572#breadcrumb\"},\"inLanguage\":\"es\",\"potentialAction\":[{\"@type\":\"ReadAction\",\"target\":[\"https:\\\/\\\/elcardinal.com\\\/?p=6572\"]}]},{\"@type\":\"ImageObject\",\"inLanguage\":\"es\",\"@id\":\"https:\\\/\\\/elcardinal.com\\\/?p=6572#primaryimage\",\"url\":\"https:\\\/\\\/elcardinal.com\\\/wp-content\\\/uploads\\\/2026\\\/07\\\/Sesion-21.07.2027-Ordinaria-4.jpg\",\"contentUrl\":\"https:\\\/\\\/elcardinal.com\\\/wp-content\\\/uploads\\\/2026\\\/07\\\/Sesion-21.07.2027-Ordinaria-4.jpg\",\"width\":2400,\"height\":1600},{\"@type\":\"BreadcrumbList\",\"@id\":\"https:\\\/\\\/elcardinal.com\\\/?p=6572#breadcrumb\",\"itemListElement\":[{\"@type\":\"ListItem\",\"position\":1,\"name\":\"Inicio\",\"item\":\"https:\\\/\\\/elcardinal.com\\\/\"},{\"@type\":\"ListItem\",\"position\":2,\"name\":\"LXVI Legislatura fortalece profesionalizaci\u00f3n policial con reforma sobre el certificado \u00fanico\"}]},{\"@type\":\"WebSite\",\"@id\":\"https:\\\/\\\/elcardinal.com\\\/#website\",\"url\":\"https:\\\/\\\/elcardinal.com\\\/\",\"name\":\"El Cardinal\",\"description\":\"Periodismo honesto, con valor, sentido humano, a veces sarc\u00e1stico y divertido.\",\"publisher\":{\"@id\":\"https:\\\/\\\/elcardinal.com\\\/#organization\"},\"alternateName\":\"El Cardinal Noticias\",\"potentialAction\":[{\"@type\":\"SearchAction\",\"target\":{\"@type\":\"EntryPoint\",\"urlTemplate\":\"https:\\\/\\\/elcardinal.com\\\/?s={search_term_string}\"},\"query-input\":{\"@type\":\"PropertyValueSpecification\",\"valueRequired\":true,\"valueName\":\"search_term_string\"}}],\"inLanguage\":\"es\"},{\"@type\":\"Organization\",\"@id\":\"https:\\\/\\\/elcardinal.com\\\/#organization\",\"name\":\"El Cardinal\",\"url\":\"https:\\\/\\\/elcardinal.com\\\/\",\"logo\":{\"@type\":\"ImageObject\",\"inLanguage\":\"es\",\"@id\":\"https:\\\/\\\/elcardinal.com\\\/#\\\/schema\\\/logo\\\/image\\\/\",\"url\":\"https:\\\/\\\/elcardinal.com\\\/wp-content\\\/uploads\\\/2025\\\/04\\\/LOGO-EL-CARDINAL-Periodismo-con-valor.png\",\"contentUrl\":\"https:\\\/\\\/elcardinal.com\\\/wp-content\\\/uploads\\\/2025\\\/04\\\/LOGO-EL-CARDINAL-Periodismo-con-valor.png\",\"width\":755,\"height\":636,\"caption\":\"El Cardinal\"},\"image\":{\"@id\":\"https:\\\/\\\/elcardinal.com\\\/#\\\/schema\\\/logo\\\/image\\\/\"},\"sameAs\":[\"https:\\\/\\\/www.facebook.com\\\/profile.php?id=100063093107011\",\"https:\\\/\\\/x.com\\\/ElCardinal_Mx\"]},{\"@type\":\"Person\",\"@id\":\"https:\\\/\\\/elcardinal.com\\\/#\\\/schema\\\/person\\\/3c352ec0a33987fe275c0e8a2ea69f8b\",\"name\":\"Antonio Alcaraz\",\"image\":{\"@type\":\"ImageObject\",\"inLanguage\":\"es\",\"@id\":\"https:\\\/\\\/elcardinal.com\\\/wp-content\\\/uploads\\\/2025\\\/05\\\/cropped-TONO-96x96.jpg\",\"url\":\"https:\\\/\\\/elcardinal.com\\\/wp-content\\\/uploads\\\/2025\\\/05\\\/cropped-TONO-96x96.jpg\",\"contentUrl\":\"https:\\\/\\\/elcardinal.com\\\/wp-content\\\/uploads\\\/2025\\\/05\\\/cropped-TONO-96x96.jpg\",\"caption\":\"Antonio Alcaraz\"},\"url\":\"https:\\\/\\\/elcardinal.com\\\/?author=2\"}]}<\/script>\n<!-- \/ Yoast SEO plugin. -->","yoast_head_json":{"title":"LXVI Legislatura fortalece profesionalizaci\u00f3n policial con reforma sobre el certificado \u00fanico - El Cardinal","robots":{"index":"index","follow":"follow","max-snippet":"max-snippet:-1","max-image-preview":"max-image-preview:large","max-video-preview":"max-video-preview:-1"},"canonical":"https:\/\/elcardinal.com\/?p=6572","og_locale":"es_MX","og_type":"article","og_title":"LXVI Legislatura fortalece profesionalizaci\u00f3n policial con reforma sobre el certificado \u00fanico - El Cardinal","og_description":"Redacci\u00f3n En sesi\u00f3n ordinaria, diputadas y diputados integrantes de la LXVI Legislatura avalaron con 28 votos a favor, cero en contra y cero abstenciones, el dictamen que aprueba con modificaciones la iniciativa que reforma la Ley Org\u00e1nica Municipal para el Estado de Hidalgo, en materia de Certificado \u00danico Policial, emitido por la primera Comisi\u00f3n Permanente","og_url":"https:\/\/elcardinal.com\/?p=6572","og_site_name":"El Cardinal","article_publisher":"https:\/\/www.facebook.com\/profile.php?id=100063093107011","article_published_time":"2026-07-22T02:22:58+00:00","og_image":[{"width":2400,"height":1600,"url":"https:\/\/elcardinal.com\/wp-content\/uploads\/2026\/07\/Sesion-21.07.2027-Ordinaria-4.jpg","type":"image\/jpeg"}],"author":"Antonio Alcaraz","twitter_card":"summary_large_image","twitter_creator":"@ElCardinal_Mx","twitter_site":"@ElCardinal_Mx","twitter_misc":{"Escrito por":"Antonio Alcaraz","Tiempo de lectura":"7 minutos"},"schema":{"@context":"https:\/\/schema.org","@graph":[{"@type":"Article","@id":"https:\/\/elcardinal.com\/?p=6572#article","isPartOf":{"@id":"https:\/\/elcardinal.com\/?p=6572"},"author":{"name":"Antonio Alcaraz","@id":"https:\/\/elcardinal.com\/#\/schema\/person\/3c352ec0a33987fe275c0e8a2ea69f8b"},"headline":"LXVI Legislatura fortalece profesionalizaci\u00f3n policial con reforma sobre el certificado \u00fanico","datePublished":"2026-07-22T02:22:58+00:00","mainEntityOfPage":{"@id":"https:\/\/elcardinal.com\/?p=6572"},"wordCount":1421,"commentCount":0,"publisher":{"@id":"https:\/\/elcardinal.com\/#organization"},"image":{"@id":"https:\/\/elcardinal.com\/?p=6572#primaryimage"},"thumbnailUrl":"https:\/\/elcardinal.com\/wp-content\/uploads\/2026\/07\/Sesion-21.07.2027-Ordinaria-4.jpg","keywords":["Congreso de Hidalgo"],"articleSection":["Hidalgo","Minuto a Minuto","Pol\u00edtica"],"inLanguage":"es","potentialAction":[{"@type":"CommentAction","name":"Comment","target":["https:\/\/elcardinal.com\/?p=6572#respond"]}]},{"@type":"WebPage","@id":"https:\/\/elcardinal.com\/?p=6572","url":"https:\/\/elcardinal.com\/?p=6572","name":"LXVI Legislatura fortalece profesionalizaci\u00f3n policial con reforma sobre el certificado \u00fanico - El Cardinal","isPartOf":{"@id":"https:\/\/elcardinal.com\/#website"},"primaryImageOfPage":{"@id":"https:\/\/elcardinal.com\/?p=6572#primaryimage"},"image":{"@id":"https:\/\/elcardinal.com\/?p=6572#primaryimage"},"thumbnailUrl":"https:\/\/elcardinal.com\/wp-content\/uploads\/2026\/07\/Sesion-21.07.2027-Ordinaria-4.jpg","datePublished":"2026-07-22T02:22:58+00:00","breadcrumb":{"@id":"https:\/\/elcardinal.com\/?p=6572#breadcrumb"},"inLanguage":"es","potentialAction":[{"@type":"ReadAction","target":["https:\/\/elcardinal.com\/?p=6572"]}]},{"@type":"ImageObject","inLanguage":"es","@id":"https:\/\/elcardinal.com\/?p=6572#primaryimage","url":"https:\/\/elcardinal.com\/wp-content\/uploads\/2026\/07\/Sesion-21.07.2027-Ordinaria-4.jpg","contentUrl":"https:\/\/elcardinal.com\/wp-content\/uploads\/2026\/07\/Sesion-21.07.2027-Ordinaria-4.jpg","width":2400,"height":1600},{"@type":"BreadcrumbList","@id":"https:\/\/elcardinal.com\/?p=6572#breadcrumb","itemListElement":[{"@type":"ListItem","position":1,"name":"Inicio","item":"https:\/\/elcardinal.com\/"},{"@type":"ListItem","position":2,"name":"LXVI Legislatura fortalece profesionalizaci\u00f3n policial con reforma sobre el certificado \u00fanico"}]},{"@type":"WebSite","@id":"https:\/\/elcardinal.com\/#website","url":"https:\/\/elcardinal.com\/","name":"El Cardinal","description":"Periodismo honesto, con valor, sentido humano, a veces sarc\u00e1stico y divertido.","publisher":{"@id":"https:\/\/elcardinal.com\/#organization"},"alternateName":"El Cardinal Noticias","potentialAction":[{"@type":"SearchAction","target":{"@type":"EntryPoint","urlTemplate":"https:\/\/elcardinal.com\/?s={search_term_string}"},"query-input":{"@type":"PropertyValueSpecification","valueRequired":true,"valueName":"search_term_string"}}],"inLanguage":"es"},{"@type":"Organization","@id":"https:\/\/elcardinal.com\/#organization","name":"El Cardinal","url":"https:\/\/elcardinal.com\/","logo":{"@type":"ImageObject","inLanguage":"es","@id":"https:\/\/elcardinal.com\/#\/schema\/logo\/image\/","url":"https:\/\/elcardinal.com\/wp-content\/uploads\/2025\/04\/LOGO-EL-CARDINAL-Periodismo-con-valor.png","contentUrl":"https:\/\/elcardinal.com\/wp-content\/uploads\/2025\/04\/LOGO-EL-CARDINAL-Periodismo-con-valor.png","width":755,"height":636,"caption":"El Cardinal"},"image":{"@id":"https:\/\/elcardinal.com\/#\/schema\/logo\/image\/"},"sameAs":["https:\/\/www.facebook.com\/profile.php?id=100063093107011","https:\/\/x.com\/ElCardinal_Mx"]},{"@type":"Person","@id":"https:\/\/elcardinal.com\/#\/schema\/person\/3c352ec0a33987fe275c0e8a2ea69f8b","name":"Antonio Alcaraz","image":{"@type":"ImageObject","inLanguage":"es","@id":"https:\/\/elcardinal.com\/wp-content\/uploads\/2025\/05\/cropped-TONO-96x96.jpg","url":"https:\/\/elcardinal.com\/wp-content\/uploads\/2025\/05\/cropped-TONO-96x96.jpg","contentUrl":"https:\/\/elcardinal.com\/wp-content\/uploads\/2025\/05\/cropped-TONO-96x96.jpg","caption":"Antonio Alcaraz"},"url":"https:\/\/elcardinal.com\/?author=2"}]}},"_links":{"self":[{"href":"https:\/\/elcardinal.com\/index.php?rest_route=\/wp\/v2\/posts\/6572","targetHints":{"allow":["GET"]}}],"collection":[{"href":"https:\/\/elcardinal.com\/index.php?rest_route=\/wp\/v2\/posts"}],"about":[{"href":"https:\/\/elcardinal.com\/index.php?rest_route=\/wp\/v2\/types\/post"}],"author":[{"embeddable":true,"href":"https:\/\/elcardinal.com\/index.php?rest_route=\/wp\/v2\/users\/2"}],"replies":[{"embeddable":true,"href":"https:\/\/elcardinal.com\/index.php?rest_route=%2Fwp%2Fv2%2Fcomments&post=6572"}],"version-history":[{"count":1,"href":"https:\/\/elcardinal.com\/index.php?rest_route=\/wp\/v2\/posts\/6572\/revisions"}],"predecessor-version":[{"id":6574,"href":"https:\/\/elcardinal.com\/index.php?rest_route=\/wp\/v2\/posts\/6572\/revisions\/6574"}],"wp:featuredmedia":[{"embeddable":true,"href":"https:\/\/elcardinal.com\/index.php?rest_route=\/wp\/v2\/media\/6573"}],"wp:attachment":[{"href":"https:\/\/elcardinal.com\/index.php?rest_route=%2Fwp%2Fv2%2Fmedia&parent=6572"}],"wp:term":[{"taxonomy":"category","embeddable":true,"href":"https:\/\/elcardinal.com\/index.php?rest_route=%2Fwp%2Fv2%2Fcategories&post=6572"},{"taxonomy":"post_tag","embeddable":true,"href":"https:\/\/elcardinal.com\/index.php?rest_route=%2Fwp%2Fv2%2Ftags&post=6572"}],"curies":[{"name":"wp","href":"https:\/\/api.w.org\/{rel}","templated":true}]}}