{"id":6575,"date":"2026-07-22T16:27:49","date_gmt":"2026-07-22T22:27:49","guid":{"rendered":"https:\/\/elcardinal.com\/?p=6575"},"modified":"2026-07-22T16:27:49","modified_gmt":"2026-07-22T22:27:49","slug":"ihe-impulsa-educacion-socioemocional-con-ferias-educativas-y-comunitarias","status":"publish","type":"post","link":"https:\/\/elcardinal.com\/?p=6575","title":{"rendered":"IHE impulsa educaci\u00f3n socioemocional con ferias educativas y comunitarias"},"content":{"rendered":"<p>Redacci\u00f3n<\/p>\n<p><span style=\"font-weight: 400;\">El <strong>Instituto Hidalguense de Educaci\u00f3n<\/strong> (IHE), a trav\u00e9s de la Direcci\u00f3n General de Acompa\u00f1amiento Socioemocional y Educativo (DGASyE), particip\u00f3 durante el ciclo escolar 2025-2026 en m\u00e1s de 38 ferias educativas y comunitarias, con el prop\u00f3sito de ampliar el alcance de las estrategias de educaci\u00f3n socioemocional mediante el trabajo conjunto con instituciones p\u00fablicas y educativas.<\/span><\/p>\n<p><span style=\"font-weight: 400;\">El secretario de Educaci\u00f3n P\u00fablica de Hidalgo y titular del IHE, <strong>Natividad Castrej\u00f3n Valdez<\/strong>, se\u00f1al\u00f3 que estas acciones responden a la visi\u00f3n del gobernador Julio Menchaca Salazar de fortalecer pol\u00edticas educativas que promuevan el bienestar integral de la comunidad escolar y la construcci\u00f3n de entornos seguros, inclusivos y saludables.<\/span><\/p>\n<p><span style=\"font-weight: 400;\">Durante las jornadas se realizaron actividades de sensibilizaci\u00f3n, orientaci\u00f3n y difusi\u00f3n de programas dirigidos a ni\u00f1as, ni\u00f1os, adolescentes, madres y padres de familia, personas tutoras, docentes y p\u00fablico en general, con el objetivo de fortalecer el bienestar socioemocional y fomentar una convivencia respetuosa.<\/span><\/p>\n<p><span style=\"font-weight: 400;\">Asimismo, se instalaron m\u00f3dulos informativos e interactivos donde las y los asistentes participaron en actividades enfocadas en el autocuidado, la gesti\u00f3n de emociones y el desarrollo de habilidades socioemocionales, favoreciendo una cultura de paz en las comunidades escolares.<\/span><\/p>\n<p><span style=\"font-weight: 400;\">Como parte de esta estrategia, especialistas de la DGASyE impartieron m\u00e1s de 80 pl\u00e1ticas sobre educaci\u00f3n socioemocional, en las que compartieron herramientas y estrategias para fortalecer el desarrollo personal y promover relaciones respetuosas dentro y fuera del entorno escolar.<\/span><\/p>\n<p><span style=\"font-weight: 400;\">Natividad Castrej\u00f3n destac\u00f3 que estas acciones fortalecen la vinculaci\u00f3n entre las instituciones educativas y la sociedad, impulsan la participaci\u00f3n de las familias y acercan estrategias de prevenci\u00f3n y bienestar emocional a un mayor n\u00famero de personas, en favor de una educaci\u00f3n con sentido humanista e integral.<\/span><\/p>\n","protected":false},"excerpt":{"rendered":"<p>Redacci\u00f3n El Instituto Hidalguense de Educaci\u00f3n (IHE), a trav\u00e9s de la Direcci\u00f3n General de Acompa\u00f1amiento Socioemocional y Educativo (DGASyE), particip\u00f3 durante el ciclo escolar 2025-2026 en m\u00e1s de 38 ferias educativas y comunitarias, con el prop\u00f3sito de ampliar el alcance de las estrategias de educaci\u00f3n socioemocional mediante el trabajo conjunto con instituciones p\u00fablicas y educativas.<\/p>\n","protected":false},"author":2,"featured_media":6576,"comment_status":"open","ping_status":"open","sticky":false,"template":"","format":"standard","meta":{"footnotes":""},"categories":[404,31,44],"tags":[403,402,400],"class_list":["post-6575","post","type-post","status-publish","format-standard","has-post-thumbnail","category-educacion","category-hidalgo","category-minuto-a-minuto","tag-ihe","tag-instituto-hidalguense-de-educacion","tag-naty-castrejon"],"yoast_head":"<!-- This site is optimized with the Yoast SEO plugin v28.0 - https:\/\/yoast.com\/product\/yoast-seo-wordpress\/ -->\n<title>IHE impulsa educaci\u00f3n socioemocional con ferias educativas y comunitarias - El Cardinal<\/title>\n<meta name=\"robots\" content=\"index, follow, max-snippet:-1, max-image-preview:large, max-video-preview:-1\" \/>\n<link rel=\"canonical\" href=\"https:\/\/elcardinal.com\/?p=6575\" \/>\n<meta property=\"og:locale\" content=\"es_MX\" \/>\n<meta property=\"og:type\" content=\"article\" \/>\n<meta property=\"og:title\" content=\"IHE impulsa educaci\u00f3n socioemocional con ferias educativas y comunitarias - El Cardinal\" \/>\n<meta property=\"og:description\" content=\"Redacci\u00f3n El Instituto Hidalguense de Educaci\u00f3n (IHE), a trav\u00e9s de la Direcci\u00f3n General de Acompa\u00f1amiento Socioemocional y Educativo (DGASyE), particip\u00f3 durante el ciclo escolar 2025-2026 en m\u00e1s de 38 ferias educativas y comunitarias, con el prop\u00f3sito de ampliar el alcance de las estrategias de educaci\u00f3n socioemocional mediante el trabajo conjunto con instituciones p\u00fablicas y educativas.\" \/>\n<meta property=\"og:url\" content=\"https:\/\/elcardinal.com\/?p=6575\" \/>\n<meta property=\"og:site_name\" content=\"El Cardinal\" \/>\n<meta property=\"article:publisher\" content=\"https:\/\/www.facebook.com\/profile.php?id=100063093107011\" \/>\n<meta property=\"article:published_time\" content=\"2026-07-22T22:27:49+00:00\" \/>\n<meta property=\"og:image\" content=\"https:\/\/elcardinal.com\/wp-content\/uploads\/2026\/07\/IHE-impulsa-educacion-socioemocional-con-ferias-educativas-y-comunitarias-1.jpeg\" \/>\n\t<meta property=\"og:image:width\" content=\"1600\" \/>\n\t<meta property=\"og:image:height\" content=\"1370\" \/>\n\t<meta property=\"og:image:type\" content=\"image\/jpeg\" \/>\n<meta name=\"author\" content=\"Antonio Alcaraz\" \/>\n<meta name=\"twitter:card\" content=\"summary_large_image\" \/>\n<meta name=\"twitter:creator\" content=\"@ElCardinal_Mx\" \/>\n<meta name=\"twitter:site\" content=\"@ElCardinal_Mx\" \/>\n<meta name=\"twitter:label1\" content=\"Escrito por\" \/>\n\t<meta name=\"twitter:data1\" content=\"Antonio Alcaraz\" \/>\n\t<meta name=\"twitter:label2\" content=\"Tiempo de lectura\" \/>\n\t<meta name=\"twitter:data2\" content=\"2 minutos\" \/>\n<script type=\"application\/ld+json\" class=\"yoast-schema-graph\">{\"@context\":\"https:\\\/\\\/schema.org\",\"@graph\":[{\"@type\":\"Article\",\"@id\":\"https:\\\/\\\/elcardinal.com\\\/?p=6575#article\",\"isPartOf\":{\"@id\":\"https:\\\/\\\/elcardinal.com\\\/?p=6575\"},\"author\":{\"name\":\"Antonio Alcaraz\",\"@id\":\"https:\\\/\\\/elcardinal.com\\\/#\\\/schema\\\/person\\\/3c352ec0a33987fe275c0e8a2ea69f8b\"},\"headline\":\"IHE impulsa educaci\u00f3n socioemocional con ferias educativas y comunitarias\",\"datePublished\":\"2026-07-22T22:27:49+00:00\",\"mainEntityOfPage\":{\"@id\":\"https:\\\/\\\/elcardinal.com\\\/?p=6575\"},\"wordCount\":311,\"commentCount\":0,\"publisher\":{\"@id\":\"https:\\\/\\\/elcardinal.com\\\/#organization\"},\"image\":{\"@id\":\"https:\\\/\\\/elcardinal.com\\\/?p=6575#primaryimage\"},\"thumbnailUrl\":\"https:\\\/\\\/elcardinal.com\\\/wp-content\\\/uploads\\\/2026\\\/07\\\/IHE-impulsa-educacion-socioemocional-con-ferias-educativas-y-comunitarias-1.jpeg\",\"keywords\":[\"IHE\",\"Instituto Hidalguense de Educaci\u00f3n\",\"Naty Castrej\u00f3n\"],\"articleSection\":[\"Educaci\u00f3n\",\"Hidalgo\",\"Minuto a Minuto\"],\"inLanguage\":\"es\",\"potentialAction\":[{\"@type\":\"CommentAction\",\"name\":\"Comment\",\"target\":[\"https:\\\/\\\/elcardinal.com\\\/?p=6575#respond\"]}]},{\"@type\":\"WebPage\",\"@id\":\"https:\\\/\\\/elcardinal.com\\\/?p=6575\",\"url\":\"https:\\\/\\\/elcardinal.com\\\/?p=6575\",\"name\":\"IHE impulsa educaci\u00f3n socioemocional con ferias educativas y comunitarias - El Cardinal\",\"isPartOf\":{\"@id\":\"https:\\\/\\\/elcardinal.com\\\/#website\"},\"primaryImageOfPage\":{\"@id\":\"https:\\\/\\\/elcardinal.com\\\/?p=6575#primaryimage\"},\"image\":{\"@id\":\"https:\\\/\\\/elcardinal.com\\\/?p=6575#primaryimage\"},\"thumbnailUrl\":\"https:\\\/\\\/elcardinal.com\\\/wp-content\\\/uploads\\\/2026\\\/07\\\/IHE-impulsa-educacion-socioemocional-con-ferias-educativas-y-comunitarias-1.jpeg\",\"datePublished\":\"2026-07-22T22:27:49+00:00\",\"breadcrumb\":{\"@id\":\"https:\\\/\\\/elcardinal.com\\\/?p=6575#breadcrumb\"},\"inLanguage\":\"es\",\"potentialAction\":[{\"@type\":\"ReadAction\",\"target\":[\"https:\\\/\\\/elcardinal.com\\\/?p=6575\"]}]},{\"@type\":\"ImageObject\",\"inLanguage\":\"es\",\"@id\":\"https:\\\/\\\/elcardinal.com\\\/?p=6575#primaryimage\",\"url\":\"https:\\\/\\\/elcardinal.com\\\/wp-content\\\/uploads\\\/2026\\\/07\\\/IHE-impulsa-educacion-socioemocional-con-ferias-educativas-y-comunitarias-1.jpeg\",\"contentUrl\":\"https:\\\/\\\/elcardinal.com\\\/wp-content\\\/uploads\\\/2026\\\/07\\\/IHE-impulsa-educacion-socioemocional-con-ferias-educativas-y-comunitarias-1.jpeg\",\"width\":1600,\"height\":1370},{\"@type\":\"BreadcrumbList\",\"@id\":\"https:\\\/\\\/elcardinal.com\\\/?p=6575#breadcrumb\",\"itemListElement\":[{\"@type\":\"ListItem\",\"position\":1,\"name\":\"Inicio\",\"item\":\"https:\\\/\\\/elcardinal.com\\\/\"},{\"@type\":\"ListItem\",\"position\":2,\"name\":\"IHE impulsa educaci\u00f3n socioemocional con ferias educativas y comunitarias\"}]},{\"@type\":\"WebSite\",\"@id\":\"https:\\\/\\\/elcardinal.com\\\/#website\",\"url\":\"https:\\\/\\\/elcardinal.com\\\/\",\"name\":\"El Cardinal\",\"description\":\"Periodismo honesto, con valor, sentido humano, a veces sarc\u00e1stico y divertido.\",\"publisher\":{\"@id\":\"https:\\\/\\\/elcardinal.com\\\/#organization\"},\"alternateName\":\"El Cardinal Noticias\",\"potentialAction\":[{\"@type\":\"SearchAction\",\"target\":{\"@type\":\"EntryPoint\",\"urlTemplate\":\"https:\\\/\\\/elcardinal.com\\\/?s={search_term_string}\"},\"query-input\":{\"@type\":\"PropertyValueSpecification\",\"valueRequired\":true,\"valueName\":\"search_term_string\"}}],\"inLanguage\":\"es\"},{\"@type\":\"Organization\",\"@id\":\"https:\\\/\\\/elcardinal.com\\\/#organization\",\"name\":\"El Cardinal\",\"url\":\"https:\\\/\\\/elcardinal.com\\\/\",\"logo\":{\"@type\":\"ImageObject\",\"inLanguage\":\"es\",\"@id\":\"https:\\\/\\\/elcardinal.com\\\/#\\\/schema\\\/logo\\\/image\\\/\",\"url\":\"https:\\\/\\\/elcardinal.com\\\/wp-content\\\/uploads\\\/2025\\\/04\\\/LOGO-EL-CARDINAL-Periodismo-con-valor.png\",\"contentUrl\":\"https:\\\/\\\/elcardinal.com\\\/wp-content\\\/uploads\\\/2025\\\/04\\\/LOGO-EL-CARDINAL-Periodismo-con-valor.png\",\"width\":755,\"height\":636,\"caption\":\"El Cardinal\"},\"image\":{\"@id\":\"https:\\\/\\\/elcardinal.com\\\/#\\\/schema\\\/logo\\\/image\\\/\"},\"sameAs\":[\"https:\\\/\\\/www.facebook.com\\\/profile.php?id=100063093107011\",\"https:\\\/\\\/x.com\\\/ElCardinal_Mx\"]},{\"@type\":\"Person\",\"@id\":\"https:\\\/\\\/elcardinal.com\\\/#\\\/schema\\\/person\\\/3c352ec0a33987fe275c0e8a2ea69f8b\",\"name\":\"Antonio Alcaraz\",\"image\":{\"@type\":\"ImageObject\",\"inLanguage\":\"es\",\"@id\":\"https:\\\/\\\/elcardinal.com\\\/wp-content\\\/uploads\\\/2025\\\/05\\\/cropped-TONO-96x96.jpg\",\"url\":\"https:\\\/\\\/elcardinal.com\\\/wp-content\\\/uploads\\\/2025\\\/05\\\/cropped-TONO-96x96.jpg\",\"contentUrl\":\"https:\\\/\\\/elcardinal.com\\\/wp-content\\\/uploads\\\/2025\\\/05\\\/cropped-TONO-96x96.jpg\",\"caption\":\"Antonio Alcaraz\"},\"url\":\"https:\\\/\\\/elcardinal.com\\\/?author=2\"}]}<\/script>\n<!-- \/ Yoast SEO plugin. -->","yoast_head_json":{"title":"IHE impulsa educaci\u00f3n socioemocional con ferias educativas y comunitarias - El Cardinal","robots":{"index":"index","follow":"follow","max-snippet":"max-snippet:-1","max-image-preview":"max-image-preview:large","max-video-preview":"max-video-preview:-1"},"canonical":"https:\/\/elcardinal.com\/?p=6575","og_locale":"es_MX","og_type":"article","og_title":"IHE impulsa educaci\u00f3n socioemocional con ferias educativas y comunitarias - El Cardinal","og_description":"Redacci\u00f3n El Instituto Hidalguense de Educaci\u00f3n (IHE), a trav\u00e9s de la Direcci\u00f3n General de Acompa\u00f1amiento Socioemocional y Educativo (DGASyE), particip\u00f3 durante el ciclo escolar 2025-2026 en m\u00e1s de 38 ferias educativas y comunitarias, con el prop\u00f3sito de ampliar el alcance de las estrategias de educaci\u00f3n socioemocional mediante el trabajo conjunto con instituciones p\u00fablicas y educativas.","og_url":"https:\/\/elcardinal.com\/?p=6575","og_site_name":"El Cardinal","article_publisher":"https:\/\/www.facebook.com\/profile.php?id=100063093107011","article_published_time":"2026-07-22T22:27:49+00:00","og_image":[{"width":1600,"height":1370,"url":"https:\/\/elcardinal.com\/wp-content\/uploads\/2026\/07\/IHE-impulsa-educacion-socioemocional-con-ferias-educativas-y-comunitarias-1.jpeg","type":"image\/jpeg"}],"author":"Antonio Alcaraz","twitter_card":"summary_large_image","twitter_creator":"@ElCardinal_Mx","twitter_site":"@ElCardinal_Mx","twitter_misc":{"Escrito por":"Antonio Alcaraz","Tiempo de lectura":"2 minutos"},"schema":{"@context":"https:\/\/schema.org","@graph":[{"@type":"Article","@id":"https:\/\/elcardinal.com\/?p=6575#article","isPartOf":{"@id":"https:\/\/elcardinal.com\/?p=6575"},"author":{"name":"Antonio Alcaraz","@id":"https:\/\/elcardinal.com\/#\/schema\/person\/3c352ec0a33987fe275c0e8a2ea69f8b"},"headline":"IHE impulsa educaci\u00f3n socioemocional con ferias educativas y comunitarias","datePublished":"2026-07-22T22:27:49+00:00","mainEntityOfPage":{"@id":"https:\/\/elcardinal.com\/?p=6575"},"wordCount":311,"commentCount":0,"publisher":{"@id":"https:\/\/elcardinal.com\/#organization"},"image":{"@id":"https:\/\/elcardinal.com\/?p=6575#primaryimage"},"thumbnailUrl":"https:\/\/elcardinal.com\/wp-content\/uploads\/2026\/07\/IHE-impulsa-educacion-socioemocional-con-ferias-educativas-y-comunitarias-1.jpeg","keywords":["IHE","Instituto Hidalguense de Educaci\u00f3n","Naty Castrej\u00f3n"],"articleSection":["Educaci\u00f3n","Hidalgo","Minuto a Minuto"],"inLanguage":"es","potentialAction":[{"@type":"CommentAction","name":"Comment","target":["https:\/\/elcardinal.com\/?p=6575#respond"]}]},{"@type":"WebPage","@id":"https:\/\/elcardinal.com\/?p=6575","url":"https:\/\/elcardinal.com\/?p=6575","name":"IHE impulsa educaci\u00f3n socioemocional con ferias educativas y comunitarias - El Cardinal","isPartOf":{"@id":"https:\/\/elcardinal.com\/#website"},"primaryImageOfPage":{"@id":"https:\/\/elcardinal.com\/?p=6575#primaryimage"},"image":{"@id":"https:\/\/elcardinal.com\/?p=6575#primaryimage"},"thumbnailUrl":"https:\/\/elcardinal.com\/wp-content\/uploads\/2026\/07\/IHE-impulsa-educacion-socioemocional-con-ferias-educativas-y-comunitarias-1.jpeg","datePublished":"2026-07-22T22:27:49+00:00","breadcrumb":{"@id":"https:\/\/elcardinal.com\/?p=6575#breadcrumb"},"inLanguage":"es","potentialAction":[{"@type":"ReadAction","target":["https:\/\/elcardinal.com\/?p=6575"]}]},{"@type":"ImageObject","inLanguage":"es","@id":"https:\/\/elcardinal.com\/?p=6575#primaryimage","url":"https:\/\/elcardinal.com\/wp-content\/uploads\/2026\/07\/IHE-impulsa-educacion-socioemocional-con-ferias-educativas-y-comunitarias-1.jpeg","contentUrl":"https:\/\/elcardinal.com\/wp-content\/uploads\/2026\/07\/IHE-impulsa-educacion-socioemocional-con-ferias-educativas-y-comunitarias-1.jpeg","width":1600,"height":1370},{"@type":"BreadcrumbList","@id":"https:\/\/elcardinal.com\/?p=6575#breadcrumb","itemListElement":[{"@type":"ListItem","position":1,"name":"Inicio","item":"https:\/\/elcardinal.com\/"},{"@type":"ListItem","position":2,"name":"IHE impulsa educaci\u00f3n socioemocional con ferias educativas y comunitarias"}]},{"@type":"WebSite","@id":"https:\/\/elcardinal.com\/#website","url":"https:\/\/elcardinal.com\/","name":"El Cardinal","description":"Periodismo honesto, con valor, sentido humano, a veces sarc\u00e1stico y divertido.","publisher":{"@id":"https:\/\/elcardinal.com\/#organization"},"alternateName":"El Cardinal Noticias","potentialAction":[{"@type":"SearchAction","target":{"@type":"EntryPoint","urlTemplate":"https:\/\/elcardinal.com\/?s={search_term_string}"},"query-input":{"@type":"PropertyValueSpecification","valueRequired":true,"valueName":"search_term_string"}}],"inLanguage":"es"},{"@type":"Organization","@id":"https:\/\/elcardinal.com\/#organization","name":"El Cardinal","url":"https:\/\/elcardinal.com\/","logo":{"@type":"ImageObject","inLanguage":"es","@id":"https:\/\/elcardinal.com\/#\/schema\/logo\/image\/","url":"https:\/\/elcardinal.com\/wp-content\/uploads\/2025\/04\/LOGO-EL-CARDINAL-Periodismo-con-valor.png","contentUrl":"https:\/\/elcardinal.com\/wp-content\/uploads\/2025\/04\/LOGO-EL-CARDINAL-Periodismo-con-valor.png","width":755,"height":636,"caption":"El Cardinal"},"image":{"@id":"https:\/\/elcardinal.com\/#\/schema\/logo\/image\/"},"sameAs":["https:\/\/www.facebook.com\/profile.php?id=100063093107011","https:\/\/x.com\/ElCardinal_Mx"]},{"@type":"Person","@id":"https:\/\/elcardinal.com\/#\/schema\/person\/3c352ec0a33987fe275c0e8a2ea69f8b","name":"Antonio Alcaraz","image":{"@type":"ImageObject","inLanguage":"es","@id":"https:\/\/elcardinal.com\/wp-content\/uploads\/2025\/05\/cropped-TONO-96x96.jpg","url":"https:\/\/elcardinal.com\/wp-content\/uploads\/2025\/05\/cropped-TONO-96x96.jpg","contentUrl":"https:\/\/elcardinal.com\/wp-content\/uploads\/2025\/05\/cropped-TONO-96x96.jpg","caption":"Antonio Alcaraz"},"url":"https:\/\/elcardinal.com\/?author=2"}]}},"_links":{"self":[{"href":"https:\/\/elcardinal.com\/index.php?rest_route=\/wp\/v2\/posts\/6575","targetHints":{"allow":["GET"]}}],"collection":[{"href":"https:\/\/elcardinal.com\/index.php?rest_route=\/wp\/v2\/posts"}],"about":[{"href":"https:\/\/elcardinal.com\/index.php?rest_route=\/wp\/v2\/types\/post"}],"author":[{"embeddable":true,"href":"https:\/\/elcardinal.com\/index.php?rest_route=\/wp\/v2\/users\/2"}],"replies":[{"embeddable":true,"href":"https:\/\/elcardinal.com\/index.php?rest_route=%2Fwp%2Fv2%2Fcomments&post=6575"}],"version-history":[{"count":1,"href":"https:\/\/elcardinal.com\/index.php?rest_route=\/wp\/v2\/posts\/6575\/revisions"}],"predecessor-version":[{"id":6577,"href":"https:\/\/elcardinal.com\/index.php?rest_route=\/wp\/v2\/posts\/6575\/revisions\/6577"}],"wp:featuredmedia":[{"embeddable":true,"href":"https:\/\/elcardinal.com\/index.php?rest_route=\/wp\/v2\/media\/6576"}],"wp:attachment":[{"href":"https:\/\/elcardinal.com\/index.php?rest_route=%2Fwp%2Fv2%2Fmedia&parent=6575"}],"wp:term":[{"taxonomy":"category","embeddable":true,"href":"https:\/\/elcardinal.com\/index.php?rest_route=%2Fwp%2Fv2%2Fcategories&post=6575"},{"taxonomy":"post_tag","embeddable":true,"href":"https:\/\/elcardinal.com\/index.php?rest_route=%2Fwp%2Fv2%2Ftags&post=6575"}],"curies":[{"name":"wp","href":"https:\/\/api.w.org\/{rel}","templated":true}]}}