{"id":6578,"date":"2026-07-22T16:28:51","date_gmt":"2026-07-22T22:28:51","guid":{"rendered":"https:\/\/elcardinal.com\/?p=6578"},"modified":"2026-07-22T16:28:51","modified_gmt":"2026-07-22T22:28:51","slug":"diputadas-y-diputados-presentan-iniciativa-para-fortalecer-la-paridad-de-genero-en-los-ayuntamientos-de-hidalgo","status":"publish","type":"post","link":"https:\/\/elcardinal.com\/?p=6578","title":{"rendered":"Diputadas y diputados presentan iniciativa para fortalecer la paridad de g\u00e9nero en los ayuntamientos de Hidalgo"},"content":{"rendered":"<p>Redacci\u00f3n<\/p>\n<p><span style=\"font-weight: 400;\">En sesi\u00f3n ordinaria, las y los diputados <\/span><b>Alma Rosa El\u00edas Paso<\/b><span style=\"font-weight: 400;\">, <\/span><b>Cynthia Citlali Delgado Mendoza<\/b><span style=\"font-weight: 400;\">, <\/span><b>Diana Rangel Z\u00fa\u00f1iga<\/b><span style=\"font-weight: 400;\">, <\/span><b>Hilda Miranda Miranda<\/b><span style=\"font-weight: 400;\">, <\/span><b>Lizbeth Ira\u00eds Ordaz Islas<\/b><span style=\"font-weight: 400;\">, <\/span><b>Mar\u00eda del Rosario Guerrero Mart\u00ednez<\/b><span style=\"font-weight: 400;\">, <\/span><b>Paloma Barrag\u00e1n Santos<\/b><span style=\"font-weight: 400;\">, <\/span><b>Yarabi Gonz\u00e1lez Mart\u00ednez<\/b><span style=\"font-weight: 400;\">, <\/span><b>Aldo Meza Hern\u00e1ndez<\/b><span style=\"font-weight: 400;\">, <\/span><b>Andr\u00e9s Vel\u00e1zquez V\u00e1zquez<\/b><span style=\"font-weight: 400;\">, <\/span><b>Arturo G\u00f3mez Canales<\/b><span style=\"font-weight: 400;\">, <\/span><b>Jos\u00e9 Luis Rodr\u00edguez Higareda<\/b><span style=\"font-weight: 400;\">, <\/span><b>Juan Pablo Escalante Urb\u00e1n<\/b><span style=\"font-weight: 400;\">, <\/span><b>Juli\u00e1n Nochebuena Hern\u00e1ndez<\/b><span style=\"font-weight: 400;\">, <\/span><b>Miguel \u00c1ngel Moreno Zamora<\/b><span style=\"font-weight: 400;\"> (Morena), <\/span><b>Juana Olivia Alarc\u00f3n Rivera<\/b><span style=\"font-weight: 400;\">, <\/span><b>M\u00f3nica Leanett Reyes Mart\u00ednez<\/b><span style=\"font-weight: 400;\">, <\/span><b>Jorge Arg\u00fcelles Salazar<\/b><span style=\"font-weight: 400;\">, <\/span><b>Jos\u00e9 Mar\u00eda Alejandro P\u00e9rez Ram\u00edrez<\/b><span style=\"font-weight: 400;\"> (Nueva Alianza), <\/span><b>Mar\u00eda Guadalupe Cruz Monta\u00f1o<\/b><span style=\"font-weight: 400;\">, <\/span><b>Avelino Tovar Iglesias<\/b><span style=\"font-weight: 400;\"> (PVEM), <\/span><b>Orqu\u00eddea Larragoiti Osorio<\/b><span style=\"font-weight: 400;\">, <\/span><b>Francisco Javier T\u00e9llez S\u00e1nchez<\/b><span style=\"font-weight: 400;\"> (PT) y <\/span><b>Leonel Perusqu\u00eda Muedano<\/b><span style=\"font-weight: 400;\"> (PRD) presentaron la iniciativa que reforma el C\u00f3digo Electoral de Hidalgo en materia de integraci\u00f3n y paridad de g\u00e9nero en los ayuntamientos.<\/span><\/p>\n<p><span style=\"font-weight: 400;\">En la exposici\u00f3n de motivos, la diputada <\/span><b>Lizbeth Ordaz <\/b><span style=\"font-weight: 400;\">(Morena)<\/span> <span style=\"font-weight: 400;\">indic\u00f3 que el objetivo es garantizar la racionalidad institucional de los ayuntamientos mediante una modulaci\u00f3n param\u00e9trica que modifique la composici\u00f3n de los cabildos conforme a la demograf\u00eda real de cada municipio para ajustar los \u00f3rganos municipales locales a los topes m\u00e1ximos federales y a los principios de austeridad, honestidad y eficiencia en el gasto p\u00fablico.<\/span><\/p>\n<p><span style=\"font-weight: 400;\">Asimismo, busca consolidar la igualdad sustantiva a trav\u00e9s de un sistema permanente de bloques sim\u00e9tricos de postulaci\u00f3n que establece un bloque de exclusividad para mujeres y otro de postulaci\u00f3n abierta bajo un criterio de neutralidad alfab\u00e9tica, asegurando una participaci\u00f3n pol\u00edtica equitativa, c\u00edclica y libre de sesgos de competitividad en el territorio estatal.<\/span><\/p>\n<p><span style=\"font-weight: 400;\">De manera complementaria, se busca fortalecer la certidumbre jur\u00eddica y la eficiencia org\u00e1nica del sistema electoral hidalguense mediante la simplificaci\u00f3n del monitoreo de medios, trasladando dicha funci\u00f3n t\u00e9cnica directamente a la estructura profesional del Instituto Estatal Electoral; la eliminaci\u00f3n de la sindicatura de primera minor\u00eda para evitar distorsiones en la representatividad proporcional y el pluralismo pol\u00edtico; as\u00ed como la transici\u00f3n hacia un modelo de acreditaci\u00f3n documental objetiva de la discapacidad que proteja la dignidad de las personas postulantes.<\/span><\/p>\n<p><span style=\"font-weight: 400;\">Para el proceso electoral 2026-2027, los 42 municipios de postulaci\u00f3n exclusiva para mujeres al cargo de presidencia municipal ser\u00edan: Acatl\u00e1n, Acaxochitl\u00e1n, Actopan, Agua Blanca de Iturbide, Ajacuba, Alfajayucan, Almoloya, Apan, Atitalaquia, Atlapexco, Atotonilco El Grande, Atotonilco de Tula, Calnali, Cardonal, Cuautepec, Chapantongo, Chapulhuac\u00e1n, Chilcuautla, El Arenal, Eloxochitl\u00e1n, Emiliano Zapata, Epazoyucan, Francisco I. Madero, Huasca, Huautla, Huazalingo, Huehuetla, Huejutla de Reyes, Huichapan, Ixmiquilpan, Jacala, Jaltoc\u00e1n, Ju\u00e1rez, La Misi\u00f3n, Lolotla, Metepec, Metztitl\u00e1n, Mineral del Chico, Mineral del Monte, Mineral de la Reforma, Mixquiahuala y Molango.<\/span><\/p>\n","protected":false},"excerpt":{"rendered":"<p>Redacci\u00f3n En sesi\u00f3n ordinaria, las y los diputados Alma Rosa El\u00edas Paso, Cynthia Citlali Delgado Mendoza, Diana Rangel Z\u00fa\u00f1iga, Hilda Miranda Miranda, Lizbeth Ira\u00eds Ordaz Islas, Mar\u00eda del Rosario Guerrero Mart\u00ednez, Paloma Barrag\u00e1n Santos, Yarabi Gonz\u00e1lez Mart\u00ednez, Aldo Meza Hern\u00e1ndez, Andr\u00e9s Vel\u00e1zquez V\u00e1zquez, Arturo G\u00f3mez Canales, Jos\u00e9 Luis Rodr\u00edguez Higareda, Juan Pablo Escalante Urb\u00e1n, Juli\u00e1n<\/p>\n","protected":false},"author":2,"featured_media":6579,"comment_status":"open","ping_status":"open","sticky":false,"template":"","format":"standard","meta":{"footnotes":""},"categories":[31,44,39],"tags":[62],"class_list":["post-6578","post","type-post","status-publish","format-standard","has-post-thumbnail","category-hidalgo","category-minuto-a-minuto","category-politica","tag-congreso-de-hidalgo"],"yoast_head":"<!-- This site is optimized with the Yoast SEO plugin v28.0 - https:\/\/yoast.com\/product\/yoast-seo-wordpress\/ -->\n<title>Diputadas y diputados presentan iniciativa para fortalecer la paridad de g\u00e9nero en los ayuntamientos de Hidalgo - El Cardinal<\/title>\n<meta name=\"robots\" content=\"index, follow, max-snippet:-1, max-image-preview:large, max-video-preview:-1\" \/>\n<link rel=\"canonical\" href=\"https:\/\/elcardinal.com\/?p=6578\" \/>\n<meta property=\"og:locale\" content=\"es_MX\" \/>\n<meta property=\"og:type\" content=\"article\" \/>\n<meta property=\"og:title\" content=\"Diputadas y diputados presentan iniciativa para fortalecer la paridad de g\u00e9nero en los ayuntamientos de Hidalgo - El Cardinal\" \/>\n<meta property=\"og:description\" content=\"Redacci\u00f3n En sesi\u00f3n ordinaria, las y los diputados Alma Rosa El\u00edas Paso, Cynthia Citlali Delgado Mendoza, Diana Rangel Z\u00fa\u00f1iga, Hilda Miranda Miranda, Lizbeth Ira\u00eds Ordaz Islas, Mar\u00eda del Rosario Guerrero Mart\u00ednez, Paloma Barrag\u00e1n Santos, Yarabi Gonz\u00e1lez Mart\u00ednez, Aldo Meza Hern\u00e1ndez, Andr\u00e9s Vel\u00e1zquez V\u00e1zquez, Arturo G\u00f3mez Canales, Jos\u00e9 Luis Rodr\u00edguez Higareda, Juan Pablo Escalante Urb\u00e1n, Juli\u00e1n\" \/>\n<meta property=\"og:url\" content=\"https:\/\/elcardinal.com\/?p=6578\" \/>\n<meta property=\"og:site_name\" content=\"El Cardinal\" \/>\n<meta property=\"article:publisher\" content=\"https:\/\/www.facebook.com\/profile.php?id=100063093107011\" \/>\n<meta property=\"article:published_time\" content=\"2026-07-22T22:28:51+00:00\" \/>\n<meta property=\"og:image\" content=\"https:\/\/elcardinal.com\/wp-content\/uploads\/2026\/07\/Sesion-22.07.2026-ordinaria-21-scaled.jpg\" \/>\n\t<meta property=\"og:image:width\" content=\"2560\" \/>\n\t<meta property=\"og:image:height\" content=\"1447\" \/>\n\t<meta property=\"og:image:type\" content=\"image\/jpeg\" \/>\n<meta name=\"author\" content=\"Antonio Alcaraz\" \/>\n<meta name=\"twitter:card\" content=\"summary_large_image\" \/>\n<meta name=\"twitter:creator\" content=\"@ElCardinal_Mx\" \/>\n<meta name=\"twitter:site\" content=\"@ElCardinal_Mx\" \/>\n<meta name=\"twitter:label1\" content=\"Escrito por\" \/>\n\t<meta name=\"twitter:data1\" content=\"Antonio Alcaraz\" \/>\n\t<meta name=\"twitter:label2\" content=\"Tiempo de lectura\" \/>\n\t<meta name=\"twitter:data2\" content=\"3 minutos\" \/>\n<script type=\"application\/ld+json\" class=\"yoast-schema-graph\">{\"@context\":\"https:\\\/\\\/schema.org\",\"@graph\":[{\"@type\":\"Article\",\"@id\":\"https:\\\/\\\/elcardinal.com\\\/?p=6578#article\",\"isPartOf\":{\"@id\":\"https:\\\/\\\/elcardinal.com\\\/?p=6578\"},\"author\":{\"name\":\"Antonio Alcaraz\",\"@id\":\"https:\\\/\\\/elcardinal.com\\\/#\\\/schema\\\/person\\\/3c352ec0a33987fe275c0e8a2ea69f8b\"},\"headline\":\"Diputadas y diputados presentan iniciativa para fortalecer la paridad de g\u00e9nero en los ayuntamientos de Hidalgo\",\"datePublished\":\"2026-07-22T22:28:51+00:00\",\"mainEntityOfPage\":{\"@id\":\"https:\\\/\\\/elcardinal.com\\\/?p=6578\"},\"wordCount\":486,\"commentCount\":0,\"publisher\":{\"@id\":\"https:\\\/\\\/elcardinal.com\\\/#organization\"},\"image\":{\"@id\":\"https:\\\/\\\/elcardinal.com\\\/?p=6578#primaryimage\"},\"thumbnailUrl\":\"https:\\\/\\\/elcardinal.com\\\/wp-content\\\/uploads\\\/2026\\\/07\\\/Sesion-22.07.2026-ordinaria-21-scaled.jpg\",\"keywords\":[\"Congreso de Hidalgo\"],\"articleSection\":[\"Hidalgo\",\"Minuto a Minuto\",\"Pol\u00edtica\"],\"inLanguage\":\"es\",\"potentialAction\":[{\"@type\":\"CommentAction\",\"name\":\"Comment\",\"target\":[\"https:\\\/\\\/elcardinal.com\\\/?p=6578#respond\"]}]},{\"@type\":\"WebPage\",\"@id\":\"https:\\\/\\\/elcardinal.com\\\/?p=6578\",\"url\":\"https:\\\/\\\/elcardinal.com\\\/?p=6578\",\"name\":\"Diputadas y diputados presentan iniciativa para fortalecer la paridad de g\u00e9nero en los ayuntamientos de Hidalgo - El Cardinal\",\"isPartOf\":{\"@id\":\"https:\\\/\\\/elcardinal.com\\\/#website\"},\"primaryImageOfPage\":{\"@id\":\"https:\\\/\\\/elcardinal.com\\\/?p=6578#primaryimage\"},\"image\":{\"@id\":\"https:\\\/\\\/elcardinal.com\\\/?p=6578#primaryimage\"},\"thumbnailUrl\":\"https:\\\/\\\/elcardinal.com\\\/wp-content\\\/uploads\\\/2026\\\/07\\\/Sesion-22.07.2026-ordinaria-21-scaled.jpg\",\"datePublished\":\"2026-07-22T22:28:51+00:00\",\"breadcrumb\":{\"@id\":\"https:\\\/\\\/elcardinal.com\\\/?p=6578#breadcrumb\"},\"inLanguage\":\"es\",\"potentialAction\":[{\"@type\":\"ReadAction\",\"target\":[\"https:\\\/\\\/elcardinal.com\\\/?p=6578\"]}]},{\"@type\":\"ImageObject\",\"inLanguage\":\"es\",\"@id\":\"https:\\\/\\\/elcardinal.com\\\/?p=6578#primaryimage\",\"url\":\"https:\\\/\\\/elcardinal.com\\\/wp-content\\\/uploads\\\/2026\\\/07\\\/Sesion-22.07.2026-ordinaria-21-scaled.jpg\",\"contentUrl\":\"https:\\\/\\\/elcardinal.com\\\/wp-content\\\/uploads\\\/2026\\\/07\\\/Sesion-22.07.2026-ordinaria-21-scaled.jpg\",\"width\":2560,\"height\":1447,\"caption\":\"????????????????\"},{\"@type\":\"BreadcrumbList\",\"@id\":\"https:\\\/\\\/elcardinal.com\\\/?p=6578#breadcrumb\",\"itemListElement\":[{\"@type\":\"ListItem\",\"position\":1,\"name\":\"Inicio\",\"item\":\"https:\\\/\\\/elcardinal.com\\\/\"},{\"@type\":\"ListItem\",\"position\":2,\"name\":\"Diputadas y diputados presentan iniciativa para fortalecer la paridad de g\u00e9nero en los ayuntamientos de Hidalgo\"}]},{\"@type\":\"WebSite\",\"@id\":\"https:\\\/\\\/elcardinal.com\\\/#website\",\"url\":\"https:\\\/\\\/elcardinal.com\\\/\",\"name\":\"El Cardinal\",\"description\":\"Periodismo honesto, con valor, sentido humano, a veces sarc\u00e1stico y divertido.\",\"publisher\":{\"@id\":\"https:\\\/\\\/elcardinal.com\\\/#organization\"},\"alternateName\":\"El Cardinal Noticias\",\"potentialAction\":[{\"@type\":\"SearchAction\",\"target\":{\"@type\":\"EntryPoint\",\"urlTemplate\":\"https:\\\/\\\/elcardinal.com\\\/?s={search_term_string}\"},\"query-input\":{\"@type\":\"PropertyValueSpecification\",\"valueRequired\":true,\"valueName\":\"search_term_string\"}}],\"inLanguage\":\"es\"},{\"@type\":\"Organization\",\"@id\":\"https:\\\/\\\/elcardinal.com\\\/#organization\",\"name\":\"El Cardinal\",\"url\":\"https:\\\/\\\/elcardinal.com\\\/\",\"logo\":{\"@type\":\"ImageObject\",\"inLanguage\":\"es\",\"@id\":\"https:\\\/\\\/elcardinal.com\\\/#\\\/schema\\\/logo\\\/image\\\/\",\"url\":\"https:\\\/\\\/elcardinal.com\\\/wp-content\\\/uploads\\\/2025\\\/04\\\/LOGO-EL-CARDINAL-Periodismo-con-valor.png\",\"contentUrl\":\"https:\\\/\\\/elcardinal.com\\\/wp-content\\\/uploads\\\/2025\\\/04\\\/LOGO-EL-CARDINAL-Periodismo-con-valor.png\",\"width\":755,\"height\":636,\"caption\":\"El Cardinal\"},\"image\":{\"@id\":\"https:\\\/\\\/elcardinal.com\\\/#\\\/schema\\\/logo\\\/image\\\/\"},\"sameAs\":[\"https:\\\/\\\/www.facebook.com\\\/profile.php?id=100063093107011\",\"https:\\\/\\\/x.com\\\/ElCardinal_Mx\"]},{\"@type\":\"Person\",\"@id\":\"https:\\\/\\\/elcardinal.com\\\/#\\\/schema\\\/person\\\/3c352ec0a33987fe275c0e8a2ea69f8b\",\"name\":\"Antonio Alcaraz\",\"image\":{\"@type\":\"ImageObject\",\"inLanguage\":\"es\",\"@id\":\"https:\\\/\\\/elcardinal.com\\\/wp-content\\\/uploads\\\/2025\\\/05\\\/cropped-TONO-96x96.jpg\",\"url\":\"https:\\\/\\\/elcardinal.com\\\/wp-content\\\/uploads\\\/2025\\\/05\\\/cropped-TONO-96x96.jpg\",\"contentUrl\":\"https:\\\/\\\/elcardinal.com\\\/wp-content\\\/uploads\\\/2025\\\/05\\\/cropped-TONO-96x96.jpg\",\"caption\":\"Antonio Alcaraz\"},\"url\":\"https:\\\/\\\/elcardinal.com\\\/?author=2\"}]}<\/script>\n<!-- \/ Yoast SEO plugin. -->","yoast_head_json":{"title":"Diputadas y diputados presentan iniciativa para fortalecer la paridad de g\u00e9nero en los ayuntamientos de Hidalgo - El Cardinal","robots":{"index":"index","follow":"follow","max-snippet":"max-snippet:-1","max-image-preview":"max-image-preview:large","max-video-preview":"max-video-preview:-1"},"canonical":"https:\/\/elcardinal.com\/?p=6578","og_locale":"es_MX","og_type":"article","og_title":"Diputadas y diputados presentan iniciativa para fortalecer la paridad de g\u00e9nero en los ayuntamientos de Hidalgo - El Cardinal","og_description":"Redacci\u00f3n En sesi\u00f3n ordinaria, las y los diputados Alma Rosa El\u00edas Paso, Cynthia Citlali Delgado Mendoza, Diana Rangel Z\u00fa\u00f1iga, Hilda Miranda Miranda, Lizbeth Ira\u00eds Ordaz Islas, Mar\u00eda del Rosario Guerrero Mart\u00ednez, Paloma Barrag\u00e1n Santos, Yarabi Gonz\u00e1lez Mart\u00ednez, Aldo Meza Hern\u00e1ndez, Andr\u00e9s Vel\u00e1zquez V\u00e1zquez, Arturo G\u00f3mez Canales, Jos\u00e9 Luis Rodr\u00edguez Higareda, Juan Pablo Escalante Urb\u00e1n, Juli\u00e1n","og_url":"https:\/\/elcardinal.com\/?p=6578","og_site_name":"El Cardinal","article_publisher":"https:\/\/www.facebook.com\/profile.php?id=100063093107011","article_published_time":"2026-07-22T22:28:51+00:00","og_image":[{"width":2560,"height":1447,"url":"https:\/\/elcardinal.com\/wp-content\/uploads\/2026\/07\/Sesion-22.07.2026-ordinaria-21-scaled.jpg","type":"image\/jpeg"}],"author":"Antonio Alcaraz","twitter_card":"summary_large_image","twitter_creator":"@ElCardinal_Mx","twitter_site":"@ElCardinal_Mx","twitter_misc":{"Escrito por":"Antonio Alcaraz","Tiempo de lectura":"3 minutos"},"schema":{"@context":"https:\/\/schema.org","@graph":[{"@type":"Article","@id":"https:\/\/elcardinal.com\/?p=6578#article","isPartOf":{"@id":"https:\/\/elcardinal.com\/?p=6578"},"author":{"name":"Antonio Alcaraz","@id":"https:\/\/elcardinal.com\/#\/schema\/person\/3c352ec0a33987fe275c0e8a2ea69f8b"},"headline":"Diputadas y diputados presentan iniciativa para fortalecer la paridad de g\u00e9nero en los ayuntamientos de Hidalgo","datePublished":"2026-07-22T22:28:51+00:00","mainEntityOfPage":{"@id":"https:\/\/elcardinal.com\/?p=6578"},"wordCount":486,"commentCount":0,"publisher":{"@id":"https:\/\/elcardinal.com\/#organization"},"image":{"@id":"https:\/\/elcardinal.com\/?p=6578#primaryimage"},"thumbnailUrl":"https:\/\/elcardinal.com\/wp-content\/uploads\/2026\/07\/Sesion-22.07.2026-ordinaria-21-scaled.jpg","keywords":["Congreso de Hidalgo"],"articleSection":["Hidalgo","Minuto a Minuto","Pol\u00edtica"],"inLanguage":"es","potentialAction":[{"@type":"CommentAction","name":"Comment","target":["https:\/\/elcardinal.com\/?p=6578#respond"]}]},{"@type":"WebPage","@id":"https:\/\/elcardinal.com\/?p=6578","url":"https:\/\/elcardinal.com\/?p=6578","name":"Diputadas y diputados presentan iniciativa para fortalecer la paridad de g\u00e9nero en los ayuntamientos de Hidalgo - El Cardinal","isPartOf":{"@id":"https:\/\/elcardinal.com\/#website"},"primaryImageOfPage":{"@id":"https:\/\/elcardinal.com\/?p=6578#primaryimage"},"image":{"@id":"https:\/\/elcardinal.com\/?p=6578#primaryimage"},"thumbnailUrl":"https:\/\/elcardinal.com\/wp-content\/uploads\/2026\/07\/Sesion-22.07.2026-ordinaria-21-scaled.jpg","datePublished":"2026-07-22T22:28:51+00:00","breadcrumb":{"@id":"https:\/\/elcardinal.com\/?p=6578#breadcrumb"},"inLanguage":"es","potentialAction":[{"@type":"ReadAction","target":["https:\/\/elcardinal.com\/?p=6578"]}]},{"@type":"ImageObject","inLanguage":"es","@id":"https:\/\/elcardinal.com\/?p=6578#primaryimage","url":"https:\/\/elcardinal.com\/wp-content\/uploads\/2026\/07\/Sesion-22.07.2026-ordinaria-21-scaled.jpg","contentUrl":"https:\/\/elcardinal.com\/wp-content\/uploads\/2026\/07\/Sesion-22.07.2026-ordinaria-21-scaled.jpg","width":2560,"height":1447,"caption":"????????????????"},{"@type":"BreadcrumbList","@id":"https:\/\/elcardinal.com\/?p=6578#breadcrumb","itemListElement":[{"@type":"ListItem","position":1,"name":"Inicio","item":"https:\/\/elcardinal.com\/"},{"@type":"ListItem","position":2,"name":"Diputadas y diputados presentan iniciativa para fortalecer la paridad de g\u00e9nero en los ayuntamientos de Hidalgo"}]},{"@type":"WebSite","@id":"https:\/\/elcardinal.com\/#website","url":"https:\/\/elcardinal.com\/","name":"El Cardinal","description":"Periodismo honesto, con valor, sentido humano, a veces sarc\u00e1stico y divertido.","publisher":{"@id":"https:\/\/elcardinal.com\/#organization"},"alternateName":"El Cardinal Noticias","potentialAction":[{"@type":"SearchAction","target":{"@type":"EntryPoint","urlTemplate":"https:\/\/elcardinal.com\/?s={search_term_string}"},"query-input":{"@type":"PropertyValueSpecification","valueRequired":true,"valueName":"search_term_string"}}],"inLanguage":"es"},{"@type":"Organization","@id":"https:\/\/elcardinal.com\/#organization","name":"El Cardinal","url":"https:\/\/elcardinal.com\/","logo":{"@type":"ImageObject","inLanguage":"es","@id":"https:\/\/elcardinal.com\/#\/schema\/logo\/image\/","url":"https:\/\/elcardinal.com\/wp-content\/uploads\/2025\/04\/LOGO-EL-CARDINAL-Periodismo-con-valor.png","contentUrl":"https:\/\/elcardinal.com\/wp-content\/uploads\/2025\/04\/LOGO-EL-CARDINAL-Periodismo-con-valor.png","width":755,"height":636,"caption":"El Cardinal"},"image":{"@id":"https:\/\/elcardinal.com\/#\/schema\/logo\/image\/"},"sameAs":["https:\/\/www.facebook.com\/profile.php?id=100063093107011","https:\/\/x.com\/ElCardinal_Mx"]},{"@type":"Person","@id":"https:\/\/elcardinal.com\/#\/schema\/person\/3c352ec0a33987fe275c0e8a2ea69f8b","name":"Antonio Alcaraz","image":{"@type":"ImageObject","inLanguage":"es","@id":"https:\/\/elcardinal.com\/wp-content\/uploads\/2025\/05\/cropped-TONO-96x96.jpg","url":"https:\/\/elcardinal.com\/wp-content\/uploads\/2025\/05\/cropped-TONO-96x96.jpg","contentUrl":"https:\/\/elcardinal.com\/wp-content\/uploads\/2025\/05\/cropped-TONO-96x96.jpg","caption":"Antonio Alcaraz"},"url":"https:\/\/elcardinal.com\/?author=2"}]}},"_links":{"self":[{"href":"https:\/\/elcardinal.com\/index.php?rest_route=\/wp\/v2\/posts\/6578","targetHints":{"allow":["GET"]}}],"collection":[{"href":"https:\/\/elcardinal.com\/index.php?rest_route=\/wp\/v2\/posts"}],"about":[{"href":"https:\/\/elcardinal.com\/index.php?rest_route=\/wp\/v2\/types\/post"}],"author":[{"embeddable":true,"href":"https:\/\/elcardinal.com\/index.php?rest_route=\/wp\/v2\/users\/2"}],"replies":[{"embeddable":true,"href":"https:\/\/elcardinal.com\/index.php?rest_route=%2Fwp%2Fv2%2Fcomments&post=6578"}],"version-history":[{"count":1,"href":"https:\/\/elcardinal.com\/index.php?rest_route=\/wp\/v2\/posts\/6578\/revisions"}],"predecessor-version":[{"id":6580,"href":"https:\/\/elcardinal.com\/index.php?rest_route=\/wp\/v2\/posts\/6578\/revisions\/6580"}],"wp:featuredmedia":[{"embeddable":true,"href":"https:\/\/elcardinal.com\/index.php?rest_route=\/wp\/v2\/media\/6579"}],"wp:attachment":[{"href":"https:\/\/elcardinal.com\/index.php?rest_route=%2Fwp%2Fv2%2Fmedia&parent=6578"}],"wp:term":[{"taxonomy":"category","embeddable":true,"href":"https:\/\/elcardinal.com\/index.php?rest_route=%2Fwp%2Fv2%2Fcategories&post=6578"},{"taxonomy":"post_tag","embeddable":true,"href":"https:\/\/elcardinal.com\/index.php?rest_route=%2Fwp%2Fv2%2Ftags&post=6578"}],"curies":[{"name":"wp","href":"https:\/\/api.w.org\/{rel}","templated":true}]}}