{"id":6581,"date":"2026-07-22T17:33:57","date_gmt":"2026-07-22T23:33:57","guid":{"rendered":"https:\/\/elcardinal.com\/?p=6581"},"modified":"2026-07-22T17:33:57","modified_gmt":"2026-07-22T23:33:57","slug":"no-se-metan-con-mi-familia-dirigente-del-pri-en-hidalgo-acusa-presunta-investigacion-personal-y-espionaje-con-dron","status":"publish","type":"post","link":"https:\/\/elcardinal.com\/?p=6581","title":{"rendered":"\u201cNo se metan con mi familia\u201d: dirigente del PRI en Hidalgo acusa presunta investigaci\u00f3n personal y espionaje con dron"},"content":{"rendered":"<p>Por: <strong>Jos\u00e9 Antonio Alcaraz Su\u00e1rez<\/strong><\/p>\n<p>El presidente del PRI en Hidalgo, <strong>Marco Antonio Mendoza Bustamante<\/strong>, realiz\u00f3 una denuncia p\u00fablica al se\u00f1alar que una persona que se identific\u00f3 como funcionario de la Secretar\u00eda de Gobierno habr\u00eda solicitado informaci\u00f3n personal sobre integrantes de su familia.<\/p>\n<p>El <strong>dirigente priista<\/strong> asegur\u00f3 que recibi\u00f3 llamadas de personas cercanas, quienes le informaron que estaban preguntando por nombres y datos personales de sus familiares, informaci\u00f3n que, dijo, no tiene relaci\u00f3n con su actividad pol\u00edtica.<\/p>\n<p>Mendoza Bustamante afirm\u00f3 que contact\u00f3 a la persona se\u00f1alada, quien presuntamente reconoci\u00f3 haber solicitado esos datos y argument\u00f3 que lo hac\u00eda por tratarse de un \u201caspirante fuerte\u201d.<\/p>\n<blockquote><p>\u201cNing\u00fan funcionario p\u00fablico puede hacer ese tipo de investigaci\u00f3n personal\u201d, se\u00f1al\u00f3 el legislador, al considerar que este tipo de acciones podr\u00edan poner en riesgo la seguridad de su familia.<\/p><\/blockquote>\n<p>El presidente del PRI Hidalgo record\u00f3 otros hechos que, dijo, han ocurrido en su contra, como la irrupci\u00f3n en las oficinas del partido, sobrevuelos de drones en su domicilio y ataques en redes sociales desde cuentas falsas.<\/p>\n<blockquote><p>\u201cNo les voy a permitir que se metan con mi familia\u201d, expres\u00f3, al afirmar que continuar\u00e1 realizando su labor como oposici\u00f3n desde el Congreso y en las comunidades.<\/p><\/blockquote>\n<p>Finalmente, inform\u00f3 que hizo del conocimiento del secretario de Gobierno esta situaci\u00f3n y pidi\u00f3 que se esclarezca el caso.<\/p>\n","protected":false},"excerpt":{"rendered":"<p>Por: Jos\u00e9 Antonio Alcaraz Su\u00e1rez El presidente del PRI en Hidalgo, Marco Antonio Mendoza Bustamante, realiz\u00f3 una denuncia p\u00fablica al se\u00f1alar que una persona que se identific\u00f3 como funcionario de la Secretar\u00eda de Gobierno habr\u00eda solicitado informaci\u00f3n personal sobre integrantes de su familia. El dirigente priista asegur\u00f3 que recibi\u00f3 llamadas de personas cercanas, quienes le<\/p>\n","protected":false},"author":2,"featured_media":6582,"comment_status":"open","ping_status":"open","sticky":false,"template":"","format":"standard","meta":{"footnotes":""},"categories":[31,44,39],"tags":[87,76,286],"class_list":["post-6581","post","type-post","status-publish","format-standard","has-post-thumbnail","category-hidalgo","category-minuto-a-minuto","category-politica","tag-hidalgo","tag-marco-antonio-mendoza-bustamante","tag-pri"],"yoast_head":"<!-- This site is optimized with the Yoast SEO plugin v28.0 - https:\/\/yoast.com\/product\/yoast-seo-wordpress\/ -->\n<title>\u201cNo se metan con mi familia\u201d: dirigente del PRI en Hidalgo acusa presunta investigaci\u00f3n personal y espionaje con dron - El Cardinal<\/title>\n<meta name=\"robots\" content=\"index, follow, max-snippet:-1, max-image-preview:large, max-video-preview:-1\" \/>\n<link rel=\"canonical\" href=\"https:\/\/elcardinal.com\/?p=6581\" \/>\n<meta property=\"og:locale\" content=\"es_MX\" \/>\n<meta property=\"og:type\" content=\"article\" \/>\n<meta property=\"og:title\" content=\"\u201cNo se metan con mi familia\u201d: dirigente del PRI en Hidalgo acusa presunta investigaci\u00f3n personal y espionaje con dron - El Cardinal\" \/>\n<meta property=\"og:description\" content=\"Por: Jos\u00e9 Antonio Alcaraz Su\u00e1rez El presidente del PRI en Hidalgo, Marco Antonio Mendoza Bustamante, realiz\u00f3 una denuncia p\u00fablica al se\u00f1alar que una persona que se identific\u00f3 como funcionario de la Secretar\u00eda de Gobierno habr\u00eda solicitado informaci\u00f3n personal sobre integrantes de su familia. El dirigente priista asegur\u00f3 que recibi\u00f3 llamadas de personas cercanas, quienes le\" \/>\n<meta property=\"og:url\" content=\"https:\/\/elcardinal.com\/?p=6581\" \/>\n<meta property=\"og:site_name\" content=\"El Cardinal\" \/>\n<meta property=\"article:publisher\" content=\"https:\/\/www.facebook.com\/profile.php?id=100063093107011\" \/>\n<meta property=\"article:published_time\" content=\"2026-07-22T23:33:57+00:00\" \/>\n<meta property=\"og:image\" content=\"https:\/\/elcardinal.com\/wp-content\/uploads\/2026\/07\/Screenshot_1.jpg\" \/>\n\t<meta property=\"og:image:width\" content=\"1058\" \/>\n\t<meta property=\"og:image:height\" content=\"689\" \/>\n\t<meta property=\"og:image:type\" content=\"image\/jpeg\" \/>\n<meta name=\"author\" content=\"Antonio Alcaraz\" \/>\n<meta name=\"twitter:card\" content=\"summary_large_image\" \/>\n<meta name=\"twitter:creator\" content=\"@ElCardinal_Mx\" \/>\n<meta name=\"twitter:site\" content=\"@ElCardinal_Mx\" \/>\n<meta name=\"twitter:label1\" content=\"Escrito por\" \/>\n\t<meta name=\"twitter:data1\" content=\"Antonio Alcaraz\" \/>\n\t<meta name=\"twitter:label2\" content=\"Tiempo de lectura\" \/>\n\t<meta name=\"twitter:data2\" content=\"1 minuto\" \/>\n<script type=\"application\/ld+json\" class=\"yoast-schema-graph\">{\"@context\":\"https:\\\/\\\/schema.org\",\"@graph\":[{\"@type\":\"Article\",\"@id\":\"https:\\\/\\\/elcardinal.com\\\/?p=6581#article\",\"isPartOf\":{\"@id\":\"https:\\\/\\\/elcardinal.com\\\/?p=6581\"},\"author\":{\"name\":\"Antonio Alcaraz\",\"@id\":\"https:\\\/\\\/elcardinal.com\\\/#\\\/schema\\\/person\\\/3c352ec0a33987fe275c0e8a2ea69f8b\"},\"headline\":\"\u201cNo se metan con mi familia\u201d: dirigente del PRI en Hidalgo acusa presunta investigaci\u00f3n personal y espionaje con dron\",\"datePublished\":\"2026-07-22T23:33:57+00:00\",\"mainEntityOfPage\":{\"@id\":\"https:\\\/\\\/elcardinal.com\\\/?p=6581\"},\"wordCount\":256,\"commentCount\":0,\"publisher\":{\"@id\":\"https:\\\/\\\/elcardinal.com\\\/#organization\"},\"image\":{\"@id\":\"https:\\\/\\\/elcardinal.com\\\/?p=6581#primaryimage\"},\"thumbnailUrl\":\"https:\\\/\\\/elcardinal.com\\\/wp-content\\\/uploads\\\/2026\\\/07\\\/Screenshot_1.jpg\",\"keywords\":[\"Hidalgo\",\"Marco Antonio Mendoza Bustamante\",\"PRI\"],\"articleSection\":[\"Hidalgo\",\"Minuto a Minuto\",\"Pol\u00edtica\"],\"inLanguage\":\"es\",\"potentialAction\":[{\"@type\":\"CommentAction\",\"name\":\"Comment\",\"target\":[\"https:\\\/\\\/elcardinal.com\\\/?p=6581#respond\"]}]},{\"@type\":\"WebPage\",\"@id\":\"https:\\\/\\\/elcardinal.com\\\/?p=6581\",\"url\":\"https:\\\/\\\/elcardinal.com\\\/?p=6581\",\"name\":\"\u201cNo se metan con mi familia\u201d: dirigente del PRI en Hidalgo acusa presunta investigaci\u00f3n personal y espionaje con dron - El Cardinal\",\"isPartOf\":{\"@id\":\"https:\\\/\\\/elcardinal.com\\\/#website\"},\"primaryImageOfPage\":{\"@id\":\"https:\\\/\\\/elcardinal.com\\\/?p=6581#primaryimage\"},\"image\":{\"@id\":\"https:\\\/\\\/elcardinal.com\\\/?p=6581#primaryimage\"},\"thumbnailUrl\":\"https:\\\/\\\/elcardinal.com\\\/wp-content\\\/uploads\\\/2026\\\/07\\\/Screenshot_1.jpg\",\"datePublished\":\"2026-07-22T23:33:57+00:00\",\"breadcrumb\":{\"@id\":\"https:\\\/\\\/elcardinal.com\\\/?p=6581#breadcrumb\"},\"inLanguage\":\"es\",\"potentialAction\":[{\"@type\":\"ReadAction\",\"target\":[\"https:\\\/\\\/elcardinal.com\\\/?p=6581\"]}]},{\"@type\":\"ImageObject\",\"inLanguage\":\"es\",\"@id\":\"https:\\\/\\\/elcardinal.com\\\/?p=6581#primaryimage\",\"url\":\"https:\\\/\\\/elcardinal.com\\\/wp-content\\\/uploads\\\/2026\\\/07\\\/Screenshot_1.jpg\",\"contentUrl\":\"https:\\\/\\\/elcardinal.com\\\/wp-content\\\/uploads\\\/2026\\\/07\\\/Screenshot_1.jpg\",\"width\":1058,\"height\":689},{\"@type\":\"BreadcrumbList\",\"@id\":\"https:\\\/\\\/elcardinal.com\\\/?p=6581#breadcrumb\",\"itemListElement\":[{\"@type\":\"ListItem\",\"position\":1,\"name\":\"Inicio\",\"item\":\"https:\\\/\\\/elcardinal.com\\\/\"},{\"@type\":\"ListItem\",\"position\":2,\"name\":\"\u201cNo se metan con mi familia\u201d: dirigente del PRI en Hidalgo acusa presunta investigaci\u00f3n personal y espionaje con dron\"}]},{\"@type\":\"WebSite\",\"@id\":\"https:\\\/\\\/elcardinal.com\\\/#website\",\"url\":\"https:\\\/\\\/elcardinal.com\\\/\",\"name\":\"El Cardinal\",\"description\":\"Periodismo honesto, con valor, sentido humano, a veces sarc\u00e1stico y divertido.\",\"publisher\":{\"@id\":\"https:\\\/\\\/elcardinal.com\\\/#organization\"},\"alternateName\":\"El Cardinal Noticias\",\"potentialAction\":[{\"@type\":\"SearchAction\",\"target\":{\"@type\":\"EntryPoint\",\"urlTemplate\":\"https:\\\/\\\/elcardinal.com\\\/?s={search_term_string}\"},\"query-input\":{\"@type\":\"PropertyValueSpecification\",\"valueRequired\":true,\"valueName\":\"search_term_string\"}}],\"inLanguage\":\"es\"},{\"@type\":\"Organization\",\"@id\":\"https:\\\/\\\/elcardinal.com\\\/#organization\",\"name\":\"El Cardinal\",\"url\":\"https:\\\/\\\/elcardinal.com\\\/\",\"logo\":{\"@type\":\"ImageObject\",\"inLanguage\":\"es\",\"@id\":\"https:\\\/\\\/elcardinal.com\\\/#\\\/schema\\\/logo\\\/image\\\/\",\"url\":\"https:\\\/\\\/elcardinal.com\\\/wp-content\\\/uploads\\\/2025\\\/04\\\/LOGO-EL-CARDINAL-Periodismo-con-valor.png\",\"contentUrl\":\"https:\\\/\\\/elcardinal.com\\\/wp-content\\\/uploads\\\/2025\\\/04\\\/LOGO-EL-CARDINAL-Periodismo-con-valor.png\",\"width\":755,\"height\":636,\"caption\":\"El Cardinal\"},\"image\":{\"@id\":\"https:\\\/\\\/elcardinal.com\\\/#\\\/schema\\\/logo\\\/image\\\/\"},\"sameAs\":[\"https:\\\/\\\/www.facebook.com\\\/profile.php?id=100063093107011\",\"https:\\\/\\\/x.com\\\/ElCardinal_Mx\"]},{\"@type\":\"Person\",\"@id\":\"https:\\\/\\\/elcardinal.com\\\/#\\\/schema\\\/person\\\/3c352ec0a33987fe275c0e8a2ea69f8b\",\"name\":\"Antonio Alcaraz\",\"image\":{\"@type\":\"ImageObject\",\"inLanguage\":\"es\",\"@id\":\"https:\\\/\\\/elcardinal.com\\\/wp-content\\\/uploads\\\/2025\\\/05\\\/cropped-TONO-96x96.jpg\",\"url\":\"https:\\\/\\\/elcardinal.com\\\/wp-content\\\/uploads\\\/2025\\\/05\\\/cropped-TONO-96x96.jpg\",\"contentUrl\":\"https:\\\/\\\/elcardinal.com\\\/wp-content\\\/uploads\\\/2025\\\/05\\\/cropped-TONO-96x96.jpg\",\"caption\":\"Antonio Alcaraz\"},\"url\":\"https:\\\/\\\/elcardinal.com\\\/?author=2\"}]}<\/script>\n<!-- \/ Yoast SEO plugin. -->","yoast_head_json":{"title":"\u201cNo se metan con mi familia\u201d: dirigente del PRI en Hidalgo acusa presunta investigaci\u00f3n personal y espionaje con dron - El Cardinal","robots":{"index":"index","follow":"follow","max-snippet":"max-snippet:-1","max-image-preview":"max-image-preview:large","max-video-preview":"max-video-preview:-1"},"canonical":"https:\/\/elcardinal.com\/?p=6581","og_locale":"es_MX","og_type":"article","og_title":"\u201cNo se metan con mi familia\u201d: dirigente del PRI en Hidalgo acusa presunta investigaci\u00f3n personal y espionaje con dron - El Cardinal","og_description":"Por: Jos\u00e9 Antonio Alcaraz Su\u00e1rez El presidente del PRI en Hidalgo, Marco Antonio Mendoza Bustamante, realiz\u00f3 una denuncia p\u00fablica al se\u00f1alar que una persona que se identific\u00f3 como funcionario de la Secretar\u00eda de Gobierno habr\u00eda solicitado informaci\u00f3n personal sobre integrantes de su familia. El dirigente priista asegur\u00f3 que recibi\u00f3 llamadas de personas cercanas, quienes le","og_url":"https:\/\/elcardinal.com\/?p=6581","og_site_name":"El Cardinal","article_publisher":"https:\/\/www.facebook.com\/profile.php?id=100063093107011","article_published_time":"2026-07-22T23:33:57+00:00","og_image":[{"width":1058,"height":689,"url":"https:\/\/elcardinal.com\/wp-content\/uploads\/2026\/07\/Screenshot_1.jpg","type":"image\/jpeg"}],"author":"Antonio Alcaraz","twitter_card":"summary_large_image","twitter_creator":"@ElCardinal_Mx","twitter_site":"@ElCardinal_Mx","twitter_misc":{"Escrito por":"Antonio Alcaraz","Tiempo de lectura":"1 minuto"},"schema":{"@context":"https:\/\/schema.org","@graph":[{"@type":"Article","@id":"https:\/\/elcardinal.com\/?p=6581#article","isPartOf":{"@id":"https:\/\/elcardinal.com\/?p=6581"},"author":{"name":"Antonio Alcaraz","@id":"https:\/\/elcardinal.com\/#\/schema\/person\/3c352ec0a33987fe275c0e8a2ea69f8b"},"headline":"\u201cNo se metan con mi familia\u201d: dirigente del PRI en Hidalgo acusa presunta investigaci\u00f3n personal y espionaje con dron","datePublished":"2026-07-22T23:33:57+00:00","mainEntityOfPage":{"@id":"https:\/\/elcardinal.com\/?p=6581"},"wordCount":256,"commentCount":0,"publisher":{"@id":"https:\/\/elcardinal.com\/#organization"},"image":{"@id":"https:\/\/elcardinal.com\/?p=6581#primaryimage"},"thumbnailUrl":"https:\/\/elcardinal.com\/wp-content\/uploads\/2026\/07\/Screenshot_1.jpg","keywords":["Hidalgo","Marco Antonio Mendoza Bustamante","PRI"],"articleSection":["Hidalgo","Minuto a Minuto","Pol\u00edtica"],"inLanguage":"es","potentialAction":[{"@type":"CommentAction","name":"Comment","target":["https:\/\/elcardinal.com\/?p=6581#respond"]}]},{"@type":"WebPage","@id":"https:\/\/elcardinal.com\/?p=6581","url":"https:\/\/elcardinal.com\/?p=6581","name":"\u201cNo se metan con mi familia\u201d: dirigente del PRI en Hidalgo acusa presunta investigaci\u00f3n personal y espionaje con dron - El Cardinal","isPartOf":{"@id":"https:\/\/elcardinal.com\/#website"},"primaryImageOfPage":{"@id":"https:\/\/elcardinal.com\/?p=6581#primaryimage"},"image":{"@id":"https:\/\/elcardinal.com\/?p=6581#primaryimage"},"thumbnailUrl":"https:\/\/elcardinal.com\/wp-content\/uploads\/2026\/07\/Screenshot_1.jpg","datePublished":"2026-07-22T23:33:57+00:00","breadcrumb":{"@id":"https:\/\/elcardinal.com\/?p=6581#breadcrumb"},"inLanguage":"es","potentialAction":[{"@type":"ReadAction","target":["https:\/\/elcardinal.com\/?p=6581"]}]},{"@type":"ImageObject","inLanguage":"es","@id":"https:\/\/elcardinal.com\/?p=6581#primaryimage","url":"https:\/\/elcardinal.com\/wp-content\/uploads\/2026\/07\/Screenshot_1.jpg","contentUrl":"https:\/\/elcardinal.com\/wp-content\/uploads\/2026\/07\/Screenshot_1.jpg","width":1058,"height":689},{"@type":"BreadcrumbList","@id":"https:\/\/elcardinal.com\/?p=6581#breadcrumb","itemListElement":[{"@type":"ListItem","position":1,"name":"Inicio","item":"https:\/\/elcardinal.com\/"},{"@type":"ListItem","position":2,"name":"\u201cNo se metan con mi familia\u201d: dirigente del PRI en Hidalgo acusa presunta investigaci\u00f3n personal y espionaje con dron"}]},{"@type":"WebSite","@id":"https:\/\/elcardinal.com\/#website","url":"https:\/\/elcardinal.com\/","name":"El Cardinal","description":"Periodismo honesto, con valor, sentido humano, a veces sarc\u00e1stico y divertido.","publisher":{"@id":"https:\/\/elcardinal.com\/#organization"},"alternateName":"El Cardinal Noticias","potentialAction":[{"@type":"SearchAction","target":{"@type":"EntryPoint","urlTemplate":"https:\/\/elcardinal.com\/?s={search_term_string}"},"query-input":{"@type":"PropertyValueSpecification","valueRequired":true,"valueName":"search_term_string"}}],"inLanguage":"es"},{"@type":"Organization","@id":"https:\/\/elcardinal.com\/#organization","name":"El Cardinal","url":"https:\/\/elcardinal.com\/","logo":{"@type":"ImageObject","inLanguage":"es","@id":"https:\/\/elcardinal.com\/#\/schema\/logo\/image\/","url":"https:\/\/elcardinal.com\/wp-content\/uploads\/2025\/04\/LOGO-EL-CARDINAL-Periodismo-con-valor.png","contentUrl":"https:\/\/elcardinal.com\/wp-content\/uploads\/2025\/04\/LOGO-EL-CARDINAL-Periodismo-con-valor.png","width":755,"height":636,"caption":"El Cardinal"},"image":{"@id":"https:\/\/elcardinal.com\/#\/schema\/logo\/image\/"},"sameAs":["https:\/\/www.facebook.com\/profile.php?id=100063093107011","https:\/\/x.com\/ElCardinal_Mx"]},{"@type":"Person","@id":"https:\/\/elcardinal.com\/#\/schema\/person\/3c352ec0a33987fe275c0e8a2ea69f8b","name":"Antonio Alcaraz","image":{"@type":"ImageObject","inLanguage":"es","@id":"https:\/\/elcardinal.com\/wp-content\/uploads\/2025\/05\/cropped-TONO-96x96.jpg","url":"https:\/\/elcardinal.com\/wp-content\/uploads\/2025\/05\/cropped-TONO-96x96.jpg","contentUrl":"https:\/\/elcardinal.com\/wp-content\/uploads\/2025\/05\/cropped-TONO-96x96.jpg","caption":"Antonio Alcaraz"},"url":"https:\/\/elcardinal.com\/?author=2"}]}},"_links":{"self":[{"href":"https:\/\/elcardinal.com\/index.php?rest_route=\/wp\/v2\/posts\/6581","targetHints":{"allow":["GET"]}}],"collection":[{"href":"https:\/\/elcardinal.com\/index.php?rest_route=\/wp\/v2\/posts"}],"about":[{"href":"https:\/\/elcardinal.com\/index.php?rest_route=\/wp\/v2\/types\/post"}],"author":[{"embeddable":true,"href":"https:\/\/elcardinal.com\/index.php?rest_route=\/wp\/v2\/users\/2"}],"replies":[{"embeddable":true,"href":"https:\/\/elcardinal.com\/index.php?rest_route=%2Fwp%2Fv2%2Fcomments&post=6581"}],"version-history":[{"count":1,"href":"https:\/\/elcardinal.com\/index.php?rest_route=\/wp\/v2\/posts\/6581\/revisions"}],"predecessor-version":[{"id":6583,"href":"https:\/\/elcardinal.com\/index.php?rest_route=\/wp\/v2\/posts\/6581\/revisions\/6583"}],"wp:featuredmedia":[{"embeddable":true,"href":"https:\/\/elcardinal.com\/index.php?rest_route=\/wp\/v2\/media\/6582"}],"wp:attachment":[{"href":"https:\/\/elcardinal.com\/index.php?rest_route=%2Fwp%2Fv2%2Fmedia&parent=6581"}],"wp:term":[{"taxonomy":"category","embeddable":true,"href":"https:\/\/elcardinal.com\/index.php?rest_route=%2Fwp%2Fv2%2Fcategories&post=6581"},{"taxonomy":"post_tag","embeddable":true,"href":"https:\/\/elcardinal.com\/index.php?rest_route=%2Fwp%2Fv2%2Ftags&post=6581"}],"curies":[{"name":"wp","href":"https:\/\/api.w.org\/{rel}","templated":true}]}}