{"id":6584,"date":"2026-07-22T21:01:13","date_gmt":"2026-07-23T03:01:13","guid":{"rendered":"https:\/\/elcardinal.com\/?p=6584"},"modified":"2026-07-22T21:01:13","modified_gmt":"2026-07-23T03:01:13","slug":"tension-en-el-senado-carolina-viggiano-encara-a-simey-olvera-tras-acalorado-debate","status":"publish","type":"post","link":"https:\/\/elcardinal.com\/?p=6584","title":{"rendered":"TENSI\u00d3N EN EL SENADO: Carolina Viggiano encara a Simey Olvera tras acalorado debate"},"content":{"rendered":"<p>By El Cardinalito<\/p>\n<p>El Senado de la Rep\u00fablica fue escenario de un momento de alta tensi\u00f3n luego de que la senadora hidalguense Carolina Viggiano se dirigiera a la curul de su paisana Simey Olvera al concluir un intenso intercambio de posturas en tribuna.<\/p>\n<p>Tras el debate, ambas legisladoras protagonizaron un fuerte encontronazo que llam\u00f3 la atenci\u00f3n de quienes se encontraban en el recinto. El momento qued\u00f3 captado en video y r\u00e1pidamente comenz\u00f3 a circular en redes sociales, donde gener\u00f3 opiniones divididas.<\/p>\n<p>Durante la discusi\u00f3n en tribuna, Simey Olvera lanz\u00f3 cr\u00edticas contra Viggiano relacionadas con el PRI y presuntos se\u00f1alamientos de nepotismo, lo que elev\u00f3 la tensi\u00f3n pol\u00edtica entre ambas representantes de Hidalgo.<\/p>\n<p>Aunque no se ha dado a conocer el contenido completo de lo que se dijeron frente a frente, las im\u00e1genes muestran a Carolina Viggiano acerc\u00e1ndose a la curul de Olvera para reclamarle tras el debate.<\/p>\n<p>El episodio desat\u00f3 una ola de reacciones entre usuarios de redes sociales: mientras algunos defendieron la firmeza de ambas senadoras para sostener sus posturas, otros cuestionaron que este tipo de confrontaciones sustituyan el debate de ideas dentro del Poder Legislativo.<\/p>\n<p>\u00bfQu\u00e9 opinas? \u00bfLa confrontaci\u00f3n forma parte del debate pol\u00edtico o los legisladores deben mantener siempre el di\u00e1logo y el respeto en el Senado?<\/p>\n","protected":false},"excerpt":{"rendered":"<p>By El Cardinalito El Senado de la Rep\u00fablica fue escenario de un momento de alta tensi\u00f3n luego de que la senadora hidalguense Carolina Viggiano se dirigiera a la curul de su paisana Simey Olvera al concluir un intenso intercambio de posturas en tribuna. Tras el debate, ambas legisladoras protagonizaron un fuerte encontronazo que llam\u00f3 la<\/p>\n","protected":false},"author":2,"featured_media":6585,"comment_status":"open","ping_status":"open","sticky":false,"template":"","format":"standard","meta":{"footnotes":""},"categories":[31,44],"tags":[],"class_list":["post-6584","post","type-post","status-publish","format-standard","has-post-thumbnail","category-hidalgo","category-minuto-a-minuto"],"yoast_head":"<!-- This site is optimized with the Yoast SEO plugin v28.0 - https:\/\/yoast.com\/product\/yoast-seo-wordpress\/ -->\n<title>TENSI\u00d3N EN EL SENADO: Carolina Viggiano encara a Simey Olvera tras acalorado debate - El Cardinal<\/title>\n<meta name=\"robots\" content=\"index, follow, max-snippet:-1, max-image-preview:large, max-video-preview:-1\" \/>\n<link rel=\"canonical\" href=\"https:\/\/elcardinal.com\/?p=6584\" \/>\n<meta property=\"og:locale\" content=\"es_MX\" \/>\n<meta property=\"og:type\" content=\"article\" \/>\n<meta property=\"og:title\" content=\"TENSI\u00d3N EN EL SENADO: Carolina Viggiano encara a Simey Olvera tras acalorado debate - El Cardinal\" \/>\n<meta property=\"og:description\" content=\"By El Cardinalito El Senado de la Rep\u00fablica fue escenario de un momento de alta tensi\u00f3n luego de que la senadora hidalguense Carolina Viggiano se dirigiera a la curul de su paisana Simey Olvera al concluir un intenso intercambio de posturas en tribuna. Tras el debate, ambas legisladoras protagonizaron un fuerte encontronazo que llam\u00f3 la\" \/>\n<meta property=\"og:url\" content=\"https:\/\/elcardinal.com\/?p=6584\" \/>\n<meta property=\"og:site_name\" content=\"El Cardinal\" \/>\n<meta property=\"article:publisher\" content=\"https:\/\/www.facebook.com\/profile.php?id=100063093107011\" \/>\n<meta property=\"article:published_time\" content=\"2026-07-23T03:01:13+00:00\" \/>\n<meta property=\"og:image\" content=\"https:\/\/elcardinal.com\/wp-content\/uploads\/2026\/07\/IMG-20260722-WA0078.jpg\" \/>\n\t<meta property=\"og:image:width\" content=\"1280\" \/>\n\t<meta property=\"og:image:height\" content=\"889\" \/>\n\t<meta property=\"og:image:type\" content=\"image\/jpeg\" \/>\n<meta name=\"author\" content=\"Antonio Alcaraz\" \/>\n<meta name=\"twitter:card\" content=\"summary_large_image\" \/>\n<meta name=\"twitter:creator\" content=\"@ElCardinal_Mx\" \/>\n<meta name=\"twitter:site\" content=\"@ElCardinal_Mx\" \/>\n<meta name=\"twitter:label1\" content=\"Escrito por\" \/>\n\t<meta name=\"twitter:data1\" content=\"Antonio Alcaraz\" \/>\n\t<meta name=\"twitter:label2\" content=\"Tiempo de lectura\" \/>\n\t<meta name=\"twitter:data2\" content=\"2 minutos\" \/>\n<script type=\"application\/ld+json\" class=\"yoast-schema-graph\">{\"@context\":\"https:\\\/\\\/schema.org\",\"@graph\":[{\"@type\":\"Article\",\"@id\":\"https:\\\/\\\/elcardinal.com\\\/?p=6584#article\",\"isPartOf\":{\"@id\":\"https:\\\/\\\/elcardinal.com\\\/?p=6584\"},\"author\":{\"name\":\"Antonio Alcaraz\",\"@id\":\"https:\\\/\\\/elcardinal.com\\\/#\\\/schema\\\/person\\\/3c352ec0a33987fe275c0e8a2ea69f8b\"},\"headline\":\"TENSI\u00d3N EN EL SENADO: Carolina Viggiano encara a Simey Olvera tras acalorado debate\",\"datePublished\":\"2026-07-23T03:01:13+00:00\",\"mainEntityOfPage\":{\"@id\":\"https:\\\/\\\/elcardinal.com\\\/?p=6584\"},\"wordCount\":238,\"commentCount\":0,\"publisher\":{\"@id\":\"https:\\\/\\\/elcardinal.com\\\/#organization\"},\"image\":{\"@id\":\"https:\\\/\\\/elcardinal.com\\\/?p=6584#primaryimage\"},\"thumbnailUrl\":\"https:\\\/\\\/elcardinal.com\\\/wp-content\\\/uploads\\\/2026\\\/07\\\/IMG-20260722-WA0078.jpg\",\"articleSection\":[\"Hidalgo\",\"Minuto a Minuto\"],\"inLanguage\":\"es\",\"potentialAction\":[{\"@type\":\"CommentAction\",\"name\":\"Comment\",\"target\":[\"https:\\\/\\\/elcardinal.com\\\/?p=6584#respond\"]}]},{\"@type\":\"WebPage\",\"@id\":\"https:\\\/\\\/elcardinal.com\\\/?p=6584\",\"url\":\"https:\\\/\\\/elcardinal.com\\\/?p=6584\",\"name\":\"TENSI\u00d3N EN EL SENADO: Carolina Viggiano encara a Simey Olvera tras acalorado debate - El Cardinal\",\"isPartOf\":{\"@id\":\"https:\\\/\\\/elcardinal.com\\\/#website\"},\"primaryImageOfPage\":{\"@id\":\"https:\\\/\\\/elcardinal.com\\\/?p=6584#primaryimage\"},\"image\":{\"@id\":\"https:\\\/\\\/elcardinal.com\\\/?p=6584#primaryimage\"},\"thumbnailUrl\":\"https:\\\/\\\/elcardinal.com\\\/wp-content\\\/uploads\\\/2026\\\/07\\\/IMG-20260722-WA0078.jpg\",\"datePublished\":\"2026-07-23T03:01:13+00:00\",\"breadcrumb\":{\"@id\":\"https:\\\/\\\/elcardinal.com\\\/?p=6584#breadcrumb\"},\"inLanguage\":\"es\",\"potentialAction\":[{\"@type\":\"ReadAction\",\"target\":[\"https:\\\/\\\/elcardinal.com\\\/?p=6584\"]}]},{\"@type\":\"ImageObject\",\"inLanguage\":\"es\",\"@id\":\"https:\\\/\\\/elcardinal.com\\\/?p=6584#primaryimage\",\"url\":\"https:\\\/\\\/elcardinal.com\\\/wp-content\\\/uploads\\\/2026\\\/07\\\/IMG-20260722-WA0078.jpg\",\"contentUrl\":\"https:\\\/\\\/elcardinal.com\\\/wp-content\\\/uploads\\\/2026\\\/07\\\/IMG-20260722-WA0078.jpg\",\"width\":1280,\"height\":889},{\"@type\":\"BreadcrumbList\",\"@id\":\"https:\\\/\\\/elcardinal.com\\\/?p=6584#breadcrumb\",\"itemListElement\":[{\"@type\":\"ListItem\",\"position\":1,\"name\":\"Inicio\",\"item\":\"https:\\\/\\\/elcardinal.com\\\/\"},{\"@type\":\"ListItem\",\"position\":2,\"name\":\"TENSI\u00d3N EN EL SENADO: Carolina Viggiano encara a Simey Olvera tras acalorado debate\"}]},{\"@type\":\"WebSite\",\"@id\":\"https:\\\/\\\/elcardinal.com\\\/#website\",\"url\":\"https:\\\/\\\/elcardinal.com\\\/\",\"name\":\"El Cardinal\",\"description\":\"Periodismo honesto, con valor, sentido humano, a veces sarc\u00e1stico y divertido.\",\"publisher\":{\"@id\":\"https:\\\/\\\/elcardinal.com\\\/#organization\"},\"alternateName\":\"El Cardinal Noticias\",\"potentialAction\":[{\"@type\":\"SearchAction\",\"target\":{\"@type\":\"EntryPoint\",\"urlTemplate\":\"https:\\\/\\\/elcardinal.com\\\/?s={search_term_string}\"},\"query-input\":{\"@type\":\"PropertyValueSpecification\",\"valueRequired\":true,\"valueName\":\"search_term_string\"}}],\"inLanguage\":\"es\"},{\"@type\":\"Organization\",\"@id\":\"https:\\\/\\\/elcardinal.com\\\/#organization\",\"name\":\"El Cardinal\",\"url\":\"https:\\\/\\\/elcardinal.com\\\/\",\"logo\":{\"@type\":\"ImageObject\",\"inLanguage\":\"es\",\"@id\":\"https:\\\/\\\/elcardinal.com\\\/#\\\/schema\\\/logo\\\/image\\\/\",\"url\":\"https:\\\/\\\/elcardinal.com\\\/wp-content\\\/uploads\\\/2025\\\/04\\\/LOGO-EL-CARDINAL-Periodismo-con-valor.png\",\"contentUrl\":\"https:\\\/\\\/elcardinal.com\\\/wp-content\\\/uploads\\\/2025\\\/04\\\/LOGO-EL-CARDINAL-Periodismo-con-valor.png\",\"width\":755,\"height\":636,\"caption\":\"El Cardinal\"},\"image\":{\"@id\":\"https:\\\/\\\/elcardinal.com\\\/#\\\/schema\\\/logo\\\/image\\\/\"},\"sameAs\":[\"https:\\\/\\\/www.facebook.com\\\/profile.php?id=100063093107011\",\"https:\\\/\\\/x.com\\\/ElCardinal_Mx\"]},{\"@type\":\"Person\",\"@id\":\"https:\\\/\\\/elcardinal.com\\\/#\\\/schema\\\/person\\\/3c352ec0a33987fe275c0e8a2ea69f8b\",\"name\":\"Antonio Alcaraz\",\"image\":{\"@type\":\"ImageObject\",\"inLanguage\":\"es\",\"@id\":\"https:\\\/\\\/elcardinal.com\\\/wp-content\\\/uploads\\\/2025\\\/05\\\/cropped-TONO-96x96.jpg\",\"url\":\"https:\\\/\\\/elcardinal.com\\\/wp-content\\\/uploads\\\/2025\\\/05\\\/cropped-TONO-96x96.jpg\",\"contentUrl\":\"https:\\\/\\\/elcardinal.com\\\/wp-content\\\/uploads\\\/2025\\\/05\\\/cropped-TONO-96x96.jpg\",\"caption\":\"Antonio Alcaraz\"},\"url\":\"https:\\\/\\\/elcardinal.com\\\/?author=2\"}]}<\/script>\n<!-- \/ Yoast SEO plugin. -->","yoast_head_json":{"title":"TENSI\u00d3N EN EL SENADO: Carolina Viggiano encara a Simey Olvera tras acalorado debate - El Cardinal","robots":{"index":"index","follow":"follow","max-snippet":"max-snippet:-1","max-image-preview":"max-image-preview:large","max-video-preview":"max-video-preview:-1"},"canonical":"https:\/\/elcardinal.com\/?p=6584","og_locale":"es_MX","og_type":"article","og_title":"TENSI\u00d3N EN EL SENADO: Carolina Viggiano encara a Simey Olvera tras acalorado debate - El Cardinal","og_description":"By El Cardinalito El Senado de la Rep\u00fablica fue escenario de un momento de alta tensi\u00f3n luego de que la senadora hidalguense Carolina Viggiano se dirigiera a la curul de su paisana Simey Olvera al concluir un intenso intercambio de posturas en tribuna. Tras el debate, ambas legisladoras protagonizaron un fuerte encontronazo que llam\u00f3 la","og_url":"https:\/\/elcardinal.com\/?p=6584","og_site_name":"El Cardinal","article_publisher":"https:\/\/www.facebook.com\/profile.php?id=100063093107011","article_published_time":"2026-07-23T03:01:13+00:00","og_image":[{"width":1280,"height":889,"url":"https:\/\/elcardinal.com\/wp-content\/uploads\/2026\/07\/IMG-20260722-WA0078.jpg","type":"image\/jpeg"}],"author":"Antonio Alcaraz","twitter_card":"summary_large_image","twitter_creator":"@ElCardinal_Mx","twitter_site":"@ElCardinal_Mx","twitter_misc":{"Escrito por":"Antonio Alcaraz","Tiempo de lectura":"2 minutos"},"schema":{"@context":"https:\/\/schema.org","@graph":[{"@type":"Article","@id":"https:\/\/elcardinal.com\/?p=6584#article","isPartOf":{"@id":"https:\/\/elcardinal.com\/?p=6584"},"author":{"name":"Antonio Alcaraz","@id":"https:\/\/elcardinal.com\/#\/schema\/person\/3c352ec0a33987fe275c0e8a2ea69f8b"},"headline":"TENSI\u00d3N EN EL SENADO: Carolina Viggiano encara a Simey Olvera tras acalorado debate","datePublished":"2026-07-23T03:01:13+00:00","mainEntityOfPage":{"@id":"https:\/\/elcardinal.com\/?p=6584"},"wordCount":238,"commentCount":0,"publisher":{"@id":"https:\/\/elcardinal.com\/#organization"},"image":{"@id":"https:\/\/elcardinal.com\/?p=6584#primaryimage"},"thumbnailUrl":"https:\/\/elcardinal.com\/wp-content\/uploads\/2026\/07\/IMG-20260722-WA0078.jpg","articleSection":["Hidalgo","Minuto a Minuto"],"inLanguage":"es","potentialAction":[{"@type":"CommentAction","name":"Comment","target":["https:\/\/elcardinal.com\/?p=6584#respond"]}]},{"@type":"WebPage","@id":"https:\/\/elcardinal.com\/?p=6584","url":"https:\/\/elcardinal.com\/?p=6584","name":"TENSI\u00d3N EN EL SENADO: Carolina Viggiano encara a Simey Olvera tras acalorado debate - El Cardinal","isPartOf":{"@id":"https:\/\/elcardinal.com\/#website"},"primaryImageOfPage":{"@id":"https:\/\/elcardinal.com\/?p=6584#primaryimage"},"image":{"@id":"https:\/\/elcardinal.com\/?p=6584#primaryimage"},"thumbnailUrl":"https:\/\/elcardinal.com\/wp-content\/uploads\/2026\/07\/IMG-20260722-WA0078.jpg","datePublished":"2026-07-23T03:01:13+00:00","breadcrumb":{"@id":"https:\/\/elcardinal.com\/?p=6584#breadcrumb"},"inLanguage":"es","potentialAction":[{"@type":"ReadAction","target":["https:\/\/elcardinal.com\/?p=6584"]}]},{"@type":"ImageObject","inLanguage":"es","@id":"https:\/\/elcardinal.com\/?p=6584#primaryimage","url":"https:\/\/elcardinal.com\/wp-content\/uploads\/2026\/07\/IMG-20260722-WA0078.jpg","contentUrl":"https:\/\/elcardinal.com\/wp-content\/uploads\/2026\/07\/IMG-20260722-WA0078.jpg","width":1280,"height":889},{"@type":"BreadcrumbList","@id":"https:\/\/elcardinal.com\/?p=6584#breadcrumb","itemListElement":[{"@type":"ListItem","position":1,"name":"Inicio","item":"https:\/\/elcardinal.com\/"},{"@type":"ListItem","position":2,"name":"TENSI\u00d3N EN EL SENADO: Carolina Viggiano encara a Simey Olvera tras acalorado debate"}]},{"@type":"WebSite","@id":"https:\/\/elcardinal.com\/#website","url":"https:\/\/elcardinal.com\/","name":"El Cardinal","description":"Periodismo honesto, con valor, sentido humano, a veces sarc\u00e1stico y divertido.","publisher":{"@id":"https:\/\/elcardinal.com\/#organization"},"alternateName":"El Cardinal Noticias","potentialAction":[{"@type":"SearchAction","target":{"@type":"EntryPoint","urlTemplate":"https:\/\/elcardinal.com\/?s={search_term_string}"},"query-input":{"@type":"PropertyValueSpecification","valueRequired":true,"valueName":"search_term_string"}}],"inLanguage":"es"},{"@type":"Organization","@id":"https:\/\/elcardinal.com\/#organization","name":"El Cardinal","url":"https:\/\/elcardinal.com\/","logo":{"@type":"ImageObject","inLanguage":"es","@id":"https:\/\/elcardinal.com\/#\/schema\/logo\/image\/","url":"https:\/\/elcardinal.com\/wp-content\/uploads\/2025\/04\/LOGO-EL-CARDINAL-Periodismo-con-valor.png","contentUrl":"https:\/\/elcardinal.com\/wp-content\/uploads\/2025\/04\/LOGO-EL-CARDINAL-Periodismo-con-valor.png","width":755,"height":636,"caption":"El Cardinal"},"image":{"@id":"https:\/\/elcardinal.com\/#\/schema\/logo\/image\/"},"sameAs":["https:\/\/www.facebook.com\/profile.php?id=100063093107011","https:\/\/x.com\/ElCardinal_Mx"]},{"@type":"Person","@id":"https:\/\/elcardinal.com\/#\/schema\/person\/3c352ec0a33987fe275c0e8a2ea69f8b","name":"Antonio Alcaraz","image":{"@type":"ImageObject","inLanguage":"es","@id":"https:\/\/elcardinal.com\/wp-content\/uploads\/2025\/05\/cropped-TONO-96x96.jpg","url":"https:\/\/elcardinal.com\/wp-content\/uploads\/2025\/05\/cropped-TONO-96x96.jpg","contentUrl":"https:\/\/elcardinal.com\/wp-content\/uploads\/2025\/05\/cropped-TONO-96x96.jpg","caption":"Antonio Alcaraz"},"url":"https:\/\/elcardinal.com\/?author=2"}]}},"_links":{"self":[{"href":"https:\/\/elcardinal.com\/index.php?rest_route=\/wp\/v2\/posts\/6584","targetHints":{"allow":["GET"]}}],"collection":[{"href":"https:\/\/elcardinal.com\/index.php?rest_route=\/wp\/v2\/posts"}],"about":[{"href":"https:\/\/elcardinal.com\/index.php?rest_route=\/wp\/v2\/types\/post"}],"author":[{"embeddable":true,"href":"https:\/\/elcardinal.com\/index.php?rest_route=\/wp\/v2\/users\/2"}],"replies":[{"embeddable":true,"href":"https:\/\/elcardinal.com\/index.php?rest_route=%2Fwp%2Fv2%2Fcomments&post=6584"}],"version-history":[{"count":1,"href":"https:\/\/elcardinal.com\/index.php?rest_route=\/wp\/v2\/posts\/6584\/revisions"}],"predecessor-version":[{"id":6586,"href":"https:\/\/elcardinal.com\/index.php?rest_route=\/wp\/v2\/posts\/6584\/revisions\/6586"}],"wp:featuredmedia":[{"embeddable":true,"href":"https:\/\/elcardinal.com\/index.php?rest_route=\/wp\/v2\/media\/6585"}],"wp:attachment":[{"href":"https:\/\/elcardinal.com\/index.php?rest_route=%2Fwp%2Fv2%2Fmedia&parent=6584"}],"wp:term":[{"taxonomy":"category","embeddable":true,"href":"https:\/\/elcardinal.com\/index.php?rest_route=%2Fwp%2Fv2%2Fcategories&post=6584"},{"taxonomy":"post_tag","embeddable":true,"href":"https:\/\/elcardinal.com\/index.php?rest_route=%2Fwp%2Fv2%2Ftags&post=6584"}],"curies":[{"name":"wp","href":"https:\/\/api.w.org\/{rel}","templated":true}]}}