{"id":6587,"date":"2026-07-23T13:17:26","date_gmt":"2026-07-23T19:17:26","guid":{"rendered":"https:\/\/elcardinal.com\/?p=6587"},"modified":"2026-07-23T13:17:26","modified_gmt":"2026-07-23T19:17:26","slug":"congreso-de-hidalgo-fortalece-la-prevencion-de-riesgos-psicosociales-en-los-centros-de-trabajo","status":"publish","type":"post","link":"https:\/\/elcardinal.com\/?p=6587","title":{"rendered":"Congreso de Hidalgo fortalece la prevenci\u00f3n de riesgos psicosociales en los centros de trabajo"},"content":{"rendered":"<p>Redacci\u00f3n<\/p>\n<p><span style=\"font-weight: 400;\">En sesi\u00f3n ordinaria, diputadas y diputados integrantes de la <\/span><b>LXVI Legislatura<\/b><span style=\"font-weight: 400;\"> avalaron con 25 votos a favor, cero en contra y cero abstenciones, el dictamen que aprueba con modificaciones la iniciativa que reforma la Ley de Salud Mental y Prevenci\u00f3n del Suicidio para el Estado de Hidalgo, emitido por la primera Comisi\u00f3n Permanente de Legislaci\u00f3n y Puntos Constitucionales.<\/span><\/p>\n<p><span style=\"font-weight: 400;\">El diputado <\/span><b>Arturo G\u00f3mez Canales<\/b><span style=\"font-weight: 400;\"> (Morena), uno de las y los promoventes del dictamen, inform\u00f3 que el prop\u00f3sito es incorporar la prevenci\u00f3n de los factores de riesgo psicosocial en los entornos laborales como parte de las pol\u00edticas p\u00fablicas de salud.<\/span><\/p>\n<p><b>Otros dict\u00e1menes<\/b><\/p>\n<p><b>Presentaci\u00f3n de los acuerdos tarifarios<\/b><\/p>\n<p><span style=\"font-weight: 400;\">Tambi\u00e9n avalaron con 25 votos a favor, cero en contra y cero abstenciones, el dictamen que aprueba con modificaciones la iniciativa que reforma la Ley de Agua y Alcantarillado para el Estado de Hidalgo, en materia de establecimiento de plazos para la formulaci\u00f3n, aprobaci\u00f3n y presentaci\u00f3n de los acuerdos tarifarios de los organismos operadores de agua municipales, emitido por la primera Comisi\u00f3n Permanente de Hacienda y Presupuesto.<\/span><\/p>\n<p><span style=\"font-weight: 400;\">El legislador <\/span><b>Miguel \u00c1ngel Moreno Zamora<\/b><span style=\"font-weight: 400;\"> (Morena), promovente del dictamen, record\u00f3 que la finalidad es optimizar la planeaci\u00f3n hacendaria estatal y municipal, dotando de certeza jur\u00eddica a los organismos operadores de agua locales, respecto a los plazos con que cuentan para la formulaci\u00f3n, aprobaci\u00f3n y presentaci\u00f3n ante el Congreso del Estado de Hidalgo, de sus acuerdos tarifarios.<\/span><\/p>\n<p><b>Modificaci\u00f3n a la Ley de Ingresos del Municipio de Ixmiquilpan<\/b><\/p>\n<p><span style=\"font-weight: 400;\">Adem\u00e1s, avalaron con 24 votos a favor, cero en contra y cero abstenciones, el dictamen que aprueba la modificaci\u00f3n a la Ley de Ingresos del Municipio de Ixmiquilpan para el ejercicio fiscal 2026, emitido por la primera Comisi\u00f3n Permanente de Hacienda y Presupuesto.<\/span><\/p>\n<p><span style=\"font-weight: 400;\">La diputada <\/span><b>Cynthia Citlali Delgado Mendoza<\/b><span style=\"font-weight: 400;\"> (Morena) explic\u00f3 que se modifican las cuotas de asistencia social, en espec\u00edfico las correspondientes al Centro de Asistencia Infantil Comunitario (CAIC), los desayunos escolares fr\u00edos y desayunos escolares calientes.<\/span><\/p>\n<p><b>Modificaci\u00f3n de cuotas y tarifas de agua<\/b><\/p>\n<p><span style=\"font-weight: 400;\">Asimismo, avalaron con 25 votos a favor, cero en contra y cero abstenciones, el dictamen que aprueba la modificaci\u00f3n de las cuotas y tarifas de la Comisi\u00f3n de Agua y Saneamiento del Municipio de Ajacuba para el ejercicio fiscal 2026, emitido por la primera Comisi\u00f3n Permanente de Hacienda y Presupuesto.<\/span><\/p>\n<p><span style=\"font-weight: 400;\">La legisladora <\/span><b>Diana Rangel Z\u00fa\u00f1iga<\/b><span style=\"font-weight: 400;\"> (Morena) precis\u00f3 que se reforma el apartado de \u201cagua potable\u201d, en lo correspondiente a las cuotas por \u201ctarifa comercial\u201d y \u201ctarifa industrial\u201d.<\/span><\/p>\n<p><b>Prevenci\u00f3n del sobrepeso y la obesidad en el entorno escolar<\/b><\/p>\n<p><span style=\"font-weight: 400;\">Adem\u00e1s, avalaron con 23 votos a favor, cero en contra y cero abstenciones, el dictamen que aprueba con modificaciones la iniciativa que reforma la Ley de Educaci\u00f3n del Estado de Hidalgo, en materia de educaci\u00f3n para la salud y prevenci\u00f3n del sobrepeso y la obesidad en el entorno escolar, emitido por la primera Comisi\u00f3n Permanente de Legislaci\u00f3n y Puntos Constitucionales.<\/span><\/p>\n<p><span style=\"font-weight: 400;\">La legisladora <\/span><b>Orqu\u00eddea Larragoiti Osorio<\/b><span style=\"font-weight: 400;\"> (PT), promovente del dictamen, explic\u00f3 que la finalidad es fortalecer la prevenci\u00f3n, detecci\u00f3n y atenci\u00f3n del sobrepeso y la obesidad en ni\u00f1as, ni\u00f1os y adolescentes dentro del entorno escolar, estableciendo obligaciones claras para las autoridades educativas estatales y municipales, as\u00ed como mecanismos de coordinaci\u00f3n, evaluaci\u00f3n y seguimiento.<\/span><\/p>\n<p><b>Acuerdo econ\u00f3mico<\/b><\/p>\n<p><b>Vigencia de sus estudios actuariales<\/b><\/p>\n<p><span style=\"font-weight: 400;\">Por otro lado, avalaron con 21 votos a favor, cero en contra y cero abstenciones, el acuerdo econ\u00f3mico que exhorta a los municipios que cuenten con trabajadores sindicalizados, pensionados, jubilados o pasivos laborales derivados de controversias de trabajo, a informar sobre la vigencia de sus estudios actuariales y, en su caso, realicen las acciones necesarias para su actualizaci\u00f3n, en cumplimiento de la legislaci\u00f3n en materia de disciplina financiera y responsabilidad hacendaria, promovido por diputadas y diputados, emitido por la primera Comisi\u00f3n Permanente de Hacienda y Presupuesto.<\/span><\/p>\n<p><span style=\"font-weight: 400;\">El legislador <\/span><b>Francisco Javier T\u00e9llez S\u00e1nchez<\/b><span style=\"font-weight: 400;\"> (PT) precis\u00f3 que tambi\u00e9n se les solicita considerar, al momento de remitir sus iniciativas de leyes de ingresos al Congreso del Estado, la incorporaci\u00f3n de estudios actuariales vigentes, conforme a los requisitos previstos en la legislaci\u00f3n aplicable en materia de disciplina financiera y responsabilidad hacendaria.<\/span><\/p>\n","protected":false},"excerpt":{"rendered":"<p>Redacci\u00f3n En sesi\u00f3n ordinaria, diputadas y diputados integrantes de la LXVI Legislatura avalaron con 25 votos a favor, cero en contra y cero abstenciones, el dictamen que aprueba con modificaciones la iniciativa que reforma la Ley de Salud Mental y Prevenci\u00f3n del Suicidio para el Estado de Hidalgo, emitido por la primera Comisi\u00f3n Permanente de<\/p>\n","protected":false},"author":2,"featured_media":6588,"comment_status":"open","ping_status":"open","sticky":false,"template":"","format":"standard","meta":{"footnotes":""},"categories":[31,44,39],"tags":[],"class_list":["post-6587","post","type-post","status-publish","format-standard","has-post-thumbnail","category-hidalgo","category-minuto-a-minuto","category-politica"],"yoast_head":"<!-- This site is optimized with the Yoast SEO plugin v28.0 - https:\/\/yoast.com\/product\/yoast-seo-wordpress\/ -->\n<title>Congreso de Hidalgo fortalece la prevenci\u00f3n de riesgos psicosociales en los centros de trabajo - El Cardinal<\/title>\n<meta name=\"robots\" content=\"index, follow, max-snippet:-1, max-image-preview:large, max-video-preview:-1\" \/>\n<link rel=\"canonical\" href=\"https:\/\/elcardinal.com\/?p=6587\" \/>\n<meta property=\"og:locale\" content=\"es_MX\" \/>\n<meta property=\"og:type\" content=\"article\" \/>\n<meta property=\"og:title\" content=\"Congreso de Hidalgo fortalece la prevenci\u00f3n de riesgos psicosociales en los centros de trabajo - El Cardinal\" \/>\n<meta property=\"og:description\" content=\"Redacci\u00f3n En sesi\u00f3n ordinaria, diputadas y diputados integrantes de la LXVI Legislatura avalaron con 25 votos a favor, cero en contra y cero abstenciones, el dictamen que aprueba con modificaciones la iniciativa que reforma la Ley de Salud Mental y Prevenci\u00f3n del Suicidio para el Estado de Hidalgo, emitido por la primera Comisi\u00f3n Permanente de\" \/>\n<meta property=\"og:url\" content=\"https:\/\/elcardinal.com\/?p=6587\" \/>\n<meta property=\"og:site_name\" content=\"El Cardinal\" \/>\n<meta property=\"article:publisher\" content=\"https:\/\/www.facebook.com\/profile.php?id=100063093107011\" \/>\n<meta property=\"article:published_time\" content=\"2026-07-23T19:17:26+00:00\" \/>\n<meta property=\"og:image\" content=\"https:\/\/elcardinal.com\/wp-content\/uploads\/2026\/07\/Sesion-22.07.2026-ordinaria-21-1-scaled.jpg\" \/>\n\t<meta property=\"og:image:width\" content=\"2560\" \/>\n\t<meta property=\"og:image:height\" content=\"1447\" \/>\n\t<meta property=\"og:image:type\" content=\"image\/jpeg\" \/>\n<meta name=\"author\" content=\"Antonio Alcaraz\" \/>\n<meta name=\"twitter:card\" content=\"summary_large_image\" \/>\n<meta name=\"twitter:creator\" content=\"@ElCardinal_Mx\" \/>\n<meta name=\"twitter:site\" content=\"@ElCardinal_Mx\" \/>\n<meta name=\"twitter:label1\" content=\"Escrito por\" \/>\n\t<meta name=\"twitter:data1\" content=\"Antonio Alcaraz\" \/>\n\t<meta name=\"twitter:label2\" content=\"Tiempo de lectura\" \/>\n\t<meta name=\"twitter:data2\" content=\"4 minutos\" \/>\n<script type=\"application\/ld+json\" class=\"yoast-schema-graph\">{\"@context\":\"https:\\\/\\\/schema.org\",\"@graph\":[{\"@type\":\"Article\",\"@id\":\"https:\\\/\\\/elcardinal.com\\\/?p=6587#article\",\"isPartOf\":{\"@id\":\"https:\\\/\\\/elcardinal.com\\\/?p=6587\"},\"author\":{\"name\":\"Antonio Alcaraz\",\"@id\":\"https:\\\/\\\/elcardinal.com\\\/#\\\/schema\\\/person\\\/3c352ec0a33987fe275c0e8a2ea69f8b\"},\"headline\":\"Congreso de Hidalgo fortalece la prevenci\u00f3n de riesgos psicosociales en los centros de trabajo\",\"datePublished\":\"2026-07-23T19:17:26+00:00\",\"mainEntityOfPage\":{\"@id\":\"https:\\\/\\\/elcardinal.com\\\/?p=6587\"},\"wordCount\":733,\"commentCount\":0,\"publisher\":{\"@id\":\"https:\\\/\\\/elcardinal.com\\\/#organization\"},\"image\":{\"@id\":\"https:\\\/\\\/elcardinal.com\\\/?p=6587#primaryimage\"},\"thumbnailUrl\":\"https:\\\/\\\/elcardinal.com\\\/wp-content\\\/uploads\\\/2026\\\/07\\\/Sesion-22.07.2026-ordinaria-21-1-scaled.jpg\",\"articleSection\":[\"Hidalgo\",\"Minuto a Minuto\",\"Pol\u00edtica\"],\"inLanguage\":\"es\",\"potentialAction\":[{\"@type\":\"CommentAction\",\"name\":\"Comment\",\"target\":[\"https:\\\/\\\/elcardinal.com\\\/?p=6587#respond\"]}]},{\"@type\":\"WebPage\",\"@id\":\"https:\\\/\\\/elcardinal.com\\\/?p=6587\",\"url\":\"https:\\\/\\\/elcardinal.com\\\/?p=6587\",\"name\":\"Congreso de Hidalgo fortalece la prevenci\u00f3n de riesgos psicosociales en los centros de trabajo - El Cardinal\",\"isPartOf\":{\"@id\":\"https:\\\/\\\/elcardinal.com\\\/#website\"},\"primaryImageOfPage\":{\"@id\":\"https:\\\/\\\/elcardinal.com\\\/?p=6587#primaryimage\"},\"image\":{\"@id\":\"https:\\\/\\\/elcardinal.com\\\/?p=6587#primaryimage\"},\"thumbnailUrl\":\"https:\\\/\\\/elcardinal.com\\\/wp-content\\\/uploads\\\/2026\\\/07\\\/Sesion-22.07.2026-ordinaria-21-1-scaled.jpg\",\"datePublished\":\"2026-07-23T19:17:26+00:00\",\"breadcrumb\":{\"@id\":\"https:\\\/\\\/elcardinal.com\\\/?p=6587#breadcrumb\"},\"inLanguage\":\"es\",\"potentialAction\":[{\"@type\":\"ReadAction\",\"target\":[\"https:\\\/\\\/elcardinal.com\\\/?p=6587\"]}]},{\"@type\":\"ImageObject\",\"inLanguage\":\"es\",\"@id\":\"https:\\\/\\\/elcardinal.com\\\/?p=6587#primaryimage\",\"url\":\"https:\\\/\\\/elcardinal.com\\\/wp-content\\\/uploads\\\/2026\\\/07\\\/Sesion-22.07.2026-ordinaria-21-1-scaled.jpg\",\"contentUrl\":\"https:\\\/\\\/elcardinal.com\\\/wp-content\\\/uploads\\\/2026\\\/07\\\/Sesion-22.07.2026-ordinaria-21-1-scaled.jpg\",\"width\":2560,\"height\":1447,\"caption\":\"????????????????\"},{\"@type\":\"BreadcrumbList\",\"@id\":\"https:\\\/\\\/elcardinal.com\\\/?p=6587#breadcrumb\",\"itemListElement\":[{\"@type\":\"ListItem\",\"position\":1,\"name\":\"Inicio\",\"item\":\"https:\\\/\\\/elcardinal.com\\\/\"},{\"@type\":\"ListItem\",\"position\":2,\"name\":\"Congreso de Hidalgo fortalece la prevenci\u00f3n de riesgos psicosociales en los centros de trabajo\"}]},{\"@type\":\"WebSite\",\"@id\":\"https:\\\/\\\/elcardinal.com\\\/#website\",\"url\":\"https:\\\/\\\/elcardinal.com\\\/\",\"name\":\"El Cardinal\",\"description\":\"Periodismo honesto, con valor, sentido humano, a veces sarc\u00e1stico y divertido.\",\"publisher\":{\"@id\":\"https:\\\/\\\/elcardinal.com\\\/#organization\"},\"alternateName\":\"El Cardinal Noticias\",\"potentialAction\":[{\"@type\":\"SearchAction\",\"target\":{\"@type\":\"EntryPoint\",\"urlTemplate\":\"https:\\\/\\\/elcardinal.com\\\/?s={search_term_string}\"},\"query-input\":{\"@type\":\"PropertyValueSpecification\",\"valueRequired\":true,\"valueName\":\"search_term_string\"}}],\"inLanguage\":\"es\"},{\"@type\":\"Organization\",\"@id\":\"https:\\\/\\\/elcardinal.com\\\/#organization\",\"name\":\"El Cardinal\",\"url\":\"https:\\\/\\\/elcardinal.com\\\/\",\"logo\":{\"@type\":\"ImageObject\",\"inLanguage\":\"es\",\"@id\":\"https:\\\/\\\/elcardinal.com\\\/#\\\/schema\\\/logo\\\/image\\\/\",\"url\":\"https:\\\/\\\/elcardinal.com\\\/wp-content\\\/uploads\\\/2025\\\/04\\\/LOGO-EL-CARDINAL-Periodismo-con-valor.png\",\"contentUrl\":\"https:\\\/\\\/elcardinal.com\\\/wp-content\\\/uploads\\\/2025\\\/04\\\/LOGO-EL-CARDINAL-Periodismo-con-valor.png\",\"width\":755,\"height\":636,\"caption\":\"El Cardinal\"},\"image\":{\"@id\":\"https:\\\/\\\/elcardinal.com\\\/#\\\/schema\\\/logo\\\/image\\\/\"},\"sameAs\":[\"https:\\\/\\\/www.facebook.com\\\/profile.php?id=100063093107011\",\"https:\\\/\\\/x.com\\\/ElCardinal_Mx\"]},{\"@type\":\"Person\",\"@id\":\"https:\\\/\\\/elcardinal.com\\\/#\\\/schema\\\/person\\\/3c352ec0a33987fe275c0e8a2ea69f8b\",\"name\":\"Antonio Alcaraz\",\"image\":{\"@type\":\"ImageObject\",\"inLanguage\":\"es\",\"@id\":\"https:\\\/\\\/elcardinal.com\\\/wp-content\\\/uploads\\\/2025\\\/05\\\/cropped-TONO-96x96.jpg\",\"url\":\"https:\\\/\\\/elcardinal.com\\\/wp-content\\\/uploads\\\/2025\\\/05\\\/cropped-TONO-96x96.jpg\",\"contentUrl\":\"https:\\\/\\\/elcardinal.com\\\/wp-content\\\/uploads\\\/2025\\\/05\\\/cropped-TONO-96x96.jpg\",\"caption\":\"Antonio Alcaraz\"},\"url\":\"https:\\\/\\\/elcardinal.com\\\/?author=2\"}]}<\/script>\n<!-- \/ Yoast SEO plugin. -->","yoast_head_json":{"title":"Congreso de Hidalgo fortalece la prevenci\u00f3n de riesgos psicosociales en los centros de trabajo - El Cardinal","robots":{"index":"index","follow":"follow","max-snippet":"max-snippet:-1","max-image-preview":"max-image-preview:large","max-video-preview":"max-video-preview:-1"},"canonical":"https:\/\/elcardinal.com\/?p=6587","og_locale":"es_MX","og_type":"article","og_title":"Congreso de Hidalgo fortalece la prevenci\u00f3n de riesgos psicosociales en los centros de trabajo - El Cardinal","og_description":"Redacci\u00f3n En sesi\u00f3n ordinaria, diputadas y diputados integrantes de la LXVI Legislatura avalaron con 25 votos a favor, cero en contra y cero abstenciones, el dictamen que aprueba con modificaciones la iniciativa que reforma la Ley de Salud Mental y Prevenci\u00f3n del Suicidio para el Estado de Hidalgo, emitido por la primera Comisi\u00f3n Permanente de","og_url":"https:\/\/elcardinal.com\/?p=6587","og_site_name":"El Cardinal","article_publisher":"https:\/\/www.facebook.com\/profile.php?id=100063093107011","article_published_time":"2026-07-23T19:17:26+00:00","og_image":[{"width":2560,"height":1447,"url":"https:\/\/elcardinal.com\/wp-content\/uploads\/2026\/07\/Sesion-22.07.2026-ordinaria-21-1-scaled.jpg","type":"image\/jpeg"}],"author":"Antonio Alcaraz","twitter_card":"summary_large_image","twitter_creator":"@ElCardinal_Mx","twitter_site":"@ElCardinal_Mx","twitter_misc":{"Escrito por":"Antonio Alcaraz","Tiempo de lectura":"4 minutos"},"schema":{"@context":"https:\/\/schema.org","@graph":[{"@type":"Article","@id":"https:\/\/elcardinal.com\/?p=6587#article","isPartOf":{"@id":"https:\/\/elcardinal.com\/?p=6587"},"author":{"name":"Antonio Alcaraz","@id":"https:\/\/elcardinal.com\/#\/schema\/person\/3c352ec0a33987fe275c0e8a2ea69f8b"},"headline":"Congreso de Hidalgo fortalece la prevenci\u00f3n de riesgos psicosociales en los centros de trabajo","datePublished":"2026-07-23T19:17:26+00:00","mainEntityOfPage":{"@id":"https:\/\/elcardinal.com\/?p=6587"},"wordCount":733,"commentCount":0,"publisher":{"@id":"https:\/\/elcardinal.com\/#organization"},"image":{"@id":"https:\/\/elcardinal.com\/?p=6587#primaryimage"},"thumbnailUrl":"https:\/\/elcardinal.com\/wp-content\/uploads\/2026\/07\/Sesion-22.07.2026-ordinaria-21-1-scaled.jpg","articleSection":["Hidalgo","Minuto a Minuto","Pol\u00edtica"],"inLanguage":"es","potentialAction":[{"@type":"CommentAction","name":"Comment","target":["https:\/\/elcardinal.com\/?p=6587#respond"]}]},{"@type":"WebPage","@id":"https:\/\/elcardinal.com\/?p=6587","url":"https:\/\/elcardinal.com\/?p=6587","name":"Congreso de Hidalgo fortalece la prevenci\u00f3n de riesgos psicosociales en los centros de trabajo - El Cardinal","isPartOf":{"@id":"https:\/\/elcardinal.com\/#website"},"primaryImageOfPage":{"@id":"https:\/\/elcardinal.com\/?p=6587#primaryimage"},"image":{"@id":"https:\/\/elcardinal.com\/?p=6587#primaryimage"},"thumbnailUrl":"https:\/\/elcardinal.com\/wp-content\/uploads\/2026\/07\/Sesion-22.07.2026-ordinaria-21-1-scaled.jpg","datePublished":"2026-07-23T19:17:26+00:00","breadcrumb":{"@id":"https:\/\/elcardinal.com\/?p=6587#breadcrumb"},"inLanguage":"es","potentialAction":[{"@type":"ReadAction","target":["https:\/\/elcardinal.com\/?p=6587"]}]},{"@type":"ImageObject","inLanguage":"es","@id":"https:\/\/elcardinal.com\/?p=6587#primaryimage","url":"https:\/\/elcardinal.com\/wp-content\/uploads\/2026\/07\/Sesion-22.07.2026-ordinaria-21-1-scaled.jpg","contentUrl":"https:\/\/elcardinal.com\/wp-content\/uploads\/2026\/07\/Sesion-22.07.2026-ordinaria-21-1-scaled.jpg","width":2560,"height":1447,"caption":"????????????????"},{"@type":"BreadcrumbList","@id":"https:\/\/elcardinal.com\/?p=6587#breadcrumb","itemListElement":[{"@type":"ListItem","position":1,"name":"Inicio","item":"https:\/\/elcardinal.com\/"},{"@type":"ListItem","position":2,"name":"Congreso de Hidalgo fortalece la prevenci\u00f3n de riesgos psicosociales en los centros de trabajo"}]},{"@type":"WebSite","@id":"https:\/\/elcardinal.com\/#website","url":"https:\/\/elcardinal.com\/","name":"El Cardinal","description":"Periodismo honesto, con valor, sentido humano, a veces sarc\u00e1stico y divertido.","publisher":{"@id":"https:\/\/elcardinal.com\/#organization"},"alternateName":"El Cardinal Noticias","potentialAction":[{"@type":"SearchAction","target":{"@type":"EntryPoint","urlTemplate":"https:\/\/elcardinal.com\/?s={search_term_string}"},"query-input":{"@type":"PropertyValueSpecification","valueRequired":true,"valueName":"search_term_string"}}],"inLanguage":"es"},{"@type":"Organization","@id":"https:\/\/elcardinal.com\/#organization","name":"El Cardinal","url":"https:\/\/elcardinal.com\/","logo":{"@type":"ImageObject","inLanguage":"es","@id":"https:\/\/elcardinal.com\/#\/schema\/logo\/image\/","url":"https:\/\/elcardinal.com\/wp-content\/uploads\/2025\/04\/LOGO-EL-CARDINAL-Periodismo-con-valor.png","contentUrl":"https:\/\/elcardinal.com\/wp-content\/uploads\/2025\/04\/LOGO-EL-CARDINAL-Periodismo-con-valor.png","width":755,"height":636,"caption":"El Cardinal"},"image":{"@id":"https:\/\/elcardinal.com\/#\/schema\/logo\/image\/"},"sameAs":["https:\/\/www.facebook.com\/profile.php?id=100063093107011","https:\/\/x.com\/ElCardinal_Mx"]},{"@type":"Person","@id":"https:\/\/elcardinal.com\/#\/schema\/person\/3c352ec0a33987fe275c0e8a2ea69f8b","name":"Antonio Alcaraz","image":{"@type":"ImageObject","inLanguage":"es","@id":"https:\/\/elcardinal.com\/wp-content\/uploads\/2025\/05\/cropped-TONO-96x96.jpg","url":"https:\/\/elcardinal.com\/wp-content\/uploads\/2025\/05\/cropped-TONO-96x96.jpg","contentUrl":"https:\/\/elcardinal.com\/wp-content\/uploads\/2025\/05\/cropped-TONO-96x96.jpg","caption":"Antonio Alcaraz"},"url":"https:\/\/elcardinal.com\/?author=2"}]}},"_links":{"self":[{"href":"https:\/\/elcardinal.com\/index.php?rest_route=\/wp\/v2\/posts\/6587","targetHints":{"allow":["GET"]}}],"collection":[{"href":"https:\/\/elcardinal.com\/index.php?rest_route=\/wp\/v2\/posts"}],"about":[{"href":"https:\/\/elcardinal.com\/index.php?rest_route=\/wp\/v2\/types\/post"}],"author":[{"embeddable":true,"href":"https:\/\/elcardinal.com\/index.php?rest_route=\/wp\/v2\/users\/2"}],"replies":[{"embeddable":true,"href":"https:\/\/elcardinal.com\/index.php?rest_route=%2Fwp%2Fv2%2Fcomments&post=6587"}],"version-history":[{"count":1,"href":"https:\/\/elcardinal.com\/index.php?rest_route=\/wp\/v2\/posts\/6587\/revisions"}],"predecessor-version":[{"id":6589,"href":"https:\/\/elcardinal.com\/index.php?rest_route=\/wp\/v2\/posts\/6587\/revisions\/6589"}],"wp:featuredmedia":[{"embeddable":true,"href":"https:\/\/elcardinal.com\/index.php?rest_route=\/wp\/v2\/media\/6588"}],"wp:attachment":[{"href":"https:\/\/elcardinal.com\/index.php?rest_route=%2Fwp%2Fv2%2Fmedia&parent=6587"}],"wp:term":[{"taxonomy":"category","embeddable":true,"href":"https:\/\/elcardinal.com\/index.php?rest_route=%2Fwp%2Fv2%2Fcategories&post=6587"},{"taxonomy":"post_tag","embeddable":true,"href":"https:\/\/elcardinal.com\/index.php?rest_route=%2Fwp%2Fv2%2Ftags&post=6587"}],"curies":[{"name":"wp","href":"https:\/\/api.w.org\/{rel}","templated":true}]}}