{"id":6590,"date":"2026-07-23T14:05:03","date_gmt":"2026-07-23T20:05:03","guid":{"rendered":"https:\/\/elcardinal.com\/?p=6590"},"modified":"2026-07-23T14:05:03","modified_gmt":"2026-07-23T20:05:03","slug":"foro-por-la-igualdad-2026-reune-en-el-congreso-a-mujeres-lideres-y-reconoce-su-trayectoria","status":"publish","type":"post","link":"https:\/\/elcardinal.com\/?p=6590","title":{"rendered":"Foro por la Igualdad 2026 re\u00fane en el Congreso a mujeres l\u00edderes y reconoce su trayectoria"},"content":{"rendered":"<p>Redacci\u00f3n<\/p>\n<p>En el D\u00eda de la Mujer Masona, el Congreso del Estado Libre y Soberano de Hidalgo alberg\u00f3 el Foro por la Igualdad 2026 con el objetivo de promover la reflexi\u00f3n sobre la igualdad sustantiva y reconocer p\u00fablicamente a mujeres cuya trayectoria contribuye al desarrollo social, cultural, educativo y comunitario de la entidad.<\/p>\n<p>Adem\u00e1s, la Respetable Logia Simb\u00f3lica Femenina Columnas Bas\u00e1lticas n\u00famero 104 rindi\u00f3 un homenaje a la Maestra Mirna Yanira Garc\u00eda Vargas, mediante la entrega de la presea Laureana Wright Gonz\u00e1lez, en reconocimiento a su destacada trayectoria e invaluable contribuci\u00f3n al fortalecimiento de la masoner\u00eda en M\u00e9xico.<\/p>\n<p>El diputado Andr\u00e9s Vel\u00e1zquez V\u00e1zquez, presidente de la Junta de Gobierno, reafirm\u00f3 el compromiso de la Casa del Pueblo con la igualdad entre mujeres y hombres, destacando los avances alcanzados en el reconocimiento de los derechos de las mujeres, tanto en el \u00e1mbito pol\u00edtico como en el rural. Asimismo, anunci\u00f3 la presentaci\u00f3n de una iniciativa para garantizar la paridad en las presidencias municipales, con el objetivo de que el 50 por ciento de estos cargos sean ocupados por mujeres.<\/p>\n<p>Tambi\u00e9n reconoci\u00f3 la labor de destacadas mujeres y organizaciones mas\u00f3nicas femeninas por promover valores como la libertad, igualdad, fraternidad y solidaridad; adem\u00e1s, celebr\u00f3 el liderazgo de las mujeres en la vida p\u00fablica, el respaldo del gobierno estatal y federal a la igualdad de g\u00e9nero y la importancia de continuar impulsando leyes, pol\u00edticas p\u00fablicas y acciones que garanticen mayores oportunidades, libres de violencia y discriminaci\u00f3n.<\/p>\n<p>Gracia Patricia Velasco Gonz\u00e1lez, venerable maestra de la Respetable Logia Simb\u00f3lica Femenina Columnas Bas\u00e1lticas n\u00famero 104 de Pachuca de Soto, destac\u00f3 la importancia de la igualdad como un derecho humano fundamental y un pilar para construir una sociedad democr\u00e1tica, justa e incluyente, reconociendo los avances logrados en materia de derechos humanos, pero tambi\u00e9n los retos persistentes relacionados con las brechas de g\u00e9nero, desigualdad y discriminaci\u00f3n.<\/p>\n<p>Asimismo, hizo un llamado a convertir la igualdad en una pr\u00e1ctica cotidiana mediante pol\u00edticas p\u00fablicas, participaci\u00f3n ciudadana y corresponsabilidad entre instituciones y sociedad. Tambi\u00e9n present\u00f3 los ejes del encuentro: mujeres y liderazgo en la transformaci\u00f3n social, igualdad sustantiva y participaci\u00f3n ciudadana, as\u00ed como oportunidades para las nuevas generaciones, como base para impulsar un Hidalgo m\u00e1s equitativo.<\/p>\n<p>Mar\u00eda Gabriela Toledo Peralta, Muy Respetable Gran Maestra de la Muy Respetable Gran Logia Unida Femenina Alma Mexicana, record\u00f3 la trayectoria de m\u00e1s de 61 a\u00f1os de esta logia y rindi\u00f3 homenaje a Magdalena S\u00e1nchez de Alzaga, pionera de la masoner\u00eda en M\u00e9xico y s\u00edmbolo de la lucha por la igualdad.<\/p>\n<p>Por otro lado, resalt\u00f3 que este foro busca fortalecer la colaboraci\u00f3n entre instituciones, sociedad civil y masoner\u00eda para promover la igualdad sustantiva, el liderazgo femenino, la participaci\u00f3n ciudadana y la construcci\u00f3n de una democracia m\u00e1s s\u00f3lida. Enfatiz\u00f3 que liderar implica abrir oportunidades para otras mujeres y las nuevas generaciones, gui\u00e1ndose por los principios de libertad, igualdad, fraternidad, servicio y compromiso con el bien com\u00fan.<\/p>\n<p>La diputada Diana Rangel Z\u00fa\u00f1iga, presidenta de la primera Comisi\u00f3n Permanente de Igualdad de G\u00e9nero, agradeci\u00f3 la participaci\u00f3n de las asistentes, sus valiosas reflexiones y \u201cpor recordarnos que la igualdad se construye todos los d\u00edas con di\u00e1logo, respeto y acciones concretas. Desde el Poder Legislativo reiteramos nuestro compromiso de seguir impulsando una sociedad donde mujeres y hombres tengan las mismas oportunidades para desarrollarse y contribuir al bienestar de nuestro estado\u201d.<\/p>\n<p>El diputado Juli\u00e1n Nochebuena Hern\u00e1ndez, presidente de la directiva de julio, subray\u00f3 que la igualdad sustantiva requiere reconocer tanto los desaf\u00edos pendientes como los avances alcanzados gracias al esfuerzo, liderazgo y participaci\u00f3n de las mujeres, as\u00ed como a las decisiones legislativas que han fortalecido sus derechos en \u00e1mbitos como la igualdad jur\u00eddica, la protecci\u00f3n frente a la violencia, los derechos laborales, la seguridad social y la paridad pol\u00edtica.<\/p>\n<p>Conferencias<\/p>\n<p>Como parte de las del foro, la Venerable Hermana Mar\u00eda del Socorro Ju\u00e1rez Mayorga, Muy Respetable Gran Maestra y actual Gran Diputada de la Muy Respetable Gran Logia Unida Femenina Alma Mexicana, present\u00f3 la conferencia \u201cMujeres y liderazgo en la transformaci\u00f3n social\u201d.<\/p>\n<p>Ju\u00e1rez Mayorga sobresale por su amplia trayectoria acad\u00e9mica y social como presidenta vitalicia de diversas instituciones nacionales dedicadas a la ciencia, las humanidades, la geograf\u00eda, la historia y el desarrollo del adulto mayor, reconociendo su liderazgo y compromiso con la transformaci\u00f3n social a trav\u00e9s del servicio, el conocimiento y la promoci\u00f3n del papel de las mujeres en la construcci\u00f3n de una sociedad m\u00e1s justa e incluyente.<\/p>\n<p>Mientras que la Venerable Hermana Adriana Figueroa de S\u00e1nchez, Muy Respetable Gran Maestra de la Muy Respetable Gran Logia Unida Femenina Alma Mexicana, imparti\u00f3 la conferencia magistral \u201cIgualdad sustantiva y participaci\u00f3n ciudadana\u201d, en la que comparti\u00f3 reflexiones sobre la importancia de garantizar una participaci\u00f3n equitativa de la ciudadan\u00eda, particularmente de las mujeres, en la vida p\u00fablica.<\/p>\n<p>Finalmente, la Venerable Hermana Margarita Eugenia del Socorro Rosado Sol\u00eds, Muy Respetable Gran Maestra de la Muy Respetable Gran Logia Unida Femenina Alma Mexicana, imparti\u00f3 la conferencia \u201cConstrucci\u00f3n de oportunidades para las nuevas generaciones\u201d, en la cual subray\u00f3 la responsabilidad colectiva de crear mejores condiciones para quienes continuar\u00e1n la transformaci\u00f3n social.<\/p>\n<p>Rosado Sol\u00eds cuenta con una amplia trayectoria como doctora en Ciencias (astrof\u00edsica), es investigadora titular del Instituto de Astronom\u00eda de la UNAM y miembro em\u00e9rita del Sistema Nacional de Investigadoras e Investigadores, adem\u00e1s, ha brindado aportaciones en el estudio de galaxias, medio interestelar e instrumentaci\u00f3n astron\u00f3mica. Su labor cient\u00edfica, acad\u00e9mica y formativa, reflejada en numerosas publicaciones, proyectos de investigaci\u00f3n y generaciones de estudiantes, la posiciona como referente del desarrollo del conocimiento y ejemplo de liderazgo al servicio de las nuevas generaciones.<\/p>\n<p>Al evento tambi\u00e9n asistieron la diputada Paloma Barrag\u00e1n Santos, miembros de distintas logias y personal del Congreso.<\/p>\n","protected":false},"excerpt":{"rendered":"<p>Redacci\u00f3n En el D\u00eda de la Mujer Masona, el Congreso del Estado Libre y Soberano de Hidalgo alberg\u00f3 el Foro por la Igualdad 2026 con el objetivo de promover la reflexi\u00f3n sobre la igualdad sustantiva y reconocer p\u00fablicamente a mujeres cuya trayectoria contribuye al desarrollo social, cultural, educativo y comunitario de la entidad. Adem\u00e1s, la<\/p>\n","protected":false},"author":2,"featured_media":6591,"comment_status":"open","ping_status":"open","sticky":false,"template":"","format":"standard","meta":{"footnotes":""},"categories":[31,44,39],"tags":[70,62],"class_list":["post-6590","post","type-post","status-publish","format-standard","has-post-thumbnail","category-hidalgo","category-minuto-a-minuto","category-politica","tag-andres-velazquez","tag-congreso-de-hidalgo"],"yoast_head":"<!-- This site is optimized with the Yoast SEO plugin v28.0 - https:\/\/yoast.com\/product\/yoast-seo-wordpress\/ -->\n<title>Foro por la Igualdad 2026 re\u00fane en el Congreso a mujeres l\u00edderes y reconoce su trayectoria - El Cardinal<\/title>\n<meta name=\"robots\" content=\"index, follow, max-snippet:-1, max-image-preview:large, max-video-preview:-1\" \/>\n<link rel=\"canonical\" href=\"https:\/\/elcardinal.com\/?p=6590\" \/>\n<meta property=\"og:locale\" content=\"es_MX\" \/>\n<meta property=\"og:type\" content=\"article\" \/>\n<meta property=\"og:title\" content=\"Foro por la Igualdad 2026 re\u00fane en el Congreso a mujeres l\u00edderes y reconoce su trayectoria - El Cardinal\" \/>\n<meta property=\"og:description\" content=\"Redacci\u00f3n En el D\u00eda de la Mujer Masona, el Congreso del Estado Libre y Soberano de Hidalgo alberg\u00f3 el Foro por la Igualdad 2026 con el objetivo de promover la reflexi\u00f3n sobre la igualdad sustantiva y reconocer p\u00fablicamente a mujeres cuya trayectoria contribuye al desarrollo social, cultural, educativo y comunitario de la entidad. Adem\u00e1s, la\" \/>\n<meta property=\"og:url\" content=\"https:\/\/elcardinal.com\/?p=6590\" \/>\n<meta property=\"og:site_name\" content=\"El Cardinal\" \/>\n<meta property=\"article:publisher\" content=\"https:\/\/www.facebook.com\/profile.php?id=100063093107011\" \/>\n<meta property=\"article:published_time\" content=\"2026-07-23T20:05:03+00:00\" \/>\n<meta property=\"og:image\" content=\"https:\/\/elcardinal.com\/wp-content\/uploads\/2026\/07\/22.07.2026-Foro-por-la-igualdad-Dia-de-la-mujer-Masona-11.jpg\" \/>\n\t<meta property=\"og:image:width\" content=\"2400\" \/>\n\t<meta property=\"og:image:height\" content=\"1251\" \/>\n\t<meta property=\"og:image:type\" content=\"image\/jpeg\" \/>\n<meta name=\"author\" content=\"Antonio Alcaraz\" \/>\n<meta name=\"twitter:card\" content=\"summary_large_image\" \/>\n<meta name=\"twitter:creator\" content=\"@ElCardinal_Mx\" \/>\n<meta name=\"twitter:site\" content=\"@ElCardinal_Mx\" \/>\n<meta name=\"twitter:label1\" content=\"Escrito por\" \/>\n\t<meta name=\"twitter:data1\" content=\"Antonio Alcaraz\" \/>\n\t<meta name=\"twitter:label2\" content=\"Tiempo de lectura\" \/>\n\t<meta name=\"twitter:data2\" content=\"5 minutos\" \/>\n<script type=\"application\/ld+json\" class=\"yoast-schema-graph\">{\"@context\":\"https:\\\/\\\/schema.org\",\"@graph\":[{\"@type\":\"Article\",\"@id\":\"https:\\\/\\\/elcardinal.com\\\/?p=6590#article\",\"isPartOf\":{\"@id\":\"https:\\\/\\\/elcardinal.com\\\/?p=6590\"},\"author\":{\"name\":\"Antonio Alcaraz\",\"@id\":\"https:\\\/\\\/elcardinal.com\\\/#\\\/schema\\\/person\\\/3c352ec0a33987fe275c0e8a2ea69f8b\"},\"headline\":\"Foro por la Igualdad 2026 re\u00fane en el Congreso a mujeres l\u00edderes y reconoce su trayectoria\",\"datePublished\":\"2026-07-23T20:05:03+00:00\",\"mainEntityOfPage\":{\"@id\":\"https:\\\/\\\/elcardinal.com\\\/?p=6590\"},\"wordCount\":1043,\"commentCount\":0,\"publisher\":{\"@id\":\"https:\\\/\\\/elcardinal.com\\\/#organization\"},\"image\":{\"@id\":\"https:\\\/\\\/elcardinal.com\\\/?p=6590#primaryimage\"},\"thumbnailUrl\":\"https:\\\/\\\/elcardinal.com\\\/wp-content\\\/uploads\\\/2026\\\/07\\\/22.07.2026-Foro-por-la-igualdad-Dia-de-la-mujer-Masona-11.jpg\",\"keywords\":[\"Andr\u00e9s Vel\u00e1zquez\",\"Congreso de Hidalgo\"],\"articleSection\":[\"Hidalgo\",\"Minuto a Minuto\",\"Pol\u00edtica\"],\"inLanguage\":\"es\",\"potentialAction\":[{\"@type\":\"CommentAction\",\"name\":\"Comment\",\"target\":[\"https:\\\/\\\/elcardinal.com\\\/?p=6590#respond\"]}]},{\"@type\":\"WebPage\",\"@id\":\"https:\\\/\\\/elcardinal.com\\\/?p=6590\",\"url\":\"https:\\\/\\\/elcardinal.com\\\/?p=6590\",\"name\":\"Foro por la Igualdad 2026 re\u00fane en el Congreso a mujeres l\u00edderes y reconoce su trayectoria - El Cardinal\",\"isPartOf\":{\"@id\":\"https:\\\/\\\/elcardinal.com\\\/#website\"},\"primaryImageOfPage\":{\"@id\":\"https:\\\/\\\/elcardinal.com\\\/?p=6590#primaryimage\"},\"image\":{\"@id\":\"https:\\\/\\\/elcardinal.com\\\/?p=6590#primaryimage\"},\"thumbnailUrl\":\"https:\\\/\\\/elcardinal.com\\\/wp-content\\\/uploads\\\/2026\\\/07\\\/22.07.2026-Foro-por-la-igualdad-Dia-de-la-mujer-Masona-11.jpg\",\"datePublished\":\"2026-07-23T20:05:03+00:00\",\"breadcrumb\":{\"@id\":\"https:\\\/\\\/elcardinal.com\\\/?p=6590#breadcrumb\"},\"inLanguage\":\"es\",\"potentialAction\":[{\"@type\":\"ReadAction\",\"target\":[\"https:\\\/\\\/elcardinal.com\\\/?p=6590\"]}]},{\"@type\":\"ImageObject\",\"inLanguage\":\"es\",\"@id\":\"https:\\\/\\\/elcardinal.com\\\/?p=6590#primaryimage\",\"url\":\"https:\\\/\\\/elcardinal.com\\\/wp-content\\\/uploads\\\/2026\\\/07\\\/22.07.2026-Foro-por-la-igualdad-Dia-de-la-mujer-Masona-11.jpg\",\"contentUrl\":\"https:\\\/\\\/elcardinal.com\\\/wp-content\\\/uploads\\\/2026\\\/07\\\/22.07.2026-Foro-por-la-igualdad-Dia-de-la-mujer-Masona-11.jpg\",\"width\":2400,\"height\":1251},{\"@type\":\"BreadcrumbList\",\"@id\":\"https:\\\/\\\/elcardinal.com\\\/?p=6590#breadcrumb\",\"itemListElement\":[{\"@type\":\"ListItem\",\"position\":1,\"name\":\"Inicio\",\"item\":\"https:\\\/\\\/elcardinal.com\\\/\"},{\"@type\":\"ListItem\",\"position\":2,\"name\":\"Foro por la Igualdad 2026 re\u00fane en el Congreso a mujeres l\u00edderes y reconoce su trayectoria\"}]},{\"@type\":\"WebSite\",\"@id\":\"https:\\\/\\\/elcardinal.com\\\/#website\",\"url\":\"https:\\\/\\\/elcardinal.com\\\/\",\"name\":\"El Cardinal\",\"description\":\"Periodismo honesto, con valor, sentido humano, a veces sarc\u00e1stico y divertido.\",\"publisher\":{\"@id\":\"https:\\\/\\\/elcardinal.com\\\/#organization\"},\"alternateName\":\"El Cardinal Noticias\",\"potentialAction\":[{\"@type\":\"SearchAction\",\"target\":{\"@type\":\"EntryPoint\",\"urlTemplate\":\"https:\\\/\\\/elcardinal.com\\\/?s={search_term_string}\"},\"query-input\":{\"@type\":\"PropertyValueSpecification\",\"valueRequired\":true,\"valueName\":\"search_term_string\"}}],\"inLanguage\":\"es\"},{\"@type\":\"Organization\",\"@id\":\"https:\\\/\\\/elcardinal.com\\\/#organization\",\"name\":\"El Cardinal\",\"url\":\"https:\\\/\\\/elcardinal.com\\\/\",\"logo\":{\"@type\":\"ImageObject\",\"inLanguage\":\"es\",\"@id\":\"https:\\\/\\\/elcardinal.com\\\/#\\\/schema\\\/logo\\\/image\\\/\",\"url\":\"https:\\\/\\\/elcardinal.com\\\/wp-content\\\/uploads\\\/2025\\\/04\\\/LOGO-EL-CARDINAL-Periodismo-con-valor.png\",\"contentUrl\":\"https:\\\/\\\/elcardinal.com\\\/wp-content\\\/uploads\\\/2025\\\/04\\\/LOGO-EL-CARDINAL-Periodismo-con-valor.png\",\"width\":755,\"height\":636,\"caption\":\"El Cardinal\"},\"image\":{\"@id\":\"https:\\\/\\\/elcardinal.com\\\/#\\\/schema\\\/logo\\\/image\\\/\"},\"sameAs\":[\"https:\\\/\\\/www.facebook.com\\\/profile.php?id=100063093107011\",\"https:\\\/\\\/x.com\\\/ElCardinal_Mx\"]},{\"@type\":\"Person\",\"@id\":\"https:\\\/\\\/elcardinal.com\\\/#\\\/schema\\\/person\\\/3c352ec0a33987fe275c0e8a2ea69f8b\",\"name\":\"Antonio Alcaraz\",\"image\":{\"@type\":\"ImageObject\",\"inLanguage\":\"es\",\"@id\":\"https:\\\/\\\/elcardinal.com\\\/wp-content\\\/uploads\\\/2025\\\/05\\\/cropped-TONO-96x96.jpg\",\"url\":\"https:\\\/\\\/elcardinal.com\\\/wp-content\\\/uploads\\\/2025\\\/05\\\/cropped-TONO-96x96.jpg\",\"contentUrl\":\"https:\\\/\\\/elcardinal.com\\\/wp-content\\\/uploads\\\/2025\\\/05\\\/cropped-TONO-96x96.jpg\",\"caption\":\"Antonio Alcaraz\"},\"url\":\"https:\\\/\\\/elcardinal.com\\\/?author=2\"}]}<\/script>\n<!-- \/ Yoast SEO plugin. -->","yoast_head_json":{"title":"Foro por la Igualdad 2026 re\u00fane en el Congreso a mujeres l\u00edderes y reconoce su trayectoria - El Cardinal","robots":{"index":"index","follow":"follow","max-snippet":"max-snippet:-1","max-image-preview":"max-image-preview:large","max-video-preview":"max-video-preview:-1"},"canonical":"https:\/\/elcardinal.com\/?p=6590","og_locale":"es_MX","og_type":"article","og_title":"Foro por la Igualdad 2026 re\u00fane en el Congreso a mujeres l\u00edderes y reconoce su trayectoria - El Cardinal","og_description":"Redacci\u00f3n En el D\u00eda de la Mujer Masona, el Congreso del Estado Libre y Soberano de Hidalgo alberg\u00f3 el Foro por la Igualdad 2026 con el objetivo de promover la reflexi\u00f3n sobre la igualdad sustantiva y reconocer p\u00fablicamente a mujeres cuya trayectoria contribuye al desarrollo social, cultural, educativo y comunitario de la entidad. Adem\u00e1s, la","og_url":"https:\/\/elcardinal.com\/?p=6590","og_site_name":"El Cardinal","article_publisher":"https:\/\/www.facebook.com\/profile.php?id=100063093107011","article_published_time":"2026-07-23T20:05:03+00:00","og_image":[{"width":2400,"height":1251,"url":"https:\/\/elcardinal.com\/wp-content\/uploads\/2026\/07\/22.07.2026-Foro-por-la-igualdad-Dia-de-la-mujer-Masona-11.jpg","type":"image\/jpeg"}],"author":"Antonio Alcaraz","twitter_card":"summary_large_image","twitter_creator":"@ElCardinal_Mx","twitter_site":"@ElCardinal_Mx","twitter_misc":{"Escrito por":"Antonio Alcaraz","Tiempo de lectura":"5 minutos"},"schema":{"@context":"https:\/\/schema.org","@graph":[{"@type":"Article","@id":"https:\/\/elcardinal.com\/?p=6590#article","isPartOf":{"@id":"https:\/\/elcardinal.com\/?p=6590"},"author":{"name":"Antonio Alcaraz","@id":"https:\/\/elcardinal.com\/#\/schema\/person\/3c352ec0a33987fe275c0e8a2ea69f8b"},"headline":"Foro por la Igualdad 2026 re\u00fane en el Congreso a mujeres l\u00edderes y reconoce su trayectoria","datePublished":"2026-07-23T20:05:03+00:00","mainEntityOfPage":{"@id":"https:\/\/elcardinal.com\/?p=6590"},"wordCount":1043,"commentCount":0,"publisher":{"@id":"https:\/\/elcardinal.com\/#organization"},"image":{"@id":"https:\/\/elcardinal.com\/?p=6590#primaryimage"},"thumbnailUrl":"https:\/\/elcardinal.com\/wp-content\/uploads\/2026\/07\/22.07.2026-Foro-por-la-igualdad-Dia-de-la-mujer-Masona-11.jpg","keywords":["Andr\u00e9s Vel\u00e1zquez","Congreso de Hidalgo"],"articleSection":["Hidalgo","Minuto a Minuto","Pol\u00edtica"],"inLanguage":"es","potentialAction":[{"@type":"CommentAction","name":"Comment","target":["https:\/\/elcardinal.com\/?p=6590#respond"]}]},{"@type":"WebPage","@id":"https:\/\/elcardinal.com\/?p=6590","url":"https:\/\/elcardinal.com\/?p=6590","name":"Foro por la Igualdad 2026 re\u00fane en el Congreso a mujeres l\u00edderes y reconoce su trayectoria - El Cardinal","isPartOf":{"@id":"https:\/\/elcardinal.com\/#website"},"primaryImageOfPage":{"@id":"https:\/\/elcardinal.com\/?p=6590#primaryimage"},"image":{"@id":"https:\/\/elcardinal.com\/?p=6590#primaryimage"},"thumbnailUrl":"https:\/\/elcardinal.com\/wp-content\/uploads\/2026\/07\/22.07.2026-Foro-por-la-igualdad-Dia-de-la-mujer-Masona-11.jpg","datePublished":"2026-07-23T20:05:03+00:00","breadcrumb":{"@id":"https:\/\/elcardinal.com\/?p=6590#breadcrumb"},"inLanguage":"es","potentialAction":[{"@type":"ReadAction","target":["https:\/\/elcardinal.com\/?p=6590"]}]},{"@type":"ImageObject","inLanguage":"es","@id":"https:\/\/elcardinal.com\/?p=6590#primaryimage","url":"https:\/\/elcardinal.com\/wp-content\/uploads\/2026\/07\/22.07.2026-Foro-por-la-igualdad-Dia-de-la-mujer-Masona-11.jpg","contentUrl":"https:\/\/elcardinal.com\/wp-content\/uploads\/2026\/07\/22.07.2026-Foro-por-la-igualdad-Dia-de-la-mujer-Masona-11.jpg","width":2400,"height":1251},{"@type":"BreadcrumbList","@id":"https:\/\/elcardinal.com\/?p=6590#breadcrumb","itemListElement":[{"@type":"ListItem","position":1,"name":"Inicio","item":"https:\/\/elcardinal.com\/"},{"@type":"ListItem","position":2,"name":"Foro por la Igualdad 2026 re\u00fane en el Congreso a mujeres l\u00edderes y reconoce su trayectoria"}]},{"@type":"WebSite","@id":"https:\/\/elcardinal.com\/#website","url":"https:\/\/elcardinal.com\/","name":"El Cardinal","description":"Periodismo honesto, con valor, sentido humano, a veces sarc\u00e1stico y divertido.","publisher":{"@id":"https:\/\/elcardinal.com\/#organization"},"alternateName":"El Cardinal Noticias","potentialAction":[{"@type":"SearchAction","target":{"@type":"EntryPoint","urlTemplate":"https:\/\/elcardinal.com\/?s={search_term_string}"},"query-input":{"@type":"PropertyValueSpecification","valueRequired":true,"valueName":"search_term_string"}}],"inLanguage":"es"},{"@type":"Organization","@id":"https:\/\/elcardinal.com\/#organization","name":"El Cardinal","url":"https:\/\/elcardinal.com\/","logo":{"@type":"ImageObject","inLanguage":"es","@id":"https:\/\/elcardinal.com\/#\/schema\/logo\/image\/","url":"https:\/\/elcardinal.com\/wp-content\/uploads\/2025\/04\/LOGO-EL-CARDINAL-Periodismo-con-valor.png","contentUrl":"https:\/\/elcardinal.com\/wp-content\/uploads\/2025\/04\/LOGO-EL-CARDINAL-Periodismo-con-valor.png","width":755,"height":636,"caption":"El Cardinal"},"image":{"@id":"https:\/\/elcardinal.com\/#\/schema\/logo\/image\/"},"sameAs":["https:\/\/www.facebook.com\/profile.php?id=100063093107011","https:\/\/x.com\/ElCardinal_Mx"]},{"@type":"Person","@id":"https:\/\/elcardinal.com\/#\/schema\/person\/3c352ec0a33987fe275c0e8a2ea69f8b","name":"Antonio Alcaraz","image":{"@type":"ImageObject","inLanguage":"es","@id":"https:\/\/elcardinal.com\/wp-content\/uploads\/2025\/05\/cropped-TONO-96x96.jpg","url":"https:\/\/elcardinal.com\/wp-content\/uploads\/2025\/05\/cropped-TONO-96x96.jpg","contentUrl":"https:\/\/elcardinal.com\/wp-content\/uploads\/2025\/05\/cropped-TONO-96x96.jpg","caption":"Antonio Alcaraz"},"url":"https:\/\/elcardinal.com\/?author=2"}]}},"_links":{"self":[{"href":"https:\/\/elcardinal.com\/index.php?rest_route=\/wp\/v2\/posts\/6590","targetHints":{"allow":["GET"]}}],"collection":[{"href":"https:\/\/elcardinal.com\/index.php?rest_route=\/wp\/v2\/posts"}],"about":[{"href":"https:\/\/elcardinal.com\/index.php?rest_route=\/wp\/v2\/types\/post"}],"author":[{"embeddable":true,"href":"https:\/\/elcardinal.com\/index.php?rest_route=\/wp\/v2\/users\/2"}],"replies":[{"embeddable":true,"href":"https:\/\/elcardinal.com\/index.php?rest_route=%2Fwp%2Fv2%2Fcomments&post=6590"}],"version-history":[{"count":1,"href":"https:\/\/elcardinal.com\/index.php?rest_route=\/wp\/v2\/posts\/6590\/revisions"}],"predecessor-version":[{"id":6592,"href":"https:\/\/elcardinal.com\/index.php?rest_route=\/wp\/v2\/posts\/6590\/revisions\/6592"}],"wp:featuredmedia":[{"embeddable":true,"href":"https:\/\/elcardinal.com\/index.php?rest_route=\/wp\/v2\/media\/6591"}],"wp:attachment":[{"href":"https:\/\/elcardinal.com\/index.php?rest_route=%2Fwp%2Fv2%2Fmedia&parent=6590"}],"wp:term":[{"taxonomy":"category","embeddable":true,"href":"https:\/\/elcardinal.com\/index.php?rest_route=%2Fwp%2Fv2%2Fcategories&post=6590"},{"taxonomy":"post_tag","embeddable":true,"href":"https:\/\/elcardinal.com\/index.php?rest_route=%2Fwp%2Fv2%2Ftags&post=6590"}],"curies":[{"name":"wp","href":"https:\/\/api.w.org\/{rel}","templated":true}]}}