{"id":6598,"date":"2026-07-23T18:19:21","date_gmt":"2026-07-24T00:19:21","guid":{"rendered":"https:\/\/elcardinal.com\/?p=6598"},"modified":"2026-07-23T18:19:21","modified_gmt":"2026-07-24T00:19:21","slug":"consolida-ihe-la-participacion-social-en-escuelas","status":"publish","type":"post","link":"https:\/\/elcardinal.com\/?p=6598","title":{"rendered":"Consolida IHE la participaci\u00f3n social en escuelas\u00a0"},"content":{"rendered":"<p style=\"text-align: left;\">Redacci\u00f3n<\/p>\n<p>El Instituto Hidalguense de Educaci\u00f3n (IHE), a trav\u00e9s de la Direcci\u00f3n de Participaci\u00f3n Escolar, fortaleci\u00f3 durante el ciclo escolar 2025-2026 la participaci\u00f3n de autoridades municipales, madres, padres de familia, personas tutoras y comunidades escolares mediante estrategias orientadas a consolidar una educaci\u00f3n con mayor corresponsabilidad social.<\/p>\n<p>El secretario de Educaci\u00f3n P\u00fablica de Hidalgo y titular del IHE, Natividad Castrej\u00f3n Valdez, destac\u00f3 que estas acciones responden a la visi\u00f3n del gobernador Julio Menchaca Salazar de promover una educaci\u00f3n en la que familias, autoridades y escuelas trabajen de manera coordinada para generar mejores oportunidades de aprendizaje para ni\u00f1as, ni\u00f1os y adolescentes.<\/p>\n<p>Como parte de estas estrategias, el IHE capacit\u00f3 a representantes de los 84 municipios, distribuidos en las 12 regiones educativas, para orientar la conformaci\u00f3n de los Consejos Municipales de Participaci\u00f3n Escolar, organismos que permiten identificar las necesidades de cada localidad y proponer acciones en favor del desarrollo de las escuelas.<\/p>\n<p>Asimismo, mediante el programa Escuela con Familias, impartieron 16 pl\u00e1ticas y conferencias dirigidas a madres, padres de familia y personas tutoras de distintos municipios, con temas como &#8220;La nueva maternidad y paternidad: autoridad, gratitud y respeto&#8221; y &#8220;La valent\u00eda de vivir&#8221;.<\/p>\n<p>Estas actividades brindaron herramientas para fortalecer la comunicaci\u00f3n familiar, el acompa\u00f1amiento socioemocional y la crianza responsable, con el prop\u00f3sito de favorecer la formaci\u00f3n integral de las y los estudiantes.<\/p>\n<p>Como parte de las acciones de prevenci\u00f3n, tambi\u00e9n inici\u00f3 el programa piloto &#8220;Uso responsable y seguro del casco y la motocicleta&#8221; en planteles educativos de la regi\u00f3n Pachuca, con el prop\u00f3sito de generar conciencia sobre los riesgos asociados al uso inadecuado de motocicletas por parte de ni\u00f1as, ni\u00f1os y adolescentes, as\u00ed como promover una cultura de seguridad vial.<\/p>\n<p>En materia de organizaci\u00f3n escolar, la Subdirecci\u00f3n de Atenci\u00f3n a Padres de Familia registr\u00f3 la conformaci\u00f3n de mil 140 Asociaciones de Padres de Familia en escuelas de educaci\u00f3n b\u00e1sica y brind\u00f3 acompa\u00f1amiento a 960 planteles mediante asesor\u00eda y orientaci\u00f3n para facilitar la integraci\u00f3n de estos organismos.<\/p>\n<p>Natividad Castrej\u00f3n subray\u00f3 que la Secretar\u00eda de Educaci\u00f3n P\u00fablica de Hidalgo refrenda su compromiso de fortalecer la participaci\u00f3n social y la colaboraci\u00f3n entre escuela, familia y comunidad, como un elemento fundamental para consolidar una educaci\u00f3n de excelencia, inclusiva y con sentido humanista.<\/p>\n","protected":false},"excerpt":{"rendered":"<p>Redacci\u00f3n El Instituto Hidalguense de Educaci\u00f3n (IHE), a trav\u00e9s de la Direcci\u00f3n de Participaci\u00f3n Escolar, fortaleci\u00f3 durante el ciclo escolar 2025-2026 la participaci\u00f3n de autoridades municipales, madres, padres de familia, personas tutoras y comunidades escolares mediante estrategias orientadas a consolidar una educaci\u00f3n con mayor corresponsabilidad social. El secretario de Educaci\u00f3n P\u00fablica de Hidalgo y titular<\/p>\n","protected":false},"author":2,"featured_media":6599,"comment_status":"open","ping_status":"open","sticky":false,"template":"","format":"standard","meta":{"footnotes":""},"categories":[404,31,44],"tags":[403],"class_list":["post-6598","post","type-post","status-publish","format-standard","has-post-thumbnail","category-educacion","category-hidalgo","category-minuto-a-minuto","tag-ihe"],"yoast_head":"<!-- This site is optimized with the Yoast SEO plugin v28.0 - https:\/\/yoast.com\/product\/yoast-seo-wordpress\/ -->\n<title>Consolida IHE la participaci\u00f3n social en escuelas\u00a0 - El Cardinal<\/title>\n<meta name=\"robots\" content=\"index, follow, max-snippet:-1, max-image-preview:large, max-video-preview:-1\" \/>\n<link rel=\"canonical\" href=\"https:\/\/elcardinal.com\/?p=6598\" \/>\n<meta property=\"og:locale\" content=\"es_MX\" \/>\n<meta property=\"og:type\" content=\"article\" \/>\n<meta property=\"og:title\" content=\"Consolida IHE la participaci\u00f3n social en escuelas\u00a0 - El Cardinal\" \/>\n<meta property=\"og:description\" content=\"Redacci\u00f3n El Instituto Hidalguense de Educaci\u00f3n (IHE), a trav\u00e9s de la Direcci\u00f3n de Participaci\u00f3n Escolar, fortaleci\u00f3 durante el ciclo escolar 2025-2026 la participaci\u00f3n de autoridades municipales, madres, padres de familia, personas tutoras y comunidades escolares mediante estrategias orientadas a consolidar una educaci\u00f3n con mayor corresponsabilidad social. El secretario de Educaci\u00f3n P\u00fablica de Hidalgo y titular\" \/>\n<meta property=\"og:url\" content=\"https:\/\/elcardinal.com\/?p=6598\" \/>\n<meta property=\"og:site_name\" content=\"El Cardinal\" \/>\n<meta property=\"article:publisher\" content=\"https:\/\/www.facebook.com\/profile.php?id=100063093107011\" \/>\n<meta property=\"article:published_time\" content=\"2026-07-24T00:19:21+00:00\" \/>\n<meta property=\"og:image\" content=\"https:\/\/elcardinal.com\/wp-content\/uploads\/2026\/07\/Consolida-IHE-la-participacion-social-en-las-escuelas.jpg\" \/>\n\t<meta property=\"og:image:width\" content=\"1280\" \/>\n\t<meta property=\"og:image:height\" content=\"960\" \/>\n\t<meta property=\"og:image:type\" content=\"image\/jpeg\" \/>\n<meta name=\"author\" content=\"Antonio Alcaraz\" \/>\n<meta name=\"twitter:card\" content=\"summary_large_image\" \/>\n<meta name=\"twitter:creator\" content=\"@ElCardinal_Mx\" \/>\n<meta name=\"twitter:site\" content=\"@ElCardinal_Mx\" \/>\n<meta name=\"twitter:label1\" content=\"Escrito por\" \/>\n\t<meta name=\"twitter:data1\" content=\"Antonio Alcaraz\" \/>\n\t<meta name=\"twitter:label2\" content=\"Tiempo de lectura\" \/>\n\t<meta name=\"twitter:data2\" content=\"2 minutos\" \/>\n<script type=\"application\/ld+json\" class=\"yoast-schema-graph\">{\"@context\":\"https:\\\/\\\/schema.org\",\"@graph\":[{\"@type\":\"Article\",\"@id\":\"https:\\\/\\\/elcardinal.com\\\/?p=6598#article\",\"isPartOf\":{\"@id\":\"https:\\\/\\\/elcardinal.com\\\/?p=6598\"},\"author\":{\"name\":\"Antonio Alcaraz\",\"@id\":\"https:\\\/\\\/elcardinal.com\\\/#\\\/schema\\\/person\\\/3c352ec0a33987fe275c0e8a2ea69f8b\"},\"headline\":\"Consolida IHE la participaci\u00f3n social en escuelas\u00a0\",\"datePublished\":\"2026-07-24T00:19:21+00:00\",\"mainEntityOfPage\":{\"@id\":\"https:\\\/\\\/elcardinal.com\\\/?p=6598\"},\"wordCount\":413,\"commentCount\":0,\"publisher\":{\"@id\":\"https:\\\/\\\/elcardinal.com\\\/#organization\"},\"image\":{\"@id\":\"https:\\\/\\\/elcardinal.com\\\/?p=6598#primaryimage\"},\"thumbnailUrl\":\"https:\\\/\\\/elcardinal.com\\\/wp-content\\\/uploads\\\/2026\\\/07\\\/Consolida-IHE-la-participacion-social-en-las-escuelas.jpg\",\"keywords\":[\"IHE\"],\"articleSection\":[\"Educaci\u00f3n\",\"Hidalgo\",\"Minuto a Minuto\"],\"inLanguage\":\"es\",\"potentialAction\":[{\"@type\":\"CommentAction\",\"name\":\"Comment\",\"target\":[\"https:\\\/\\\/elcardinal.com\\\/?p=6598#respond\"]}]},{\"@type\":\"WebPage\",\"@id\":\"https:\\\/\\\/elcardinal.com\\\/?p=6598\",\"url\":\"https:\\\/\\\/elcardinal.com\\\/?p=6598\",\"name\":\"Consolida IHE la participaci\u00f3n social en escuelas\u00a0 - El Cardinal\",\"isPartOf\":{\"@id\":\"https:\\\/\\\/elcardinal.com\\\/#website\"},\"primaryImageOfPage\":{\"@id\":\"https:\\\/\\\/elcardinal.com\\\/?p=6598#primaryimage\"},\"image\":{\"@id\":\"https:\\\/\\\/elcardinal.com\\\/?p=6598#primaryimage\"},\"thumbnailUrl\":\"https:\\\/\\\/elcardinal.com\\\/wp-content\\\/uploads\\\/2026\\\/07\\\/Consolida-IHE-la-participacion-social-en-las-escuelas.jpg\",\"datePublished\":\"2026-07-24T00:19:21+00:00\",\"breadcrumb\":{\"@id\":\"https:\\\/\\\/elcardinal.com\\\/?p=6598#breadcrumb\"},\"inLanguage\":\"es\",\"potentialAction\":[{\"@type\":\"ReadAction\",\"target\":[\"https:\\\/\\\/elcardinal.com\\\/?p=6598\"]}]},{\"@type\":\"ImageObject\",\"inLanguage\":\"es\",\"@id\":\"https:\\\/\\\/elcardinal.com\\\/?p=6598#primaryimage\",\"url\":\"https:\\\/\\\/elcardinal.com\\\/wp-content\\\/uploads\\\/2026\\\/07\\\/Consolida-IHE-la-participacion-social-en-las-escuelas.jpg\",\"contentUrl\":\"https:\\\/\\\/elcardinal.com\\\/wp-content\\\/uploads\\\/2026\\\/07\\\/Consolida-IHE-la-participacion-social-en-las-escuelas.jpg\",\"width\":1280,\"height\":960},{\"@type\":\"BreadcrumbList\",\"@id\":\"https:\\\/\\\/elcardinal.com\\\/?p=6598#breadcrumb\",\"itemListElement\":[{\"@type\":\"ListItem\",\"position\":1,\"name\":\"Inicio\",\"item\":\"https:\\\/\\\/elcardinal.com\\\/\"},{\"@type\":\"ListItem\",\"position\":2,\"name\":\"Consolida IHE la participaci\u00f3n social en escuelas\u00a0\"}]},{\"@type\":\"WebSite\",\"@id\":\"https:\\\/\\\/elcardinal.com\\\/#website\",\"url\":\"https:\\\/\\\/elcardinal.com\\\/\",\"name\":\"El Cardinal\",\"description\":\"Periodismo honesto, con valor, sentido humano, a veces sarc\u00e1stico y divertido.\",\"publisher\":{\"@id\":\"https:\\\/\\\/elcardinal.com\\\/#organization\"},\"alternateName\":\"El Cardinal Noticias\",\"potentialAction\":[{\"@type\":\"SearchAction\",\"target\":{\"@type\":\"EntryPoint\",\"urlTemplate\":\"https:\\\/\\\/elcardinal.com\\\/?s={search_term_string}\"},\"query-input\":{\"@type\":\"PropertyValueSpecification\",\"valueRequired\":true,\"valueName\":\"search_term_string\"}}],\"inLanguage\":\"es\"},{\"@type\":\"Organization\",\"@id\":\"https:\\\/\\\/elcardinal.com\\\/#organization\",\"name\":\"El Cardinal\",\"url\":\"https:\\\/\\\/elcardinal.com\\\/\",\"logo\":{\"@type\":\"ImageObject\",\"inLanguage\":\"es\",\"@id\":\"https:\\\/\\\/elcardinal.com\\\/#\\\/schema\\\/logo\\\/image\\\/\",\"url\":\"https:\\\/\\\/elcardinal.com\\\/wp-content\\\/uploads\\\/2025\\\/04\\\/LOGO-EL-CARDINAL-Periodismo-con-valor.png\",\"contentUrl\":\"https:\\\/\\\/elcardinal.com\\\/wp-content\\\/uploads\\\/2025\\\/04\\\/LOGO-EL-CARDINAL-Periodismo-con-valor.png\",\"width\":755,\"height\":636,\"caption\":\"El Cardinal\"},\"image\":{\"@id\":\"https:\\\/\\\/elcardinal.com\\\/#\\\/schema\\\/logo\\\/image\\\/\"},\"sameAs\":[\"https:\\\/\\\/www.facebook.com\\\/profile.php?id=100063093107011\",\"https:\\\/\\\/x.com\\\/ElCardinal_Mx\"]},{\"@type\":\"Person\",\"@id\":\"https:\\\/\\\/elcardinal.com\\\/#\\\/schema\\\/person\\\/3c352ec0a33987fe275c0e8a2ea69f8b\",\"name\":\"Antonio Alcaraz\",\"image\":{\"@type\":\"ImageObject\",\"inLanguage\":\"es\",\"@id\":\"https:\\\/\\\/elcardinal.com\\\/wp-content\\\/uploads\\\/2025\\\/05\\\/cropped-TONO-96x96.jpg\",\"url\":\"https:\\\/\\\/elcardinal.com\\\/wp-content\\\/uploads\\\/2025\\\/05\\\/cropped-TONO-96x96.jpg\",\"contentUrl\":\"https:\\\/\\\/elcardinal.com\\\/wp-content\\\/uploads\\\/2025\\\/05\\\/cropped-TONO-96x96.jpg\",\"caption\":\"Antonio Alcaraz\"},\"url\":\"https:\\\/\\\/elcardinal.com\\\/?author=2\"}]}<\/script>\n<!-- \/ Yoast SEO plugin. -->","yoast_head_json":{"title":"Consolida IHE la participaci\u00f3n social en escuelas\u00a0 - El Cardinal","robots":{"index":"index","follow":"follow","max-snippet":"max-snippet:-1","max-image-preview":"max-image-preview:large","max-video-preview":"max-video-preview:-1"},"canonical":"https:\/\/elcardinal.com\/?p=6598","og_locale":"es_MX","og_type":"article","og_title":"Consolida IHE la participaci\u00f3n social en escuelas\u00a0 - El Cardinal","og_description":"Redacci\u00f3n El Instituto Hidalguense de Educaci\u00f3n (IHE), a trav\u00e9s de la Direcci\u00f3n de Participaci\u00f3n Escolar, fortaleci\u00f3 durante el ciclo escolar 2025-2026 la participaci\u00f3n de autoridades municipales, madres, padres de familia, personas tutoras y comunidades escolares mediante estrategias orientadas a consolidar una educaci\u00f3n con mayor corresponsabilidad social. El secretario de Educaci\u00f3n P\u00fablica de Hidalgo y titular","og_url":"https:\/\/elcardinal.com\/?p=6598","og_site_name":"El Cardinal","article_publisher":"https:\/\/www.facebook.com\/profile.php?id=100063093107011","article_published_time":"2026-07-24T00:19:21+00:00","og_image":[{"width":1280,"height":960,"url":"https:\/\/elcardinal.com\/wp-content\/uploads\/2026\/07\/Consolida-IHE-la-participacion-social-en-las-escuelas.jpg","type":"image\/jpeg"}],"author":"Antonio Alcaraz","twitter_card":"summary_large_image","twitter_creator":"@ElCardinal_Mx","twitter_site":"@ElCardinal_Mx","twitter_misc":{"Escrito por":"Antonio Alcaraz","Tiempo de lectura":"2 minutos"},"schema":{"@context":"https:\/\/schema.org","@graph":[{"@type":"Article","@id":"https:\/\/elcardinal.com\/?p=6598#article","isPartOf":{"@id":"https:\/\/elcardinal.com\/?p=6598"},"author":{"name":"Antonio Alcaraz","@id":"https:\/\/elcardinal.com\/#\/schema\/person\/3c352ec0a33987fe275c0e8a2ea69f8b"},"headline":"Consolida IHE la participaci\u00f3n social en escuelas\u00a0","datePublished":"2026-07-24T00:19:21+00:00","mainEntityOfPage":{"@id":"https:\/\/elcardinal.com\/?p=6598"},"wordCount":413,"commentCount":0,"publisher":{"@id":"https:\/\/elcardinal.com\/#organization"},"image":{"@id":"https:\/\/elcardinal.com\/?p=6598#primaryimage"},"thumbnailUrl":"https:\/\/elcardinal.com\/wp-content\/uploads\/2026\/07\/Consolida-IHE-la-participacion-social-en-las-escuelas.jpg","keywords":["IHE"],"articleSection":["Educaci\u00f3n","Hidalgo","Minuto a Minuto"],"inLanguage":"es","potentialAction":[{"@type":"CommentAction","name":"Comment","target":["https:\/\/elcardinal.com\/?p=6598#respond"]}]},{"@type":"WebPage","@id":"https:\/\/elcardinal.com\/?p=6598","url":"https:\/\/elcardinal.com\/?p=6598","name":"Consolida IHE la participaci\u00f3n social en escuelas\u00a0 - El Cardinal","isPartOf":{"@id":"https:\/\/elcardinal.com\/#website"},"primaryImageOfPage":{"@id":"https:\/\/elcardinal.com\/?p=6598#primaryimage"},"image":{"@id":"https:\/\/elcardinal.com\/?p=6598#primaryimage"},"thumbnailUrl":"https:\/\/elcardinal.com\/wp-content\/uploads\/2026\/07\/Consolida-IHE-la-participacion-social-en-las-escuelas.jpg","datePublished":"2026-07-24T00:19:21+00:00","breadcrumb":{"@id":"https:\/\/elcardinal.com\/?p=6598#breadcrumb"},"inLanguage":"es","potentialAction":[{"@type":"ReadAction","target":["https:\/\/elcardinal.com\/?p=6598"]}]},{"@type":"ImageObject","inLanguage":"es","@id":"https:\/\/elcardinal.com\/?p=6598#primaryimage","url":"https:\/\/elcardinal.com\/wp-content\/uploads\/2026\/07\/Consolida-IHE-la-participacion-social-en-las-escuelas.jpg","contentUrl":"https:\/\/elcardinal.com\/wp-content\/uploads\/2026\/07\/Consolida-IHE-la-participacion-social-en-las-escuelas.jpg","width":1280,"height":960},{"@type":"BreadcrumbList","@id":"https:\/\/elcardinal.com\/?p=6598#breadcrumb","itemListElement":[{"@type":"ListItem","position":1,"name":"Inicio","item":"https:\/\/elcardinal.com\/"},{"@type":"ListItem","position":2,"name":"Consolida IHE la participaci\u00f3n social en escuelas\u00a0"}]},{"@type":"WebSite","@id":"https:\/\/elcardinal.com\/#website","url":"https:\/\/elcardinal.com\/","name":"El Cardinal","description":"Periodismo honesto, con valor, sentido humano, a veces sarc\u00e1stico y divertido.","publisher":{"@id":"https:\/\/elcardinal.com\/#organization"},"alternateName":"El Cardinal Noticias","potentialAction":[{"@type":"SearchAction","target":{"@type":"EntryPoint","urlTemplate":"https:\/\/elcardinal.com\/?s={search_term_string}"},"query-input":{"@type":"PropertyValueSpecification","valueRequired":true,"valueName":"search_term_string"}}],"inLanguage":"es"},{"@type":"Organization","@id":"https:\/\/elcardinal.com\/#organization","name":"El Cardinal","url":"https:\/\/elcardinal.com\/","logo":{"@type":"ImageObject","inLanguage":"es","@id":"https:\/\/elcardinal.com\/#\/schema\/logo\/image\/","url":"https:\/\/elcardinal.com\/wp-content\/uploads\/2025\/04\/LOGO-EL-CARDINAL-Periodismo-con-valor.png","contentUrl":"https:\/\/elcardinal.com\/wp-content\/uploads\/2025\/04\/LOGO-EL-CARDINAL-Periodismo-con-valor.png","width":755,"height":636,"caption":"El Cardinal"},"image":{"@id":"https:\/\/elcardinal.com\/#\/schema\/logo\/image\/"},"sameAs":["https:\/\/www.facebook.com\/profile.php?id=100063093107011","https:\/\/x.com\/ElCardinal_Mx"]},{"@type":"Person","@id":"https:\/\/elcardinal.com\/#\/schema\/person\/3c352ec0a33987fe275c0e8a2ea69f8b","name":"Antonio Alcaraz","image":{"@type":"ImageObject","inLanguage":"es","@id":"https:\/\/elcardinal.com\/wp-content\/uploads\/2025\/05\/cropped-TONO-96x96.jpg","url":"https:\/\/elcardinal.com\/wp-content\/uploads\/2025\/05\/cropped-TONO-96x96.jpg","contentUrl":"https:\/\/elcardinal.com\/wp-content\/uploads\/2025\/05\/cropped-TONO-96x96.jpg","caption":"Antonio Alcaraz"},"url":"https:\/\/elcardinal.com\/?author=2"}]}},"_links":{"self":[{"href":"https:\/\/elcardinal.com\/index.php?rest_route=\/wp\/v2\/posts\/6598","targetHints":{"allow":["GET"]}}],"collection":[{"href":"https:\/\/elcardinal.com\/index.php?rest_route=\/wp\/v2\/posts"}],"about":[{"href":"https:\/\/elcardinal.com\/index.php?rest_route=\/wp\/v2\/types\/post"}],"author":[{"embeddable":true,"href":"https:\/\/elcardinal.com\/index.php?rest_route=\/wp\/v2\/users\/2"}],"replies":[{"embeddable":true,"href":"https:\/\/elcardinal.com\/index.php?rest_route=%2Fwp%2Fv2%2Fcomments&post=6598"}],"version-history":[{"count":1,"href":"https:\/\/elcardinal.com\/index.php?rest_route=\/wp\/v2\/posts\/6598\/revisions"}],"predecessor-version":[{"id":6600,"href":"https:\/\/elcardinal.com\/index.php?rest_route=\/wp\/v2\/posts\/6598\/revisions\/6600"}],"wp:featuredmedia":[{"embeddable":true,"href":"https:\/\/elcardinal.com\/index.php?rest_route=\/wp\/v2\/media\/6599"}],"wp:attachment":[{"href":"https:\/\/elcardinal.com\/index.php?rest_route=%2Fwp%2Fv2%2Fmedia&parent=6598"}],"wp:term":[{"taxonomy":"category","embeddable":true,"href":"https:\/\/elcardinal.com\/index.php?rest_route=%2Fwp%2Fv2%2Fcategories&post=6598"},{"taxonomy":"post_tag","embeddable":true,"href":"https:\/\/elcardinal.com\/index.php?rest_route=%2Fwp%2Fv2%2Ftags&post=6598"}],"curies":[{"name":"wp","href":"https:\/\/api.w.org\/{rel}","templated":true}]}}