{"id":6604,"date":"2026-07-24T16:46:33","date_gmt":"2026-07-24T22:46:33","guid":{"rendered":"https:\/\/elcardinal.com\/?p=6604"},"modified":"2026-07-24T16:46:33","modified_gmt":"2026-07-24T22:46:33","slug":"ihe-impulsa-la-formacion-continua-de-docentes-en-hidalgo","status":"publish","type":"post","link":"https:\/\/elcardinal.com\/?p=6604","title":{"rendered":"IHE impulsa la formaci\u00f3n continua de docentes en Hidalgo"},"content":{"rendered":"<p>Redacci\u00f3n<\/p>\n<p><span style=\"font-weight: 400;\">El Instituto Hidalguense de Educaci\u00f3n (IHE), a trav\u00e9s de la Direcci\u00f3n de Formaci\u00f3n Continua, impulsa acciones de actualizaci\u00f3n, capacitaci\u00f3n y acompa\u00f1amiento pedag\u00f3gico dirigidas a maestras, maestros y dem\u00e1s figuras educativas de educaci\u00f3n b\u00e1sica, con el prop\u00f3sito de fortalecer sus pr\u00e1cticas docentes y avanzar en la implementaci\u00f3n de los principios de la Nueva Escuela Mexicana (NEM).<\/span><\/p>\n<p><span style=\"font-weight: 400;\">El secretario de Educaci\u00f3n P\u00fablica de Hidalgo y titular del IHE, Natividad Castrej\u00f3n Valdez, destac\u00f3 que, bajo la administraci\u00f3n del gobernador Julio Menchaca Salazar, se promueve el desarrollo profesional del magisterio como un eje para fortalecer el trabajo de las comunidades escolares y contribuir a una educaci\u00f3n humanista, inclusiva y pertinente para ni\u00f1as, ni\u00f1os y adolescentes.<\/span><\/p>\n<p><span style=\"font-weight: 400;\">Indic\u00f3 que, a trav\u00e9s del Programa para el Desarrollo Profesional Docente (PRODEP), durante 2025 m\u00e1s de 7 mil docentes participaron en acciones de formaci\u00f3n, dirigidas al personal docente, t\u00e9cnico docente, directivo, de supervisi\u00f3n y de asesor\u00eda t\u00e9cnico-pedag\u00f3gica, con contenidos orientados al fortalecimiento de sus competencias disciplinares, pedag\u00f3gicas, did\u00e1cticas y digitales.<\/span><\/p>\n<p><span style=\"font-weight: 400;\">\u201cEstas acciones se implementan de acuerdo con las prioridades de formaci\u00f3n continua establecidas para Hidalgo y en congruencia con el Plan de Estudio 2022, mediante procesos que fortalecen el codise\u00f1o curricular, la integraci\u00f3n de contenidos, la evaluaci\u00f3n formativa, el desarrollo de proyectos comunitarios y el trabajo desde los campos formativos y ejes articuladores de la NEM\u201d, afirm\u00f3 el funcionario.<\/span><\/p>\n<p><span style=\"font-weight: 400;\">Como parte de estas estrategias, la Direcci\u00f3n de Formaci\u00f3n Continua acompa\u00f1a la implementaci\u00f3n de los Ejercicios Integradores de Aprendizaje (EIA), una herramienta pedag\u00f3gica que permite a las y los docentes obtener informaci\u00f3n sobre los procesos de aprendizaje de sus estudiantes y orientar su pr\u00e1ctica educativa.<\/span><\/p>\n<p><span style=\"font-weight: 400;\">Asimismo, se impulsan cursos y trayectos formativos enfocados en la apropiaci\u00f3n del Plan de Estudio 2022 y la transformaci\u00f3n de las pr\u00e1cticas pedag\u00f3gicas, adem\u00e1s del uso de plataformas digitales, materiales educativos y espacios de formaci\u00f3n que ampl\u00edan las oportunidades de actualizaci\u00f3n profesional para docentes de las distintas regiones del estado.<\/span><\/p>\n","protected":false},"excerpt":{"rendered":"<p>Redacci\u00f3n El Instituto Hidalguense de Educaci\u00f3n (IHE), a trav\u00e9s de la Direcci\u00f3n de Formaci\u00f3n Continua, impulsa acciones de actualizaci\u00f3n, capacitaci\u00f3n y acompa\u00f1amiento pedag\u00f3gico dirigidas a maestras, maestros y dem\u00e1s figuras educativas de educaci\u00f3n b\u00e1sica, con el prop\u00f3sito de fortalecer sus pr\u00e1cticas docentes y avanzar en la implementaci\u00f3n de los principios de la Nueva Escuela Mexicana<\/p>\n","protected":false},"author":2,"featured_media":6605,"comment_status":"open","ping_status":"open","sticky":false,"template":"","format":"standard","meta":{"footnotes":""},"categories":[404,31,44],"tags":[403,400],"class_list":["post-6604","post","type-post","status-publish","format-standard","has-post-thumbnail","category-educacion","category-hidalgo","category-minuto-a-minuto","tag-ihe","tag-naty-castrejon"],"yoast_head":"<!-- This site is optimized with the Yoast SEO plugin v28.0 - https:\/\/yoast.com\/product\/yoast-seo-wordpress\/ -->\n<title>IHE impulsa la formaci\u00f3n continua de docentes en Hidalgo - El Cardinal<\/title>\n<meta name=\"robots\" content=\"index, follow, max-snippet:-1, max-image-preview:large, max-video-preview:-1\" \/>\n<link rel=\"canonical\" href=\"https:\/\/elcardinal.com\/?p=6604\" \/>\n<meta property=\"og:locale\" content=\"es_MX\" \/>\n<meta property=\"og:type\" content=\"article\" \/>\n<meta property=\"og:title\" content=\"IHE impulsa la formaci\u00f3n continua de docentes en Hidalgo - El Cardinal\" \/>\n<meta property=\"og:description\" content=\"Redacci\u00f3n El Instituto Hidalguense de Educaci\u00f3n (IHE), a trav\u00e9s de la Direcci\u00f3n de Formaci\u00f3n Continua, impulsa acciones de actualizaci\u00f3n, capacitaci\u00f3n y acompa\u00f1amiento pedag\u00f3gico dirigidas a maestras, maestros y dem\u00e1s figuras educativas de educaci\u00f3n b\u00e1sica, con el prop\u00f3sito de fortalecer sus pr\u00e1cticas docentes y avanzar en la implementaci\u00f3n de los principios de la Nueva Escuela Mexicana\" \/>\n<meta property=\"og:url\" content=\"https:\/\/elcardinal.com\/?p=6604\" \/>\n<meta property=\"og:site_name\" content=\"El Cardinal\" \/>\n<meta property=\"article:publisher\" content=\"https:\/\/www.facebook.com\/profile.php?id=100063093107011\" \/>\n<meta property=\"article:published_time\" content=\"2026-07-24T22:46:33+00:00\" \/>\n<meta property=\"og:image\" content=\"https:\/\/elcardinal.com\/wp-content\/uploads\/2026\/07\/Fortalece-IHE-la-formacion-continua-de-docentes-en-Hidalgo-1.jpeg\" \/>\n\t<meta property=\"og:image:width\" content=\"1280\" \/>\n\t<meta property=\"og:image:height\" content=\"720\" \/>\n\t<meta property=\"og:image:type\" content=\"image\/jpeg\" \/>\n<meta name=\"author\" content=\"Antonio Alcaraz\" \/>\n<meta name=\"twitter:card\" content=\"summary_large_image\" \/>\n<meta name=\"twitter:creator\" content=\"@ElCardinal_Mx\" \/>\n<meta name=\"twitter:site\" content=\"@ElCardinal_Mx\" \/>\n<meta name=\"twitter:label1\" content=\"Escrito por\" \/>\n\t<meta name=\"twitter:data1\" content=\"Antonio Alcaraz\" \/>\n\t<meta name=\"twitter:label2\" content=\"Tiempo de lectura\" \/>\n\t<meta name=\"twitter:data2\" content=\"2 minutos\" \/>\n<script type=\"application\/ld+json\" class=\"yoast-schema-graph\">{\"@context\":\"https:\\\/\\\/schema.org\",\"@graph\":[{\"@type\":\"Article\",\"@id\":\"https:\\\/\\\/elcardinal.com\\\/?p=6604#article\",\"isPartOf\":{\"@id\":\"https:\\\/\\\/elcardinal.com\\\/?p=6604\"},\"author\":{\"name\":\"Antonio Alcaraz\",\"@id\":\"https:\\\/\\\/elcardinal.com\\\/#\\\/schema\\\/person\\\/3c352ec0a33987fe275c0e8a2ea69f8b\"},\"headline\":\"IHE impulsa la formaci\u00f3n continua de docentes en Hidalgo\",\"datePublished\":\"2026-07-24T22:46:33+00:00\",\"mainEntityOfPage\":{\"@id\":\"https:\\\/\\\/elcardinal.com\\\/?p=6604\"},\"wordCount\":373,\"commentCount\":0,\"publisher\":{\"@id\":\"https:\\\/\\\/elcardinal.com\\\/#organization\"},\"image\":{\"@id\":\"https:\\\/\\\/elcardinal.com\\\/?p=6604#primaryimage\"},\"thumbnailUrl\":\"https:\\\/\\\/elcardinal.com\\\/wp-content\\\/uploads\\\/2026\\\/07\\\/Fortalece-IHE-la-formacion-continua-de-docentes-en-Hidalgo-1.jpeg\",\"keywords\":[\"IHE\",\"Naty Castrej\u00f3n\"],\"articleSection\":[\"Educaci\u00f3n\",\"Hidalgo\",\"Minuto a Minuto\"],\"inLanguage\":\"es\",\"potentialAction\":[{\"@type\":\"CommentAction\",\"name\":\"Comment\",\"target\":[\"https:\\\/\\\/elcardinal.com\\\/?p=6604#respond\"]}]},{\"@type\":\"WebPage\",\"@id\":\"https:\\\/\\\/elcardinal.com\\\/?p=6604\",\"url\":\"https:\\\/\\\/elcardinal.com\\\/?p=6604\",\"name\":\"IHE impulsa la formaci\u00f3n continua de docentes en Hidalgo - El Cardinal\",\"isPartOf\":{\"@id\":\"https:\\\/\\\/elcardinal.com\\\/#website\"},\"primaryImageOfPage\":{\"@id\":\"https:\\\/\\\/elcardinal.com\\\/?p=6604#primaryimage\"},\"image\":{\"@id\":\"https:\\\/\\\/elcardinal.com\\\/?p=6604#primaryimage\"},\"thumbnailUrl\":\"https:\\\/\\\/elcardinal.com\\\/wp-content\\\/uploads\\\/2026\\\/07\\\/Fortalece-IHE-la-formacion-continua-de-docentes-en-Hidalgo-1.jpeg\",\"datePublished\":\"2026-07-24T22:46:33+00:00\",\"breadcrumb\":{\"@id\":\"https:\\\/\\\/elcardinal.com\\\/?p=6604#breadcrumb\"},\"inLanguage\":\"es\",\"potentialAction\":[{\"@type\":\"ReadAction\",\"target\":[\"https:\\\/\\\/elcardinal.com\\\/?p=6604\"]}]},{\"@type\":\"ImageObject\",\"inLanguage\":\"es\",\"@id\":\"https:\\\/\\\/elcardinal.com\\\/?p=6604#primaryimage\",\"url\":\"https:\\\/\\\/elcardinal.com\\\/wp-content\\\/uploads\\\/2026\\\/07\\\/Fortalece-IHE-la-formacion-continua-de-docentes-en-Hidalgo-1.jpeg\",\"contentUrl\":\"https:\\\/\\\/elcardinal.com\\\/wp-content\\\/uploads\\\/2026\\\/07\\\/Fortalece-IHE-la-formacion-continua-de-docentes-en-Hidalgo-1.jpeg\",\"width\":1280,\"height\":720},{\"@type\":\"BreadcrumbList\",\"@id\":\"https:\\\/\\\/elcardinal.com\\\/?p=6604#breadcrumb\",\"itemListElement\":[{\"@type\":\"ListItem\",\"position\":1,\"name\":\"Inicio\",\"item\":\"https:\\\/\\\/elcardinal.com\\\/\"},{\"@type\":\"ListItem\",\"position\":2,\"name\":\"IHE impulsa la formaci\u00f3n continua de docentes en Hidalgo\"}]},{\"@type\":\"WebSite\",\"@id\":\"https:\\\/\\\/elcardinal.com\\\/#website\",\"url\":\"https:\\\/\\\/elcardinal.com\\\/\",\"name\":\"El Cardinal\",\"description\":\"Periodismo honesto, con valor, sentido humano, a veces sarc\u00e1stico y divertido.\",\"publisher\":{\"@id\":\"https:\\\/\\\/elcardinal.com\\\/#organization\"},\"alternateName\":\"El Cardinal Noticias\",\"potentialAction\":[{\"@type\":\"SearchAction\",\"target\":{\"@type\":\"EntryPoint\",\"urlTemplate\":\"https:\\\/\\\/elcardinal.com\\\/?s={search_term_string}\"},\"query-input\":{\"@type\":\"PropertyValueSpecification\",\"valueRequired\":true,\"valueName\":\"search_term_string\"}}],\"inLanguage\":\"es\"},{\"@type\":\"Organization\",\"@id\":\"https:\\\/\\\/elcardinal.com\\\/#organization\",\"name\":\"El Cardinal\",\"url\":\"https:\\\/\\\/elcardinal.com\\\/\",\"logo\":{\"@type\":\"ImageObject\",\"inLanguage\":\"es\",\"@id\":\"https:\\\/\\\/elcardinal.com\\\/#\\\/schema\\\/logo\\\/image\\\/\",\"url\":\"https:\\\/\\\/elcardinal.com\\\/wp-content\\\/uploads\\\/2025\\\/04\\\/LOGO-EL-CARDINAL-Periodismo-con-valor.png\",\"contentUrl\":\"https:\\\/\\\/elcardinal.com\\\/wp-content\\\/uploads\\\/2025\\\/04\\\/LOGO-EL-CARDINAL-Periodismo-con-valor.png\",\"width\":755,\"height\":636,\"caption\":\"El Cardinal\"},\"image\":{\"@id\":\"https:\\\/\\\/elcardinal.com\\\/#\\\/schema\\\/logo\\\/image\\\/\"},\"sameAs\":[\"https:\\\/\\\/www.facebook.com\\\/profile.php?id=100063093107011\",\"https:\\\/\\\/x.com\\\/ElCardinal_Mx\"]},{\"@type\":\"Person\",\"@id\":\"https:\\\/\\\/elcardinal.com\\\/#\\\/schema\\\/person\\\/3c352ec0a33987fe275c0e8a2ea69f8b\",\"name\":\"Antonio Alcaraz\",\"image\":{\"@type\":\"ImageObject\",\"inLanguage\":\"es\",\"@id\":\"https:\\\/\\\/elcardinal.com\\\/wp-content\\\/uploads\\\/2025\\\/05\\\/cropped-TONO-96x96.jpg\",\"url\":\"https:\\\/\\\/elcardinal.com\\\/wp-content\\\/uploads\\\/2025\\\/05\\\/cropped-TONO-96x96.jpg\",\"contentUrl\":\"https:\\\/\\\/elcardinal.com\\\/wp-content\\\/uploads\\\/2025\\\/05\\\/cropped-TONO-96x96.jpg\",\"caption\":\"Antonio Alcaraz\"},\"url\":\"https:\\\/\\\/elcardinal.com\\\/?author=2\"}]}<\/script>\n<!-- \/ Yoast SEO plugin. -->","yoast_head_json":{"title":"IHE impulsa la formaci\u00f3n continua de docentes en Hidalgo - El Cardinal","robots":{"index":"index","follow":"follow","max-snippet":"max-snippet:-1","max-image-preview":"max-image-preview:large","max-video-preview":"max-video-preview:-1"},"canonical":"https:\/\/elcardinal.com\/?p=6604","og_locale":"es_MX","og_type":"article","og_title":"IHE impulsa la formaci\u00f3n continua de docentes en Hidalgo - El Cardinal","og_description":"Redacci\u00f3n El Instituto Hidalguense de Educaci\u00f3n (IHE), a trav\u00e9s de la Direcci\u00f3n de Formaci\u00f3n Continua, impulsa acciones de actualizaci\u00f3n, capacitaci\u00f3n y acompa\u00f1amiento pedag\u00f3gico dirigidas a maestras, maestros y dem\u00e1s figuras educativas de educaci\u00f3n b\u00e1sica, con el prop\u00f3sito de fortalecer sus pr\u00e1cticas docentes y avanzar en la implementaci\u00f3n de los principios de la Nueva Escuela Mexicana","og_url":"https:\/\/elcardinal.com\/?p=6604","og_site_name":"El Cardinal","article_publisher":"https:\/\/www.facebook.com\/profile.php?id=100063093107011","article_published_time":"2026-07-24T22:46:33+00:00","og_image":[{"width":1280,"height":720,"url":"https:\/\/elcardinal.com\/wp-content\/uploads\/2026\/07\/Fortalece-IHE-la-formacion-continua-de-docentes-en-Hidalgo-1.jpeg","type":"image\/jpeg"}],"author":"Antonio Alcaraz","twitter_card":"summary_large_image","twitter_creator":"@ElCardinal_Mx","twitter_site":"@ElCardinal_Mx","twitter_misc":{"Escrito por":"Antonio Alcaraz","Tiempo de lectura":"2 minutos"},"schema":{"@context":"https:\/\/schema.org","@graph":[{"@type":"Article","@id":"https:\/\/elcardinal.com\/?p=6604#article","isPartOf":{"@id":"https:\/\/elcardinal.com\/?p=6604"},"author":{"name":"Antonio Alcaraz","@id":"https:\/\/elcardinal.com\/#\/schema\/person\/3c352ec0a33987fe275c0e8a2ea69f8b"},"headline":"IHE impulsa la formaci\u00f3n continua de docentes en Hidalgo","datePublished":"2026-07-24T22:46:33+00:00","mainEntityOfPage":{"@id":"https:\/\/elcardinal.com\/?p=6604"},"wordCount":373,"commentCount":0,"publisher":{"@id":"https:\/\/elcardinal.com\/#organization"},"image":{"@id":"https:\/\/elcardinal.com\/?p=6604#primaryimage"},"thumbnailUrl":"https:\/\/elcardinal.com\/wp-content\/uploads\/2026\/07\/Fortalece-IHE-la-formacion-continua-de-docentes-en-Hidalgo-1.jpeg","keywords":["IHE","Naty Castrej\u00f3n"],"articleSection":["Educaci\u00f3n","Hidalgo","Minuto a Minuto"],"inLanguage":"es","potentialAction":[{"@type":"CommentAction","name":"Comment","target":["https:\/\/elcardinal.com\/?p=6604#respond"]}]},{"@type":"WebPage","@id":"https:\/\/elcardinal.com\/?p=6604","url":"https:\/\/elcardinal.com\/?p=6604","name":"IHE impulsa la formaci\u00f3n continua de docentes en Hidalgo - El Cardinal","isPartOf":{"@id":"https:\/\/elcardinal.com\/#website"},"primaryImageOfPage":{"@id":"https:\/\/elcardinal.com\/?p=6604#primaryimage"},"image":{"@id":"https:\/\/elcardinal.com\/?p=6604#primaryimage"},"thumbnailUrl":"https:\/\/elcardinal.com\/wp-content\/uploads\/2026\/07\/Fortalece-IHE-la-formacion-continua-de-docentes-en-Hidalgo-1.jpeg","datePublished":"2026-07-24T22:46:33+00:00","breadcrumb":{"@id":"https:\/\/elcardinal.com\/?p=6604#breadcrumb"},"inLanguage":"es","potentialAction":[{"@type":"ReadAction","target":["https:\/\/elcardinal.com\/?p=6604"]}]},{"@type":"ImageObject","inLanguage":"es","@id":"https:\/\/elcardinal.com\/?p=6604#primaryimage","url":"https:\/\/elcardinal.com\/wp-content\/uploads\/2026\/07\/Fortalece-IHE-la-formacion-continua-de-docentes-en-Hidalgo-1.jpeg","contentUrl":"https:\/\/elcardinal.com\/wp-content\/uploads\/2026\/07\/Fortalece-IHE-la-formacion-continua-de-docentes-en-Hidalgo-1.jpeg","width":1280,"height":720},{"@type":"BreadcrumbList","@id":"https:\/\/elcardinal.com\/?p=6604#breadcrumb","itemListElement":[{"@type":"ListItem","position":1,"name":"Inicio","item":"https:\/\/elcardinal.com\/"},{"@type":"ListItem","position":2,"name":"IHE impulsa la formaci\u00f3n continua de docentes en Hidalgo"}]},{"@type":"WebSite","@id":"https:\/\/elcardinal.com\/#website","url":"https:\/\/elcardinal.com\/","name":"El Cardinal","description":"Periodismo honesto, con valor, sentido humano, a veces sarc\u00e1stico y divertido.","publisher":{"@id":"https:\/\/elcardinal.com\/#organization"},"alternateName":"El Cardinal Noticias","potentialAction":[{"@type":"SearchAction","target":{"@type":"EntryPoint","urlTemplate":"https:\/\/elcardinal.com\/?s={search_term_string}"},"query-input":{"@type":"PropertyValueSpecification","valueRequired":true,"valueName":"search_term_string"}}],"inLanguage":"es"},{"@type":"Organization","@id":"https:\/\/elcardinal.com\/#organization","name":"El Cardinal","url":"https:\/\/elcardinal.com\/","logo":{"@type":"ImageObject","inLanguage":"es","@id":"https:\/\/elcardinal.com\/#\/schema\/logo\/image\/","url":"https:\/\/elcardinal.com\/wp-content\/uploads\/2025\/04\/LOGO-EL-CARDINAL-Periodismo-con-valor.png","contentUrl":"https:\/\/elcardinal.com\/wp-content\/uploads\/2025\/04\/LOGO-EL-CARDINAL-Periodismo-con-valor.png","width":755,"height":636,"caption":"El Cardinal"},"image":{"@id":"https:\/\/elcardinal.com\/#\/schema\/logo\/image\/"},"sameAs":["https:\/\/www.facebook.com\/profile.php?id=100063093107011","https:\/\/x.com\/ElCardinal_Mx"]},{"@type":"Person","@id":"https:\/\/elcardinal.com\/#\/schema\/person\/3c352ec0a33987fe275c0e8a2ea69f8b","name":"Antonio Alcaraz","image":{"@type":"ImageObject","inLanguage":"es","@id":"https:\/\/elcardinal.com\/wp-content\/uploads\/2025\/05\/cropped-TONO-96x96.jpg","url":"https:\/\/elcardinal.com\/wp-content\/uploads\/2025\/05\/cropped-TONO-96x96.jpg","contentUrl":"https:\/\/elcardinal.com\/wp-content\/uploads\/2025\/05\/cropped-TONO-96x96.jpg","caption":"Antonio Alcaraz"},"url":"https:\/\/elcardinal.com\/?author=2"}]}},"_links":{"self":[{"href":"https:\/\/elcardinal.com\/index.php?rest_route=\/wp\/v2\/posts\/6604","targetHints":{"allow":["GET"]}}],"collection":[{"href":"https:\/\/elcardinal.com\/index.php?rest_route=\/wp\/v2\/posts"}],"about":[{"href":"https:\/\/elcardinal.com\/index.php?rest_route=\/wp\/v2\/types\/post"}],"author":[{"embeddable":true,"href":"https:\/\/elcardinal.com\/index.php?rest_route=\/wp\/v2\/users\/2"}],"replies":[{"embeddable":true,"href":"https:\/\/elcardinal.com\/index.php?rest_route=%2Fwp%2Fv2%2Fcomments&post=6604"}],"version-history":[{"count":1,"href":"https:\/\/elcardinal.com\/index.php?rest_route=\/wp\/v2\/posts\/6604\/revisions"}],"predecessor-version":[{"id":6606,"href":"https:\/\/elcardinal.com\/index.php?rest_route=\/wp\/v2\/posts\/6604\/revisions\/6606"}],"wp:featuredmedia":[{"embeddable":true,"href":"https:\/\/elcardinal.com\/index.php?rest_route=\/wp\/v2\/media\/6605"}],"wp:attachment":[{"href":"https:\/\/elcardinal.com\/index.php?rest_route=%2Fwp%2Fv2%2Fmedia&parent=6604"}],"wp:term":[{"taxonomy":"category","embeddable":true,"href":"https:\/\/elcardinal.com\/index.php?rest_route=%2Fwp%2Fv2%2Fcategories&post=6604"},{"taxonomy":"post_tag","embeddable":true,"href":"https:\/\/elcardinal.com\/index.php?rest_route=%2Fwp%2Fv2%2Ftags&post=6604"}],"curies":[{"name":"wp","href":"https:\/\/api.w.org\/{rel}","templated":true}]}}