{"id":6607,"date":"2026-07-25T12:12:49","date_gmt":"2026-07-25T18:12:49","guid":{"rendered":"https:\/\/elcardinal.com\/?p=6607"},"modified":"2026-07-25T12:12:49","modified_gmt":"2026-07-25T18:12:49","slug":"julio-menchaca-combate-rezago-en-infraestructura-publica-inversion-supera-25-mil-millones-de-pesos","status":"publish","type":"post","link":"https:\/\/elcardinal.com\/?p=6607","title":{"rendered":"Julio Menchaca combate rezago en infraestructura p\u00fablica; inversi\u00f3n supera 25 mil millones de pesos"},"content":{"rendered":"<p>Resdacci\u00f3n<\/p>\n<p><span style=\"font-weight: 400;\">En el marco de la primera reuni\u00f3n trirregional 2026 de la Federaci\u00f3n Mexicana de Colegios de Ingenieros Civiles, A. C. (Femcic), el gobernador Julio Menchaca Salazar tom\u00f3 protesta al XII Comit\u00e9 Directivo del Colegio de Ingenieros Civiles del Estado de Hidalgo (CICEH), A. C.<\/span><\/p>\n<p><span style=\"font-weight: 400;\">Durante su mensaje, el mandatario hidalguense reconoci\u00f3 la aportaci\u00f3n del gremio al desarrollo de la entidad y refrend\u00f3 su compromiso con la transformaci\u00f3n de la infraestructura p\u00fablica de los 84 municipios:<\/span><\/p>\n<p><span style=\"font-weight: 400;\">\u201cEl reto que hemos afrontado, con el esfuerzo de toda la comunidad hidalguense, ha sido atender un rezago hist\u00f3rico en la infraestructura: en menos de cuatro a\u00f1os hemos tenido una inversi\u00f3n en obra p\u00fablica que supera los 25 mil millones de pesos, superior a dos administraciones anteriores\u201d, puntualiz\u00f3.<\/span><\/p>\n<p><span style=\"font-weight: 400;\">En ese sentido, asegur\u00f3 que dicho presupuesto est\u00e1 enfocado en resolver la exigencia ciudadana de tener mejores caminos, sumado a una inversi\u00f3n de 8 mil 115 millones de pesos que destinar\u00e1n en conjunto la administraci\u00f3n y la federaci\u00f3n para reconstruir las regiones afectadas por las lluvias de octubre de 2025.<\/span><\/p>\n<p><span style=\"font-weight: 400;\">Por su parte, Jos\u00e9 Guillermo Dozal Valdez, presidente de la Femcic, reconoci\u00f3 la relaci\u00f3n s\u00f3lida que existe entre el gobierno de Hidalgo y el CICEH, el cual es modelo de las mejores pr\u00e1cticas para los 60 Colegios que conforman la federaci\u00f3n, misma que alberga a alrededor de 30 mil ingenieros e ingenieras civiles de todo el pa\u00eds.<\/span><\/p>\n<p><span style=\"font-weight: 400;\">Tras tomar protesta como presidente del XII Comit\u00e9 Directivo del CICEH, Alberto Reyes Torres adelant\u00f3 que dar\u00e1 seguimiento a los programas y convenios logrados por el comit\u00e9 que le precedi\u00f3; adem\u00e1s, buscar\u00e1 desarrollar nuevos proyectos y estrategias centradas en el mejoramiento dentro de la Ingenier\u00eda Civil en el \u00e1mbito acad\u00e9mico, el sector privado y los gobiernos estatal y municipales.<\/span><\/p>\n<p><span style=\"font-weight: 400;\">En ese sentido, reconoci\u00f3 la inversi\u00f3n destinada por el gobernador Julio Menchaca para infraestructura p\u00fablica: \u201cPuede estar seguro que cuenta con nuestro Colegio como un brazo t\u00e9cnico y especializado dispuesto para apoyarlo en su gobierno en todo lo relacionado con infraestructura del estado\u201d, afirm\u00f3.<\/span><\/p>\n<p><span style=\"font-weight: 400;\">Iliana L\u00f3pez Mariano, presidenta del XI Comit\u00e9 Directivo del CICEH, agradeci\u00f3 el respaldo recibido por la administraci\u00f3n estatal, destacando que a lo largo de tres a\u00f1os se impuls\u00f3 la capacitaci\u00f3n permanente, la vinculaci\u00f3n con universidades, as\u00ed como la puesta en marcha proyectos estrat\u00e9gicos en la entidad.<\/span><\/p>\n","protected":false},"excerpt":{"rendered":"<p>Resdacci\u00f3n En el marco de la primera reuni\u00f3n trirregional 2026 de la Federaci\u00f3n Mexicana de Colegios de Ingenieros Civiles, A. C. (Femcic), el gobernador Julio Menchaca Salazar tom\u00f3 protesta al XII Comit\u00e9 Directivo del Colegio de Ingenieros Civiles del Estado de Hidalgo (CICEH), A. C. Durante su mensaje, el mandatario hidalguense reconoci\u00f3 la aportaci\u00f3n del<\/p>\n","protected":false},"author":2,"featured_media":6608,"comment_status":"open","ping_status":"open","sticky":false,"template":"","format":"standard","meta":{"footnotes":""},"categories":[1],"tags":[87,85],"class_list":["post-6607","post","type-post","status-publish","format-standard","has-post-thumbnail","category-uncategorized","tag-hidalgo","tag-julio-menchaca"],"yoast_head":"<!-- This site is optimized with the Yoast SEO plugin v28.0 - https:\/\/yoast.com\/product\/yoast-seo-wordpress\/ -->\n<title>Julio Menchaca combate rezago en infraestructura p\u00fablica; inversi\u00f3n supera 25 mil millones de pesos - El Cardinal<\/title>\n<meta name=\"robots\" content=\"index, follow, max-snippet:-1, max-image-preview:large, max-video-preview:-1\" \/>\n<link rel=\"canonical\" href=\"https:\/\/elcardinal.com\/?p=6607\" \/>\n<meta property=\"og:locale\" content=\"es_MX\" \/>\n<meta property=\"og:type\" content=\"article\" \/>\n<meta property=\"og:title\" content=\"Julio Menchaca combate rezago en infraestructura p\u00fablica; inversi\u00f3n supera 25 mil millones de pesos - El Cardinal\" \/>\n<meta property=\"og:description\" content=\"Resdacci\u00f3n En el marco de la primera reuni\u00f3n trirregional 2026 de la Federaci\u00f3n Mexicana de Colegios de Ingenieros Civiles, A. C. (Femcic), el gobernador Julio Menchaca Salazar tom\u00f3 protesta al XII Comit\u00e9 Directivo del Colegio de Ingenieros Civiles del Estado de Hidalgo (CICEH), A. C. Durante su mensaje, el mandatario hidalguense reconoci\u00f3 la aportaci\u00f3n del\" \/>\n<meta property=\"og:url\" content=\"https:\/\/elcardinal.com\/?p=6607\" \/>\n<meta property=\"og:site_name\" content=\"El Cardinal\" \/>\n<meta property=\"article:publisher\" content=\"https:\/\/www.facebook.com\/profile.php?id=100063093107011\" \/>\n<meta property=\"article:published_time\" content=\"2026-07-25T18:12:49+00:00\" \/>\n<meta property=\"og:image\" content=\"https:\/\/elcardinal.com\/wp-content\/uploads\/2026\/07\/IMG_1700-scaled.jpg\" \/>\n\t<meta property=\"og:image:width\" content=\"2560\" \/>\n\t<meta property=\"og:image:height\" content=\"1437\" \/>\n\t<meta property=\"og:image:type\" content=\"image\/jpeg\" \/>\n<meta name=\"author\" content=\"Antonio Alcaraz\" \/>\n<meta name=\"twitter:card\" content=\"summary_large_image\" \/>\n<meta name=\"twitter:creator\" content=\"@ElCardinal_Mx\" \/>\n<meta name=\"twitter:site\" content=\"@ElCardinal_Mx\" \/>\n<meta name=\"twitter:label1\" content=\"Escrito por\" \/>\n\t<meta name=\"twitter:data1\" content=\"Antonio Alcaraz\" \/>\n\t<meta name=\"twitter:label2\" content=\"Tiempo de lectura\" \/>\n\t<meta name=\"twitter:data2\" content=\"2 minutos\" \/>\n<script type=\"application\/ld+json\" class=\"yoast-schema-graph\">{\"@context\":\"https:\\\/\\\/schema.org\",\"@graph\":[{\"@type\":\"Article\",\"@id\":\"https:\\\/\\\/elcardinal.com\\\/?p=6607#article\",\"isPartOf\":{\"@id\":\"https:\\\/\\\/elcardinal.com\\\/?p=6607\"},\"author\":{\"name\":\"Antonio Alcaraz\",\"@id\":\"https:\\\/\\\/elcardinal.com\\\/#\\\/schema\\\/person\\\/3c352ec0a33987fe275c0e8a2ea69f8b\"},\"headline\":\"Julio Menchaca combate rezago en infraestructura p\u00fablica; inversi\u00f3n supera 25 mil millones de pesos\",\"datePublished\":\"2026-07-25T18:12:49+00:00\",\"mainEntityOfPage\":{\"@id\":\"https:\\\/\\\/elcardinal.com\\\/?p=6607\"},\"wordCount\":418,\"commentCount\":0,\"publisher\":{\"@id\":\"https:\\\/\\\/elcardinal.com\\\/#organization\"},\"image\":{\"@id\":\"https:\\\/\\\/elcardinal.com\\\/?p=6607#primaryimage\"},\"thumbnailUrl\":\"https:\\\/\\\/elcardinal.com\\\/wp-content\\\/uploads\\\/2026\\\/07\\\/IMG_1700-scaled.jpg\",\"keywords\":[\"Hidalgo\",\"Julio Menchaca\"],\"articleSection\":[\"Uncategorized\"],\"inLanguage\":\"es\",\"potentialAction\":[{\"@type\":\"CommentAction\",\"name\":\"Comment\",\"target\":[\"https:\\\/\\\/elcardinal.com\\\/?p=6607#respond\"]}]},{\"@type\":\"WebPage\",\"@id\":\"https:\\\/\\\/elcardinal.com\\\/?p=6607\",\"url\":\"https:\\\/\\\/elcardinal.com\\\/?p=6607\",\"name\":\"Julio Menchaca combate rezago en infraestructura p\u00fablica; inversi\u00f3n supera 25 mil millones de pesos - El Cardinal\",\"isPartOf\":{\"@id\":\"https:\\\/\\\/elcardinal.com\\\/#website\"},\"primaryImageOfPage\":{\"@id\":\"https:\\\/\\\/elcardinal.com\\\/?p=6607#primaryimage\"},\"image\":{\"@id\":\"https:\\\/\\\/elcardinal.com\\\/?p=6607#primaryimage\"},\"thumbnailUrl\":\"https:\\\/\\\/elcardinal.com\\\/wp-content\\\/uploads\\\/2026\\\/07\\\/IMG_1700-scaled.jpg\",\"datePublished\":\"2026-07-25T18:12:49+00:00\",\"breadcrumb\":{\"@id\":\"https:\\\/\\\/elcardinal.com\\\/?p=6607#breadcrumb\"},\"inLanguage\":\"es\",\"potentialAction\":[{\"@type\":\"ReadAction\",\"target\":[\"https:\\\/\\\/elcardinal.com\\\/?p=6607\"]}]},{\"@type\":\"ImageObject\",\"inLanguage\":\"es\",\"@id\":\"https:\\\/\\\/elcardinal.com\\\/?p=6607#primaryimage\",\"url\":\"https:\\\/\\\/elcardinal.com\\\/wp-content\\\/uploads\\\/2026\\\/07\\\/IMG_1700-scaled.jpg\",\"contentUrl\":\"https:\\\/\\\/elcardinal.com\\\/wp-content\\\/uploads\\\/2026\\\/07\\\/IMG_1700-scaled.jpg\",\"width\":2560,\"height\":1437},{\"@type\":\"BreadcrumbList\",\"@id\":\"https:\\\/\\\/elcardinal.com\\\/?p=6607#breadcrumb\",\"itemListElement\":[{\"@type\":\"ListItem\",\"position\":1,\"name\":\"Inicio\",\"item\":\"https:\\\/\\\/elcardinal.com\\\/\"},{\"@type\":\"ListItem\",\"position\":2,\"name\":\"Julio Menchaca combate rezago en infraestructura p\u00fablica; inversi\u00f3n supera 25 mil millones de pesos\"}]},{\"@type\":\"WebSite\",\"@id\":\"https:\\\/\\\/elcardinal.com\\\/#website\",\"url\":\"https:\\\/\\\/elcardinal.com\\\/\",\"name\":\"El Cardinal\",\"description\":\"Periodismo honesto, con valor, sentido humano, a veces sarc\u00e1stico y divertido.\",\"publisher\":{\"@id\":\"https:\\\/\\\/elcardinal.com\\\/#organization\"},\"alternateName\":\"El Cardinal Noticias\",\"potentialAction\":[{\"@type\":\"SearchAction\",\"target\":{\"@type\":\"EntryPoint\",\"urlTemplate\":\"https:\\\/\\\/elcardinal.com\\\/?s={search_term_string}\"},\"query-input\":{\"@type\":\"PropertyValueSpecification\",\"valueRequired\":true,\"valueName\":\"search_term_string\"}}],\"inLanguage\":\"es\"},{\"@type\":\"Organization\",\"@id\":\"https:\\\/\\\/elcardinal.com\\\/#organization\",\"name\":\"El Cardinal\",\"url\":\"https:\\\/\\\/elcardinal.com\\\/\",\"logo\":{\"@type\":\"ImageObject\",\"inLanguage\":\"es\",\"@id\":\"https:\\\/\\\/elcardinal.com\\\/#\\\/schema\\\/logo\\\/image\\\/\",\"url\":\"https:\\\/\\\/elcardinal.com\\\/wp-content\\\/uploads\\\/2025\\\/04\\\/LOGO-EL-CARDINAL-Periodismo-con-valor.png\",\"contentUrl\":\"https:\\\/\\\/elcardinal.com\\\/wp-content\\\/uploads\\\/2025\\\/04\\\/LOGO-EL-CARDINAL-Periodismo-con-valor.png\",\"width\":755,\"height\":636,\"caption\":\"El Cardinal\"},\"image\":{\"@id\":\"https:\\\/\\\/elcardinal.com\\\/#\\\/schema\\\/logo\\\/image\\\/\"},\"sameAs\":[\"https:\\\/\\\/www.facebook.com\\\/profile.php?id=100063093107011\",\"https:\\\/\\\/x.com\\\/ElCardinal_Mx\"]},{\"@type\":\"Person\",\"@id\":\"https:\\\/\\\/elcardinal.com\\\/#\\\/schema\\\/person\\\/3c352ec0a33987fe275c0e8a2ea69f8b\",\"name\":\"Antonio Alcaraz\",\"image\":{\"@type\":\"ImageObject\",\"inLanguage\":\"es\",\"@id\":\"https:\\\/\\\/elcardinal.com\\\/wp-content\\\/uploads\\\/2025\\\/05\\\/cropped-TONO-96x96.jpg\",\"url\":\"https:\\\/\\\/elcardinal.com\\\/wp-content\\\/uploads\\\/2025\\\/05\\\/cropped-TONO-96x96.jpg\",\"contentUrl\":\"https:\\\/\\\/elcardinal.com\\\/wp-content\\\/uploads\\\/2025\\\/05\\\/cropped-TONO-96x96.jpg\",\"caption\":\"Antonio Alcaraz\"},\"url\":\"https:\\\/\\\/elcardinal.com\\\/?author=2\"}]}<\/script>\n<!-- \/ Yoast SEO plugin. -->","yoast_head_json":{"title":"Julio Menchaca combate rezago en infraestructura p\u00fablica; inversi\u00f3n supera 25 mil millones de pesos - El Cardinal","robots":{"index":"index","follow":"follow","max-snippet":"max-snippet:-1","max-image-preview":"max-image-preview:large","max-video-preview":"max-video-preview:-1"},"canonical":"https:\/\/elcardinal.com\/?p=6607","og_locale":"es_MX","og_type":"article","og_title":"Julio Menchaca combate rezago en infraestructura p\u00fablica; inversi\u00f3n supera 25 mil millones de pesos - El Cardinal","og_description":"Resdacci\u00f3n En el marco de la primera reuni\u00f3n trirregional 2026 de la Federaci\u00f3n Mexicana de Colegios de Ingenieros Civiles, A. C. (Femcic), el gobernador Julio Menchaca Salazar tom\u00f3 protesta al XII Comit\u00e9 Directivo del Colegio de Ingenieros Civiles del Estado de Hidalgo (CICEH), A. C. Durante su mensaje, el mandatario hidalguense reconoci\u00f3 la aportaci\u00f3n del","og_url":"https:\/\/elcardinal.com\/?p=6607","og_site_name":"El Cardinal","article_publisher":"https:\/\/www.facebook.com\/profile.php?id=100063093107011","article_published_time":"2026-07-25T18:12:49+00:00","og_image":[{"width":2560,"height":1437,"url":"https:\/\/elcardinal.com\/wp-content\/uploads\/2026\/07\/IMG_1700-scaled.jpg","type":"image\/jpeg"}],"author":"Antonio Alcaraz","twitter_card":"summary_large_image","twitter_creator":"@ElCardinal_Mx","twitter_site":"@ElCardinal_Mx","twitter_misc":{"Escrito por":"Antonio Alcaraz","Tiempo de lectura":"2 minutos"},"schema":{"@context":"https:\/\/schema.org","@graph":[{"@type":"Article","@id":"https:\/\/elcardinal.com\/?p=6607#article","isPartOf":{"@id":"https:\/\/elcardinal.com\/?p=6607"},"author":{"name":"Antonio Alcaraz","@id":"https:\/\/elcardinal.com\/#\/schema\/person\/3c352ec0a33987fe275c0e8a2ea69f8b"},"headline":"Julio Menchaca combate rezago en infraestructura p\u00fablica; inversi\u00f3n supera 25 mil millones de pesos","datePublished":"2026-07-25T18:12:49+00:00","mainEntityOfPage":{"@id":"https:\/\/elcardinal.com\/?p=6607"},"wordCount":418,"commentCount":0,"publisher":{"@id":"https:\/\/elcardinal.com\/#organization"},"image":{"@id":"https:\/\/elcardinal.com\/?p=6607#primaryimage"},"thumbnailUrl":"https:\/\/elcardinal.com\/wp-content\/uploads\/2026\/07\/IMG_1700-scaled.jpg","keywords":["Hidalgo","Julio Menchaca"],"articleSection":["Uncategorized"],"inLanguage":"es","potentialAction":[{"@type":"CommentAction","name":"Comment","target":["https:\/\/elcardinal.com\/?p=6607#respond"]}]},{"@type":"WebPage","@id":"https:\/\/elcardinal.com\/?p=6607","url":"https:\/\/elcardinal.com\/?p=6607","name":"Julio Menchaca combate rezago en infraestructura p\u00fablica; inversi\u00f3n supera 25 mil millones de pesos - El Cardinal","isPartOf":{"@id":"https:\/\/elcardinal.com\/#website"},"primaryImageOfPage":{"@id":"https:\/\/elcardinal.com\/?p=6607#primaryimage"},"image":{"@id":"https:\/\/elcardinal.com\/?p=6607#primaryimage"},"thumbnailUrl":"https:\/\/elcardinal.com\/wp-content\/uploads\/2026\/07\/IMG_1700-scaled.jpg","datePublished":"2026-07-25T18:12:49+00:00","breadcrumb":{"@id":"https:\/\/elcardinal.com\/?p=6607#breadcrumb"},"inLanguage":"es","potentialAction":[{"@type":"ReadAction","target":["https:\/\/elcardinal.com\/?p=6607"]}]},{"@type":"ImageObject","inLanguage":"es","@id":"https:\/\/elcardinal.com\/?p=6607#primaryimage","url":"https:\/\/elcardinal.com\/wp-content\/uploads\/2026\/07\/IMG_1700-scaled.jpg","contentUrl":"https:\/\/elcardinal.com\/wp-content\/uploads\/2026\/07\/IMG_1700-scaled.jpg","width":2560,"height":1437},{"@type":"BreadcrumbList","@id":"https:\/\/elcardinal.com\/?p=6607#breadcrumb","itemListElement":[{"@type":"ListItem","position":1,"name":"Inicio","item":"https:\/\/elcardinal.com\/"},{"@type":"ListItem","position":2,"name":"Julio Menchaca combate rezago en infraestructura p\u00fablica; inversi\u00f3n supera 25 mil millones de pesos"}]},{"@type":"WebSite","@id":"https:\/\/elcardinal.com\/#website","url":"https:\/\/elcardinal.com\/","name":"El Cardinal","description":"Periodismo honesto, con valor, sentido humano, a veces sarc\u00e1stico y divertido.","publisher":{"@id":"https:\/\/elcardinal.com\/#organization"},"alternateName":"El Cardinal Noticias","potentialAction":[{"@type":"SearchAction","target":{"@type":"EntryPoint","urlTemplate":"https:\/\/elcardinal.com\/?s={search_term_string}"},"query-input":{"@type":"PropertyValueSpecification","valueRequired":true,"valueName":"search_term_string"}}],"inLanguage":"es"},{"@type":"Organization","@id":"https:\/\/elcardinal.com\/#organization","name":"El Cardinal","url":"https:\/\/elcardinal.com\/","logo":{"@type":"ImageObject","inLanguage":"es","@id":"https:\/\/elcardinal.com\/#\/schema\/logo\/image\/","url":"https:\/\/elcardinal.com\/wp-content\/uploads\/2025\/04\/LOGO-EL-CARDINAL-Periodismo-con-valor.png","contentUrl":"https:\/\/elcardinal.com\/wp-content\/uploads\/2025\/04\/LOGO-EL-CARDINAL-Periodismo-con-valor.png","width":755,"height":636,"caption":"El Cardinal"},"image":{"@id":"https:\/\/elcardinal.com\/#\/schema\/logo\/image\/"},"sameAs":["https:\/\/www.facebook.com\/profile.php?id=100063093107011","https:\/\/x.com\/ElCardinal_Mx"]},{"@type":"Person","@id":"https:\/\/elcardinal.com\/#\/schema\/person\/3c352ec0a33987fe275c0e8a2ea69f8b","name":"Antonio Alcaraz","image":{"@type":"ImageObject","inLanguage":"es","@id":"https:\/\/elcardinal.com\/wp-content\/uploads\/2025\/05\/cropped-TONO-96x96.jpg","url":"https:\/\/elcardinal.com\/wp-content\/uploads\/2025\/05\/cropped-TONO-96x96.jpg","contentUrl":"https:\/\/elcardinal.com\/wp-content\/uploads\/2025\/05\/cropped-TONO-96x96.jpg","caption":"Antonio Alcaraz"},"url":"https:\/\/elcardinal.com\/?author=2"}]}},"_links":{"self":[{"href":"https:\/\/elcardinal.com\/index.php?rest_route=\/wp\/v2\/posts\/6607","targetHints":{"allow":["GET"]}}],"collection":[{"href":"https:\/\/elcardinal.com\/index.php?rest_route=\/wp\/v2\/posts"}],"about":[{"href":"https:\/\/elcardinal.com\/index.php?rest_route=\/wp\/v2\/types\/post"}],"author":[{"embeddable":true,"href":"https:\/\/elcardinal.com\/index.php?rest_route=\/wp\/v2\/users\/2"}],"replies":[{"embeddable":true,"href":"https:\/\/elcardinal.com\/index.php?rest_route=%2Fwp%2Fv2%2Fcomments&post=6607"}],"version-history":[{"count":1,"href":"https:\/\/elcardinal.com\/index.php?rest_route=\/wp\/v2\/posts\/6607\/revisions"}],"predecessor-version":[{"id":6609,"href":"https:\/\/elcardinal.com\/index.php?rest_route=\/wp\/v2\/posts\/6607\/revisions\/6609"}],"wp:featuredmedia":[{"embeddable":true,"href":"https:\/\/elcardinal.com\/index.php?rest_route=\/wp\/v2\/media\/6608"}],"wp:attachment":[{"href":"https:\/\/elcardinal.com\/index.php?rest_route=%2Fwp%2Fv2%2Fmedia&parent=6607"}],"wp:term":[{"taxonomy":"category","embeddable":true,"href":"https:\/\/elcardinal.com\/index.php?rest_route=%2Fwp%2Fv2%2Fcategories&post=6607"},{"taxonomy":"post_tag","embeddable":true,"href":"https:\/\/elcardinal.com\/index.php?rest_route=%2Fwp%2Fv2%2Ftags&post=6607"}],"curies":[{"name":"wp","href":"https:\/\/api.w.org\/{rel}","templated":true}]}}