{"id":6610,"date":"2026-07-25T12:43:06","date_gmt":"2026-07-25T18:43:06","guid":{"rendered":"https:\/\/elcardinal.com\/?p=6610"},"modified":"2026-07-25T12:43:06","modified_gmt":"2026-07-25T18:43:06","slug":"ricardo-crespo-arremete-contra-carolina-viggiano-esta-desesperada-enojada-y-sin-discurso","status":"publish","type":"post","link":"https:\/\/elcardinal.com\/?p=6610","title":{"rendered":"Ricardo Crespo arremete contra Carolina Viggiano: &#8220;Est\u00e1 desesperada, enojada y sin discurso&#8221;"},"content":{"rendered":"<p>Por: Antonio Alcaraz<\/p>\n<p>El diputado federal de Morena por Pachuca, <strong>Ricardo Crespo Arroyo<\/strong>, lanz\u00f3 fuertes cr\u00edticas contra la senadora priista <strong>Carolina Viggiano Austria<\/strong>, luego de los se\u00f1alamientos que \u00e9sta ha realizado en contra del gobierno de Hidalgo y del gobernador <strong>Julio Menchaca<\/strong>.<\/p>\n<p>Crespo asegur\u00f3 que Viggiano es una &#8220;eterna candidata&#8221; que fue abandonada por su propio partido y afirm\u00f3 que, tras perder la elecci\u00f3n por la gubernatura, &#8220;la dejaron sola&#8221;. Adem\u00e1s, sostuvo que la legisladora &#8220;est\u00e1 enojada, desesperada y sin discurso&#8221;, al tiempo que record\u00f3 que, seg\u00fan \u00e9l, el PRI atraviesa por un bajo nivel de aceptaci\u00f3n ciudadana.<\/p>\n<p>El legislador defendi\u00f3 la construcci\u00f3n del nuevo Centro Administrativo del estado y asegur\u00f3 que se realiza <strong>sin contratar deuda<\/strong>, lo que permitir\u00e1 ahorrar millones de pesos en rentas de oficinas gubernamentales, adem\u00e1s de generar empleos y modernizar los servicios p\u00fablicos.<\/p>\n<p>Tambi\u00e9n destac\u00f3 que, durante la administraci\u00f3n de Julio Menchaca, se han destinado recursos hist\u00f3ricos para infraestructura, agua potable, drenaje, carreteras y vialidades, asegurando que <strong>en menos de cuatro a\u00f1os se ha invertido m\u00e1s en obra p\u00fablica que durante los dos sexenios anteriores juntos<\/strong>.<\/p>\n<p>Como ejemplo, mencion\u00f3 la rehabilitaci\u00f3n de importantes avenidas de Pachuca, la transformaci\u00f3n del Parque Ben Guri\u00f3n, la construcci\u00f3n del Tren AIFA-Pachuca y las nuevas carreteras que conectar\u00e1n la Huasteca y la Sierra con San Luis Potos\u00ed y Veracruz.<\/p>\n<p>Crespo tambi\u00e9n acus\u00f3 al PRI de ser responsable del rezago y de problemas como el robo de combustible, al se\u00f1alar que son &#8220;herencia&#8221; de administraciones pasadas. Incluso pidi\u00f3 a Viggiano dejar de &#8220;criticar por criticar&#8221; y trabajar por Hidalgo.<\/p>\n<p>&#8220;Lo bueno es que Hidalgo ya no le cree al PRI, menos a usted&#8221;, sentenci\u00f3 el diputado morenista, quien adem\u00e1s lanz\u00f3 cr\u00edticas contra el dirigente nacional priista Alejandro Moreno y cuestion\u00f3 el desempe\u00f1o pol\u00edtico del esposo de la senadora.<\/p>\n<p>\u00bfQu\u00e9 opinas de este nuevo choque entre Morena y el PRI en Hidalgo? \u00bfQui\u00e9n tiene la raz\u00f3n?<\/p>\n","protected":false},"excerpt":{"rendered":"<p>Por: Antonio Alcaraz El diputado federal de Morena por Pachuca, Ricardo Crespo Arroyo, lanz\u00f3 fuertes cr\u00edticas contra la senadora priista Carolina Viggiano Austria, luego de los se\u00f1alamientos que \u00e9sta ha realizado en contra del gobierno de Hidalgo y del gobernador Julio Menchaca. Crespo asegur\u00f3 que Viggiano es una &#8220;eterna candidata&#8221; que fue abandonada por su<\/p>\n","protected":false},"author":2,"featured_media":6611,"comment_status":"open","ping_status":"open","sticky":false,"template":"","format":"standard","meta":{"footnotes":""},"categories":[1],"tags":[431,207],"class_list":["post-6610","post","type-post","status-publish","format-standard","has-post-thumbnail","category-uncategorized","tag-carolina-viggiano","tag-ricardo-crespo"],"yoast_head":"<!-- This site is optimized with the Yoast SEO plugin v28.0 - https:\/\/yoast.com\/product\/yoast-seo-wordpress\/ -->\n<title>Ricardo Crespo arremete contra Carolina Viggiano: &quot;Est\u00e1 desesperada, enojada y sin discurso&quot; - El Cardinal<\/title>\n<meta name=\"robots\" content=\"index, follow, max-snippet:-1, max-image-preview:large, max-video-preview:-1\" \/>\n<link rel=\"canonical\" href=\"https:\/\/elcardinal.com\/?p=6610\" \/>\n<meta property=\"og:locale\" content=\"es_MX\" \/>\n<meta property=\"og:type\" content=\"article\" \/>\n<meta property=\"og:title\" content=\"Ricardo Crespo arremete contra Carolina Viggiano: &quot;Est\u00e1 desesperada, enojada y sin discurso&quot; - El Cardinal\" \/>\n<meta property=\"og:description\" content=\"Por: Antonio Alcaraz El diputado federal de Morena por Pachuca, Ricardo Crespo Arroyo, lanz\u00f3 fuertes cr\u00edticas contra la senadora priista Carolina Viggiano Austria, luego de los se\u00f1alamientos que \u00e9sta ha realizado en contra del gobierno de Hidalgo y del gobernador Julio Menchaca. Crespo asegur\u00f3 que Viggiano es una &#8220;eterna candidata&#8221; que fue abandonada por su\" \/>\n<meta property=\"og:url\" content=\"https:\/\/elcardinal.com\/?p=6610\" \/>\n<meta property=\"og:site_name\" content=\"El Cardinal\" \/>\n<meta property=\"article:publisher\" content=\"https:\/\/www.facebook.com\/profile.php?id=100063093107011\" \/>\n<meta property=\"article:published_time\" content=\"2026-07-25T18:43:06+00:00\" \/>\n<meta property=\"og:image\" content=\"https:\/\/elcardinal.com\/wp-content\/uploads\/2026\/07\/ChatGPT-Image-25-jul-2026-12_42_16-p.m-1024x683.png\" \/>\n\t<meta property=\"og:image:width\" content=\"1024\" \/>\n\t<meta property=\"og:image:height\" content=\"683\" \/>\n\t<meta property=\"og:image:type\" content=\"image\/png\" \/>\n<meta name=\"author\" content=\"Antonio Alcaraz\" \/>\n<meta name=\"twitter:card\" content=\"summary_large_image\" \/>\n<meta name=\"twitter:creator\" content=\"@ElCardinal_Mx\" \/>\n<meta name=\"twitter:site\" content=\"@ElCardinal_Mx\" \/>\n<meta name=\"twitter:label1\" content=\"Escrito por\" \/>\n\t<meta name=\"twitter:data1\" content=\"Antonio Alcaraz\" \/>\n\t<meta name=\"twitter:label2\" content=\"Tiempo de lectura\" \/>\n\t<meta name=\"twitter:data2\" content=\"2 minutos\" \/>\n<script type=\"application\/ld+json\" class=\"yoast-schema-graph\">{\"@context\":\"https:\\\/\\\/schema.org\",\"@graph\":[{\"@type\":\"Article\",\"@id\":\"https:\\\/\\\/elcardinal.com\\\/?p=6610#article\",\"isPartOf\":{\"@id\":\"https:\\\/\\\/elcardinal.com\\\/?p=6610\"},\"author\":{\"name\":\"Antonio Alcaraz\",\"@id\":\"https:\\\/\\\/elcardinal.com\\\/#\\\/schema\\\/person\\\/3c352ec0a33987fe275c0e8a2ea69f8b\"},\"headline\":\"Ricardo Crespo arremete contra Carolina Viggiano: &#8220;Est\u00e1 desesperada, enojada y sin discurso&#8221;\",\"datePublished\":\"2026-07-25T18:43:06+00:00\",\"mainEntityOfPage\":{\"@id\":\"https:\\\/\\\/elcardinal.com\\\/?p=6610\"},\"wordCount\":354,\"commentCount\":0,\"publisher\":{\"@id\":\"https:\\\/\\\/elcardinal.com\\\/#organization\"},\"image\":{\"@id\":\"https:\\\/\\\/elcardinal.com\\\/?p=6610#primaryimage\"},\"thumbnailUrl\":\"https:\\\/\\\/elcardinal.com\\\/wp-content\\\/uploads\\\/2026\\\/07\\\/ChatGPT-Image-25-jul-2026-12_42_16-p.m.png\",\"keywords\":[\"Carolina Viggiano\",\"Ricardo Crespo\"],\"articleSection\":[\"Uncategorized\"],\"inLanguage\":\"es\",\"potentialAction\":[{\"@type\":\"CommentAction\",\"name\":\"Comment\",\"target\":[\"https:\\\/\\\/elcardinal.com\\\/?p=6610#respond\"]}]},{\"@type\":\"WebPage\",\"@id\":\"https:\\\/\\\/elcardinal.com\\\/?p=6610\",\"url\":\"https:\\\/\\\/elcardinal.com\\\/?p=6610\",\"name\":\"Ricardo Crespo arremete contra Carolina Viggiano: \\\"Est\u00e1 desesperada, enojada y sin discurso\\\" - El Cardinal\",\"isPartOf\":{\"@id\":\"https:\\\/\\\/elcardinal.com\\\/#website\"},\"primaryImageOfPage\":{\"@id\":\"https:\\\/\\\/elcardinal.com\\\/?p=6610#primaryimage\"},\"image\":{\"@id\":\"https:\\\/\\\/elcardinal.com\\\/?p=6610#primaryimage\"},\"thumbnailUrl\":\"https:\\\/\\\/elcardinal.com\\\/wp-content\\\/uploads\\\/2026\\\/07\\\/ChatGPT-Image-25-jul-2026-12_42_16-p.m.png\",\"datePublished\":\"2026-07-25T18:43:06+00:00\",\"breadcrumb\":{\"@id\":\"https:\\\/\\\/elcardinal.com\\\/?p=6610#breadcrumb\"},\"inLanguage\":\"es\",\"potentialAction\":[{\"@type\":\"ReadAction\",\"target\":[\"https:\\\/\\\/elcardinal.com\\\/?p=6610\"]}]},{\"@type\":\"ImageObject\",\"inLanguage\":\"es\",\"@id\":\"https:\\\/\\\/elcardinal.com\\\/?p=6610#primaryimage\",\"url\":\"https:\\\/\\\/elcardinal.com\\\/wp-content\\\/uploads\\\/2026\\\/07\\\/ChatGPT-Image-25-jul-2026-12_42_16-p.m.png\",\"contentUrl\":\"https:\\\/\\\/elcardinal.com\\\/wp-content\\\/uploads\\\/2026\\\/07\\\/ChatGPT-Image-25-jul-2026-12_42_16-p.m.png\",\"width\":1536,\"height\":1024},{\"@type\":\"BreadcrumbList\",\"@id\":\"https:\\\/\\\/elcardinal.com\\\/?p=6610#breadcrumb\",\"itemListElement\":[{\"@type\":\"ListItem\",\"position\":1,\"name\":\"Inicio\",\"item\":\"https:\\\/\\\/elcardinal.com\\\/\"},{\"@type\":\"ListItem\",\"position\":2,\"name\":\"Ricardo Crespo arremete contra Carolina Viggiano: &#8220;Est\u00e1 desesperada, enojada y sin discurso&#8221;\"}]},{\"@type\":\"WebSite\",\"@id\":\"https:\\\/\\\/elcardinal.com\\\/#website\",\"url\":\"https:\\\/\\\/elcardinal.com\\\/\",\"name\":\"El Cardinal\",\"description\":\"Periodismo honesto, con valor, sentido humano, a veces sarc\u00e1stico y divertido.\",\"publisher\":{\"@id\":\"https:\\\/\\\/elcardinal.com\\\/#organization\"},\"alternateName\":\"El Cardinal Noticias\",\"potentialAction\":[{\"@type\":\"SearchAction\",\"target\":{\"@type\":\"EntryPoint\",\"urlTemplate\":\"https:\\\/\\\/elcardinal.com\\\/?s={search_term_string}\"},\"query-input\":{\"@type\":\"PropertyValueSpecification\",\"valueRequired\":true,\"valueName\":\"search_term_string\"}}],\"inLanguage\":\"es\"},{\"@type\":\"Organization\",\"@id\":\"https:\\\/\\\/elcardinal.com\\\/#organization\",\"name\":\"El Cardinal\",\"url\":\"https:\\\/\\\/elcardinal.com\\\/\",\"logo\":{\"@type\":\"ImageObject\",\"inLanguage\":\"es\",\"@id\":\"https:\\\/\\\/elcardinal.com\\\/#\\\/schema\\\/logo\\\/image\\\/\",\"url\":\"https:\\\/\\\/elcardinal.com\\\/wp-content\\\/uploads\\\/2025\\\/04\\\/LOGO-EL-CARDINAL-Periodismo-con-valor.png\",\"contentUrl\":\"https:\\\/\\\/elcardinal.com\\\/wp-content\\\/uploads\\\/2025\\\/04\\\/LOGO-EL-CARDINAL-Periodismo-con-valor.png\",\"width\":755,\"height\":636,\"caption\":\"El Cardinal\"},\"image\":{\"@id\":\"https:\\\/\\\/elcardinal.com\\\/#\\\/schema\\\/logo\\\/image\\\/\"},\"sameAs\":[\"https:\\\/\\\/www.facebook.com\\\/profile.php?id=100063093107011\",\"https:\\\/\\\/x.com\\\/ElCardinal_Mx\"]},{\"@type\":\"Person\",\"@id\":\"https:\\\/\\\/elcardinal.com\\\/#\\\/schema\\\/person\\\/3c352ec0a33987fe275c0e8a2ea69f8b\",\"name\":\"Antonio Alcaraz\",\"image\":{\"@type\":\"ImageObject\",\"inLanguage\":\"es\",\"@id\":\"https:\\\/\\\/elcardinal.com\\\/wp-content\\\/uploads\\\/2025\\\/05\\\/cropped-TONO-96x96.jpg\",\"url\":\"https:\\\/\\\/elcardinal.com\\\/wp-content\\\/uploads\\\/2025\\\/05\\\/cropped-TONO-96x96.jpg\",\"contentUrl\":\"https:\\\/\\\/elcardinal.com\\\/wp-content\\\/uploads\\\/2025\\\/05\\\/cropped-TONO-96x96.jpg\",\"caption\":\"Antonio Alcaraz\"},\"url\":\"https:\\\/\\\/elcardinal.com\\\/?author=2\"}]}<\/script>\n<!-- \/ Yoast SEO plugin. -->","yoast_head_json":{"title":"Ricardo Crespo arremete contra Carolina Viggiano: \"Est\u00e1 desesperada, enojada y sin discurso\" - El Cardinal","robots":{"index":"index","follow":"follow","max-snippet":"max-snippet:-1","max-image-preview":"max-image-preview:large","max-video-preview":"max-video-preview:-1"},"canonical":"https:\/\/elcardinal.com\/?p=6610","og_locale":"es_MX","og_type":"article","og_title":"Ricardo Crespo arremete contra Carolina Viggiano: \"Est\u00e1 desesperada, enojada y sin discurso\" - El Cardinal","og_description":"Por: Antonio Alcaraz El diputado federal de Morena por Pachuca, Ricardo Crespo Arroyo, lanz\u00f3 fuertes cr\u00edticas contra la senadora priista Carolina Viggiano Austria, luego de los se\u00f1alamientos que \u00e9sta ha realizado en contra del gobierno de Hidalgo y del gobernador Julio Menchaca. Crespo asegur\u00f3 que Viggiano es una &#8220;eterna candidata&#8221; que fue abandonada por su","og_url":"https:\/\/elcardinal.com\/?p=6610","og_site_name":"El Cardinal","article_publisher":"https:\/\/www.facebook.com\/profile.php?id=100063093107011","article_published_time":"2026-07-25T18:43:06+00:00","og_image":[{"width":1024,"height":683,"url":"https:\/\/elcardinal.com\/wp-content\/uploads\/2026\/07\/ChatGPT-Image-25-jul-2026-12_42_16-p.m-1024x683.png","type":"image\/png"}],"author":"Antonio Alcaraz","twitter_card":"summary_large_image","twitter_creator":"@ElCardinal_Mx","twitter_site":"@ElCardinal_Mx","twitter_misc":{"Escrito por":"Antonio Alcaraz","Tiempo de lectura":"2 minutos"},"schema":{"@context":"https:\/\/schema.org","@graph":[{"@type":"Article","@id":"https:\/\/elcardinal.com\/?p=6610#article","isPartOf":{"@id":"https:\/\/elcardinal.com\/?p=6610"},"author":{"name":"Antonio Alcaraz","@id":"https:\/\/elcardinal.com\/#\/schema\/person\/3c352ec0a33987fe275c0e8a2ea69f8b"},"headline":"Ricardo Crespo arremete contra Carolina Viggiano: &#8220;Est\u00e1 desesperada, enojada y sin discurso&#8221;","datePublished":"2026-07-25T18:43:06+00:00","mainEntityOfPage":{"@id":"https:\/\/elcardinal.com\/?p=6610"},"wordCount":354,"commentCount":0,"publisher":{"@id":"https:\/\/elcardinal.com\/#organization"},"image":{"@id":"https:\/\/elcardinal.com\/?p=6610#primaryimage"},"thumbnailUrl":"https:\/\/elcardinal.com\/wp-content\/uploads\/2026\/07\/ChatGPT-Image-25-jul-2026-12_42_16-p.m.png","keywords":["Carolina Viggiano","Ricardo Crespo"],"articleSection":["Uncategorized"],"inLanguage":"es","potentialAction":[{"@type":"CommentAction","name":"Comment","target":["https:\/\/elcardinal.com\/?p=6610#respond"]}]},{"@type":"WebPage","@id":"https:\/\/elcardinal.com\/?p=6610","url":"https:\/\/elcardinal.com\/?p=6610","name":"Ricardo Crespo arremete contra Carolina Viggiano: \"Est\u00e1 desesperada, enojada y sin discurso\" - El Cardinal","isPartOf":{"@id":"https:\/\/elcardinal.com\/#website"},"primaryImageOfPage":{"@id":"https:\/\/elcardinal.com\/?p=6610#primaryimage"},"image":{"@id":"https:\/\/elcardinal.com\/?p=6610#primaryimage"},"thumbnailUrl":"https:\/\/elcardinal.com\/wp-content\/uploads\/2026\/07\/ChatGPT-Image-25-jul-2026-12_42_16-p.m.png","datePublished":"2026-07-25T18:43:06+00:00","breadcrumb":{"@id":"https:\/\/elcardinal.com\/?p=6610#breadcrumb"},"inLanguage":"es","potentialAction":[{"@type":"ReadAction","target":["https:\/\/elcardinal.com\/?p=6610"]}]},{"@type":"ImageObject","inLanguage":"es","@id":"https:\/\/elcardinal.com\/?p=6610#primaryimage","url":"https:\/\/elcardinal.com\/wp-content\/uploads\/2026\/07\/ChatGPT-Image-25-jul-2026-12_42_16-p.m.png","contentUrl":"https:\/\/elcardinal.com\/wp-content\/uploads\/2026\/07\/ChatGPT-Image-25-jul-2026-12_42_16-p.m.png","width":1536,"height":1024},{"@type":"BreadcrumbList","@id":"https:\/\/elcardinal.com\/?p=6610#breadcrumb","itemListElement":[{"@type":"ListItem","position":1,"name":"Inicio","item":"https:\/\/elcardinal.com\/"},{"@type":"ListItem","position":2,"name":"Ricardo Crespo arremete contra Carolina Viggiano: &#8220;Est\u00e1 desesperada, enojada y sin discurso&#8221;"}]},{"@type":"WebSite","@id":"https:\/\/elcardinal.com\/#website","url":"https:\/\/elcardinal.com\/","name":"El Cardinal","description":"Periodismo honesto, con valor, sentido humano, a veces sarc\u00e1stico y divertido.","publisher":{"@id":"https:\/\/elcardinal.com\/#organization"},"alternateName":"El Cardinal Noticias","potentialAction":[{"@type":"SearchAction","target":{"@type":"EntryPoint","urlTemplate":"https:\/\/elcardinal.com\/?s={search_term_string}"},"query-input":{"@type":"PropertyValueSpecification","valueRequired":true,"valueName":"search_term_string"}}],"inLanguage":"es"},{"@type":"Organization","@id":"https:\/\/elcardinal.com\/#organization","name":"El Cardinal","url":"https:\/\/elcardinal.com\/","logo":{"@type":"ImageObject","inLanguage":"es","@id":"https:\/\/elcardinal.com\/#\/schema\/logo\/image\/","url":"https:\/\/elcardinal.com\/wp-content\/uploads\/2025\/04\/LOGO-EL-CARDINAL-Periodismo-con-valor.png","contentUrl":"https:\/\/elcardinal.com\/wp-content\/uploads\/2025\/04\/LOGO-EL-CARDINAL-Periodismo-con-valor.png","width":755,"height":636,"caption":"El Cardinal"},"image":{"@id":"https:\/\/elcardinal.com\/#\/schema\/logo\/image\/"},"sameAs":["https:\/\/www.facebook.com\/profile.php?id=100063093107011","https:\/\/x.com\/ElCardinal_Mx"]},{"@type":"Person","@id":"https:\/\/elcardinal.com\/#\/schema\/person\/3c352ec0a33987fe275c0e8a2ea69f8b","name":"Antonio Alcaraz","image":{"@type":"ImageObject","inLanguage":"es","@id":"https:\/\/elcardinal.com\/wp-content\/uploads\/2025\/05\/cropped-TONO-96x96.jpg","url":"https:\/\/elcardinal.com\/wp-content\/uploads\/2025\/05\/cropped-TONO-96x96.jpg","contentUrl":"https:\/\/elcardinal.com\/wp-content\/uploads\/2025\/05\/cropped-TONO-96x96.jpg","caption":"Antonio Alcaraz"},"url":"https:\/\/elcardinal.com\/?author=2"}]}},"_links":{"self":[{"href":"https:\/\/elcardinal.com\/index.php?rest_route=\/wp\/v2\/posts\/6610","targetHints":{"allow":["GET"]}}],"collection":[{"href":"https:\/\/elcardinal.com\/index.php?rest_route=\/wp\/v2\/posts"}],"about":[{"href":"https:\/\/elcardinal.com\/index.php?rest_route=\/wp\/v2\/types\/post"}],"author":[{"embeddable":true,"href":"https:\/\/elcardinal.com\/index.php?rest_route=\/wp\/v2\/users\/2"}],"replies":[{"embeddable":true,"href":"https:\/\/elcardinal.com\/index.php?rest_route=%2Fwp%2Fv2%2Fcomments&post=6610"}],"version-history":[{"count":1,"href":"https:\/\/elcardinal.com\/index.php?rest_route=\/wp\/v2\/posts\/6610\/revisions"}],"predecessor-version":[{"id":6612,"href":"https:\/\/elcardinal.com\/index.php?rest_route=\/wp\/v2\/posts\/6610\/revisions\/6612"}],"wp:featuredmedia":[{"embeddable":true,"href":"https:\/\/elcardinal.com\/index.php?rest_route=\/wp\/v2\/media\/6611"}],"wp:attachment":[{"href":"https:\/\/elcardinal.com\/index.php?rest_route=%2Fwp%2Fv2%2Fmedia&parent=6610"}],"wp:term":[{"taxonomy":"category","embeddable":true,"href":"https:\/\/elcardinal.com\/index.php?rest_route=%2Fwp%2Fv2%2Fcategories&post=6610"},{"taxonomy":"post_tag","embeddable":true,"href":"https:\/\/elcardinal.com\/index.php?rest_route=%2Fwp%2Fv2%2Ftags&post=6610"}],"curies":[{"name":"wp","href":"https:\/\/api.w.org\/{rel}","templated":true}]}}