{"id":6613,"date":"2026-07-25T16:47:00","date_gmt":"2026-07-25T22:47:00","guid":{"rendered":"https:\/\/elcardinal.com\/?p=6613"},"modified":"2026-07-25T16:47:00","modified_gmt":"2026-07-25T22:47:00","slug":"cierra-cecyte-hidalgo-ciclo-escolar-2025-2026-con-destacados-resultados-nacionales-e-internacionales-julio-menchaca","status":"publish","type":"post","link":"https:\/\/elcardinal.com\/?p=6613","title":{"rendered":"Cierra CECyTE Hidalgo ciclo escolar 2025-2026, con destacados resultados nacionales e internacionales: Julio Menchaca"},"content":{"rendered":"<p>Redacci\u00f3n<\/p>\n<p>Pachuca de Soto, Hidalgo.\u2013 El Colegio de Estudios Cient\u00edficos y Tecnol\u00f3gicos del Estado de Hidalgo (CECyTE Hidalgo) concluy\u00f3 el ciclo escolar 2025-2026 consolid\u00e1ndose como una de las instituciones de educaci\u00f3n media superior m\u00e1s destacadas, gracias a los importantes resultados obtenidos por sus estudiantes en competencias nacionales e internacionales de ciencia, tecnolog\u00eda, innovaci\u00f3n, deporte y desarrollo acad\u00e9mico.<\/p>\n<p>Edmundo Ram\u00edrez, Director General del organismo se\u00f1al\u00f3 que estos logros son resultado del compromiso del gobernador Julio Menchaca Salazar, quien ha colocado a la educaci\u00f3n como eje de la transformaci\u00f3n en Hidalgo, as\u00ed como del impulso permanente del secretario de Educaci\u00f3n P\u00fablica, Natividad Castrej\u00f3n Valdez, para fortalecer las oportunidades de las juventudes hidalguenses. Bajo esta visi\u00f3n, el CECyTE Hidalgo, ha mantenido una pol\u00edtica de cercan\u00eda con las y los estudiantes, poniendo a las juventudes en el centro de cada decisi\u00f3n e impuls\u00e1ndolas a desarrollar su m\u00e1ximo potencial en cada reto acad\u00e9mico, cient\u00edfico, tecnol\u00f3gico y deportivo.<\/p>\n<p>Uno de los mayores orgullos del ciclo escolar fue el campeonato nacional obtenido por el equipo SpaceX Drone del Plantel Ixmiquilpan, que se coron\u00f3 Campe\u00f3n Nacional del Girl Powered 2025-2026 en la categor\u00eda Aerial Drone Competition, consolid\u00e1ndose como referente nacional en rob\u00f3tica y liderazgo femenino en las \u00e1reas STEM.<\/p>\n<p>A este resultado se suma la hist\u00f3rica participaci\u00f3n del CECyTE Hidalgo en el Concurso Nacional de Creatividad e Innovaci\u00f3n Tecnol\u00f3gica 2026, celebrado en Quer\u00e9taro, donde la delegaci\u00f3n obtuvo el Primer Lugar Nacional General, producto de un primer lugar, dos segundos lugares, un tercer lugar y el campeonato &#8220;All Around Champions&#8221; en Aerial Drone Competition, adem\u00e1s de obtener el pase al Mundial de Rob\u00f3tica 2027, que se celebrar\u00e1 en China.<\/p>\n<p>Entre los resultados obtenidos destacan:<\/p>\n<p>&#8211; Primer Lugar Nacional en Aerial Drone Competition (Plantel Tezontepec de Aldama).<br \/>\n&#8211; Primer Lugar Nacional en Proyecto Cient\u00edfico con &#8220;Biopol\u00edmero Org\u00e1nico Biodegradable a Base de C\u00e1scara de Naranja&#8221; (Plantel Atotonilco de Tula).<br \/>\n&#8211; Segundo Lugar Nacional en Proyecto de Investigaci\u00f3n con &#8220;AncestraClean&#8221; (Plantel Tepetitl\u00e1n).<br \/>\n&#8211; Primer Lugar Nacional en Proyecto Tecnol\u00f3gico con &#8220;SIMULEG&#8221; (Plantel Coacuilco).<br \/>\n&#8211; Pase al Mundial de Rob\u00f3tica 2027, en China, con el proyecto &#8220;Fut Bot&#8221; (Plantel Tizayuca).<\/p>\n<p>En el \u00e1mbito acad\u00e9mico, durante el Festival Acad\u00e9mico Nacional 2026, realizado en Canc\u00fan, Quintana Roo, el CECyTE Hidalgo obtuvo cinco campeonatos nacionales y 17 estudiantes finalistas, resultados que lo colocaron nuevamente entre las delegaciones con mejor desempe\u00f1o acad\u00e9mico del pa\u00eds.<\/p>\n<p>El deporte tambi\u00e9n fue motivo de orgullo para la instituci\u00f3n durante el Encuentro Nacional Deportivo 2026, celebrado en Tamaulipas, donde la delegaci\u00f3n hidalguense conquist\u00f3 el tricampeonato nacional de f\u00fatbol varonil, el bicampeonato nacional de voleibol femenil y el subcampeonato nacional de b\u00e1squetbol femenil, reafirmando el talento y disciplina de las y los estudiantes.<\/p>\n<p>En el programa nacional Somos el Cambio, el CECyTE Hidalgo obtuvo dos primeros lugares nacionales con los proyectos &#8220;Huellas que Sanan&#8221;, del Plantel Francisco I. Madero, y &#8220;Helio Vita&#8221;, del Plantel Singuilucan, iniciativas que generan un impacto positivo en sus comunidades.<\/p>\n<p>Asimismo, la instituci\u00f3n fue reconocida en la Medalla al M\u00e9rito por la Diversidad Cultural, gracias a la destacada participaci\u00f3n de la estudiante Karla Lizzeth Hern\u00e1ndez Hern\u00e1ndez, del Plantel Coacuilco, y del Plantel Calnal\u00ed, por el desarrollo de una plataforma traductora de lengua n\u00e1huatl para la atenci\u00f3n m\u00e9dica, fortaleciendo la inclusi\u00f3n y el acceso a los servicios de salud para los pueblos originarios.<\/p>\n<p>En el impulso a la cultura cient\u00edfica, en la 40.\u00aa Olimpiada Mexicana de Matem\u00e1ticas, se obtuvo la medalla de oro.<\/p>\n<p>En materia tecnol\u00f3gica, el CECyTE Hidalgo obtuvo en 2.\u00aa Olimpiada Hidalguense de Inform\u00e1tica 2026, m\u00e1s de la mitad de la participaci\u00f3n estatal desde la fase inicial y donde se obtuvo una medalla de oro, dos de plata y una de bronce, posesionando a Cecyteh como la instituci\u00f3n con los mejores resultados en inform\u00e1tica lo que permitir\u00e1 representar a Hidalgo en la Olimpiada Mexicana de Inform\u00e1tica.<\/p>\n<p>Otro de los grandes logros nacionales fue el obtenido por las estudiantes Zoe Ang\u00e9lica Guzm\u00e1n Coronado y Ali Gress Escamilla, del Plantel Chilcuautla, quienes recibieron el Premio Nacional Juvenil del Agua 2026, adem\u00e1s del Reconocimiento al Impacto Social y Ciudadano y una Menci\u00f3n Honor\u00edfica otorgada por Pronatura M\u00e9xico, gracias a su proyecto sobre micorremediaci\u00f3n para transformar residuos contaminantes en regeneradores del suelo. El reconocimiento fue entregado por el Stockholm International Water Institute (SIWI) en la Embajada de Suecia en M\u00e9xico.<\/p>\n<p>Con estos resultados, el CECyTE Hidalgo concluye el ciclo escolar 2025-2026 refrendando su liderazgo educativo y consolid\u00e1ndose, una vez m\u00e1s, dentro del Top 3 nacional de los CECyTE del pa\u00eds, demostrando que cuando se apuesta por las juventudes, el talento hidalguense trasciende fronteras y coloca el nombre de Hidalgo y de M\u00e9xico en lo m\u00e1s alto de los escenarios nacionales e internacionales.<\/p>\n","protected":false},"excerpt":{"rendered":"<p>Redacci\u00f3n Pachuca de Soto, Hidalgo.\u2013 El Colegio de Estudios Cient\u00edficos y Tecnol\u00f3gicos del Estado de Hidalgo (CECyTE Hidalgo) concluy\u00f3 el ciclo escolar 2025-2026 consolid\u00e1ndose como una de las instituciones de educaci\u00f3n media superior m\u00e1s destacadas, gracias a los importantes resultados obtenidos por sus estudiantes en competencias nacionales e internacionales de ciencia, tecnolog\u00eda, innovaci\u00f3n, deporte y<\/p>\n","protected":false},"author":2,"featured_media":6614,"comment_status":"open","ping_status":"open","sticky":false,"template":"","format":"standard","meta":{"footnotes":""},"categories":[1],"tags":[432,85],"class_list":["post-6613","post","type-post","status-publish","format-standard","has-post-thumbnail","category-uncategorized","tag-cecyte-hidalgo","tag-julio-menchaca"],"yoast_head":"<!-- This site is optimized with the Yoast SEO plugin v28.0 - https:\/\/yoast.com\/product\/yoast-seo-wordpress\/ -->\n<title>Cierra CECyTE Hidalgo ciclo escolar 2025-2026, con destacados resultados nacionales e internacionales: Julio Menchaca - El Cardinal<\/title>\n<meta name=\"robots\" content=\"index, follow, max-snippet:-1, max-image-preview:large, max-video-preview:-1\" \/>\n<link rel=\"canonical\" href=\"https:\/\/elcardinal.com\/?p=6613\" \/>\n<meta property=\"og:locale\" content=\"es_MX\" \/>\n<meta property=\"og:type\" content=\"article\" \/>\n<meta property=\"og:title\" content=\"Cierra CECyTE Hidalgo ciclo escolar 2025-2026, con destacados resultados nacionales e internacionales: Julio Menchaca - El Cardinal\" \/>\n<meta property=\"og:description\" content=\"Redacci\u00f3n Pachuca de Soto, Hidalgo.\u2013 El Colegio de Estudios Cient\u00edficos y Tecnol\u00f3gicos del Estado de Hidalgo (CECyTE Hidalgo) concluy\u00f3 el ciclo escolar 2025-2026 consolid\u00e1ndose como una de las instituciones de educaci\u00f3n media superior m\u00e1s destacadas, gracias a los importantes resultados obtenidos por sus estudiantes en competencias nacionales e internacionales de ciencia, tecnolog\u00eda, innovaci\u00f3n, deporte y\" \/>\n<meta property=\"og:url\" content=\"https:\/\/elcardinal.com\/?p=6613\" \/>\n<meta property=\"og:site_name\" content=\"El Cardinal\" \/>\n<meta property=\"article:publisher\" content=\"https:\/\/www.facebook.com\/profile.php?id=100063093107011\" \/>\n<meta property=\"article:published_time\" content=\"2026-07-25T22:47:00+00:00\" \/>\n<meta property=\"og:image\" content=\"https:\/\/elcardinal.com\/wp-content\/uploads\/2026\/07\/WhatsApp-Image-2026-07-25-at-4.27.31-PM-1.jpeg\" \/>\n\t<meta property=\"og:image:width\" content=\"1280\" \/>\n\t<meta property=\"og:image:height\" content=\"720\" \/>\n\t<meta property=\"og:image:type\" content=\"image\/jpeg\" \/>\n<meta name=\"author\" content=\"Antonio Alcaraz\" \/>\n<meta name=\"twitter:card\" content=\"summary_large_image\" \/>\n<meta name=\"twitter:creator\" content=\"@ElCardinal_Mx\" \/>\n<meta name=\"twitter:site\" content=\"@ElCardinal_Mx\" \/>\n<meta name=\"twitter:label1\" content=\"Escrito por\" \/>\n\t<meta name=\"twitter:data1\" content=\"Antonio Alcaraz\" \/>\n\t<meta name=\"twitter:label2\" content=\"Tiempo de lectura\" \/>\n\t<meta name=\"twitter:data2\" content=\"4 minutos\" \/>\n<script type=\"application\/ld+json\" class=\"yoast-schema-graph\">{\"@context\":\"https:\\\/\\\/schema.org\",\"@graph\":[{\"@type\":\"Article\",\"@id\":\"https:\\\/\\\/elcardinal.com\\\/?p=6613#article\",\"isPartOf\":{\"@id\":\"https:\\\/\\\/elcardinal.com\\\/?p=6613\"},\"author\":{\"name\":\"Antonio Alcaraz\",\"@id\":\"https:\\\/\\\/elcardinal.com\\\/#\\\/schema\\\/person\\\/3c352ec0a33987fe275c0e8a2ea69f8b\"},\"headline\":\"Cierra CECyTE Hidalgo ciclo escolar 2025-2026, con destacados resultados nacionales e internacionales: Julio Menchaca\",\"datePublished\":\"2026-07-25T22:47:00+00:00\",\"mainEntityOfPage\":{\"@id\":\"https:\\\/\\\/elcardinal.com\\\/?p=6613\"},\"wordCount\":860,\"commentCount\":0,\"publisher\":{\"@id\":\"https:\\\/\\\/elcardinal.com\\\/#organization\"},\"image\":{\"@id\":\"https:\\\/\\\/elcardinal.com\\\/?p=6613#primaryimage\"},\"thumbnailUrl\":\"https:\\\/\\\/elcardinal.com\\\/wp-content\\\/uploads\\\/2026\\\/07\\\/WhatsApp-Image-2026-07-25-at-4.27.31-PM-1.jpeg\",\"keywords\":[\"CECyTE Hidalgo\",\"Julio Menchaca\"],\"articleSection\":[\"Uncategorized\"],\"inLanguage\":\"es\",\"potentialAction\":[{\"@type\":\"CommentAction\",\"name\":\"Comment\",\"target\":[\"https:\\\/\\\/elcardinal.com\\\/?p=6613#respond\"]}]},{\"@type\":\"WebPage\",\"@id\":\"https:\\\/\\\/elcardinal.com\\\/?p=6613\",\"url\":\"https:\\\/\\\/elcardinal.com\\\/?p=6613\",\"name\":\"Cierra CECyTE Hidalgo ciclo escolar 2025-2026, con destacados resultados nacionales e internacionales: Julio Menchaca - El Cardinal\",\"isPartOf\":{\"@id\":\"https:\\\/\\\/elcardinal.com\\\/#website\"},\"primaryImageOfPage\":{\"@id\":\"https:\\\/\\\/elcardinal.com\\\/?p=6613#primaryimage\"},\"image\":{\"@id\":\"https:\\\/\\\/elcardinal.com\\\/?p=6613#primaryimage\"},\"thumbnailUrl\":\"https:\\\/\\\/elcardinal.com\\\/wp-content\\\/uploads\\\/2026\\\/07\\\/WhatsApp-Image-2026-07-25-at-4.27.31-PM-1.jpeg\",\"datePublished\":\"2026-07-25T22:47:00+00:00\",\"breadcrumb\":{\"@id\":\"https:\\\/\\\/elcardinal.com\\\/?p=6613#breadcrumb\"},\"inLanguage\":\"es\",\"potentialAction\":[{\"@type\":\"ReadAction\",\"target\":[\"https:\\\/\\\/elcardinal.com\\\/?p=6613\"]}]},{\"@type\":\"ImageObject\",\"inLanguage\":\"es\",\"@id\":\"https:\\\/\\\/elcardinal.com\\\/?p=6613#primaryimage\",\"url\":\"https:\\\/\\\/elcardinal.com\\\/wp-content\\\/uploads\\\/2026\\\/07\\\/WhatsApp-Image-2026-07-25-at-4.27.31-PM-1.jpeg\",\"contentUrl\":\"https:\\\/\\\/elcardinal.com\\\/wp-content\\\/uploads\\\/2026\\\/07\\\/WhatsApp-Image-2026-07-25-at-4.27.31-PM-1.jpeg\",\"width\":1280,\"height\":720},{\"@type\":\"BreadcrumbList\",\"@id\":\"https:\\\/\\\/elcardinal.com\\\/?p=6613#breadcrumb\",\"itemListElement\":[{\"@type\":\"ListItem\",\"position\":1,\"name\":\"Inicio\",\"item\":\"https:\\\/\\\/elcardinal.com\\\/\"},{\"@type\":\"ListItem\",\"position\":2,\"name\":\"Cierra CECyTE Hidalgo ciclo escolar 2025-2026, con destacados resultados nacionales e internacionales: Julio Menchaca\"}]},{\"@type\":\"WebSite\",\"@id\":\"https:\\\/\\\/elcardinal.com\\\/#website\",\"url\":\"https:\\\/\\\/elcardinal.com\\\/\",\"name\":\"El Cardinal\",\"description\":\"Periodismo honesto, con valor, sentido humano, a veces sarc\u00e1stico y divertido.\",\"publisher\":{\"@id\":\"https:\\\/\\\/elcardinal.com\\\/#organization\"},\"alternateName\":\"El Cardinal Noticias\",\"potentialAction\":[{\"@type\":\"SearchAction\",\"target\":{\"@type\":\"EntryPoint\",\"urlTemplate\":\"https:\\\/\\\/elcardinal.com\\\/?s={search_term_string}\"},\"query-input\":{\"@type\":\"PropertyValueSpecification\",\"valueRequired\":true,\"valueName\":\"search_term_string\"}}],\"inLanguage\":\"es\"},{\"@type\":\"Organization\",\"@id\":\"https:\\\/\\\/elcardinal.com\\\/#organization\",\"name\":\"El Cardinal\",\"url\":\"https:\\\/\\\/elcardinal.com\\\/\",\"logo\":{\"@type\":\"ImageObject\",\"inLanguage\":\"es\",\"@id\":\"https:\\\/\\\/elcardinal.com\\\/#\\\/schema\\\/logo\\\/image\\\/\",\"url\":\"https:\\\/\\\/elcardinal.com\\\/wp-content\\\/uploads\\\/2025\\\/04\\\/LOGO-EL-CARDINAL-Periodismo-con-valor.png\",\"contentUrl\":\"https:\\\/\\\/elcardinal.com\\\/wp-content\\\/uploads\\\/2025\\\/04\\\/LOGO-EL-CARDINAL-Periodismo-con-valor.png\",\"width\":755,\"height\":636,\"caption\":\"El Cardinal\"},\"image\":{\"@id\":\"https:\\\/\\\/elcardinal.com\\\/#\\\/schema\\\/logo\\\/image\\\/\"},\"sameAs\":[\"https:\\\/\\\/www.facebook.com\\\/profile.php?id=100063093107011\",\"https:\\\/\\\/x.com\\\/ElCardinal_Mx\"]},{\"@type\":\"Person\",\"@id\":\"https:\\\/\\\/elcardinal.com\\\/#\\\/schema\\\/person\\\/3c352ec0a33987fe275c0e8a2ea69f8b\",\"name\":\"Antonio Alcaraz\",\"image\":{\"@type\":\"ImageObject\",\"inLanguage\":\"es\",\"@id\":\"https:\\\/\\\/elcardinal.com\\\/wp-content\\\/uploads\\\/2025\\\/05\\\/cropped-TONO-96x96.jpg\",\"url\":\"https:\\\/\\\/elcardinal.com\\\/wp-content\\\/uploads\\\/2025\\\/05\\\/cropped-TONO-96x96.jpg\",\"contentUrl\":\"https:\\\/\\\/elcardinal.com\\\/wp-content\\\/uploads\\\/2025\\\/05\\\/cropped-TONO-96x96.jpg\",\"caption\":\"Antonio Alcaraz\"},\"url\":\"https:\\\/\\\/elcardinal.com\\\/?author=2\"}]}<\/script>\n<!-- \/ Yoast SEO plugin. -->","yoast_head_json":{"title":"Cierra CECyTE Hidalgo ciclo escolar 2025-2026, con destacados resultados nacionales e internacionales: Julio Menchaca - El Cardinal","robots":{"index":"index","follow":"follow","max-snippet":"max-snippet:-1","max-image-preview":"max-image-preview:large","max-video-preview":"max-video-preview:-1"},"canonical":"https:\/\/elcardinal.com\/?p=6613","og_locale":"es_MX","og_type":"article","og_title":"Cierra CECyTE Hidalgo ciclo escolar 2025-2026, con destacados resultados nacionales e internacionales: Julio Menchaca - El Cardinal","og_description":"Redacci\u00f3n Pachuca de Soto, Hidalgo.\u2013 El Colegio de Estudios Cient\u00edficos y Tecnol\u00f3gicos del Estado de Hidalgo (CECyTE Hidalgo) concluy\u00f3 el ciclo escolar 2025-2026 consolid\u00e1ndose como una de las instituciones de educaci\u00f3n media superior m\u00e1s destacadas, gracias a los importantes resultados obtenidos por sus estudiantes en competencias nacionales e internacionales de ciencia, tecnolog\u00eda, innovaci\u00f3n, deporte y","og_url":"https:\/\/elcardinal.com\/?p=6613","og_site_name":"El Cardinal","article_publisher":"https:\/\/www.facebook.com\/profile.php?id=100063093107011","article_published_time":"2026-07-25T22:47:00+00:00","og_image":[{"width":1280,"height":720,"url":"https:\/\/elcardinal.com\/wp-content\/uploads\/2026\/07\/WhatsApp-Image-2026-07-25-at-4.27.31-PM-1.jpeg","type":"image\/jpeg"}],"author":"Antonio Alcaraz","twitter_card":"summary_large_image","twitter_creator":"@ElCardinal_Mx","twitter_site":"@ElCardinal_Mx","twitter_misc":{"Escrito por":"Antonio Alcaraz","Tiempo de lectura":"4 minutos"},"schema":{"@context":"https:\/\/schema.org","@graph":[{"@type":"Article","@id":"https:\/\/elcardinal.com\/?p=6613#article","isPartOf":{"@id":"https:\/\/elcardinal.com\/?p=6613"},"author":{"name":"Antonio Alcaraz","@id":"https:\/\/elcardinal.com\/#\/schema\/person\/3c352ec0a33987fe275c0e8a2ea69f8b"},"headline":"Cierra CECyTE Hidalgo ciclo escolar 2025-2026, con destacados resultados nacionales e internacionales: Julio Menchaca","datePublished":"2026-07-25T22:47:00+00:00","mainEntityOfPage":{"@id":"https:\/\/elcardinal.com\/?p=6613"},"wordCount":860,"commentCount":0,"publisher":{"@id":"https:\/\/elcardinal.com\/#organization"},"image":{"@id":"https:\/\/elcardinal.com\/?p=6613#primaryimage"},"thumbnailUrl":"https:\/\/elcardinal.com\/wp-content\/uploads\/2026\/07\/WhatsApp-Image-2026-07-25-at-4.27.31-PM-1.jpeg","keywords":["CECyTE Hidalgo","Julio Menchaca"],"articleSection":["Uncategorized"],"inLanguage":"es","potentialAction":[{"@type":"CommentAction","name":"Comment","target":["https:\/\/elcardinal.com\/?p=6613#respond"]}]},{"@type":"WebPage","@id":"https:\/\/elcardinal.com\/?p=6613","url":"https:\/\/elcardinal.com\/?p=6613","name":"Cierra CECyTE Hidalgo ciclo escolar 2025-2026, con destacados resultados nacionales e internacionales: Julio Menchaca - El Cardinal","isPartOf":{"@id":"https:\/\/elcardinal.com\/#website"},"primaryImageOfPage":{"@id":"https:\/\/elcardinal.com\/?p=6613#primaryimage"},"image":{"@id":"https:\/\/elcardinal.com\/?p=6613#primaryimage"},"thumbnailUrl":"https:\/\/elcardinal.com\/wp-content\/uploads\/2026\/07\/WhatsApp-Image-2026-07-25-at-4.27.31-PM-1.jpeg","datePublished":"2026-07-25T22:47:00+00:00","breadcrumb":{"@id":"https:\/\/elcardinal.com\/?p=6613#breadcrumb"},"inLanguage":"es","potentialAction":[{"@type":"ReadAction","target":["https:\/\/elcardinal.com\/?p=6613"]}]},{"@type":"ImageObject","inLanguage":"es","@id":"https:\/\/elcardinal.com\/?p=6613#primaryimage","url":"https:\/\/elcardinal.com\/wp-content\/uploads\/2026\/07\/WhatsApp-Image-2026-07-25-at-4.27.31-PM-1.jpeg","contentUrl":"https:\/\/elcardinal.com\/wp-content\/uploads\/2026\/07\/WhatsApp-Image-2026-07-25-at-4.27.31-PM-1.jpeg","width":1280,"height":720},{"@type":"BreadcrumbList","@id":"https:\/\/elcardinal.com\/?p=6613#breadcrumb","itemListElement":[{"@type":"ListItem","position":1,"name":"Inicio","item":"https:\/\/elcardinal.com\/"},{"@type":"ListItem","position":2,"name":"Cierra CECyTE Hidalgo ciclo escolar 2025-2026, con destacados resultados nacionales e internacionales: Julio Menchaca"}]},{"@type":"WebSite","@id":"https:\/\/elcardinal.com\/#website","url":"https:\/\/elcardinal.com\/","name":"El Cardinal","description":"Periodismo honesto, con valor, sentido humano, a veces sarc\u00e1stico y divertido.","publisher":{"@id":"https:\/\/elcardinal.com\/#organization"},"alternateName":"El Cardinal Noticias","potentialAction":[{"@type":"SearchAction","target":{"@type":"EntryPoint","urlTemplate":"https:\/\/elcardinal.com\/?s={search_term_string}"},"query-input":{"@type":"PropertyValueSpecification","valueRequired":true,"valueName":"search_term_string"}}],"inLanguage":"es"},{"@type":"Organization","@id":"https:\/\/elcardinal.com\/#organization","name":"El Cardinal","url":"https:\/\/elcardinal.com\/","logo":{"@type":"ImageObject","inLanguage":"es","@id":"https:\/\/elcardinal.com\/#\/schema\/logo\/image\/","url":"https:\/\/elcardinal.com\/wp-content\/uploads\/2025\/04\/LOGO-EL-CARDINAL-Periodismo-con-valor.png","contentUrl":"https:\/\/elcardinal.com\/wp-content\/uploads\/2025\/04\/LOGO-EL-CARDINAL-Periodismo-con-valor.png","width":755,"height":636,"caption":"El Cardinal"},"image":{"@id":"https:\/\/elcardinal.com\/#\/schema\/logo\/image\/"},"sameAs":["https:\/\/www.facebook.com\/profile.php?id=100063093107011","https:\/\/x.com\/ElCardinal_Mx"]},{"@type":"Person","@id":"https:\/\/elcardinal.com\/#\/schema\/person\/3c352ec0a33987fe275c0e8a2ea69f8b","name":"Antonio Alcaraz","image":{"@type":"ImageObject","inLanguage":"es","@id":"https:\/\/elcardinal.com\/wp-content\/uploads\/2025\/05\/cropped-TONO-96x96.jpg","url":"https:\/\/elcardinal.com\/wp-content\/uploads\/2025\/05\/cropped-TONO-96x96.jpg","contentUrl":"https:\/\/elcardinal.com\/wp-content\/uploads\/2025\/05\/cropped-TONO-96x96.jpg","caption":"Antonio Alcaraz"},"url":"https:\/\/elcardinal.com\/?author=2"}]}},"_links":{"self":[{"href":"https:\/\/elcardinal.com\/index.php?rest_route=\/wp\/v2\/posts\/6613","targetHints":{"allow":["GET"]}}],"collection":[{"href":"https:\/\/elcardinal.com\/index.php?rest_route=\/wp\/v2\/posts"}],"about":[{"href":"https:\/\/elcardinal.com\/index.php?rest_route=\/wp\/v2\/types\/post"}],"author":[{"embeddable":true,"href":"https:\/\/elcardinal.com\/index.php?rest_route=\/wp\/v2\/users\/2"}],"replies":[{"embeddable":true,"href":"https:\/\/elcardinal.com\/index.php?rest_route=%2Fwp%2Fv2%2Fcomments&post=6613"}],"version-history":[{"count":1,"href":"https:\/\/elcardinal.com\/index.php?rest_route=\/wp\/v2\/posts\/6613\/revisions"}],"predecessor-version":[{"id":6615,"href":"https:\/\/elcardinal.com\/index.php?rest_route=\/wp\/v2\/posts\/6613\/revisions\/6615"}],"wp:featuredmedia":[{"embeddable":true,"href":"https:\/\/elcardinal.com\/index.php?rest_route=\/wp\/v2\/media\/6614"}],"wp:attachment":[{"href":"https:\/\/elcardinal.com\/index.php?rest_route=%2Fwp%2Fv2%2Fmedia&parent=6613"}],"wp:term":[{"taxonomy":"category","embeddable":true,"href":"https:\/\/elcardinal.com\/index.php?rest_route=%2Fwp%2Fv2%2Fcategories&post=6613"},{"taxonomy":"post_tag","embeddable":true,"href":"https:\/\/elcardinal.com\/index.php?rest_route=%2Fwp%2Fv2%2Ftags&post=6613"}],"curies":[{"name":"wp","href":"https:\/\/api.w.org\/{rel}","templated":true}]}}