{"id":6618,"date":"2026-07-26T20:42:24","date_gmt":"2026-07-27T02:42:24","guid":{"rendered":"https:\/\/elcardinal.com\/?p=6618"},"modified":"2026-07-26T20:42:24","modified_gmt":"2026-07-27T02:42:24","slug":"ihe-fortalece-el-bienestar-socioemocional-en-las-escuelas","status":"publish","type":"post","link":"https:\/\/elcardinal.com\/?p=6618","title":{"rendered":"IHE fortalece el bienestar socioemocional en las escuelas\u00a0"},"content":{"rendered":"<p>Redacci\u00f3n<\/p>\n<p>Durante el ciclo escolar 2025\u20132026, el Instituto Hidalguense de Educaci\u00f3n (IHE), a trav\u00e9s de la Direcci\u00f3n General de Acompa\u00f1amiento Socioemocional y Educativo (DGASyE), llev\u00f3 acciones de promoci\u00f3n de la salud mental y el bienestar socioemocional a los distintos niveles educativos, con el objetivo de fortalecer ambientes escolares seguros, inclusivos y favorables para el aprendizaje.<\/p>\n<p>Estas acciones forman parte del compromiso del gobierno que encabeza Julio Menchaca Salazar y de la pol\u00edtica educativa impulsada por el secretario de Educaci\u00f3n P\u00fablica de Hidalgo, Natividad Castrej\u00f3n Valdez, orientada a brindar una educaci\u00f3n integral que priorice el desarrollo emocional de ni\u00f1as, ni\u00f1os, adolescentes y de toda la comunidad educativa.<\/p>\n<p>El titular de la Secretar\u00eda de Educaci\u00f3n P\u00fablica de Hidalgo (SEPH) se\u00f1al\u00f3 que las estrategias permitieron fortalecer habilidades socioemocionales mediante talleres, conferencias, pl\u00e1ticas, actividades participativas y espacios de reflexi\u00f3n, con \u00e9nfasis en el respeto, la empat\u00eda y la solidaridad.<\/p>\n<p>En educaci\u00f3n especial, se atendieron 18 centros educativos, con beneficio para m\u00e1s de 900 integrantes de la comunidad educativa; mientras que en educaci\u00f3n inicial se alcanz\u00f3 a m\u00e1s de 800 personas en 25 planteles, con acciones para fortalecer el desarrollo socioemocional desde los primeros a\u00f1os de vida.<\/p>\n<p>En preescolar, el acompa\u00f1amiento socioemocional lleg\u00f3 a m\u00e1s de 41 mil integrantes de la comunidad educativa en 513 planteles, con actividades para fortalecer el reconocimiento y la regulaci\u00f3n de las emociones, la empat\u00eda, la comunicaci\u00f3n asertiva y la convivencia respetuosa.<\/p>\n<p>La educaci\u00f3n primaria concentr\u00f3 el mayor alcance, con m\u00e1s de 118 mil integrantes de la comunidad educativa beneficiados en 744 escuelas. Las acciones abordaron temas como regulaci\u00f3n e inteligencia emocional, control de impulsos, convivencia escolar y resoluci\u00f3n pac\u00edfica de conflictos.<\/p>\n<p>En secundaria, las acciones beneficiaron a m\u00e1s de 59 mil integrantes de la comunidad educativa en 344 escuelas, con estrategias enfocadas en el manejo de emociones, la toma de decisiones responsables, el autocuidado, la prevenci\u00f3n de conductas de riesgo y la construcci\u00f3n de relaciones saludables.<\/p>\n<p>Natividad Castrej\u00f3n destac\u00f3 que estas acciones contribuyen al bienestar integral de las y los estudiantes y a la construcci\u00f3n de entornos escolares que favorezcan el aprendizaje, la sana convivencia y el desarrollo de habilidades socioemocionales que se traducen en la formaci\u00f3n de mejores seres humanos.<\/p>\n","protected":false},"excerpt":{"rendered":"<p>Redacci\u00f3n Durante el ciclo escolar 2025\u20132026, el Instituto Hidalguense de Educaci\u00f3n (IHE), a trav\u00e9s de la Direcci\u00f3n General de Acompa\u00f1amiento Socioemocional y Educativo (DGASyE), llev\u00f3 acciones de promoci\u00f3n de la salud mental y el bienestar socioemocional a los distintos niveles educativos, con el objetivo de fortalecer ambientes escolares seguros, inclusivos y favorables para el aprendizaje.<\/p>\n","protected":false},"author":2,"featured_media":6619,"comment_status":"open","ping_status":"open","sticky":false,"template":"","format":"standard","meta":{"footnotes":""},"categories":[404,31,44],"tags":[403,400],"class_list":["post-6618","post","type-post","status-publish","format-standard","has-post-thumbnail","category-educacion","category-hidalgo","category-minuto-a-minuto","tag-ihe","tag-naty-castrejon"],"yoast_head":"<!-- This site is optimized with the Yoast SEO plugin v28.0 - https:\/\/yoast.com\/product\/yoast-seo-wordpress\/ -->\n<title>IHE fortalece el bienestar socioemocional en las escuelas\u00a0 - El Cardinal<\/title>\n<meta name=\"robots\" content=\"index, follow, max-snippet:-1, max-image-preview:large, max-video-preview:-1\" \/>\n<link rel=\"canonical\" href=\"https:\/\/elcardinal.com\/?p=6618\" \/>\n<meta property=\"og:locale\" content=\"es_MX\" \/>\n<meta property=\"og:type\" content=\"article\" \/>\n<meta property=\"og:title\" content=\"IHE fortalece el bienestar socioemocional en las escuelas\u00a0 - El Cardinal\" \/>\n<meta property=\"og:description\" content=\"Redacci\u00f3n Durante el ciclo escolar 2025\u20132026, el Instituto Hidalguense de Educaci\u00f3n (IHE), a trav\u00e9s de la Direcci\u00f3n General de Acompa\u00f1amiento Socioemocional y Educativo (DGASyE), llev\u00f3 acciones de promoci\u00f3n de la salud mental y el bienestar socioemocional a los distintos niveles educativos, con el objetivo de fortalecer ambientes escolares seguros, inclusivos y favorables para el aprendizaje.\" \/>\n<meta property=\"og:url\" content=\"https:\/\/elcardinal.com\/?p=6618\" \/>\n<meta property=\"og:site_name\" content=\"El Cardinal\" \/>\n<meta property=\"article:publisher\" content=\"https:\/\/www.facebook.com\/profile.php?id=100063093107011\" \/>\n<meta property=\"article:published_time\" content=\"2026-07-27T02:42:24+00:00\" \/>\n<meta property=\"og:image\" content=\"https:\/\/elcardinal.com\/wp-content\/uploads\/2026\/07\/IHE-fortalece-el-bienestar-socioemocional-en-las-escuelas-1.jpg\" \/>\n\t<meta property=\"og:image:width\" content=\"1200\" \/>\n\t<meta property=\"og:image:height\" content=\"1600\" \/>\n\t<meta property=\"og:image:type\" content=\"image\/jpeg\" \/>\n<meta name=\"author\" content=\"Antonio Alcaraz\" \/>\n<meta name=\"twitter:card\" content=\"summary_large_image\" \/>\n<meta name=\"twitter:creator\" content=\"@ElCardinal_Mx\" \/>\n<meta name=\"twitter:site\" content=\"@ElCardinal_Mx\" \/>\n<meta name=\"twitter:label1\" content=\"Escrito por\" \/>\n\t<meta name=\"twitter:data1\" content=\"Antonio Alcaraz\" \/>\n\t<meta name=\"twitter:label2\" content=\"Tiempo de lectura\" \/>\n\t<meta name=\"twitter:data2\" content=\"2 minutos\" \/>\n<script type=\"application\/ld+json\" class=\"yoast-schema-graph\">{\"@context\":\"https:\\\/\\\/schema.org\",\"@graph\":[{\"@type\":\"Article\",\"@id\":\"https:\\\/\\\/elcardinal.com\\\/?p=6618#article\",\"isPartOf\":{\"@id\":\"https:\\\/\\\/elcardinal.com\\\/?p=6618\"},\"author\":{\"name\":\"Antonio Alcaraz\",\"@id\":\"https:\\\/\\\/elcardinal.com\\\/#\\\/schema\\\/person\\\/3c352ec0a33987fe275c0e8a2ea69f8b\"},\"headline\":\"IHE fortalece el bienestar socioemocional en las escuelas\u00a0\",\"datePublished\":\"2026-07-27T02:42:24+00:00\",\"mainEntityOfPage\":{\"@id\":\"https:\\\/\\\/elcardinal.com\\\/?p=6618\"},\"wordCount\":400,\"commentCount\":0,\"publisher\":{\"@id\":\"https:\\\/\\\/elcardinal.com\\\/#organization\"},\"image\":{\"@id\":\"https:\\\/\\\/elcardinal.com\\\/?p=6618#primaryimage\"},\"thumbnailUrl\":\"https:\\\/\\\/elcardinal.com\\\/wp-content\\\/uploads\\\/2026\\\/07\\\/IHE-fortalece-el-bienestar-socioemocional-en-las-escuelas-1.jpg\",\"keywords\":[\"IHE\",\"Naty Castrej\u00f3n\"],\"articleSection\":[\"Educaci\u00f3n\",\"Hidalgo\",\"Minuto a Minuto\"],\"inLanguage\":\"es\",\"potentialAction\":[{\"@type\":\"CommentAction\",\"name\":\"Comment\",\"target\":[\"https:\\\/\\\/elcardinal.com\\\/?p=6618#respond\"]}]},{\"@type\":\"WebPage\",\"@id\":\"https:\\\/\\\/elcardinal.com\\\/?p=6618\",\"url\":\"https:\\\/\\\/elcardinal.com\\\/?p=6618\",\"name\":\"IHE fortalece el bienestar socioemocional en las escuelas\u00a0 - El Cardinal\",\"isPartOf\":{\"@id\":\"https:\\\/\\\/elcardinal.com\\\/#website\"},\"primaryImageOfPage\":{\"@id\":\"https:\\\/\\\/elcardinal.com\\\/?p=6618#primaryimage\"},\"image\":{\"@id\":\"https:\\\/\\\/elcardinal.com\\\/?p=6618#primaryimage\"},\"thumbnailUrl\":\"https:\\\/\\\/elcardinal.com\\\/wp-content\\\/uploads\\\/2026\\\/07\\\/IHE-fortalece-el-bienestar-socioemocional-en-las-escuelas-1.jpg\",\"datePublished\":\"2026-07-27T02:42:24+00:00\",\"breadcrumb\":{\"@id\":\"https:\\\/\\\/elcardinal.com\\\/?p=6618#breadcrumb\"},\"inLanguage\":\"es\",\"potentialAction\":[{\"@type\":\"ReadAction\",\"target\":[\"https:\\\/\\\/elcardinal.com\\\/?p=6618\"]}]},{\"@type\":\"ImageObject\",\"inLanguage\":\"es\",\"@id\":\"https:\\\/\\\/elcardinal.com\\\/?p=6618#primaryimage\",\"url\":\"https:\\\/\\\/elcardinal.com\\\/wp-content\\\/uploads\\\/2026\\\/07\\\/IHE-fortalece-el-bienestar-socioemocional-en-las-escuelas-1.jpg\",\"contentUrl\":\"https:\\\/\\\/elcardinal.com\\\/wp-content\\\/uploads\\\/2026\\\/07\\\/IHE-fortalece-el-bienestar-socioemocional-en-las-escuelas-1.jpg\",\"width\":1200,\"height\":1600},{\"@type\":\"BreadcrumbList\",\"@id\":\"https:\\\/\\\/elcardinal.com\\\/?p=6618#breadcrumb\",\"itemListElement\":[{\"@type\":\"ListItem\",\"position\":1,\"name\":\"Inicio\",\"item\":\"https:\\\/\\\/elcardinal.com\\\/\"},{\"@type\":\"ListItem\",\"position\":2,\"name\":\"IHE fortalece el bienestar socioemocional en las escuelas\u00a0\"}]},{\"@type\":\"WebSite\",\"@id\":\"https:\\\/\\\/elcardinal.com\\\/#website\",\"url\":\"https:\\\/\\\/elcardinal.com\\\/\",\"name\":\"El Cardinal\",\"description\":\"Periodismo honesto, con valor, sentido humano, a veces sarc\u00e1stico y divertido.\",\"publisher\":{\"@id\":\"https:\\\/\\\/elcardinal.com\\\/#organization\"},\"alternateName\":\"El Cardinal Noticias\",\"potentialAction\":[{\"@type\":\"SearchAction\",\"target\":{\"@type\":\"EntryPoint\",\"urlTemplate\":\"https:\\\/\\\/elcardinal.com\\\/?s={search_term_string}\"},\"query-input\":{\"@type\":\"PropertyValueSpecification\",\"valueRequired\":true,\"valueName\":\"search_term_string\"}}],\"inLanguage\":\"es\"},{\"@type\":\"Organization\",\"@id\":\"https:\\\/\\\/elcardinal.com\\\/#organization\",\"name\":\"El Cardinal\",\"url\":\"https:\\\/\\\/elcardinal.com\\\/\",\"logo\":{\"@type\":\"ImageObject\",\"inLanguage\":\"es\",\"@id\":\"https:\\\/\\\/elcardinal.com\\\/#\\\/schema\\\/logo\\\/image\\\/\",\"url\":\"https:\\\/\\\/elcardinal.com\\\/wp-content\\\/uploads\\\/2025\\\/04\\\/LOGO-EL-CARDINAL-Periodismo-con-valor.png\",\"contentUrl\":\"https:\\\/\\\/elcardinal.com\\\/wp-content\\\/uploads\\\/2025\\\/04\\\/LOGO-EL-CARDINAL-Periodismo-con-valor.png\",\"width\":755,\"height\":636,\"caption\":\"El Cardinal\"},\"image\":{\"@id\":\"https:\\\/\\\/elcardinal.com\\\/#\\\/schema\\\/logo\\\/image\\\/\"},\"sameAs\":[\"https:\\\/\\\/www.facebook.com\\\/profile.php?id=100063093107011\",\"https:\\\/\\\/x.com\\\/ElCardinal_Mx\"]},{\"@type\":\"Person\",\"@id\":\"https:\\\/\\\/elcardinal.com\\\/#\\\/schema\\\/person\\\/3c352ec0a33987fe275c0e8a2ea69f8b\",\"name\":\"Antonio Alcaraz\",\"image\":{\"@type\":\"ImageObject\",\"inLanguage\":\"es\",\"@id\":\"https:\\\/\\\/elcardinal.com\\\/wp-content\\\/uploads\\\/2025\\\/05\\\/cropped-TONO-96x96.jpg\",\"url\":\"https:\\\/\\\/elcardinal.com\\\/wp-content\\\/uploads\\\/2025\\\/05\\\/cropped-TONO-96x96.jpg\",\"contentUrl\":\"https:\\\/\\\/elcardinal.com\\\/wp-content\\\/uploads\\\/2025\\\/05\\\/cropped-TONO-96x96.jpg\",\"caption\":\"Antonio Alcaraz\"},\"url\":\"https:\\\/\\\/elcardinal.com\\\/?author=2\"}]}<\/script>\n<!-- \/ Yoast SEO plugin. -->","yoast_head_json":{"title":"IHE fortalece el bienestar socioemocional en las escuelas\u00a0 - El Cardinal","robots":{"index":"index","follow":"follow","max-snippet":"max-snippet:-1","max-image-preview":"max-image-preview:large","max-video-preview":"max-video-preview:-1"},"canonical":"https:\/\/elcardinal.com\/?p=6618","og_locale":"es_MX","og_type":"article","og_title":"IHE fortalece el bienestar socioemocional en las escuelas\u00a0 - El Cardinal","og_description":"Redacci\u00f3n Durante el ciclo escolar 2025\u20132026, el Instituto Hidalguense de Educaci\u00f3n (IHE), a trav\u00e9s de la Direcci\u00f3n General de Acompa\u00f1amiento Socioemocional y Educativo (DGASyE), llev\u00f3 acciones de promoci\u00f3n de la salud mental y el bienestar socioemocional a los distintos niveles educativos, con el objetivo de fortalecer ambientes escolares seguros, inclusivos y favorables para el aprendizaje.","og_url":"https:\/\/elcardinal.com\/?p=6618","og_site_name":"El Cardinal","article_publisher":"https:\/\/www.facebook.com\/profile.php?id=100063093107011","article_published_time":"2026-07-27T02:42:24+00:00","og_image":[{"width":1200,"height":1600,"url":"https:\/\/elcardinal.com\/wp-content\/uploads\/2026\/07\/IHE-fortalece-el-bienestar-socioemocional-en-las-escuelas-1.jpg","type":"image\/jpeg"}],"author":"Antonio Alcaraz","twitter_card":"summary_large_image","twitter_creator":"@ElCardinal_Mx","twitter_site":"@ElCardinal_Mx","twitter_misc":{"Escrito por":"Antonio Alcaraz","Tiempo de lectura":"2 minutos"},"schema":{"@context":"https:\/\/schema.org","@graph":[{"@type":"Article","@id":"https:\/\/elcardinal.com\/?p=6618#article","isPartOf":{"@id":"https:\/\/elcardinal.com\/?p=6618"},"author":{"name":"Antonio Alcaraz","@id":"https:\/\/elcardinal.com\/#\/schema\/person\/3c352ec0a33987fe275c0e8a2ea69f8b"},"headline":"IHE fortalece el bienestar socioemocional en las escuelas\u00a0","datePublished":"2026-07-27T02:42:24+00:00","mainEntityOfPage":{"@id":"https:\/\/elcardinal.com\/?p=6618"},"wordCount":400,"commentCount":0,"publisher":{"@id":"https:\/\/elcardinal.com\/#organization"},"image":{"@id":"https:\/\/elcardinal.com\/?p=6618#primaryimage"},"thumbnailUrl":"https:\/\/elcardinal.com\/wp-content\/uploads\/2026\/07\/IHE-fortalece-el-bienestar-socioemocional-en-las-escuelas-1.jpg","keywords":["IHE","Naty Castrej\u00f3n"],"articleSection":["Educaci\u00f3n","Hidalgo","Minuto a Minuto"],"inLanguage":"es","potentialAction":[{"@type":"CommentAction","name":"Comment","target":["https:\/\/elcardinal.com\/?p=6618#respond"]}]},{"@type":"WebPage","@id":"https:\/\/elcardinal.com\/?p=6618","url":"https:\/\/elcardinal.com\/?p=6618","name":"IHE fortalece el bienestar socioemocional en las escuelas\u00a0 - El Cardinal","isPartOf":{"@id":"https:\/\/elcardinal.com\/#website"},"primaryImageOfPage":{"@id":"https:\/\/elcardinal.com\/?p=6618#primaryimage"},"image":{"@id":"https:\/\/elcardinal.com\/?p=6618#primaryimage"},"thumbnailUrl":"https:\/\/elcardinal.com\/wp-content\/uploads\/2026\/07\/IHE-fortalece-el-bienestar-socioemocional-en-las-escuelas-1.jpg","datePublished":"2026-07-27T02:42:24+00:00","breadcrumb":{"@id":"https:\/\/elcardinal.com\/?p=6618#breadcrumb"},"inLanguage":"es","potentialAction":[{"@type":"ReadAction","target":["https:\/\/elcardinal.com\/?p=6618"]}]},{"@type":"ImageObject","inLanguage":"es","@id":"https:\/\/elcardinal.com\/?p=6618#primaryimage","url":"https:\/\/elcardinal.com\/wp-content\/uploads\/2026\/07\/IHE-fortalece-el-bienestar-socioemocional-en-las-escuelas-1.jpg","contentUrl":"https:\/\/elcardinal.com\/wp-content\/uploads\/2026\/07\/IHE-fortalece-el-bienestar-socioemocional-en-las-escuelas-1.jpg","width":1200,"height":1600},{"@type":"BreadcrumbList","@id":"https:\/\/elcardinal.com\/?p=6618#breadcrumb","itemListElement":[{"@type":"ListItem","position":1,"name":"Inicio","item":"https:\/\/elcardinal.com\/"},{"@type":"ListItem","position":2,"name":"IHE fortalece el bienestar socioemocional en las escuelas\u00a0"}]},{"@type":"WebSite","@id":"https:\/\/elcardinal.com\/#website","url":"https:\/\/elcardinal.com\/","name":"El Cardinal","description":"Periodismo honesto, con valor, sentido humano, a veces sarc\u00e1stico y divertido.","publisher":{"@id":"https:\/\/elcardinal.com\/#organization"},"alternateName":"El Cardinal Noticias","potentialAction":[{"@type":"SearchAction","target":{"@type":"EntryPoint","urlTemplate":"https:\/\/elcardinal.com\/?s={search_term_string}"},"query-input":{"@type":"PropertyValueSpecification","valueRequired":true,"valueName":"search_term_string"}}],"inLanguage":"es"},{"@type":"Organization","@id":"https:\/\/elcardinal.com\/#organization","name":"El Cardinal","url":"https:\/\/elcardinal.com\/","logo":{"@type":"ImageObject","inLanguage":"es","@id":"https:\/\/elcardinal.com\/#\/schema\/logo\/image\/","url":"https:\/\/elcardinal.com\/wp-content\/uploads\/2025\/04\/LOGO-EL-CARDINAL-Periodismo-con-valor.png","contentUrl":"https:\/\/elcardinal.com\/wp-content\/uploads\/2025\/04\/LOGO-EL-CARDINAL-Periodismo-con-valor.png","width":755,"height":636,"caption":"El Cardinal"},"image":{"@id":"https:\/\/elcardinal.com\/#\/schema\/logo\/image\/"},"sameAs":["https:\/\/www.facebook.com\/profile.php?id=100063093107011","https:\/\/x.com\/ElCardinal_Mx"]},{"@type":"Person","@id":"https:\/\/elcardinal.com\/#\/schema\/person\/3c352ec0a33987fe275c0e8a2ea69f8b","name":"Antonio Alcaraz","image":{"@type":"ImageObject","inLanguage":"es","@id":"https:\/\/elcardinal.com\/wp-content\/uploads\/2025\/05\/cropped-TONO-96x96.jpg","url":"https:\/\/elcardinal.com\/wp-content\/uploads\/2025\/05\/cropped-TONO-96x96.jpg","contentUrl":"https:\/\/elcardinal.com\/wp-content\/uploads\/2025\/05\/cropped-TONO-96x96.jpg","caption":"Antonio Alcaraz"},"url":"https:\/\/elcardinal.com\/?author=2"}]}},"_links":{"self":[{"href":"https:\/\/elcardinal.com\/index.php?rest_route=\/wp\/v2\/posts\/6618","targetHints":{"allow":["GET"]}}],"collection":[{"href":"https:\/\/elcardinal.com\/index.php?rest_route=\/wp\/v2\/posts"}],"about":[{"href":"https:\/\/elcardinal.com\/index.php?rest_route=\/wp\/v2\/types\/post"}],"author":[{"embeddable":true,"href":"https:\/\/elcardinal.com\/index.php?rest_route=\/wp\/v2\/users\/2"}],"replies":[{"embeddable":true,"href":"https:\/\/elcardinal.com\/index.php?rest_route=%2Fwp%2Fv2%2Fcomments&post=6618"}],"version-history":[{"count":1,"href":"https:\/\/elcardinal.com\/index.php?rest_route=\/wp\/v2\/posts\/6618\/revisions"}],"predecessor-version":[{"id":6620,"href":"https:\/\/elcardinal.com\/index.php?rest_route=\/wp\/v2\/posts\/6618\/revisions\/6620"}],"wp:featuredmedia":[{"embeddable":true,"href":"https:\/\/elcardinal.com\/index.php?rest_route=\/wp\/v2\/media\/6619"}],"wp:attachment":[{"href":"https:\/\/elcardinal.com\/index.php?rest_route=%2Fwp%2Fv2%2Fmedia&parent=6618"}],"wp:term":[{"taxonomy":"category","embeddable":true,"href":"https:\/\/elcardinal.com\/index.php?rest_route=%2Fwp%2Fv2%2Fcategories&post=6618"},{"taxonomy":"post_tag","embeddable":true,"href":"https:\/\/elcardinal.com\/index.php?rest_route=%2Fwp%2Fv2%2Ftags&post=6618"}],"curies":[{"name":"wp","href":"https:\/\/api.w.org\/{rel}","templated":true}]}}