{"id":6624,"date":"2026-07-27T18:13:43","date_gmt":"2026-07-28T00:13:43","guid":{"rendered":"https:\/\/elcardinal.com\/?p=6624"},"modified":"2026-07-27T18:13:43","modified_gmt":"2026-07-28T00:13:43","slug":"los-hongos-toman-pachuca-llega-el-festival-broto-con-talleres-arte-gastronomia-y-experiencias-para-reconectar-con-la-naturaleza","status":"publish","type":"post","link":"https:\/\/elcardinal.com\/?p=6624","title":{"rendered":"Los hongos toman Pachuca: Llega el Festival Broto con talleres, arte, gastronom\u00eda y experiencias para reconectar con la naturaleza"},"content":{"rendered":"<p>Redacci\u00f3n<\/p>\n<p>\u00bfTe imaginas aprender de los hongos, disfrutar experiencias gastron\u00f3micas, talleres, arte y hasta actividades para ni\u00f1as y ni\u00f1os? Del 1 al 29 de agosto, Pachuca ser\u00e1 sede del Festival Broto, un encuentro que busca inspirar nuevas formas de conectar con la naturaleza, la comunidad y el conocimiento.<\/p>\n<p>Bajo la pregunta &#8220;\u00bfC\u00f3mo se restaura lo que hemos olvidado?&#8221;, esta edici\u00f3n estar\u00e1 dedicada a la micorestauraci\u00f3n, un concepto inspirado en la capacidad de los hongos para regenerar ecosistemas da\u00f1ados.<\/p>\n<p>M\u00e1s all\u00e1 del consumo de hongos, el festival propone vivir experiencias sensoriales, art\u00edsticas y educativas que promueven la colaboraci\u00f3n, el cuidado del medio ambiente y el aprendizaje colectivo, tomando como ejemplo la red del micelio, que conecta la vida en los bosques.<\/p>\n<p>Durante todo agosto habr\u00e1 talleres, sesiones sonoras, charlas, experiencias gastron\u00f3micas y encuentros con especialistas, artistas y colectivos que buscan fortalecer el v\u00ednculo entre las personas y su entorno.<\/p>\n<p>En esta edici\u00f3n participar\u00e1n m\u00e1s de 30 artistas, facilitadores y proyectos aliados, entre ellos Hongos Hidalgo, La Casa del Hongo de Omitl\u00e1n, Semillero de Artes Vivas, Serambi, Axolotequio, Ahuehuete y Brotes y Cenizas, entre otros.<\/p>\n<p>Del 6 al 9 de agosto tambi\u00e9n se realizar\u00e1 &#8220;Esporas&#8221;, un programa especial para las infancias con actividades dise\u00f1adas para despertar la curiosidad por la naturaleza mediante el arte, el juego y la educaci\u00f3n ambiental.<\/p>\n<p>Parque Ecol\u00f3gico Cubitos, Tlalinantli Madre Tierra, Humuscaracol, Serambi y Ahuehuete Recicla forman parte de esta iniciativa enfocada en sembrar conciencia ecol\u00f3gica desde la ni\u00f1ez.<\/p>\n<p>Los organizadores destacan que Broto busca construir comunidad por encima del individualismo, impulsar el intercambio de conocimientos y generar espacios donde el arte, la ciencia y los saberes tradicionales se entrelacen para fortalecer el tejido social.<\/p>\n<p>Un festival diferente que invita a mirar a los hongos no solo como organismos fascinantes, sino como una inspiraci\u00f3n para restaurar la relaci\u00f3n entre las personas, la naturaleza y la comunidad.<\/p>\n","protected":false},"excerpt":{"rendered":"<p>Redacci\u00f3n \u00bfTe imaginas aprender de los hongos, disfrutar experiencias gastron\u00f3micas, talleres, arte y hasta actividades para ni\u00f1as y ni\u00f1os? Del 1 al 29 de agosto, Pachuca ser\u00e1 sede del Festival Broto, un encuentro que busca inspirar nuevas formas de conectar con la naturaleza, la comunidad y el conocimiento. Bajo la pregunta &#8220;\u00bfC\u00f3mo se restaura lo<\/p>\n","protected":false},"author":2,"featured_media":6625,"comment_status":"open","ping_status":"open","sticky":false,"template":"","format":"standard","meta":{"footnotes":""},"categories":[31,36,32,44],"tags":[434,433,65],"class_list":["post-6624","post","type-post","status-publish","format-standard","has-post-thumbnail","category-hidalgo","category-historias","category-metropoli","category-minuto-a-minuto","tag-festival-broto","tag-hongos","tag-pachuca"],"yoast_head":"<!-- This site is optimized with the Yoast SEO plugin v28.0 - https:\/\/yoast.com\/product\/yoast-seo-wordpress\/ -->\n<title>Los hongos toman Pachuca: Llega el Festival Broto con talleres, arte, gastronom\u00eda y experiencias para reconectar con la naturaleza - El Cardinal<\/title>\n<meta name=\"robots\" content=\"index, follow, max-snippet:-1, max-image-preview:large, max-video-preview:-1\" \/>\n<link rel=\"canonical\" href=\"https:\/\/elcardinal.com\/?p=6624\" \/>\n<meta property=\"og:locale\" content=\"es_MX\" \/>\n<meta property=\"og:type\" content=\"article\" \/>\n<meta property=\"og:title\" content=\"Los hongos toman Pachuca: Llega el Festival Broto con talleres, arte, gastronom\u00eda y experiencias para reconectar con la naturaleza - El Cardinal\" \/>\n<meta property=\"og:description\" content=\"Redacci\u00f3n \u00bfTe imaginas aprender de los hongos, disfrutar experiencias gastron\u00f3micas, talleres, arte y hasta actividades para ni\u00f1as y ni\u00f1os? Del 1 al 29 de agosto, Pachuca ser\u00e1 sede del Festival Broto, un encuentro que busca inspirar nuevas formas de conectar con la naturaleza, la comunidad y el conocimiento. Bajo la pregunta &#8220;\u00bfC\u00f3mo se restaura lo\" \/>\n<meta property=\"og:url\" content=\"https:\/\/elcardinal.com\/?p=6624\" \/>\n<meta property=\"og:site_name\" content=\"El Cardinal\" \/>\n<meta property=\"article:publisher\" content=\"https:\/\/www.facebook.com\/profile.php?id=100063093107011\" \/>\n<meta property=\"article:published_time\" content=\"2026-07-28T00:13:43+00:00\" \/>\n<meta property=\"og:image\" content=\"https:\/\/elcardinal.com\/wp-content\/uploads\/2026\/07\/WhatsApp-Image-2026-07-26-at-21.06.09-1-scaled.jpeg\" \/>\n\t<meta property=\"og:image:width\" content=\"2560\" \/>\n\t<meta property=\"og:image:height\" content=\"1920\" \/>\n\t<meta property=\"og:image:type\" content=\"image\/jpeg\" \/>\n<meta name=\"author\" content=\"Antonio Alcaraz\" \/>\n<meta name=\"twitter:card\" content=\"summary_large_image\" \/>\n<meta name=\"twitter:creator\" content=\"@ElCardinal_Mx\" \/>\n<meta name=\"twitter:site\" content=\"@ElCardinal_Mx\" \/>\n<meta name=\"twitter:label1\" content=\"Escrito por\" \/>\n\t<meta name=\"twitter:data1\" content=\"Antonio Alcaraz\" \/>\n\t<meta name=\"twitter:label2\" content=\"Tiempo de lectura\" \/>\n\t<meta name=\"twitter:data2\" content=\"2 minutos\" \/>\n<script type=\"application\/ld+json\" class=\"yoast-schema-graph\">{\"@context\":\"https:\\\/\\\/schema.org\",\"@graph\":[{\"@type\":\"Article\",\"@id\":\"https:\\\/\\\/elcardinal.com\\\/?p=6624#article\",\"isPartOf\":{\"@id\":\"https:\\\/\\\/elcardinal.com\\\/?p=6624\"},\"author\":{\"name\":\"Antonio Alcaraz\",\"@id\":\"https:\\\/\\\/elcardinal.com\\\/#\\\/schema\\\/person\\\/3c352ec0a33987fe275c0e8a2ea69f8b\"},\"headline\":\"Los hongos toman Pachuca: Llega el Festival Broto con talleres, arte, gastronom\u00eda y experiencias para reconectar con la naturaleza\",\"datePublished\":\"2026-07-28T00:13:43+00:00\",\"mainEntityOfPage\":{\"@id\":\"https:\\\/\\\/elcardinal.com\\\/?p=6624\"},\"wordCount\":349,\"commentCount\":0,\"publisher\":{\"@id\":\"https:\\\/\\\/elcardinal.com\\\/#organization\"},\"image\":{\"@id\":\"https:\\\/\\\/elcardinal.com\\\/?p=6624#primaryimage\"},\"thumbnailUrl\":\"https:\\\/\\\/elcardinal.com\\\/wp-content\\\/uploads\\\/2026\\\/07\\\/WhatsApp-Image-2026-07-26-at-21.06.09-1-scaled.jpeg\",\"keywords\":[\"Festival Broto\",\"Hongos\",\"Pachuca\"],\"articleSection\":[\"Hidalgo\",\"Historias\",\"Metr\u00f3poli\",\"Minuto a Minuto\"],\"inLanguage\":\"es\",\"potentialAction\":[{\"@type\":\"CommentAction\",\"name\":\"Comment\",\"target\":[\"https:\\\/\\\/elcardinal.com\\\/?p=6624#respond\"]}]},{\"@type\":\"WebPage\",\"@id\":\"https:\\\/\\\/elcardinal.com\\\/?p=6624\",\"url\":\"https:\\\/\\\/elcardinal.com\\\/?p=6624\",\"name\":\"Los hongos toman Pachuca: Llega el Festival Broto con talleres, arte, gastronom\u00eda y experiencias para reconectar con la naturaleza - El Cardinal\",\"isPartOf\":{\"@id\":\"https:\\\/\\\/elcardinal.com\\\/#website\"},\"primaryImageOfPage\":{\"@id\":\"https:\\\/\\\/elcardinal.com\\\/?p=6624#primaryimage\"},\"image\":{\"@id\":\"https:\\\/\\\/elcardinal.com\\\/?p=6624#primaryimage\"},\"thumbnailUrl\":\"https:\\\/\\\/elcardinal.com\\\/wp-content\\\/uploads\\\/2026\\\/07\\\/WhatsApp-Image-2026-07-26-at-21.06.09-1-scaled.jpeg\",\"datePublished\":\"2026-07-28T00:13:43+00:00\",\"breadcrumb\":{\"@id\":\"https:\\\/\\\/elcardinal.com\\\/?p=6624#breadcrumb\"},\"inLanguage\":\"es\",\"potentialAction\":[{\"@type\":\"ReadAction\",\"target\":[\"https:\\\/\\\/elcardinal.com\\\/?p=6624\"]}]},{\"@type\":\"ImageObject\",\"inLanguage\":\"es\",\"@id\":\"https:\\\/\\\/elcardinal.com\\\/?p=6624#primaryimage\",\"url\":\"https:\\\/\\\/elcardinal.com\\\/wp-content\\\/uploads\\\/2026\\\/07\\\/WhatsApp-Image-2026-07-26-at-21.06.09-1-scaled.jpeg\",\"contentUrl\":\"https:\\\/\\\/elcardinal.com\\\/wp-content\\\/uploads\\\/2026\\\/07\\\/WhatsApp-Image-2026-07-26-at-21.06.09-1-scaled.jpeg\",\"width\":2560,\"height\":1920},{\"@type\":\"BreadcrumbList\",\"@id\":\"https:\\\/\\\/elcardinal.com\\\/?p=6624#breadcrumb\",\"itemListElement\":[{\"@type\":\"ListItem\",\"position\":1,\"name\":\"Inicio\",\"item\":\"https:\\\/\\\/elcardinal.com\\\/\"},{\"@type\":\"ListItem\",\"position\":2,\"name\":\"Los hongos toman Pachuca: Llega el Festival Broto con talleres, arte, gastronom\u00eda y experiencias para reconectar con la naturaleza\"}]},{\"@type\":\"WebSite\",\"@id\":\"https:\\\/\\\/elcardinal.com\\\/#website\",\"url\":\"https:\\\/\\\/elcardinal.com\\\/\",\"name\":\"El Cardinal\",\"description\":\"Periodismo honesto, con valor, sentido humano, a veces sarc\u00e1stico y divertido.\",\"publisher\":{\"@id\":\"https:\\\/\\\/elcardinal.com\\\/#organization\"},\"alternateName\":\"El Cardinal Noticias\",\"potentialAction\":[{\"@type\":\"SearchAction\",\"target\":{\"@type\":\"EntryPoint\",\"urlTemplate\":\"https:\\\/\\\/elcardinal.com\\\/?s={search_term_string}\"},\"query-input\":{\"@type\":\"PropertyValueSpecification\",\"valueRequired\":true,\"valueName\":\"search_term_string\"}}],\"inLanguage\":\"es\"},{\"@type\":\"Organization\",\"@id\":\"https:\\\/\\\/elcardinal.com\\\/#organization\",\"name\":\"El Cardinal\",\"url\":\"https:\\\/\\\/elcardinal.com\\\/\",\"logo\":{\"@type\":\"ImageObject\",\"inLanguage\":\"es\",\"@id\":\"https:\\\/\\\/elcardinal.com\\\/#\\\/schema\\\/logo\\\/image\\\/\",\"url\":\"https:\\\/\\\/elcardinal.com\\\/wp-content\\\/uploads\\\/2025\\\/04\\\/LOGO-EL-CARDINAL-Periodismo-con-valor.png\",\"contentUrl\":\"https:\\\/\\\/elcardinal.com\\\/wp-content\\\/uploads\\\/2025\\\/04\\\/LOGO-EL-CARDINAL-Periodismo-con-valor.png\",\"width\":755,\"height\":636,\"caption\":\"El Cardinal\"},\"image\":{\"@id\":\"https:\\\/\\\/elcardinal.com\\\/#\\\/schema\\\/logo\\\/image\\\/\"},\"sameAs\":[\"https:\\\/\\\/www.facebook.com\\\/profile.php?id=100063093107011\",\"https:\\\/\\\/x.com\\\/ElCardinal_Mx\"]},{\"@type\":\"Person\",\"@id\":\"https:\\\/\\\/elcardinal.com\\\/#\\\/schema\\\/person\\\/3c352ec0a33987fe275c0e8a2ea69f8b\",\"name\":\"Antonio Alcaraz\",\"image\":{\"@type\":\"ImageObject\",\"inLanguage\":\"es\",\"@id\":\"https:\\\/\\\/elcardinal.com\\\/wp-content\\\/uploads\\\/2025\\\/05\\\/cropped-TONO-96x96.jpg\",\"url\":\"https:\\\/\\\/elcardinal.com\\\/wp-content\\\/uploads\\\/2025\\\/05\\\/cropped-TONO-96x96.jpg\",\"contentUrl\":\"https:\\\/\\\/elcardinal.com\\\/wp-content\\\/uploads\\\/2025\\\/05\\\/cropped-TONO-96x96.jpg\",\"caption\":\"Antonio Alcaraz\"},\"url\":\"https:\\\/\\\/elcardinal.com\\\/?author=2\"}]}<\/script>\n<!-- \/ Yoast SEO plugin. -->","yoast_head_json":{"title":"Los hongos toman Pachuca: Llega el Festival Broto con talleres, arte, gastronom\u00eda y experiencias para reconectar con la naturaleza - El Cardinal","robots":{"index":"index","follow":"follow","max-snippet":"max-snippet:-1","max-image-preview":"max-image-preview:large","max-video-preview":"max-video-preview:-1"},"canonical":"https:\/\/elcardinal.com\/?p=6624","og_locale":"es_MX","og_type":"article","og_title":"Los hongos toman Pachuca: Llega el Festival Broto con talleres, arte, gastronom\u00eda y experiencias para reconectar con la naturaleza - El Cardinal","og_description":"Redacci\u00f3n \u00bfTe imaginas aprender de los hongos, disfrutar experiencias gastron\u00f3micas, talleres, arte y hasta actividades para ni\u00f1as y ni\u00f1os? Del 1 al 29 de agosto, Pachuca ser\u00e1 sede del Festival Broto, un encuentro que busca inspirar nuevas formas de conectar con la naturaleza, la comunidad y el conocimiento. Bajo la pregunta &#8220;\u00bfC\u00f3mo se restaura lo","og_url":"https:\/\/elcardinal.com\/?p=6624","og_site_name":"El Cardinal","article_publisher":"https:\/\/www.facebook.com\/profile.php?id=100063093107011","article_published_time":"2026-07-28T00:13:43+00:00","og_image":[{"width":2560,"height":1920,"url":"https:\/\/elcardinal.com\/wp-content\/uploads\/2026\/07\/WhatsApp-Image-2026-07-26-at-21.06.09-1-scaled.jpeg","type":"image\/jpeg"}],"author":"Antonio Alcaraz","twitter_card":"summary_large_image","twitter_creator":"@ElCardinal_Mx","twitter_site":"@ElCardinal_Mx","twitter_misc":{"Escrito por":"Antonio Alcaraz","Tiempo de lectura":"2 minutos"},"schema":{"@context":"https:\/\/schema.org","@graph":[{"@type":"Article","@id":"https:\/\/elcardinal.com\/?p=6624#article","isPartOf":{"@id":"https:\/\/elcardinal.com\/?p=6624"},"author":{"name":"Antonio Alcaraz","@id":"https:\/\/elcardinal.com\/#\/schema\/person\/3c352ec0a33987fe275c0e8a2ea69f8b"},"headline":"Los hongos toman Pachuca: Llega el Festival Broto con talleres, arte, gastronom\u00eda y experiencias para reconectar con la naturaleza","datePublished":"2026-07-28T00:13:43+00:00","mainEntityOfPage":{"@id":"https:\/\/elcardinal.com\/?p=6624"},"wordCount":349,"commentCount":0,"publisher":{"@id":"https:\/\/elcardinal.com\/#organization"},"image":{"@id":"https:\/\/elcardinal.com\/?p=6624#primaryimage"},"thumbnailUrl":"https:\/\/elcardinal.com\/wp-content\/uploads\/2026\/07\/WhatsApp-Image-2026-07-26-at-21.06.09-1-scaled.jpeg","keywords":["Festival Broto","Hongos","Pachuca"],"articleSection":["Hidalgo","Historias","Metr\u00f3poli","Minuto a Minuto"],"inLanguage":"es","potentialAction":[{"@type":"CommentAction","name":"Comment","target":["https:\/\/elcardinal.com\/?p=6624#respond"]}]},{"@type":"WebPage","@id":"https:\/\/elcardinal.com\/?p=6624","url":"https:\/\/elcardinal.com\/?p=6624","name":"Los hongos toman Pachuca: Llega el Festival Broto con talleres, arte, gastronom\u00eda y experiencias para reconectar con la naturaleza - El Cardinal","isPartOf":{"@id":"https:\/\/elcardinal.com\/#website"},"primaryImageOfPage":{"@id":"https:\/\/elcardinal.com\/?p=6624#primaryimage"},"image":{"@id":"https:\/\/elcardinal.com\/?p=6624#primaryimage"},"thumbnailUrl":"https:\/\/elcardinal.com\/wp-content\/uploads\/2026\/07\/WhatsApp-Image-2026-07-26-at-21.06.09-1-scaled.jpeg","datePublished":"2026-07-28T00:13:43+00:00","breadcrumb":{"@id":"https:\/\/elcardinal.com\/?p=6624#breadcrumb"},"inLanguage":"es","potentialAction":[{"@type":"ReadAction","target":["https:\/\/elcardinal.com\/?p=6624"]}]},{"@type":"ImageObject","inLanguage":"es","@id":"https:\/\/elcardinal.com\/?p=6624#primaryimage","url":"https:\/\/elcardinal.com\/wp-content\/uploads\/2026\/07\/WhatsApp-Image-2026-07-26-at-21.06.09-1-scaled.jpeg","contentUrl":"https:\/\/elcardinal.com\/wp-content\/uploads\/2026\/07\/WhatsApp-Image-2026-07-26-at-21.06.09-1-scaled.jpeg","width":2560,"height":1920},{"@type":"BreadcrumbList","@id":"https:\/\/elcardinal.com\/?p=6624#breadcrumb","itemListElement":[{"@type":"ListItem","position":1,"name":"Inicio","item":"https:\/\/elcardinal.com\/"},{"@type":"ListItem","position":2,"name":"Los hongos toman Pachuca: Llega el Festival Broto con talleres, arte, gastronom\u00eda y experiencias para reconectar con la naturaleza"}]},{"@type":"WebSite","@id":"https:\/\/elcardinal.com\/#website","url":"https:\/\/elcardinal.com\/","name":"El Cardinal","description":"Periodismo honesto, con valor, sentido humano, a veces sarc\u00e1stico y divertido.","publisher":{"@id":"https:\/\/elcardinal.com\/#organization"},"alternateName":"El Cardinal Noticias","potentialAction":[{"@type":"SearchAction","target":{"@type":"EntryPoint","urlTemplate":"https:\/\/elcardinal.com\/?s={search_term_string}"},"query-input":{"@type":"PropertyValueSpecification","valueRequired":true,"valueName":"search_term_string"}}],"inLanguage":"es"},{"@type":"Organization","@id":"https:\/\/elcardinal.com\/#organization","name":"El Cardinal","url":"https:\/\/elcardinal.com\/","logo":{"@type":"ImageObject","inLanguage":"es","@id":"https:\/\/elcardinal.com\/#\/schema\/logo\/image\/","url":"https:\/\/elcardinal.com\/wp-content\/uploads\/2025\/04\/LOGO-EL-CARDINAL-Periodismo-con-valor.png","contentUrl":"https:\/\/elcardinal.com\/wp-content\/uploads\/2025\/04\/LOGO-EL-CARDINAL-Periodismo-con-valor.png","width":755,"height":636,"caption":"El Cardinal"},"image":{"@id":"https:\/\/elcardinal.com\/#\/schema\/logo\/image\/"},"sameAs":["https:\/\/www.facebook.com\/profile.php?id=100063093107011","https:\/\/x.com\/ElCardinal_Mx"]},{"@type":"Person","@id":"https:\/\/elcardinal.com\/#\/schema\/person\/3c352ec0a33987fe275c0e8a2ea69f8b","name":"Antonio Alcaraz","image":{"@type":"ImageObject","inLanguage":"es","@id":"https:\/\/elcardinal.com\/wp-content\/uploads\/2025\/05\/cropped-TONO-96x96.jpg","url":"https:\/\/elcardinal.com\/wp-content\/uploads\/2025\/05\/cropped-TONO-96x96.jpg","contentUrl":"https:\/\/elcardinal.com\/wp-content\/uploads\/2025\/05\/cropped-TONO-96x96.jpg","caption":"Antonio Alcaraz"},"url":"https:\/\/elcardinal.com\/?author=2"}]}},"_links":{"self":[{"href":"https:\/\/elcardinal.com\/index.php?rest_route=\/wp\/v2\/posts\/6624","targetHints":{"allow":["GET"]}}],"collection":[{"href":"https:\/\/elcardinal.com\/index.php?rest_route=\/wp\/v2\/posts"}],"about":[{"href":"https:\/\/elcardinal.com\/index.php?rest_route=\/wp\/v2\/types\/post"}],"author":[{"embeddable":true,"href":"https:\/\/elcardinal.com\/index.php?rest_route=\/wp\/v2\/users\/2"}],"replies":[{"embeddable":true,"href":"https:\/\/elcardinal.com\/index.php?rest_route=%2Fwp%2Fv2%2Fcomments&post=6624"}],"version-history":[{"count":1,"href":"https:\/\/elcardinal.com\/index.php?rest_route=\/wp\/v2\/posts\/6624\/revisions"}],"predecessor-version":[{"id":6626,"href":"https:\/\/elcardinal.com\/index.php?rest_route=\/wp\/v2\/posts\/6624\/revisions\/6626"}],"wp:featuredmedia":[{"embeddable":true,"href":"https:\/\/elcardinal.com\/index.php?rest_route=\/wp\/v2\/media\/6625"}],"wp:attachment":[{"href":"https:\/\/elcardinal.com\/index.php?rest_route=%2Fwp%2Fv2%2Fmedia&parent=6624"}],"wp:term":[{"taxonomy":"category","embeddable":true,"href":"https:\/\/elcardinal.com\/index.php?rest_route=%2Fwp%2Fv2%2Fcategories&post=6624"},{"taxonomy":"post_tag","embeddable":true,"href":"https:\/\/elcardinal.com\/index.php?rest_route=%2Fwp%2Fv2%2Ftags&post=6624"}],"curies":[{"name":"wp","href":"https:\/\/api.w.org\/{rel}","templated":true}]}}