{"id":6627,"date":"2026-07-27T20:43:41","date_gmt":"2026-07-28T02:43:41","guid":{"rendered":"https:\/\/elcardinal.com\/?p=6627"},"modified":"2026-07-27T20:43:41","modified_gmt":"2026-07-28T02:43:41","slug":"realiza-ihe-30-ferias-para-la-convivencia-escolar","status":"publish","type":"post","link":"https:\/\/elcardinal.com\/?p=6627","title":{"rendered":"Realiza IHE 30 Ferias para la Convivencia Escolar\u00a0"},"content":{"rendered":"<p>Redacci\u00f3n<\/p>\n<p><span style=\"font-weight: 400;\">Como parte de las acciones para fortalecer la convivencia arm\u00f3nica en los centros educativos, el Instituto Hidalguense de Educaci\u00f3n (IHE), a trav\u00e9s de la Direcci\u00f3n de Convivencia y Seguridad Escolar, realiz\u00f3 durante el ciclo escolar 2025-2026 un total de 30 Ferias para la Convivencia Escolar, que beneficiaron a m\u00e1s de 21 mil integrantes de la comunidad educativa en 41 planteles de la entidad.<\/span><\/p>\n<p><span style=\"font-weight: 400;\">El secretario de Educaci\u00f3n P\u00fablica de Hidalgo y titular del IHE, Natividad Castrej\u00f3n Valdez, se\u00f1al\u00f3 que estas ferias forman parte de la estrategia para consolidar una Cultura de Paz mediante espacios de convivencia arm\u00f3nica, inclusiva y democr\u00e1tica, que favorecen el di\u00e1logo, la reflexi\u00f3n y la construcci\u00f3n de ambientes escolares seguros para las ni\u00f1as, ni\u00f1os y adolescentes.<\/span><\/p>\n<p><span style=\"font-weight: 400;\">Durante estas jornadas participaron 14 mil 785 estudiantes, mil 231 figuras educativas y 5 mil 899 madres y padres de familia de 41 escuelas, quienes participaron en actividades orientadas a fortalecer la convivencia escolar, promover la cultura de paz y prevenir las violencias.<\/span><\/p>\n<p><span style=\"font-weight: 400;\">Natividad Castrej\u00f3n destac\u00f3 que, en concordancia con la visi\u00f3n del gobernador Julio Menchaca Salazar, la educaci\u00f3n debe ir m\u00e1s all\u00e1 de la formaci\u00f3n acad\u00e9mica y promover valores, respeto, inclusi\u00f3n y participaci\u00f3n de toda la comunidad educativa, con el prop\u00f3sito de consolidar escuelas donde prevalezcan la paz, la colaboraci\u00f3n y el desarrollo integral de las y los estudiantes.<\/span><\/p>\n<p><span style=\"font-weight: 400;\">El titular del IHE explic\u00f3 que las Ferias para la Convivencia Escolar constituyen una estrategia preventiva que fortalece los v\u00ednculos entre estudiantes, docentes, directivos, madres y padres de familia, mediante actividades enfocadas en la resoluci\u00f3n pac\u00edfica de conflictos, la prevenci\u00f3n de las violencias y el desarrollo de habilidades socioemocionales.<\/span><\/p>\n<p><span style=\"font-weight: 400;\">Las jornadas se realizaron en los municipios de Actopan, Acatl\u00e1n, Alfajayucan, Almoloya, Atlapexco, Atotonilco el Grande, Calnali, Cardonal, Chilcuautla, El Arenal, Francisco I. Madero, Huasca de Ocampo, Metepec, Metztitl\u00e1n, Nopala de Villagr\u00e1n, Omitl\u00e1n de Ju\u00e1rez, Pachuca de Soto, Progreso de Obreg\u00f3n, Santiago de Anaya, Tasquillo, Tepeapulco, Tetepango, Tezontepec de Aldama, Tizayuca, Tula de Allende, Tulancingo de Bravo y Zimap\u00e1n.<\/span><\/p>\n<p><span style=\"font-weight: 400;\">Durante las ferias se impartieron talleres, foros, pl\u00e1ticas y conferencias; adem\u00e1s, se instalaron m\u00f3dulos did\u00e1cticos interactivos y se realizaron exhibiciones pr\u00e1cticas, actividades art\u00edstico-culturales, activaciones f\u00edsicas, intercambio de experiencias exitosas y actividades deportivas, con la participaci\u00f3n de los distintos sectores de la comunidad escolar.<\/span><\/p>\n<p><span style=\"font-weight: 400;\">Finalmente, el titular de la SEPH reconoci\u00f3 el compromiso de las instituciones participantes, cuya colaboraci\u00f3n fortalece la construcci\u00f3n de escuelas m\u00e1s seguras, inclusivas y libres de violencia.<\/span><\/p>\n","protected":false},"excerpt":{"rendered":"<p>Redacci\u00f3n Como parte de las acciones para fortalecer la convivencia arm\u00f3nica en los centros educativos, el Instituto Hidalguense de Educaci\u00f3n (IHE), a trav\u00e9s de la Direcci\u00f3n de Convivencia y Seguridad Escolar, realiz\u00f3 durante el ciclo escolar 2025-2026 un total de 30 Ferias para la Convivencia Escolar, que beneficiaron a m\u00e1s de 21 mil integrantes de<\/p>\n","protected":false},"author":2,"featured_media":6628,"comment_status":"open","ping_status":"open","sticky":false,"template":"","format":"standard","meta":{"footnotes":""},"categories":[404,31,44],"tags":[403,400],"class_list":["post-6627","post","type-post","status-publish","format-standard","has-post-thumbnail","category-educacion","category-hidalgo","category-minuto-a-minuto","tag-ihe","tag-naty-castrejon"],"yoast_head":"<!-- This site is optimized with the Yoast SEO plugin v28.0 - https:\/\/yoast.com\/product\/yoast-seo-wordpress\/ -->\n<title>Realiza IHE 30 Ferias para la Convivencia Escolar\u00a0 - El Cardinal<\/title>\n<meta name=\"robots\" content=\"index, follow, max-snippet:-1, max-image-preview:large, max-video-preview:-1\" \/>\n<link rel=\"canonical\" href=\"https:\/\/elcardinal.com\/?p=6627\" \/>\n<meta property=\"og:locale\" content=\"es_MX\" \/>\n<meta property=\"og:type\" content=\"article\" \/>\n<meta property=\"og:title\" content=\"Realiza IHE 30 Ferias para la Convivencia Escolar\u00a0 - El Cardinal\" \/>\n<meta property=\"og:description\" content=\"Redacci\u00f3n Como parte de las acciones para fortalecer la convivencia arm\u00f3nica en los centros educativos, el Instituto Hidalguense de Educaci\u00f3n (IHE), a trav\u00e9s de la Direcci\u00f3n de Convivencia y Seguridad Escolar, realiz\u00f3 durante el ciclo escolar 2025-2026 un total de 30 Ferias para la Convivencia Escolar, que beneficiaron a m\u00e1s de 21 mil integrantes de\" \/>\n<meta property=\"og:url\" content=\"https:\/\/elcardinal.com\/?p=6627\" \/>\n<meta property=\"og:site_name\" content=\"El Cardinal\" \/>\n<meta property=\"article:publisher\" content=\"https:\/\/www.facebook.com\/profile.php?id=100063093107011\" \/>\n<meta property=\"article:published_time\" content=\"2026-07-28T02:43:41+00:00\" \/>\n<meta property=\"og:image\" content=\"https:\/\/elcardinal.com\/wp-content\/uploads\/2026\/07\/Actividad-ludica.jpg\" \/>\n\t<meta property=\"og:image:width\" content=\"1280\" \/>\n\t<meta property=\"og:image:height\" content=\"960\" \/>\n\t<meta property=\"og:image:type\" content=\"image\/jpeg\" \/>\n<meta name=\"author\" content=\"Antonio Alcaraz\" \/>\n<meta name=\"twitter:card\" content=\"summary_large_image\" \/>\n<meta name=\"twitter:creator\" content=\"@ElCardinal_Mx\" \/>\n<meta name=\"twitter:site\" content=\"@ElCardinal_Mx\" \/>\n<meta name=\"twitter:label1\" content=\"Escrito por\" \/>\n\t<meta name=\"twitter:data1\" content=\"Antonio Alcaraz\" \/>\n\t<meta name=\"twitter:label2\" content=\"Tiempo de lectura\" \/>\n\t<meta name=\"twitter:data2\" content=\"3 minutos\" \/>\n<script type=\"application\/ld+json\" class=\"yoast-schema-graph\">{\"@context\":\"https:\\\/\\\/schema.org\",\"@graph\":[{\"@type\":\"Article\",\"@id\":\"https:\\\/\\\/elcardinal.com\\\/?p=6627#article\",\"isPartOf\":{\"@id\":\"https:\\\/\\\/elcardinal.com\\\/?p=6627\"},\"author\":{\"name\":\"Antonio Alcaraz\",\"@id\":\"https:\\\/\\\/elcardinal.com\\\/#\\\/schema\\\/person\\\/3c352ec0a33987fe275c0e8a2ea69f8b\"},\"headline\":\"Realiza IHE 30 Ferias para la Convivencia Escolar\u00a0\",\"datePublished\":\"2026-07-28T02:43:41+00:00\",\"mainEntityOfPage\":{\"@id\":\"https:\\\/\\\/elcardinal.com\\\/?p=6627\"},\"wordCount\":445,\"commentCount\":0,\"publisher\":{\"@id\":\"https:\\\/\\\/elcardinal.com\\\/#organization\"},\"image\":{\"@id\":\"https:\\\/\\\/elcardinal.com\\\/?p=6627#primaryimage\"},\"thumbnailUrl\":\"https:\\\/\\\/elcardinal.com\\\/wp-content\\\/uploads\\\/2026\\\/07\\\/Actividad-ludica.jpg\",\"keywords\":[\"IHE\",\"Naty Castrej\u00f3n\"],\"articleSection\":[\"Educaci\u00f3n\",\"Hidalgo\",\"Minuto a Minuto\"],\"inLanguage\":\"es\",\"potentialAction\":[{\"@type\":\"CommentAction\",\"name\":\"Comment\",\"target\":[\"https:\\\/\\\/elcardinal.com\\\/?p=6627#respond\"]}]},{\"@type\":\"WebPage\",\"@id\":\"https:\\\/\\\/elcardinal.com\\\/?p=6627\",\"url\":\"https:\\\/\\\/elcardinal.com\\\/?p=6627\",\"name\":\"Realiza IHE 30 Ferias para la Convivencia Escolar\u00a0 - El Cardinal\",\"isPartOf\":{\"@id\":\"https:\\\/\\\/elcardinal.com\\\/#website\"},\"primaryImageOfPage\":{\"@id\":\"https:\\\/\\\/elcardinal.com\\\/?p=6627#primaryimage\"},\"image\":{\"@id\":\"https:\\\/\\\/elcardinal.com\\\/?p=6627#primaryimage\"},\"thumbnailUrl\":\"https:\\\/\\\/elcardinal.com\\\/wp-content\\\/uploads\\\/2026\\\/07\\\/Actividad-ludica.jpg\",\"datePublished\":\"2026-07-28T02:43:41+00:00\",\"breadcrumb\":{\"@id\":\"https:\\\/\\\/elcardinal.com\\\/?p=6627#breadcrumb\"},\"inLanguage\":\"es\",\"potentialAction\":[{\"@type\":\"ReadAction\",\"target\":[\"https:\\\/\\\/elcardinal.com\\\/?p=6627\"]}]},{\"@type\":\"ImageObject\",\"inLanguage\":\"es\",\"@id\":\"https:\\\/\\\/elcardinal.com\\\/?p=6627#primaryimage\",\"url\":\"https:\\\/\\\/elcardinal.com\\\/wp-content\\\/uploads\\\/2026\\\/07\\\/Actividad-ludica.jpg\",\"contentUrl\":\"https:\\\/\\\/elcardinal.com\\\/wp-content\\\/uploads\\\/2026\\\/07\\\/Actividad-ludica.jpg\",\"width\":1280,\"height\":960},{\"@type\":\"BreadcrumbList\",\"@id\":\"https:\\\/\\\/elcardinal.com\\\/?p=6627#breadcrumb\",\"itemListElement\":[{\"@type\":\"ListItem\",\"position\":1,\"name\":\"Inicio\",\"item\":\"https:\\\/\\\/elcardinal.com\\\/\"},{\"@type\":\"ListItem\",\"position\":2,\"name\":\"Realiza IHE 30 Ferias para la Convivencia Escolar\u00a0\"}]},{\"@type\":\"WebSite\",\"@id\":\"https:\\\/\\\/elcardinal.com\\\/#website\",\"url\":\"https:\\\/\\\/elcardinal.com\\\/\",\"name\":\"El Cardinal\",\"description\":\"Periodismo honesto, con valor, sentido humano, a veces sarc\u00e1stico y divertido.\",\"publisher\":{\"@id\":\"https:\\\/\\\/elcardinal.com\\\/#organization\"},\"alternateName\":\"El Cardinal Noticias\",\"potentialAction\":[{\"@type\":\"SearchAction\",\"target\":{\"@type\":\"EntryPoint\",\"urlTemplate\":\"https:\\\/\\\/elcardinal.com\\\/?s={search_term_string}\"},\"query-input\":{\"@type\":\"PropertyValueSpecification\",\"valueRequired\":true,\"valueName\":\"search_term_string\"}}],\"inLanguage\":\"es\"},{\"@type\":\"Organization\",\"@id\":\"https:\\\/\\\/elcardinal.com\\\/#organization\",\"name\":\"El Cardinal\",\"url\":\"https:\\\/\\\/elcardinal.com\\\/\",\"logo\":{\"@type\":\"ImageObject\",\"inLanguage\":\"es\",\"@id\":\"https:\\\/\\\/elcardinal.com\\\/#\\\/schema\\\/logo\\\/image\\\/\",\"url\":\"https:\\\/\\\/elcardinal.com\\\/wp-content\\\/uploads\\\/2025\\\/04\\\/LOGO-EL-CARDINAL-Periodismo-con-valor.png\",\"contentUrl\":\"https:\\\/\\\/elcardinal.com\\\/wp-content\\\/uploads\\\/2025\\\/04\\\/LOGO-EL-CARDINAL-Periodismo-con-valor.png\",\"width\":755,\"height\":636,\"caption\":\"El Cardinal\"},\"image\":{\"@id\":\"https:\\\/\\\/elcardinal.com\\\/#\\\/schema\\\/logo\\\/image\\\/\"},\"sameAs\":[\"https:\\\/\\\/www.facebook.com\\\/profile.php?id=100063093107011\",\"https:\\\/\\\/x.com\\\/ElCardinal_Mx\"]},{\"@type\":\"Person\",\"@id\":\"https:\\\/\\\/elcardinal.com\\\/#\\\/schema\\\/person\\\/3c352ec0a33987fe275c0e8a2ea69f8b\",\"name\":\"Antonio Alcaraz\",\"image\":{\"@type\":\"ImageObject\",\"inLanguage\":\"es\",\"@id\":\"https:\\\/\\\/elcardinal.com\\\/wp-content\\\/uploads\\\/2025\\\/05\\\/cropped-TONO-96x96.jpg\",\"url\":\"https:\\\/\\\/elcardinal.com\\\/wp-content\\\/uploads\\\/2025\\\/05\\\/cropped-TONO-96x96.jpg\",\"contentUrl\":\"https:\\\/\\\/elcardinal.com\\\/wp-content\\\/uploads\\\/2025\\\/05\\\/cropped-TONO-96x96.jpg\",\"caption\":\"Antonio Alcaraz\"},\"url\":\"https:\\\/\\\/elcardinal.com\\\/?author=2\"}]}<\/script>\n<!-- \/ Yoast SEO plugin. -->","yoast_head_json":{"title":"Realiza IHE 30 Ferias para la Convivencia Escolar\u00a0 - El Cardinal","robots":{"index":"index","follow":"follow","max-snippet":"max-snippet:-1","max-image-preview":"max-image-preview:large","max-video-preview":"max-video-preview:-1"},"canonical":"https:\/\/elcardinal.com\/?p=6627","og_locale":"es_MX","og_type":"article","og_title":"Realiza IHE 30 Ferias para la Convivencia Escolar\u00a0 - El Cardinal","og_description":"Redacci\u00f3n Como parte de las acciones para fortalecer la convivencia arm\u00f3nica en los centros educativos, el Instituto Hidalguense de Educaci\u00f3n (IHE), a trav\u00e9s de la Direcci\u00f3n de Convivencia y Seguridad Escolar, realiz\u00f3 durante el ciclo escolar 2025-2026 un total de 30 Ferias para la Convivencia Escolar, que beneficiaron a m\u00e1s de 21 mil integrantes de","og_url":"https:\/\/elcardinal.com\/?p=6627","og_site_name":"El Cardinal","article_publisher":"https:\/\/www.facebook.com\/profile.php?id=100063093107011","article_published_time":"2026-07-28T02:43:41+00:00","og_image":[{"width":1280,"height":960,"url":"https:\/\/elcardinal.com\/wp-content\/uploads\/2026\/07\/Actividad-ludica.jpg","type":"image\/jpeg"}],"author":"Antonio Alcaraz","twitter_card":"summary_large_image","twitter_creator":"@ElCardinal_Mx","twitter_site":"@ElCardinal_Mx","twitter_misc":{"Escrito por":"Antonio Alcaraz","Tiempo de lectura":"3 minutos"},"schema":{"@context":"https:\/\/schema.org","@graph":[{"@type":"Article","@id":"https:\/\/elcardinal.com\/?p=6627#article","isPartOf":{"@id":"https:\/\/elcardinal.com\/?p=6627"},"author":{"name":"Antonio Alcaraz","@id":"https:\/\/elcardinal.com\/#\/schema\/person\/3c352ec0a33987fe275c0e8a2ea69f8b"},"headline":"Realiza IHE 30 Ferias para la Convivencia Escolar\u00a0","datePublished":"2026-07-28T02:43:41+00:00","mainEntityOfPage":{"@id":"https:\/\/elcardinal.com\/?p=6627"},"wordCount":445,"commentCount":0,"publisher":{"@id":"https:\/\/elcardinal.com\/#organization"},"image":{"@id":"https:\/\/elcardinal.com\/?p=6627#primaryimage"},"thumbnailUrl":"https:\/\/elcardinal.com\/wp-content\/uploads\/2026\/07\/Actividad-ludica.jpg","keywords":["IHE","Naty Castrej\u00f3n"],"articleSection":["Educaci\u00f3n","Hidalgo","Minuto a Minuto"],"inLanguage":"es","potentialAction":[{"@type":"CommentAction","name":"Comment","target":["https:\/\/elcardinal.com\/?p=6627#respond"]}]},{"@type":"WebPage","@id":"https:\/\/elcardinal.com\/?p=6627","url":"https:\/\/elcardinal.com\/?p=6627","name":"Realiza IHE 30 Ferias para la Convivencia Escolar\u00a0 - El Cardinal","isPartOf":{"@id":"https:\/\/elcardinal.com\/#website"},"primaryImageOfPage":{"@id":"https:\/\/elcardinal.com\/?p=6627#primaryimage"},"image":{"@id":"https:\/\/elcardinal.com\/?p=6627#primaryimage"},"thumbnailUrl":"https:\/\/elcardinal.com\/wp-content\/uploads\/2026\/07\/Actividad-ludica.jpg","datePublished":"2026-07-28T02:43:41+00:00","breadcrumb":{"@id":"https:\/\/elcardinal.com\/?p=6627#breadcrumb"},"inLanguage":"es","potentialAction":[{"@type":"ReadAction","target":["https:\/\/elcardinal.com\/?p=6627"]}]},{"@type":"ImageObject","inLanguage":"es","@id":"https:\/\/elcardinal.com\/?p=6627#primaryimage","url":"https:\/\/elcardinal.com\/wp-content\/uploads\/2026\/07\/Actividad-ludica.jpg","contentUrl":"https:\/\/elcardinal.com\/wp-content\/uploads\/2026\/07\/Actividad-ludica.jpg","width":1280,"height":960},{"@type":"BreadcrumbList","@id":"https:\/\/elcardinal.com\/?p=6627#breadcrumb","itemListElement":[{"@type":"ListItem","position":1,"name":"Inicio","item":"https:\/\/elcardinal.com\/"},{"@type":"ListItem","position":2,"name":"Realiza IHE 30 Ferias para la Convivencia Escolar\u00a0"}]},{"@type":"WebSite","@id":"https:\/\/elcardinal.com\/#website","url":"https:\/\/elcardinal.com\/","name":"El Cardinal","description":"Periodismo honesto, con valor, sentido humano, a veces sarc\u00e1stico y divertido.","publisher":{"@id":"https:\/\/elcardinal.com\/#organization"},"alternateName":"El Cardinal Noticias","potentialAction":[{"@type":"SearchAction","target":{"@type":"EntryPoint","urlTemplate":"https:\/\/elcardinal.com\/?s={search_term_string}"},"query-input":{"@type":"PropertyValueSpecification","valueRequired":true,"valueName":"search_term_string"}}],"inLanguage":"es"},{"@type":"Organization","@id":"https:\/\/elcardinal.com\/#organization","name":"El Cardinal","url":"https:\/\/elcardinal.com\/","logo":{"@type":"ImageObject","inLanguage":"es","@id":"https:\/\/elcardinal.com\/#\/schema\/logo\/image\/","url":"https:\/\/elcardinal.com\/wp-content\/uploads\/2025\/04\/LOGO-EL-CARDINAL-Periodismo-con-valor.png","contentUrl":"https:\/\/elcardinal.com\/wp-content\/uploads\/2025\/04\/LOGO-EL-CARDINAL-Periodismo-con-valor.png","width":755,"height":636,"caption":"El Cardinal"},"image":{"@id":"https:\/\/elcardinal.com\/#\/schema\/logo\/image\/"},"sameAs":["https:\/\/www.facebook.com\/profile.php?id=100063093107011","https:\/\/x.com\/ElCardinal_Mx"]},{"@type":"Person","@id":"https:\/\/elcardinal.com\/#\/schema\/person\/3c352ec0a33987fe275c0e8a2ea69f8b","name":"Antonio Alcaraz","image":{"@type":"ImageObject","inLanguage":"es","@id":"https:\/\/elcardinal.com\/wp-content\/uploads\/2025\/05\/cropped-TONO-96x96.jpg","url":"https:\/\/elcardinal.com\/wp-content\/uploads\/2025\/05\/cropped-TONO-96x96.jpg","contentUrl":"https:\/\/elcardinal.com\/wp-content\/uploads\/2025\/05\/cropped-TONO-96x96.jpg","caption":"Antonio Alcaraz"},"url":"https:\/\/elcardinal.com\/?author=2"}]}},"_links":{"self":[{"href":"https:\/\/elcardinal.com\/index.php?rest_route=\/wp\/v2\/posts\/6627","targetHints":{"allow":["GET"]}}],"collection":[{"href":"https:\/\/elcardinal.com\/index.php?rest_route=\/wp\/v2\/posts"}],"about":[{"href":"https:\/\/elcardinal.com\/index.php?rest_route=\/wp\/v2\/types\/post"}],"author":[{"embeddable":true,"href":"https:\/\/elcardinal.com\/index.php?rest_route=\/wp\/v2\/users\/2"}],"replies":[{"embeddable":true,"href":"https:\/\/elcardinal.com\/index.php?rest_route=%2Fwp%2Fv2%2Fcomments&post=6627"}],"version-history":[{"count":1,"href":"https:\/\/elcardinal.com\/index.php?rest_route=\/wp\/v2\/posts\/6627\/revisions"}],"predecessor-version":[{"id":6629,"href":"https:\/\/elcardinal.com\/index.php?rest_route=\/wp\/v2\/posts\/6627\/revisions\/6629"}],"wp:featuredmedia":[{"embeddable":true,"href":"https:\/\/elcardinal.com\/index.php?rest_route=\/wp\/v2\/media\/6628"}],"wp:attachment":[{"href":"https:\/\/elcardinal.com\/index.php?rest_route=%2Fwp%2Fv2%2Fmedia&parent=6627"}],"wp:term":[{"taxonomy":"category","embeddable":true,"href":"https:\/\/elcardinal.com\/index.php?rest_route=%2Fwp%2Fv2%2Fcategories&post=6627"},{"taxonomy":"post_tag","embeddable":true,"href":"https:\/\/elcardinal.com\/index.php?rest_route=%2Fwp%2Fv2%2Ftags&post=6627"}],"curies":[{"name":"wp","href":"https:\/\/api.w.org\/{rel}","templated":true}]}}