{"id":6636,"date":"2026-07-28T21:24:13","date_gmt":"2026-07-29T03:24:13","guid":{"rendered":"https:\/\/elcardinal.com\/?p=6636"},"modified":"2026-07-28T21:24:13","modified_gmt":"2026-07-29T03:24:13","slug":"ya-superenme-julio-menchaca-responde-a-carolina-viggiano-y-asegura-que-las-derrotas-del-pri-todavia-duelen","status":"publish","type":"post","link":"https:\/\/elcardinal.com\/?p=6636","title":{"rendered":"\u201cYa sup\u00e9renme\u201d: Julio Menchaca responde a Carolina Viggiano y asegura que las derrotas del PRI \u201ctodav\u00eda duelen\u201d"},"content":{"rendered":"<p>Por: <strong>Jos\u00e9 Antonio Alcaraz Su\u00e1rez<\/strong><\/p>\n<p>El gobernador de Hidalgo, Julio Menchaca Salazar, respondi\u00f3 a las recientes declaraciones de la senadora del PRI, Carolina Viggiano, quien asegur\u00f3 que el empresario Juan Carlos Mart\u00ednez influye en decisiones econ\u00f3micas y pol\u00edticas de la actual administraci\u00f3n.<\/p>\n<p>Sin entrar en un intercambio de se\u00f1alamientos, el mandatario desestim\u00f3 las acusaciones y asegur\u00f3 que prefiere quedarse con las opiniones de otros integrantes de la familia de la legisladora.<\/p>\n<p>&#8220;Yo me quedo con las declaraciones del cu\u00f1ado de la senadora y del t\u00edo de la senadora, eso es lo que les puedo decir&#8221;, expres\u00f3.<\/p>\n<p>Sin embargo, la respuesta que m\u00e1s llam\u00f3 la atenci\u00f3n lleg\u00f3 cuando Menchaca hizo referencia a la popular canci\u00f3n &#8220;Ya sup\u00e9rame&#8221;, de Grupo Firme, al afirmar que sus adversarios pol\u00edticos a\u00fan no asimilan las derrotas electorales sufridas por el PRI en Hidalgo.<\/p>\n<p>&#8220;No lo han superado, \u00bfno? Hay una canci\u00f3n&#8230; \u00bfc\u00f3mo se llama?&#8230; &#8216;Ya sup\u00e9renlo&#8217;. Yo creo que duele mucho dos derrotas continuas, una para la gubernatura y otra para la senadur\u00eda&#8221;, declar\u00f3.<\/p>\n<p>El gobernador asegur\u00f3 que mantiene respeto por sus opositores, aunque dej\u00f3 claro que no tiene inter\u00e9s en confrontaciones pol\u00edticas.<\/p>\n<p>&#8220;Procuro ser serio, responsable y cuidadoso con lo que digo. No estoy interesado en subirme al ring; tengo mucho trabajo por hacer en Hidalgo&#8221;, sostuvo.<\/p>\n<p>Las declaraciones se producen en medio de un nuevo intercambio de cr\u00edticas entre Morena y el PRI, que vuelve a colocar el debate pol\u00edtico hidalguense en el centro de la discusi\u00f3n p\u00fablica.<\/p>\n","protected":false},"excerpt":{"rendered":"<p>Por: Jos\u00e9 Antonio Alcaraz Su\u00e1rez El gobernador de Hidalgo, Julio Menchaca Salazar, respondi\u00f3 a las recientes declaraciones de la senadora del PRI, Carolina Viggiano, quien asegur\u00f3 que el empresario Juan Carlos Mart\u00ednez influye en decisiones econ\u00f3micas y pol\u00edticas de la actual administraci\u00f3n. Sin entrar en un intercambio de se\u00f1alamientos, el mandatario desestim\u00f3 las acusaciones y<\/p>\n","protected":false},"author":2,"featured_media":6637,"comment_status":"open","ping_status":"open","sticky":false,"template":"","format":"standard","meta":{"footnotes":""},"categories":[31,44],"tags":[85],"class_list":["post-6636","post","type-post","status-publish","format-standard","has-post-thumbnail","category-hidalgo","category-minuto-a-minuto","tag-julio-menchaca"],"yoast_head":"<!-- This site is optimized with the Yoast SEO plugin v28.0 - https:\/\/yoast.com\/product\/yoast-seo-wordpress\/ -->\n<title>\u201cYa sup\u00e9renme\u201d: Julio Menchaca responde a Carolina Viggiano y asegura que las derrotas del PRI \u201ctodav\u00eda duelen\u201d - El Cardinal<\/title>\n<meta name=\"robots\" content=\"index, follow, max-snippet:-1, max-image-preview:large, max-video-preview:-1\" \/>\n<link rel=\"canonical\" href=\"https:\/\/elcardinal.com\/?p=6636\" \/>\n<meta property=\"og:locale\" content=\"es_MX\" \/>\n<meta property=\"og:type\" content=\"article\" \/>\n<meta property=\"og:title\" content=\"\u201cYa sup\u00e9renme\u201d: Julio Menchaca responde a Carolina Viggiano y asegura que las derrotas del PRI \u201ctodav\u00eda duelen\u201d - El Cardinal\" \/>\n<meta property=\"og:description\" content=\"Por: Jos\u00e9 Antonio Alcaraz Su\u00e1rez El gobernador de Hidalgo, Julio Menchaca Salazar, respondi\u00f3 a las recientes declaraciones de la senadora del PRI, Carolina Viggiano, quien asegur\u00f3 que el empresario Juan Carlos Mart\u00ednez influye en decisiones econ\u00f3micas y pol\u00edticas de la actual administraci\u00f3n. Sin entrar en un intercambio de se\u00f1alamientos, el mandatario desestim\u00f3 las acusaciones y\" \/>\n<meta property=\"og:url\" content=\"https:\/\/elcardinal.com\/?p=6636\" \/>\n<meta property=\"og:site_name\" content=\"El Cardinal\" \/>\n<meta property=\"article:publisher\" content=\"https:\/\/www.facebook.com\/profile.php?id=100063093107011\" \/>\n<meta property=\"article:published_time\" content=\"2026-07-29T03:24:13+00:00\" \/>\n<meta property=\"og:image\" content=\"https:\/\/elcardinal.com\/wp-content\/uploads\/2026\/07\/657350313_1477428707085704_8264046823237808960_n-1.jpg\" \/>\n\t<meta property=\"og:image:width\" content=\"2048\" \/>\n\t<meta property=\"og:image:height\" content=\"1365\" \/>\n\t<meta property=\"og:image:type\" content=\"image\/jpeg\" \/>\n<meta name=\"author\" content=\"Antonio Alcaraz\" \/>\n<meta name=\"twitter:card\" content=\"summary_large_image\" \/>\n<meta name=\"twitter:creator\" content=\"@ElCardinal_Mx\" \/>\n<meta name=\"twitter:site\" content=\"@ElCardinal_Mx\" \/>\n<meta name=\"twitter:label1\" content=\"Escrito por\" \/>\n\t<meta name=\"twitter:data1\" content=\"Antonio Alcaraz\" \/>\n\t<meta name=\"twitter:label2\" content=\"Tiempo de lectura\" \/>\n\t<meta name=\"twitter:data2\" content=\"2 minutos\" \/>\n<script type=\"application\/ld+json\" class=\"yoast-schema-graph\">{\"@context\":\"https:\\\/\\\/schema.org\",\"@graph\":[{\"@type\":\"Article\",\"@id\":\"https:\\\/\\\/elcardinal.com\\\/?p=6636#article\",\"isPartOf\":{\"@id\":\"https:\\\/\\\/elcardinal.com\\\/?p=6636\"},\"author\":{\"name\":\"Antonio Alcaraz\",\"@id\":\"https:\\\/\\\/elcardinal.com\\\/#\\\/schema\\\/person\\\/3c352ec0a33987fe275c0e8a2ea69f8b\"},\"headline\":\"\u201cYa sup\u00e9renme\u201d: Julio Menchaca responde a Carolina Viggiano y asegura que las derrotas del PRI \u201ctodav\u00eda duelen\u201d\",\"datePublished\":\"2026-07-29T03:24:13+00:00\",\"mainEntityOfPage\":{\"@id\":\"https:\\\/\\\/elcardinal.com\\\/?p=6636\"},\"wordCount\":287,\"commentCount\":0,\"publisher\":{\"@id\":\"https:\\\/\\\/elcardinal.com\\\/#organization\"},\"image\":{\"@id\":\"https:\\\/\\\/elcardinal.com\\\/?p=6636#primaryimage\"},\"thumbnailUrl\":\"https:\\\/\\\/elcardinal.com\\\/wp-content\\\/uploads\\\/2026\\\/07\\\/657350313_1477428707085704_8264046823237808960_n-1.jpg\",\"keywords\":[\"Julio Menchaca\"],\"articleSection\":[\"Hidalgo\",\"Minuto a Minuto\"],\"inLanguage\":\"es\",\"potentialAction\":[{\"@type\":\"CommentAction\",\"name\":\"Comment\",\"target\":[\"https:\\\/\\\/elcardinal.com\\\/?p=6636#respond\"]}]},{\"@type\":\"WebPage\",\"@id\":\"https:\\\/\\\/elcardinal.com\\\/?p=6636\",\"url\":\"https:\\\/\\\/elcardinal.com\\\/?p=6636\",\"name\":\"\u201cYa sup\u00e9renme\u201d: Julio Menchaca responde a Carolina Viggiano y asegura que las derrotas del PRI \u201ctodav\u00eda duelen\u201d - El Cardinal\",\"isPartOf\":{\"@id\":\"https:\\\/\\\/elcardinal.com\\\/#website\"},\"primaryImageOfPage\":{\"@id\":\"https:\\\/\\\/elcardinal.com\\\/?p=6636#primaryimage\"},\"image\":{\"@id\":\"https:\\\/\\\/elcardinal.com\\\/?p=6636#primaryimage\"},\"thumbnailUrl\":\"https:\\\/\\\/elcardinal.com\\\/wp-content\\\/uploads\\\/2026\\\/07\\\/657350313_1477428707085704_8264046823237808960_n-1.jpg\",\"datePublished\":\"2026-07-29T03:24:13+00:00\",\"breadcrumb\":{\"@id\":\"https:\\\/\\\/elcardinal.com\\\/?p=6636#breadcrumb\"},\"inLanguage\":\"es\",\"potentialAction\":[{\"@type\":\"ReadAction\",\"target\":[\"https:\\\/\\\/elcardinal.com\\\/?p=6636\"]}]},{\"@type\":\"ImageObject\",\"inLanguage\":\"es\",\"@id\":\"https:\\\/\\\/elcardinal.com\\\/?p=6636#primaryimage\",\"url\":\"https:\\\/\\\/elcardinal.com\\\/wp-content\\\/uploads\\\/2026\\\/07\\\/657350313_1477428707085704_8264046823237808960_n-1.jpg\",\"contentUrl\":\"https:\\\/\\\/elcardinal.com\\\/wp-content\\\/uploads\\\/2026\\\/07\\\/657350313_1477428707085704_8264046823237808960_n-1.jpg\",\"width\":2048,\"height\":1365},{\"@type\":\"BreadcrumbList\",\"@id\":\"https:\\\/\\\/elcardinal.com\\\/?p=6636#breadcrumb\",\"itemListElement\":[{\"@type\":\"ListItem\",\"position\":1,\"name\":\"Inicio\",\"item\":\"https:\\\/\\\/elcardinal.com\\\/\"},{\"@type\":\"ListItem\",\"position\":2,\"name\":\"\u201cYa sup\u00e9renme\u201d: Julio Menchaca responde a Carolina Viggiano y asegura que las derrotas del PRI \u201ctodav\u00eda duelen\u201d\"}]},{\"@type\":\"WebSite\",\"@id\":\"https:\\\/\\\/elcardinal.com\\\/#website\",\"url\":\"https:\\\/\\\/elcardinal.com\\\/\",\"name\":\"El Cardinal\",\"description\":\"Periodismo honesto, con valor, sentido humano, a veces sarc\u00e1stico y divertido.\",\"publisher\":{\"@id\":\"https:\\\/\\\/elcardinal.com\\\/#organization\"},\"alternateName\":\"El Cardinal Noticias\",\"potentialAction\":[{\"@type\":\"SearchAction\",\"target\":{\"@type\":\"EntryPoint\",\"urlTemplate\":\"https:\\\/\\\/elcardinal.com\\\/?s={search_term_string}\"},\"query-input\":{\"@type\":\"PropertyValueSpecification\",\"valueRequired\":true,\"valueName\":\"search_term_string\"}}],\"inLanguage\":\"es\"},{\"@type\":\"Organization\",\"@id\":\"https:\\\/\\\/elcardinal.com\\\/#organization\",\"name\":\"El Cardinal\",\"url\":\"https:\\\/\\\/elcardinal.com\\\/\",\"logo\":{\"@type\":\"ImageObject\",\"inLanguage\":\"es\",\"@id\":\"https:\\\/\\\/elcardinal.com\\\/#\\\/schema\\\/logo\\\/image\\\/\",\"url\":\"https:\\\/\\\/elcardinal.com\\\/wp-content\\\/uploads\\\/2025\\\/04\\\/LOGO-EL-CARDINAL-Periodismo-con-valor.png\",\"contentUrl\":\"https:\\\/\\\/elcardinal.com\\\/wp-content\\\/uploads\\\/2025\\\/04\\\/LOGO-EL-CARDINAL-Periodismo-con-valor.png\",\"width\":755,\"height\":636,\"caption\":\"El Cardinal\"},\"image\":{\"@id\":\"https:\\\/\\\/elcardinal.com\\\/#\\\/schema\\\/logo\\\/image\\\/\"},\"sameAs\":[\"https:\\\/\\\/www.facebook.com\\\/profile.php?id=100063093107011\",\"https:\\\/\\\/x.com\\\/ElCardinal_Mx\"]},{\"@type\":\"Person\",\"@id\":\"https:\\\/\\\/elcardinal.com\\\/#\\\/schema\\\/person\\\/3c352ec0a33987fe275c0e8a2ea69f8b\",\"name\":\"Antonio Alcaraz\",\"image\":{\"@type\":\"ImageObject\",\"inLanguage\":\"es\",\"@id\":\"https:\\\/\\\/elcardinal.com\\\/wp-content\\\/uploads\\\/2025\\\/05\\\/cropped-TONO-96x96.jpg\",\"url\":\"https:\\\/\\\/elcardinal.com\\\/wp-content\\\/uploads\\\/2025\\\/05\\\/cropped-TONO-96x96.jpg\",\"contentUrl\":\"https:\\\/\\\/elcardinal.com\\\/wp-content\\\/uploads\\\/2025\\\/05\\\/cropped-TONO-96x96.jpg\",\"caption\":\"Antonio Alcaraz\"},\"url\":\"https:\\\/\\\/elcardinal.com\\\/?author=2\"}]}<\/script>\n<!-- \/ Yoast SEO plugin. -->","yoast_head_json":{"title":"\u201cYa sup\u00e9renme\u201d: Julio Menchaca responde a Carolina Viggiano y asegura que las derrotas del PRI \u201ctodav\u00eda duelen\u201d - El Cardinal","robots":{"index":"index","follow":"follow","max-snippet":"max-snippet:-1","max-image-preview":"max-image-preview:large","max-video-preview":"max-video-preview:-1"},"canonical":"https:\/\/elcardinal.com\/?p=6636","og_locale":"es_MX","og_type":"article","og_title":"\u201cYa sup\u00e9renme\u201d: Julio Menchaca responde a Carolina Viggiano y asegura que las derrotas del PRI \u201ctodav\u00eda duelen\u201d - El Cardinal","og_description":"Por: Jos\u00e9 Antonio Alcaraz Su\u00e1rez El gobernador de Hidalgo, Julio Menchaca Salazar, respondi\u00f3 a las recientes declaraciones de la senadora del PRI, Carolina Viggiano, quien asegur\u00f3 que el empresario Juan Carlos Mart\u00ednez influye en decisiones econ\u00f3micas y pol\u00edticas de la actual administraci\u00f3n. Sin entrar en un intercambio de se\u00f1alamientos, el mandatario desestim\u00f3 las acusaciones y","og_url":"https:\/\/elcardinal.com\/?p=6636","og_site_name":"El Cardinal","article_publisher":"https:\/\/www.facebook.com\/profile.php?id=100063093107011","article_published_time":"2026-07-29T03:24:13+00:00","og_image":[{"width":2048,"height":1365,"url":"https:\/\/elcardinal.com\/wp-content\/uploads\/2026\/07\/657350313_1477428707085704_8264046823237808960_n-1.jpg","type":"image\/jpeg"}],"author":"Antonio Alcaraz","twitter_card":"summary_large_image","twitter_creator":"@ElCardinal_Mx","twitter_site":"@ElCardinal_Mx","twitter_misc":{"Escrito por":"Antonio Alcaraz","Tiempo de lectura":"2 minutos"},"schema":{"@context":"https:\/\/schema.org","@graph":[{"@type":"Article","@id":"https:\/\/elcardinal.com\/?p=6636#article","isPartOf":{"@id":"https:\/\/elcardinal.com\/?p=6636"},"author":{"name":"Antonio Alcaraz","@id":"https:\/\/elcardinal.com\/#\/schema\/person\/3c352ec0a33987fe275c0e8a2ea69f8b"},"headline":"\u201cYa sup\u00e9renme\u201d: Julio Menchaca responde a Carolina Viggiano y asegura que las derrotas del PRI \u201ctodav\u00eda duelen\u201d","datePublished":"2026-07-29T03:24:13+00:00","mainEntityOfPage":{"@id":"https:\/\/elcardinal.com\/?p=6636"},"wordCount":287,"commentCount":0,"publisher":{"@id":"https:\/\/elcardinal.com\/#organization"},"image":{"@id":"https:\/\/elcardinal.com\/?p=6636#primaryimage"},"thumbnailUrl":"https:\/\/elcardinal.com\/wp-content\/uploads\/2026\/07\/657350313_1477428707085704_8264046823237808960_n-1.jpg","keywords":["Julio Menchaca"],"articleSection":["Hidalgo","Minuto a Minuto"],"inLanguage":"es","potentialAction":[{"@type":"CommentAction","name":"Comment","target":["https:\/\/elcardinal.com\/?p=6636#respond"]}]},{"@type":"WebPage","@id":"https:\/\/elcardinal.com\/?p=6636","url":"https:\/\/elcardinal.com\/?p=6636","name":"\u201cYa sup\u00e9renme\u201d: Julio Menchaca responde a Carolina Viggiano y asegura que las derrotas del PRI \u201ctodav\u00eda duelen\u201d - El Cardinal","isPartOf":{"@id":"https:\/\/elcardinal.com\/#website"},"primaryImageOfPage":{"@id":"https:\/\/elcardinal.com\/?p=6636#primaryimage"},"image":{"@id":"https:\/\/elcardinal.com\/?p=6636#primaryimage"},"thumbnailUrl":"https:\/\/elcardinal.com\/wp-content\/uploads\/2026\/07\/657350313_1477428707085704_8264046823237808960_n-1.jpg","datePublished":"2026-07-29T03:24:13+00:00","breadcrumb":{"@id":"https:\/\/elcardinal.com\/?p=6636#breadcrumb"},"inLanguage":"es","potentialAction":[{"@type":"ReadAction","target":["https:\/\/elcardinal.com\/?p=6636"]}]},{"@type":"ImageObject","inLanguage":"es","@id":"https:\/\/elcardinal.com\/?p=6636#primaryimage","url":"https:\/\/elcardinal.com\/wp-content\/uploads\/2026\/07\/657350313_1477428707085704_8264046823237808960_n-1.jpg","contentUrl":"https:\/\/elcardinal.com\/wp-content\/uploads\/2026\/07\/657350313_1477428707085704_8264046823237808960_n-1.jpg","width":2048,"height":1365},{"@type":"BreadcrumbList","@id":"https:\/\/elcardinal.com\/?p=6636#breadcrumb","itemListElement":[{"@type":"ListItem","position":1,"name":"Inicio","item":"https:\/\/elcardinal.com\/"},{"@type":"ListItem","position":2,"name":"\u201cYa sup\u00e9renme\u201d: Julio Menchaca responde a Carolina Viggiano y asegura que las derrotas del PRI \u201ctodav\u00eda duelen\u201d"}]},{"@type":"WebSite","@id":"https:\/\/elcardinal.com\/#website","url":"https:\/\/elcardinal.com\/","name":"El Cardinal","description":"Periodismo honesto, con valor, sentido humano, a veces sarc\u00e1stico y divertido.","publisher":{"@id":"https:\/\/elcardinal.com\/#organization"},"alternateName":"El Cardinal Noticias","potentialAction":[{"@type":"SearchAction","target":{"@type":"EntryPoint","urlTemplate":"https:\/\/elcardinal.com\/?s={search_term_string}"},"query-input":{"@type":"PropertyValueSpecification","valueRequired":true,"valueName":"search_term_string"}}],"inLanguage":"es"},{"@type":"Organization","@id":"https:\/\/elcardinal.com\/#organization","name":"El Cardinal","url":"https:\/\/elcardinal.com\/","logo":{"@type":"ImageObject","inLanguage":"es","@id":"https:\/\/elcardinal.com\/#\/schema\/logo\/image\/","url":"https:\/\/elcardinal.com\/wp-content\/uploads\/2025\/04\/LOGO-EL-CARDINAL-Periodismo-con-valor.png","contentUrl":"https:\/\/elcardinal.com\/wp-content\/uploads\/2025\/04\/LOGO-EL-CARDINAL-Periodismo-con-valor.png","width":755,"height":636,"caption":"El Cardinal"},"image":{"@id":"https:\/\/elcardinal.com\/#\/schema\/logo\/image\/"},"sameAs":["https:\/\/www.facebook.com\/profile.php?id=100063093107011","https:\/\/x.com\/ElCardinal_Mx"]},{"@type":"Person","@id":"https:\/\/elcardinal.com\/#\/schema\/person\/3c352ec0a33987fe275c0e8a2ea69f8b","name":"Antonio Alcaraz","image":{"@type":"ImageObject","inLanguage":"es","@id":"https:\/\/elcardinal.com\/wp-content\/uploads\/2025\/05\/cropped-TONO-96x96.jpg","url":"https:\/\/elcardinal.com\/wp-content\/uploads\/2025\/05\/cropped-TONO-96x96.jpg","contentUrl":"https:\/\/elcardinal.com\/wp-content\/uploads\/2025\/05\/cropped-TONO-96x96.jpg","caption":"Antonio Alcaraz"},"url":"https:\/\/elcardinal.com\/?author=2"}]}},"_links":{"self":[{"href":"https:\/\/elcardinal.com\/index.php?rest_route=\/wp\/v2\/posts\/6636","targetHints":{"allow":["GET"]}}],"collection":[{"href":"https:\/\/elcardinal.com\/index.php?rest_route=\/wp\/v2\/posts"}],"about":[{"href":"https:\/\/elcardinal.com\/index.php?rest_route=\/wp\/v2\/types\/post"}],"author":[{"embeddable":true,"href":"https:\/\/elcardinal.com\/index.php?rest_route=\/wp\/v2\/users\/2"}],"replies":[{"embeddable":true,"href":"https:\/\/elcardinal.com\/index.php?rest_route=%2Fwp%2Fv2%2Fcomments&post=6636"}],"version-history":[{"count":1,"href":"https:\/\/elcardinal.com\/index.php?rest_route=\/wp\/v2\/posts\/6636\/revisions"}],"predecessor-version":[{"id":6638,"href":"https:\/\/elcardinal.com\/index.php?rest_route=\/wp\/v2\/posts\/6636\/revisions\/6638"}],"wp:featuredmedia":[{"embeddable":true,"href":"https:\/\/elcardinal.com\/index.php?rest_route=\/wp\/v2\/media\/6637"}],"wp:attachment":[{"href":"https:\/\/elcardinal.com\/index.php?rest_route=%2Fwp%2Fv2%2Fmedia&parent=6636"}],"wp:term":[{"taxonomy":"category","embeddable":true,"href":"https:\/\/elcardinal.com\/index.php?rest_route=%2Fwp%2Fv2%2Fcategories&post=6636"},{"taxonomy":"post_tag","embeddable":true,"href":"https:\/\/elcardinal.com\/index.php?rest_route=%2Fwp%2Fv2%2Ftags&post=6636"}],"curies":[{"name":"wp","href":"https:\/\/api.w.org\/{rel}","templated":true}]}}