{"id":6639,"date":"2026-07-28T22:09:16","date_gmt":"2026-07-29T04:09:16","guid":{"rendered":"https:\/\/elcardinal.com\/?p=6639"},"modified":"2026-07-28T22:09:16","modified_gmt":"2026-07-29T04:09:16","slug":"huejutla-se-prepara-para-vivir-la-gran-fiesta-de-los-pueblos-originarios","status":"publish","type":"post","link":"https:\/\/elcardinal.com\/?p=6639","title":{"rendered":"Huejutla se prepara para vivir la gran fiesta de los pueblos originarios"},"content":{"rendered":"<p>Por: <strong>Jos\u00e9 Antonio Alcaraz Su\u00e1rez<\/strong><\/p>\n<p>Del 7 al 9 de agosto, el coraz\u00f3n de la <strong>Huasteca Hidalguense<\/strong> ser\u00e1 escenario del Segundo Festival de Pueblos Originarios &#8220;Tlajtoli&#8221;, un evento que reunir\u00e1 la riqueza cultural, gastron\u00f3mica, artesanal y art\u00edstica de las seis huastecas: Hidalgo, Veracruz, Puebla, Quer\u00e9taro, Tamaulipas y San Luis Potos\u00ed.<\/p>\n<p>Durante la presentaci\u00f3n oficial, realizada en el Centro Cultural del Ferrocarril, autoridades estatales y municipales, entre ellas el alcalde <strong>Alfredo San Rom\u00e1n<\/strong>, la presidenta del DIF Huejutla, <strong>Kristel Rodr\u00edguez Flores<\/strong>; la secretaria de Cultura,<strong> Neyda Naranjo<\/strong>, as\u00ed como <strong>Prisco Manuel Guti\u00e9rrez<\/strong>, titular de la Comisi\u00f3n Estatal para el Desarrollo Sostenible de los Pueblos Ind\u00edgenas, dieron a conocer el amplio programa que busca preservar y difundir las tradiciones ancestrales de los pueblos ind\u00edgenas.<\/p>\n<p>Desde el primer d\u00eda, los asistentes podr\u00e1n disfrutar de exposiciones artesanales, muestras gastron\u00f3micas, medicina tradicional, la Casa de Salud, proyectos comunitarios y un desfile con delegaciones de los estados invitados por las principales calles de Huejutla.<\/p>\n<p>Tambi\u00e9n habr\u00e1 conversatorios sobre literatura ind\u00edgena, cocina ritual, medicina tradicional y conferencias de muralismo, adem\u00e1s de la presentaci\u00f3n del libro &#8220;Los rostros del mercado&#8221;, fortaleciendo el di\u00e1logo sobre la identidad y el patrimonio cultural de la regi\u00f3n.<\/p>\n<p>Las noches estar\u00e1n llenas de m\u00fasica y huapango con la participaci\u00f3n de destacados tr\u00edos de Veracruz, Puebla, Quer\u00e9taro, San Luis Potos\u00ed, Tamaulipas e Hidalgo, quienes har\u00e1n vibrar a los asistentes con una gran huapangueada.<\/p>\n<p>El 8 de agosto se llevar\u00e1n a cabo rituales de medicina tradicional, temazcal, una ofrenda a la Madre Tierra y la presentaci\u00f3n de danzas representativas de las seis huastecas.<\/p>\n<p>Como antesala del festival, del 1 al 7 de agosto se realizar\u00e1 la Primera Jornada de Muralismo en Huejutla, donde artistas plasmar\u00e1n cinco murales en los barrios m\u00e1s antiguos de la ciudad para fortalecer la identidad cultural del municipio.<\/p>\n<p>El festival concluir\u00e1 el 9 de agosto con la presentaci\u00f3n del Tr\u00edo Aurora Hidalguense, una ceremonia de clausura y una gran huapangueada que pondr\u00e1 el broche de oro a esta celebraci\u00f3n de las ra\u00edces, la historia y el orgullo de los pueblos originarios.<\/p>\n<p>Del 7 al 9 de agosto, Huejutla te espera para vivir una experiencia \u00fanica llena de tradici\u00f3n, m\u00fasica, cultura y orgullo huasteco. \u00a1<\/p>\n<p>No faltes!<\/p>\n","protected":false},"excerpt":{"rendered":"<p>Por: Jos\u00e9 Antonio Alcaraz Su\u00e1rez Del 7 al 9 de agosto, el coraz\u00f3n de la Huasteca Hidalguense ser\u00e1 escenario del Segundo Festival de Pueblos Originarios &#8220;Tlajtoli&#8221;, un evento que reunir\u00e1 la riqueza cultural, gastron\u00f3mica, artesanal y art\u00edstica de las seis huastecas: Hidalgo, Veracruz, Puebla, Quer\u00e9taro, Tamaulipas y San Luis Potos\u00ed. Durante la presentaci\u00f3n oficial, realizada<\/p>\n","protected":false},"author":2,"featured_media":6640,"comment_status":"open","ping_status":"open","sticky":false,"template":"","format":"standard","meta":{"footnotes":""},"categories":[31,34,44,33],"tags":[60,435,59],"class_list":["post-6639","post","type-post","status-publish","format-standard","has-post-thumbnail","category-hidalgo","category-mexico","category-minuto-a-minuto","category-regiones","tag-alfredo-san-roman","tag-huasteca-hidalguense","tag-huejutla"],"yoast_head":"<!-- This site is optimized with the Yoast SEO plugin v28.0 - https:\/\/yoast.com\/product\/yoast-seo-wordpress\/ -->\n<title>Huejutla se prepara para vivir la gran fiesta de los pueblos originarios - El Cardinal<\/title>\n<meta name=\"robots\" content=\"index, follow, max-snippet:-1, max-image-preview:large, max-video-preview:-1\" \/>\n<link rel=\"canonical\" href=\"https:\/\/elcardinal.com\/?p=6639\" \/>\n<meta property=\"og:locale\" content=\"es_MX\" \/>\n<meta property=\"og:type\" content=\"article\" \/>\n<meta property=\"og:title\" content=\"Huejutla se prepara para vivir la gran fiesta de los pueblos originarios - El Cardinal\" \/>\n<meta property=\"og:description\" content=\"Por: Jos\u00e9 Antonio Alcaraz Su\u00e1rez Del 7 al 9 de agosto, el coraz\u00f3n de la Huasteca Hidalguense ser\u00e1 escenario del Segundo Festival de Pueblos Originarios &#8220;Tlajtoli&#8221;, un evento que reunir\u00e1 la riqueza cultural, gastron\u00f3mica, artesanal y art\u00edstica de las seis huastecas: Hidalgo, Veracruz, Puebla, Quer\u00e9taro, Tamaulipas y San Luis Potos\u00ed. Durante la presentaci\u00f3n oficial, realizada\" \/>\n<meta property=\"og:url\" content=\"https:\/\/elcardinal.com\/?p=6639\" \/>\n<meta property=\"og:site_name\" content=\"El Cardinal\" \/>\n<meta property=\"article:publisher\" content=\"https:\/\/www.facebook.com\/profile.php?id=100063093107011\" \/>\n<meta property=\"article:published_time\" content=\"2026-07-29T04:09:16+00:00\" \/>\n<meta property=\"og:image\" content=\"https:\/\/elcardinal.com\/wp-content\/uploads\/2026\/07\/WhatsApp-Image-2026-07-28-at-10.05.43-PM-5.jpeg\" \/>\n\t<meta property=\"og:image:width\" content=\"1600\" \/>\n\t<meta property=\"og:image:height\" content=\"900\" \/>\n\t<meta property=\"og:image:type\" content=\"image\/jpeg\" \/>\n<meta name=\"author\" content=\"Antonio Alcaraz\" \/>\n<meta name=\"twitter:card\" content=\"summary_large_image\" \/>\n<meta name=\"twitter:creator\" content=\"@ElCardinal_Mx\" \/>\n<meta name=\"twitter:site\" content=\"@ElCardinal_Mx\" \/>\n<meta name=\"twitter:label1\" content=\"Escrito por\" \/>\n\t<meta name=\"twitter:data1\" content=\"Antonio Alcaraz\" \/>\n\t<meta name=\"twitter:label2\" content=\"Tiempo de lectura\" \/>\n\t<meta name=\"twitter:data2\" content=\"2 minutos\" \/>\n<script type=\"application\/ld+json\" class=\"yoast-schema-graph\">{\"@context\":\"https:\\\/\\\/schema.org\",\"@graph\":[{\"@type\":\"Article\",\"@id\":\"https:\\\/\\\/elcardinal.com\\\/?p=6639#article\",\"isPartOf\":{\"@id\":\"https:\\\/\\\/elcardinal.com\\\/?p=6639\"},\"author\":{\"name\":\"Antonio Alcaraz\",\"@id\":\"https:\\\/\\\/elcardinal.com\\\/#\\\/schema\\\/person\\\/3c352ec0a33987fe275c0e8a2ea69f8b\"},\"headline\":\"Huejutla se prepara para vivir la gran fiesta de los pueblos originarios\",\"datePublished\":\"2026-07-29T04:09:16+00:00\",\"mainEntityOfPage\":{\"@id\":\"https:\\\/\\\/elcardinal.com\\\/?p=6639\"},\"wordCount\":405,\"commentCount\":0,\"publisher\":{\"@id\":\"https:\\\/\\\/elcardinal.com\\\/#organization\"},\"image\":{\"@id\":\"https:\\\/\\\/elcardinal.com\\\/?p=6639#primaryimage\"},\"thumbnailUrl\":\"https:\\\/\\\/elcardinal.com\\\/wp-content\\\/uploads\\\/2026\\\/07\\\/WhatsApp-Image-2026-07-28-at-10.05.43-PM-5.jpeg\",\"keywords\":[\"Alfredo San Rom\u00e1n\",\"Huasteca Hidalguense\",\"Huejutla\"],\"articleSection\":[\"Hidalgo\",\"M\u00e9xico\",\"Minuto a Minuto\",\"Regiones\"],\"inLanguage\":\"es\",\"potentialAction\":[{\"@type\":\"CommentAction\",\"name\":\"Comment\",\"target\":[\"https:\\\/\\\/elcardinal.com\\\/?p=6639#respond\"]}]},{\"@type\":\"WebPage\",\"@id\":\"https:\\\/\\\/elcardinal.com\\\/?p=6639\",\"url\":\"https:\\\/\\\/elcardinal.com\\\/?p=6639\",\"name\":\"Huejutla se prepara para vivir la gran fiesta de los pueblos originarios - El Cardinal\",\"isPartOf\":{\"@id\":\"https:\\\/\\\/elcardinal.com\\\/#website\"},\"primaryImageOfPage\":{\"@id\":\"https:\\\/\\\/elcardinal.com\\\/?p=6639#primaryimage\"},\"image\":{\"@id\":\"https:\\\/\\\/elcardinal.com\\\/?p=6639#primaryimage\"},\"thumbnailUrl\":\"https:\\\/\\\/elcardinal.com\\\/wp-content\\\/uploads\\\/2026\\\/07\\\/WhatsApp-Image-2026-07-28-at-10.05.43-PM-5.jpeg\",\"datePublished\":\"2026-07-29T04:09:16+00:00\",\"breadcrumb\":{\"@id\":\"https:\\\/\\\/elcardinal.com\\\/?p=6639#breadcrumb\"},\"inLanguage\":\"es\",\"potentialAction\":[{\"@type\":\"ReadAction\",\"target\":[\"https:\\\/\\\/elcardinal.com\\\/?p=6639\"]}]},{\"@type\":\"ImageObject\",\"inLanguage\":\"es\",\"@id\":\"https:\\\/\\\/elcardinal.com\\\/?p=6639#primaryimage\",\"url\":\"https:\\\/\\\/elcardinal.com\\\/wp-content\\\/uploads\\\/2026\\\/07\\\/WhatsApp-Image-2026-07-28-at-10.05.43-PM-5.jpeg\",\"contentUrl\":\"https:\\\/\\\/elcardinal.com\\\/wp-content\\\/uploads\\\/2026\\\/07\\\/WhatsApp-Image-2026-07-28-at-10.05.43-PM-5.jpeg\",\"width\":1600,\"height\":900},{\"@type\":\"BreadcrumbList\",\"@id\":\"https:\\\/\\\/elcardinal.com\\\/?p=6639#breadcrumb\",\"itemListElement\":[{\"@type\":\"ListItem\",\"position\":1,\"name\":\"Inicio\",\"item\":\"https:\\\/\\\/elcardinal.com\\\/\"},{\"@type\":\"ListItem\",\"position\":2,\"name\":\"Huejutla se prepara para vivir la gran fiesta de los pueblos originarios\"}]},{\"@type\":\"WebSite\",\"@id\":\"https:\\\/\\\/elcardinal.com\\\/#website\",\"url\":\"https:\\\/\\\/elcardinal.com\\\/\",\"name\":\"El Cardinal\",\"description\":\"Periodismo honesto, con valor, sentido humano, a veces sarc\u00e1stico y divertido.\",\"publisher\":{\"@id\":\"https:\\\/\\\/elcardinal.com\\\/#organization\"},\"alternateName\":\"El Cardinal Noticias\",\"potentialAction\":[{\"@type\":\"SearchAction\",\"target\":{\"@type\":\"EntryPoint\",\"urlTemplate\":\"https:\\\/\\\/elcardinal.com\\\/?s={search_term_string}\"},\"query-input\":{\"@type\":\"PropertyValueSpecification\",\"valueRequired\":true,\"valueName\":\"search_term_string\"}}],\"inLanguage\":\"es\"},{\"@type\":\"Organization\",\"@id\":\"https:\\\/\\\/elcardinal.com\\\/#organization\",\"name\":\"El Cardinal\",\"url\":\"https:\\\/\\\/elcardinal.com\\\/\",\"logo\":{\"@type\":\"ImageObject\",\"inLanguage\":\"es\",\"@id\":\"https:\\\/\\\/elcardinal.com\\\/#\\\/schema\\\/logo\\\/image\\\/\",\"url\":\"https:\\\/\\\/elcardinal.com\\\/wp-content\\\/uploads\\\/2025\\\/04\\\/LOGO-EL-CARDINAL-Periodismo-con-valor.png\",\"contentUrl\":\"https:\\\/\\\/elcardinal.com\\\/wp-content\\\/uploads\\\/2025\\\/04\\\/LOGO-EL-CARDINAL-Periodismo-con-valor.png\",\"width\":755,\"height\":636,\"caption\":\"El Cardinal\"},\"image\":{\"@id\":\"https:\\\/\\\/elcardinal.com\\\/#\\\/schema\\\/logo\\\/image\\\/\"},\"sameAs\":[\"https:\\\/\\\/www.facebook.com\\\/profile.php?id=100063093107011\",\"https:\\\/\\\/x.com\\\/ElCardinal_Mx\"]},{\"@type\":\"Person\",\"@id\":\"https:\\\/\\\/elcardinal.com\\\/#\\\/schema\\\/person\\\/3c352ec0a33987fe275c0e8a2ea69f8b\",\"name\":\"Antonio Alcaraz\",\"image\":{\"@type\":\"ImageObject\",\"inLanguage\":\"es\",\"@id\":\"https:\\\/\\\/elcardinal.com\\\/wp-content\\\/uploads\\\/2025\\\/05\\\/cropped-TONO-96x96.jpg\",\"url\":\"https:\\\/\\\/elcardinal.com\\\/wp-content\\\/uploads\\\/2025\\\/05\\\/cropped-TONO-96x96.jpg\",\"contentUrl\":\"https:\\\/\\\/elcardinal.com\\\/wp-content\\\/uploads\\\/2025\\\/05\\\/cropped-TONO-96x96.jpg\",\"caption\":\"Antonio Alcaraz\"},\"url\":\"https:\\\/\\\/elcardinal.com\\\/?author=2\"}]}<\/script>\n<!-- \/ Yoast SEO plugin. -->","yoast_head_json":{"title":"Huejutla se prepara para vivir la gran fiesta de los pueblos originarios - El Cardinal","robots":{"index":"index","follow":"follow","max-snippet":"max-snippet:-1","max-image-preview":"max-image-preview:large","max-video-preview":"max-video-preview:-1"},"canonical":"https:\/\/elcardinal.com\/?p=6639","og_locale":"es_MX","og_type":"article","og_title":"Huejutla se prepara para vivir la gran fiesta de los pueblos originarios - El Cardinal","og_description":"Por: Jos\u00e9 Antonio Alcaraz Su\u00e1rez Del 7 al 9 de agosto, el coraz\u00f3n de la Huasteca Hidalguense ser\u00e1 escenario del Segundo Festival de Pueblos Originarios &#8220;Tlajtoli&#8221;, un evento que reunir\u00e1 la riqueza cultural, gastron\u00f3mica, artesanal y art\u00edstica de las seis huastecas: Hidalgo, Veracruz, Puebla, Quer\u00e9taro, Tamaulipas y San Luis Potos\u00ed. Durante la presentaci\u00f3n oficial, realizada","og_url":"https:\/\/elcardinal.com\/?p=6639","og_site_name":"El Cardinal","article_publisher":"https:\/\/www.facebook.com\/profile.php?id=100063093107011","article_published_time":"2026-07-29T04:09:16+00:00","og_image":[{"width":1600,"height":900,"url":"https:\/\/elcardinal.com\/wp-content\/uploads\/2026\/07\/WhatsApp-Image-2026-07-28-at-10.05.43-PM-5.jpeg","type":"image\/jpeg"}],"author":"Antonio Alcaraz","twitter_card":"summary_large_image","twitter_creator":"@ElCardinal_Mx","twitter_site":"@ElCardinal_Mx","twitter_misc":{"Escrito por":"Antonio Alcaraz","Tiempo de lectura":"2 minutos"},"schema":{"@context":"https:\/\/schema.org","@graph":[{"@type":"Article","@id":"https:\/\/elcardinal.com\/?p=6639#article","isPartOf":{"@id":"https:\/\/elcardinal.com\/?p=6639"},"author":{"name":"Antonio Alcaraz","@id":"https:\/\/elcardinal.com\/#\/schema\/person\/3c352ec0a33987fe275c0e8a2ea69f8b"},"headline":"Huejutla se prepara para vivir la gran fiesta de los pueblos originarios","datePublished":"2026-07-29T04:09:16+00:00","mainEntityOfPage":{"@id":"https:\/\/elcardinal.com\/?p=6639"},"wordCount":405,"commentCount":0,"publisher":{"@id":"https:\/\/elcardinal.com\/#organization"},"image":{"@id":"https:\/\/elcardinal.com\/?p=6639#primaryimage"},"thumbnailUrl":"https:\/\/elcardinal.com\/wp-content\/uploads\/2026\/07\/WhatsApp-Image-2026-07-28-at-10.05.43-PM-5.jpeg","keywords":["Alfredo San Rom\u00e1n","Huasteca Hidalguense","Huejutla"],"articleSection":["Hidalgo","M\u00e9xico","Minuto a Minuto","Regiones"],"inLanguage":"es","potentialAction":[{"@type":"CommentAction","name":"Comment","target":["https:\/\/elcardinal.com\/?p=6639#respond"]}]},{"@type":"WebPage","@id":"https:\/\/elcardinal.com\/?p=6639","url":"https:\/\/elcardinal.com\/?p=6639","name":"Huejutla se prepara para vivir la gran fiesta de los pueblos originarios - El Cardinal","isPartOf":{"@id":"https:\/\/elcardinal.com\/#website"},"primaryImageOfPage":{"@id":"https:\/\/elcardinal.com\/?p=6639#primaryimage"},"image":{"@id":"https:\/\/elcardinal.com\/?p=6639#primaryimage"},"thumbnailUrl":"https:\/\/elcardinal.com\/wp-content\/uploads\/2026\/07\/WhatsApp-Image-2026-07-28-at-10.05.43-PM-5.jpeg","datePublished":"2026-07-29T04:09:16+00:00","breadcrumb":{"@id":"https:\/\/elcardinal.com\/?p=6639#breadcrumb"},"inLanguage":"es","potentialAction":[{"@type":"ReadAction","target":["https:\/\/elcardinal.com\/?p=6639"]}]},{"@type":"ImageObject","inLanguage":"es","@id":"https:\/\/elcardinal.com\/?p=6639#primaryimage","url":"https:\/\/elcardinal.com\/wp-content\/uploads\/2026\/07\/WhatsApp-Image-2026-07-28-at-10.05.43-PM-5.jpeg","contentUrl":"https:\/\/elcardinal.com\/wp-content\/uploads\/2026\/07\/WhatsApp-Image-2026-07-28-at-10.05.43-PM-5.jpeg","width":1600,"height":900},{"@type":"BreadcrumbList","@id":"https:\/\/elcardinal.com\/?p=6639#breadcrumb","itemListElement":[{"@type":"ListItem","position":1,"name":"Inicio","item":"https:\/\/elcardinal.com\/"},{"@type":"ListItem","position":2,"name":"Huejutla se prepara para vivir la gran fiesta de los pueblos originarios"}]},{"@type":"WebSite","@id":"https:\/\/elcardinal.com\/#website","url":"https:\/\/elcardinal.com\/","name":"El Cardinal","description":"Periodismo honesto, con valor, sentido humano, a veces sarc\u00e1stico y divertido.","publisher":{"@id":"https:\/\/elcardinal.com\/#organization"},"alternateName":"El Cardinal Noticias","potentialAction":[{"@type":"SearchAction","target":{"@type":"EntryPoint","urlTemplate":"https:\/\/elcardinal.com\/?s={search_term_string}"},"query-input":{"@type":"PropertyValueSpecification","valueRequired":true,"valueName":"search_term_string"}}],"inLanguage":"es"},{"@type":"Organization","@id":"https:\/\/elcardinal.com\/#organization","name":"El Cardinal","url":"https:\/\/elcardinal.com\/","logo":{"@type":"ImageObject","inLanguage":"es","@id":"https:\/\/elcardinal.com\/#\/schema\/logo\/image\/","url":"https:\/\/elcardinal.com\/wp-content\/uploads\/2025\/04\/LOGO-EL-CARDINAL-Periodismo-con-valor.png","contentUrl":"https:\/\/elcardinal.com\/wp-content\/uploads\/2025\/04\/LOGO-EL-CARDINAL-Periodismo-con-valor.png","width":755,"height":636,"caption":"El Cardinal"},"image":{"@id":"https:\/\/elcardinal.com\/#\/schema\/logo\/image\/"},"sameAs":["https:\/\/www.facebook.com\/profile.php?id=100063093107011","https:\/\/x.com\/ElCardinal_Mx"]},{"@type":"Person","@id":"https:\/\/elcardinal.com\/#\/schema\/person\/3c352ec0a33987fe275c0e8a2ea69f8b","name":"Antonio Alcaraz","image":{"@type":"ImageObject","inLanguage":"es","@id":"https:\/\/elcardinal.com\/wp-content\/uploads\/2025\/05\/cropped-TONO-96x96.jpg","url":"https:\/\/elcardinal.com\/wp-content\/uploads\/2025\/05\/cropped-TONO-96x96.jpg","contentUrl":"https:\/\/elcardinal.com\/wp-content\/uploads\/2025\/05\/cropped-TONO-96x96.jpg","caption":"Antonio Alcaraz"},"url":"https:\/\/elcardinal.com\/?author=2"}]}},"_links":{"self":[{"href":"https:\/\/elcardinal.com\/index.php?rest_route=\/wp\/v2\/posts\/6639","targetHints":{"allow":["GET"]}}],"collection":[{"href":"https:\/\/elcardinal.com\/index.php?rest_route=\/wp\/v2\/posts"}],"about":[{"href":"https:\/\/elcardinal.com\/index.php?rest_route=\/wp\/v2\/types\/post"}],"author":[{"embeddable":true,"href":"https:\/\/elcardinal.com\/index.php?rest_route=\/wp\/v2\/users\/2"}],"replies":[{"embeddable":true,"href":"https:\/\/elcardinal.com\/index.php?rest_route=%2Fwp%2Fv2%2Fcomments&post=6639"}],"version-history":[{"count":1,"href":"https:\/\/elcardinal.com\/index.php?rest_route=\/wp\/v2\/posts\/6639\/revisions"}],"predecessor-version":[{"id":6641,"href":"https:\/\/elcardinal.com\/index.php?rest_route=\/wp\/v2\/posts\/6639\/revisions\/6641"}],"wp:featuredmedia":[{"embeddable":true,"href":"https:\/\/elcardinal.com\/index.php?rest_route=\/wp\/v2\/media\/6640"}],"wp:attachment":[{"href":"https:\/\/elcardinal.com\/index.php?rest_route=%2Fwp%2Fv2%2Fmedia&parent=6639"}],"wp:term":[{"taxonomy":"category","embeddable":true,"href":"https:\/\/elcardinal.com\/index.php?rest_route=%2Fwp%2Fv2%2Fcategories&post=6639"},{"taxonomy":"post_tag","embeddable":true,"href":"https:\/\/elcardinal.com\/index.php?rest_route=%2Fwp%2Fv2%2Ftags&post=6639"}],"curies":[{"name":"wp","href":"https:\/\/api.w.org\/{rel}","templated":true}]}}