{"id":6652,"date":"2026-07-30T07:26:41","date_gmt":"2026-07-30T13:26:41","guid":{"rendered":"https:\/\/elcardinal.com\/?p=6652"},"modified":"2026-07-30T07:26:41","modified_gmt":"2026-07-30T13:26:41","slug":"congreso-de-hidalgo-aprueba-propuestas-para-designar-titulares-de-cuatro-organos-internos-de-control","status":"publish","type":"post","link":"https:\/\/elcardinal.com\/?p=6652","title":{"rendered":"Congreso de Hidalgo aprueba propuestas para designar titulares de cuatro \u00d3rganos Internos de Control"},"content":{"rendered":"<p>Redacci\u00f3n<\/p>\n<p>En sesi\u00f3n ordinaria, diputadas y diputados integrantes de la LXVI Legislatura aprobaron los acuerdos emitidos por la Junta de Gobierno para proponer a las personas que ocupar\u00e1n la titularidad de los \u00f3rganos internos de control de la Auditor\u00eda Superior del Estado de Hidalgo (ASEH), la Comisi\u00f3n de Derechos Humanos del Estado de Hidalgo (CDHEH), el Tribunal Electoral del Estado de Hidalgo (TEEH) y el Instituto Estatal Electoral de Hidalgo (IEEH), por un periodo de cuatro a\u00f1os.<\/p>\n<p>Con 29 votos a favor, cero en contra y cero abstenciones, el Pleno aval\u00f3 la propuesta para designar a la licenciada Evelia Elizabeth Monribot Dom\u00ednguez como titular del \u00d3rgano Interno de Control de la ASEH. Al presentar el acuerdo, la diputada M\u00f3nica Leanett Reyes Mart\u00ednez se\u00f1al\u00f3 que la aspirante acredit\u00f3 experiencia y conocimientos en materia de control, manejo y fiscalizaci\u00f3n de recursos p\u00fablicos.<\/p>\n<p>Monribot Dom\u00ednguez es licenciada en Administraci\u00f3n por la Universidad Aut\u00f3noma del Estado de Hidalgo y se desempe\u00f1a como comisionada del Instituto de Transparencia, Acceso a la Informaci\u00f3n P\u00fablica Gubernamental y Protecci\u00f3n de Datos Personales del Estado de Hidalgo (ITAIH).<\/p>\n<p>Posteriormente, con 29 votos a favor, cero en contra y cero abstenciones, las y los legisladores aprobaron el acuerdo para proponer al licenciado H\u00e9ctor Ibarra Chavarr\u00eda como titular del \u00d3rgano Interno de Control de la CDHEH.<\/p>\n<p>La legisladora M\u00f3nica Reyes destac\u00f3 que el profesionista comprob\u00f3 experiencia y conocimientos en el control, manejo y fiscalizaci\u00f3n de recursos p\u00fablicos. De acuerdo con informaci\u00f3n p\u00fablica, Ibarra Chavarr\u00eda se desempe\u00f1\u00f3 como titular del \u00d3rgano Interno de Control de la Secretar\u00eda de Educaci\u00f3n P\u00fablica de Hidalgo y ocupa la misma responsabilidad en el Colegio de Estudios Cient\u00edficos y Tecnol\u00f3gicos del Estado de Hidalgo.<\/p>\n<p>Asimismo, el Congreso aprob\u00f3 con 29 votos a favor, cero en contra y cero abstenciones el acuerdo para proponer al maestro Jonnathan P\u00e9rez Ledezma como titular del \u00d3rgano Interno de Control del TEEH.<\/p>\n<p>Durante la presentaci\u00f3n, la diputada M\u00f3nica Reyes indic\u00f3 que el aspirante manifest\u00f3 estar preparado para asumir esta responsabilidad profesional. En la informaci\u00f3n p\u00fablica disponible se identifica a P\u00e9rez Ledezma como titular de Responsabilidades de la Direcci\u00f3n General de Asuntos Jur\u00eddicos de la ASEH.<\/p>\n<p>Finalmente, con 28 votos a favor, cero en contra y cero abstenciones, el Pleno aval\u00f3 la propuesta para designar a la maestra Myrna Roc\u00edo Moncada Mahuem como titular del \u00d3rgano Interno de Control del IEEH.<\/p>\n<p>Moncada Mahuem es contadora p\u00fablica por la Universidad Aut\u00f3noma del Estado de Hidalgo, especialista y maestra en Derecho Fiscal. Se desempe\u00f1\u00f3 como comisionada presidenta del ITAIH y fue la primera presidenta del Sistema Estatal Anticorrupci\u00f3n de Hidalgo.<\/p>\n<p>Con estas designaciones, el Congreso del Estado avanza en el fortalecimiento de los mecanismos de vigilancia, control interno y rendici\u00f3n de cuentas en organismos aut\u00f3nomos de la entidad.<\/p>\n","protected":false},"excerpt":{"rendered":"<p>Redacci\u00f3n En sesi\u00f3n ordinaria, diputadas y diputados integrantes de la LXVI Legislatura aprobaron los acuerdos emitidos por la Junta de Gobierno para proponer a las personas que ocupar\u00e1n la titularidad de los \u00f3rganos internos de control de la Auditor\u00eda Superior del Estado de Hidalgo (ASEH), la Comisi\u00f3n de Derechos Humanos del Estado de Hidalgo (CDHEH),<\/p>\n","protected":false},"author":2,"featured_media":6653,"comment_status":"open","ping_status":"open","sticky":false,"template":"","format":"standard","meta":{"footnotes":""},"categories":[31,44,39],"tags":[],"class_list":["post-6652","post","type-post","status-publish","format-standard","has-post-thumbnail","category-hidalgo","category-minuto-a-minuto","category-politica"],"yoast_head":"<!-- This site is optimized with the Yoast SEO plugin v28.0 - https:\/\/yoast.com\/product\/yoast-seo-wordpress\/ -->\n<title>Congreso de Hidalgo aprueba propuestas para designar titulares de cuatro \u00d3rganos Internos de Control - El Cardinal<\/title>\n<meta name=\"robots\" content=\"index, follow, max-snippet:-1, max-image-preview:large, max-video-preview:-1\" \/>\n<link rel=\"canonical\" href=\"https:\/\/elcardinal.com\/?p=6652\" \/>\n<meta property=\"og:locale\" content=\"es_MX\" \/>\n<meta property=\"og:type\" content=\"article\" \/>\n<meta property=\"og:title\" content=\"Congreso de Hidalgo aprueba propuestas para designar titulares de cuatro \u00d3rganos Internos de Control - El Cardinal\" \/>\n<meta property=\"og:description\" content=\"Redacci\u00f3n En sesi\u00f3n ordinaria, diputadas y diputados integrantes de la LXVI Legislatura aprobaron los acuerdos emitidos por la Junta de Gobierno para proponer a las personas que ocupar\u00e1n la titularidad de los \u00f3rganos internos de control de la Auditor\u00eda Superior del Estado de Hidalgo (ASEH), la Comisi\u00f3n de Derechos Humanos del Estado de Hidalgo (CDHEH),\" \/>\n<meta property=\"og:url\" content=\"https:\/\/elcardinal.com\/?p=6652\" \/>\n<meta property=\"og:site_name\" content=\"El Cardinal\" \/>\n<meta property=\"article:publisher\" content=\"https:\/\/www.facebook.com\/profile.php?id=100063093107011\" \/>\n<meta property=\"article:published_time\" content=\"2026-07-30T13:26:41+00:00\" \/>\n<meta property=\"og:image\" content=\"https:\/\/elcardinal.com\/wp-content\/uploads\/2026\/07\/1-1.jpeg\" \/>\n\t<meta property=\"og:image:width\" content=\"1600\" \/>\n\t<meta property=\"og:image:height\" content=\"1066\" \/>\n\t<meta property=\"og:image:type\" content=\"image\/jpeg\" \/>\n<meta name=\"author\" content=\"Antonio Alcaraz\" \/>\n<meta name=\"twitter:card\" content=\"summary_large_image\" \/>\n<meta name=\"twitter:creator\" content=\"@ElCardinal_Mx\" \/>\n<meta name=\"twitter:site\" content=\"@ElCardinal_Mx\" \/>\n<meta name=\"twitter:label1\" content=\"Escrito por\" \/>\n\t<meta name=\"twitter:data1\" content=\"Antonio Alcaraz\" \/>\n\t<meta name=\"twitter:label2\" content=\"Tiempo de lectura\" \/>\n\t<meta name=\"twitter:data2\" content=\"3 minutos\" \/>\n<script type=\"application\/ld+json\" class=\"yoast-schema-graph\">{\"@context\":\"https:\\\/\\\/schema.org\",\"@graph\":[{\"@type\":\"Article\",\"@id\":\"https:\\\/\\\/elcardinal.com\\\/?p=6652#article\",\"isPartOf\":{\"@id\":\"https:\\\/\\\/elcardinal.com\\\/?p=6652\"},\"author\":{\"name\":\"Antonio Alcaraz\",\"@id\":\"https:\\\/\\\/elcardinal.com\\\/#\\\/schema\\\/person\\\/3c352ec0a33987fe275c0e8a2ea69f8b\"},\"headline\":\"Congreso de Hidalgo aprueba propuestas para designar titulares de cuatro \u00d3rganos Internos de Control\",\"datePublished\":\"2026-07-30T13:26:41+00:00\",\"mainEntityOfPage\":{\"@id\":\"https:\\\/\\\/elcardinal.com\\\/?p=6652\"},\"wordCount\":509,\"commentCount\":0,\"publisher\":{\"@id\":\"https:\\\/\\\/elcardinal.com\\\/#organization\"},\"image\":{\"@id\":\"https:\\\/\\\/elcardinal.com\\\/?p=6652#primaryimage\"},\"thumbnailUrl\":\"https:\\\/\\\/elcardinal.com\\\/wp-content\\\/uploads\\\/2026\\\/07\\\/1-1.jpeg\",\"articleSection\":[\"Hidalgo\",\"Minuto a Minuto\",\"Pol\u00edtica\"],\"inLanguage\":\"es\",\"potentialAction\":[{\"@type\":\"CommentAction\",\"name\":\"Comment\",\"target\":[\"https:\\\/\\\/elcardinal.com\\\/?p=6652#respond\"]}]},{\"@type\":\"WebPage\",\"@id\":\"https:\\\/\\\/elcardinal.com\\\/?p=6652\",\"url\":\"https:\\\/\\\/elcardinal.com\\\/?p=6652\",\"name\":\"Congreso de Hidalgo aprueba propuestas para designar titulares de cuatro \u00d3rganos Internos de Control - El Cardinal\",\"isPartOf\":{\"@id\":\"https:\\\/\\\/elcardinal.com\\\/#website\"},\"primaryImageOfPage\":{\"@id\":\"https:\\\/\\\/elcardinal.com\\\/?p=6652#primaryimage\"},\"image\":{\"@id\":\"https:\\\/\\\/elcardinal.com\\\/?p=6652#primaryimage\"},\"thumbnailUrl\":\"https:\\\/\\\/elcardinal.com\\\/wp-content\\\/uploads\\\/2026\\\/07\\\/1-1.jpeg\",\"datePublished\":\"2026-07-30T13:26:41+00:00\",\"breadcrumb\":{\"@id\":\"https:\\\/\\\/elcardinal.com\\\/?p=6652#breadcrumb\"},\"inLanguage\":\"es\",\"potentialAction\":[{\"@type\":\"ReadAction\",\"target\":[\"https:\\\/\\\/elcardinal.com\\\/?p=6652\"]}]},{\"@type\":\"ImageObject\",\"inLanguage\":\"es\",\"@id\":\"https:\\\/\\\/elcardinal.com\\\/?p=6652#primaryimage\",\"url\":\"https:\\\/\\\/elcardinal.com\\\/wp-content\\\/uploads\\\/2026\\\/07\\\/1-1.jpeg\",\"contentUrl\":\"https:\\\/\\\/elcardinal.com\\\/wp-content\\\/uploads\\\/2026\\\/07\\\/1-1.jpeg\",\"width\":1600,\"height\":1066},{\"@type\":\"BreadcrumbList\",\"@id\":\"https:\\\/\\\/elcardinal.com\\\/?p=6652#breadcrumb\",\"itemListElement\":[{\"@type\":\"ListItem\",\"position\":1,\"name\":\"Inicio\",\"item\":\"https:\\\/\\\/elcardinal.com\\\/\"},{\"@type\":\"ListItem\",\"position\":2,\"name\":\"Congreso de Hidalgo aprueba propuestas para designar titulares de cuatro \u00d3rganos Internos de Control\"}]},{\"@type\":\"WebSite\",\"@id\":\"https:\\\/\\\/elcardinal.com\\\/#website\",\"url\":\"https:\\\/\\\/elcardinal.com\\\/\",\"name\":\"El Cardinal\",\"description\":\"Periodismo honesto, con valor, sentido humano, a veces sarc\u00e1stico y divertido.\",\"publisher\":{\"@id\":\"https:\\\/\\\/elcardinal.com\\\/#organization\"},\"alternateName\":\"El Cardinal Noticias\",\"potentialAction\":[{\"@type\":\"SearchAction\",\"target\":{\"@type\":\"EntryPoint\",\"urlTemplate\":\"https:\\\/\\\/elcardinal.com\\\/?s={search_term_string}\"},\"query-input\":{\"@type\":\"PropertyValueSpecification\",\"valueRequired\":true,\"valueName\":\"search_term_string\"}}],\"inLanguage\":\"es\"},{\"@type\":\"Organization\",\"@id\":\"https:\\\/\\\/elcardinal.com\\\/#organization\",\"name\":\"El Cardinal\",\"url\":\"https:\\\/\\\/elcardinal.com\\\/\",\"logo\":{\"@type\":\"ImageObject\",\"inLanguage\":\"es\",\"@id\":\"https:\\\/\\\/elcardinal.com\\\/#\\\/schema\\\/logo\\\/image\\\/\",\"url\":\"https:\\\/\\\/elcardinal.com\\\/wp-content\\\/uploads\\\/2025\\\/04\\\/LOGO-EL-CARDINAL-Periodismo-con-valor.png\",\"contentUrl\":\"https:\\\/\\\/elcardinal.com\\\/wp-content\\\/uploads\\\/2025\\\/04\\\/LOGO-EL-CARDINAL-Periodismo-con-valor.png\",\"width\":755,\"height\":636,\"caption\":\"El Cardinal\"},\"image\":{\"@id\":\"https:\\\/\\\/elcardinal.com\\\/#\\\/schema\\\/logo\\\/image\\\/\"},\"sameAs\":[\"https:\\\/\\\/www.facebook.com\\\/profile.php?id=100063093107011\",\"https:\\\/\\\/x.com\\\/ElCardinal_Mx\"]},{\"@type\":\"Person\",\"@id\":\"https:\\\/\\\/elcardinal.com\\\/#\\\/schema\\\/person\\\/3c352ec0a33987fe275c0e8a2ea69f8b\",\"name\":\"Antonio Alcaraz\",\"image\":{\"@type\":\"ImageObject\",\"inLanguage\":\"es\",\"@id\":\"https:\\\/\\\/elcardinal.com\\\/wp-content\\\/uploads\\\/2025\\\/05\\\/cropped-TONO-96x96.jpg\",\"url\":\"https:\\\/\\\/elcardinal.com\\\/wp-content\\\/uploads\\\/2025\\\/05\\\/cropped-TONO-96x96.jpg\",\"contentUrl\":\"https:\\\/\\\/elcardinal.com\\\/wp-content\\\/uploads\\\/2025\\\/05\\\/cropped-TONO-96x96.jpg\",\"caption\":\"Antonio Alcaraz\"},\"url\":\"https:\\\/\\\/elcardinal.com\\\/?author=2\"}]}<\/script>\n<!-- \/ Yoast SEO plugin. -->","yoast_head_json":{"title":"Congreso de Hidalgo aprueba propuestas para designar titulares de cuatro \u00d3rganos Internos de Control - El Cardinal","robots":{"index":"index","follow":"follow","max-snippet":"max-snippet:-1","max-image-preview":"max-image-preview:large","max-video-preview":"max-video-preview:-1"},"canonical":"https:\/\/elcardinal.com\/?p=6652","og_locale":"es_MX","og_type":"article","og_title":"Congreso de Hidalgo aprueba propuestas para designar titulares de cuatro \u00d3rganos Internos de Control - El Cardinal","og_description":"Redacci\u00f3n En sesi\u00f3n ordinaria, diputadas y diputados integrantes de la LXVI Legislatura aprobaron los acuerdos emitidos por la Junta de Gobierno para proponer a las personas que ocupar\u00e1n la titularidad de los \u00f3rganos internos de control de la Auditor\u00eda Superior del Estado de Hidalgo (ASEH), la Comisi\u00f3n de Derechos Humanos del Estado de Hidalgo (CDHEH),","og_url":"https:\/\/elcardinal.com\/?p=6652","og_site_name":"El Cardinal","article_publisher":"https:\/\/www.facebook.com\/profile.php?id=100063093107011","article_published_time":"2026-07-30T13:26:41+00:00","og_image":[{"width":1600,"height":1066,"url":"https:\/\/elcardinal.com\/wp-content\/uploads\/2026\/07\/1-1.jpeg","type":"image\/jpeg"}],"author":"Antonio Alcaraz","twitter_card":"summary_large_image","twitter_creator":"@ElCardinal_Mx","twitter_site":"@ElCardinal_Mx","twitter_misc":{"Escrito por":"Antonio Alcaraz","Tiempo de lectura":"3 minutos"},"schema":{"@context":"https:\/\/schema.org","@graph":[{"@type":"Article","@id":"https:\/\/elcardinal.com\/?p=6652#article","isPartOf":{"@id":"https:\/\/elcardinal.com\/?p=6652"},"author":{"name":"Antonio Alcaraz","@id":"https:\/\/elcardinal.com\/#\/schema\/person\/3c352ec0a33987fe275c0e8a2ea69f8b"},"headline":"Congreso de Hidalgo aprueba propuestas para designar titulares de cuatro \u00d3rganos Internos de Control","datePublished":"2026-07-30T13:26:41+00:00","mainEntityOfPage":{"@id":"https:\/\/elcardinal.com\/?p=6652"},"wordCount":509,"commentCount":0,"publisher":{"@id":"https:\/\/elcardinal.com\/#organization"},"image":{"@id":"https:\/\/elcardinal.com\/?p=6652#primaryimage"},"thumbnailUrl":"https:\/\/elcardinal.com\/wp-content\/uploads\/2026\/07\/1-1.jpeg","articleSection":["Hidalgo","Minuto a Minuto","Pol\u00edtica"],"inLanguage":"es","potentialAction":[{"@type":"CommentAction","name":"Comment","target":["https:\/\/elcardinal.com\/?p=6652#respond"]}]},{"@type":"WebPage","@id":"https:\/\/elcardinal.com\/?p=6652","url":"https:\/\/elcardinal.com\/?p=6652","name":"Congreso de Hidalgo aprueba propuestas para designar titulares de cuatro \u00d3rganos Internos de Control - El Cardinal","isPartOf":{"@id":"https:\/\/elcardinal.com\/#website"},"primaryImageOfPage":{"@id":"https:\/\/elcardinal.com\/?p=6652#primaryimage"},"image":{"@id":"https:\/\/elcardinal.com\/?p=6652#primaryimage"},"thumbnailUrl":"https:\/\/elcardinal.com\/wp-content\/uploads\/2026\/07\/1-1.jpeg","datePublished":"2026-07-30T13:26:41+00:00","breadcrumb":{"@id":"https:\/\/elcardinal.com\/?p=6652#breadcrumb"},"inLanguage":"es","potentialAction":[{"@type":"ReadAction","target":["https:\/\/elcardinal.com\/?p=6652"]}]},{"@type":"ImageObject","inLanguage":"es","@id":"https:\/\/elcardinal.com\/?p=6652#primaryimage","url":"https:\/\/elcardinal.com\/wp-content\/uploads\/2026\/07\/1-1.jpeg","contentUrl":"https:\/\/elcardinal.com\/wp-content\/uploads\/2026\/07\/1-1.jpeg","width":1600,"height":1066},{"@type":"BreadcrumbList","@id":"https:\/\/elcardinal.com\/?p=6652#breadcrumb","itemListElement":[{"@type":"ListItem","position":1,"name":"Inicio","item":"https:\/\/elcardinal.com\/"},{"@type":"ListItem","position":2,"name":"Congreso de Hidalgo aprueba propuestas para designar titulares de cuatro \u00d3rganos Internos de Control"}]},{"@type":"WebSite","@id":"https:\/\/elcardinal.com\/#website","url":"https:\/\/elcardinal.com\/","name":"El Cardinal","description":"Periodismo honesto, con valor, sentido humano, a veces sarc\u00e1stico y divertido.","publisher":{"@id":"https:\/\/elcardinal.com\/#organization"},"alternateName":"El Cardinal Noticias","potentialAction":[{"@type":"SearchAction","target":{"@type":"EntryPoint","urlTemplate":"https:\/\/elcardinal.com\/?s={search_term_string}"},"query-input":{"@type":"PropertyValueSpecification","valueRequired":true,"valueName":"search_term_string"}}],"inLanguage":"es"},{"@type":"Organization","@id":"https:\/\/elcardinal.com\/#organization","name":"El Cardinal","url":"https:\/\/elcardinal.com\/","logo":{"@type":"ImageObject","inLanguage":"es","@id":"https:\/\/elcardinal.com\/#\/schema\/logo\/image\/","url":"https:\/\/elcardinal.com\/wp-content\/uploads\/2025\/04\/LOGO-EL-CARDINAL-Periodismo-con-valor.png","contentUrl":"https:\/\/elcardinal.com\/wp-content\/uploads\/2025\/04\/LOGO-EL-CARDINAL-Periodismo-con-valor.png","width":755,"height":636,"caption":"El Cardinal"},"image":{"@id":"https:\/\/elcardinal.com\/#\/schema\/logo\/image\/"},"sameAs":["https:\/\/www.facebook.com\/profile.php?id=100063093107011","https:\/\/x.com\/ElCardinal_Mx"]},{"@type":"Person","@id":"https:\/\/elcardinal.com\/#\/schema\/person\/3c352ec0a33987fe275c0e8a2ea69f8b","name":"Antonio Alcaraz","image":{"@type":"ImageObject","inLanguage":"es","@id":"https:\/\/elcardinal.com\/wp-content\/uploads\/2025\/05\/cropped-TONO-96x96.jpg","url":"https:\/\/elcardinal.com\/wp-content\/uploads\/2025\/05\/cropped-TONO-96x96.jpg","contentUrl":"https:\/\/elcardinal.com\/wp-content\/uploads\/2025\/05\/cropped-TONO-96x96.jpg","caption":"Antonio Alcaraz"},"url":"https:\/\/elcardinal.com\/?author=2"}]}},"_links":{"self":[{"href":"https:\/\/elcardinal.com\/index.php?rest_route=\/wp\/v2\/posts\/6652","targetHints":{"allow":["GET"]}}],"collection":[{"href":"https:\/\/elcardinal.com\/index.php?rest_route=\/wp\/v2\/posts"}],"about":[{"href":"https:\/\/elcardinal.com\/index.php?rest_route=\/wp\/v2\/types\/post"}],"author":[{"embeddable":true,"href":"https:\/\/elcardinal.com\/index.php?rest_route=\/wp\/v2\/users\/2"}],"replies":[{"embeddable":true,"href":"https:\/\/elcardinal.com\/index.php?rest_route=%2Fwp%2Fv2%2Fcomments&post=6652"}],"version-history":[{"count":1,"href":"https:\/\/elcardinal.com\/index.php?rest_route=\/wp\/v2\/posts\/6652\/revisions"}],"predecessor-version":[{"id":6654,"href":"https:\/\/elcardinal.com\/index.php?rest_route=\/wp\/v2\/posts\/6652\/revisions\/6654"}],"wp:featuredmedia":[{"embeddable":true,"href":"https:\/\/elcardinal.com\/index.php?rest_route=\/wp\/v2\/media\/6653"}],"wp:attachment":[{"href":"https:\/\/elcardinal.com\/index.php?rest_route=%2Fwp%2Fv2%2Fmedia&parent=6652"}],"wp:term":[{"taxonomy":"category","embeddable":true,"href":"https:\/\/elcardinal.com\/index.php?rest_route=%2Fwp%2Fv2%2Fcategories&post=6652"},{"taxonomy":"post_tag","embeddable":true,"href":"https:\/\/elcardinal.com\/index.php?rest_route=%2Fwp%2Fv2%2Ftags&post=6652"}],"curies":[{"name":"wp","href":"https:\/\/api.w.org\/{rel}","templated":true}]}}