{"id":6655,"date":"2026-07-30T07:30:00","date_gmt":"2026-07-30T13:30:00","guid":{"rendered":"https:\/\/elcardinal.com\/?p=6655"},"modified":"2026-07-30T07:30:00","modified_gmt":"2026-07-30T13:30:00","slug":"poder-legislativo-fortalece-el-acceso-a-la-justicia-con-enfoque-intercultural","status":"publish","type":"post","link":"https:\/\/elcardinal.com\/?p=6655","title":{"rendered":"Poder Legislativo fortalece el acceso a la justicia con enfoque intercultural"},"content":{"rendered":"<p style=\"text-align: left;\">Redacci\u00f3n<\/p>\n<p style=\"text-align: left;\">En sesi\u00f3n ordinaria, diputadas y diputados integrantes de la LXVI Legislatura, avalaron con 26 votos a favor, cero en contra y cero abstenciones, el dictamen que aprueba con modificaciones la iniciativa que reforma la Ley Org\u00e1nica del Instituto de Defensor\u00eda P\u00fablica del Estado de Hidalgo, en materia de atenci\u00f3n jur\u00eddica con enfoque intercultural, promovido por el legislador Francisco Javier T\u00e9llez S\u00e1nchez (PT), emitido por la primera Comisi\u00f3n Permanente de Legislaci\u00f3n y Puntos Constitucionales.<\/p>\n<p style=\"text-align: left;\">La legisladora Alma Rosa El\u00edas Paso (Morena) subray\u00f3 que el prop\u00f3sito es incorporar dentro del cat\u00e1logo de obligaciones de las personas defensoras p\u00fablicas, el deber de respetar los usos y costumbres de las personas integrantes de los pueblos originarios para garantizar una defensa y asesor\u00eda jur\u00eddica pertinente, eliminar las barreras culturales que obstaculizan el acceso efectivo a la justicia y asegurar un trato digno en condiciones de igualdad.<\/p>\n<p style=\"text-align: left;\">\n<p style=\"text-align: left;\">Otros dict\u00e1menes<\/p>\n<p style=\"text-align: left;\">D\u00eda del Caf\u00e9, de la Cafeticultora y del Cafeticultor Hidalguenses<\/p>\n<p style=\"text-align: left;\">Asimismo, avalaron con 30 votos a favor, cero en contra y cero abstenciones, el dictamen que aprueba con modificaciones la iniciativa que declara el primero de octubre de cada a\u00f1o como el D\u00eda del Caf\u00e9, de la Cafeticultora y del Cafeticultor Hidalguenses, emitido por la primera Comisi\u00f3n Permanente de Legislaci\u00f3n y Puntos Constitucionales.<\/p>\n<p style=\"text-align: left;\">La diputada Yarabi Gonz\u00e1lez Mart\u00ednez (Morena), promovente del dictamen, enfatiz\u00f3 que la finalidad es fomentar la revalorizaci\u00f3n de un sector que posiciona a M\u00e9xico como el und\u00e9cimo productor mundial de caf\u00e9 y a Hidalgo como uno de los productores m\u00e1s importantes de este grano<\/p>\n<p style=\"text-align: left;\">\n<p style=\"text-align: left;\">Enfoque de cuidados<\/p>\n<p style=\"text-align: left;\">Tambi\u00e9n avalaron con 28 votos a favor, cero en contra y cero abstenciones, el dictamen que aprueba parcialmente la iniciativa que reforma la Ley de Salud para el Estado de Hidalgo, en materia de enfoque de cuidados, emitido por la primera Comisi\u00f3n Permanente de Legislaci\u00f3n y Puntos Constitucionales.<\/p>\n<p style=\"text-align: left;\">La legisladora Yarabi Gonz\u00e1lez Mart\u00ednez (Morena) record\u00f3 que el objetivo es transitar hacia un esquema de corresponsabilidad en el cual el estado asuma un rol activo en la provisi\u00f3n de apoyo institucional para quienes ejercen la labor de cuidadores de pacientes dentro de las instituciones p\u00fablicas del Sistema Estatal de Salud.<\/p>\n<p style=\"text-align: left;\">En su intervenci\u00f3n, la diputada Paloma Barrag\u00e1n Santos (Morena), una de las y los promoventes del dictamen, destac\u00f3 la importancia de reconocer el papel fundamental de las personas cuidadoras, quienes contribuyen de manera decisiva a la recuperaci\u00f3n de pacientes hospitalizados mediante un trabajo no remunerado y, en muchos casos, invisibilizado, realizado principalmente por mujeres.<\/p>\n<p style=\"text-align: left;\">\n<p style=\"text-align: left;\">Prevenci\u00f3n de la violencia en el deporte<\/p>\n<p style=\"text-align: left;\">Adem\u00e1s, avalaron con 28 votos a favor, cero en contra y cero abstenciones, el dictamen que aprueba con modificaciones la iniciativa que reforma la Ley de Cultura F\u00edsica, Deporte y Recreaci\u00f3n para el Estado de Hidalgo, en materia de prevenci\u00f3n de la violencia en el deporte, emitido por la primera Comisi\u00f3n Permanente de Legislaci\u00f3n y Puntos Constitucionales.<\/p>\n<p style=\"text-align: left;\">El diputado Miguel \u00c1ngel Moreno Zamora (Morena), uno de los promoventes del dictamen, se\u00f1al\u00f3 que la finalidad es fortalecer los mecanismos para prevenir y sancionar la violencia en el deporte para proteger la integridad de las personas que participan en la pr\u00e1ctica deportiva, desempe\u00f1an funciones arbitrales o t\u00e9cnicas, organizan eventos o acuden a ellos como espectadores.<\/p>\n<p style=\"text-align: left;\">\n<p style=\"text-align: left;\">Presunci\u00f3n de inocencia<\/p>\n<p style=\"text-align: left;\">Tambi\u00e9n avalaron con 24 votos a favor, cero en contra y cero abstenciones, el dictamen que aprueba la iniciativa que reforma la Ley de Educaci\u00f3n del Estado de Hidalgo, en materia de presunci\u00f3n de inocencia, emitido por la primera Comisi\u00f3n Permanente de Legislaci\u00f3n y Puntos Constitucionales.<\/p>\n<p style=\"text-align: left;\">La diputada M\u00f3nica Leanett Reyes Mart\u00ednez (Nueva Alianza), promovente del dictamen, explic\u00f3 que se busca adicionar un numeral que establezca obligaciones claras para las autoridades educativas y las comunidades escolares para garantizar el respeto del derecho a la presunci\u00f3n de inocencia de maestras, maestros y personal administrativo en las actuaciones administrativas vinculadas con el ejercicio de su funci\u00f3n, evitando cualquier trato, medida o comunicaci\u00f3n que implique un juicio previo sobre su responsabilidad.<\/p>\n<p style=\"text-align: left;\">\n<p style=\"text-align: left;\">Primer contacto con mujeres v\u00edctimas<\/p>\n<p style=\"text-align: left;\">Adem\u00e1s, avalaron con 25 votos a favor, cero en contra y cero abstenciones, el dictamen que aprueba con modificaciones la iniciativa que reforma la Ley de V\u00edctimas para el Estado de Hidalgo, en materia de primer contacto con mujeres v\u00edctimas, emitido por la primera Comisi\u00f3n Permanente de Legislaci\u00f3n y Puntos Constitucionales.<\/p>\n<p style=\"text-align: left;\">La legisladora Orqu\u00eddea Larragoiti Osorio (PT), promovente del dictamen, inform\u00f3 que el objetivo es fortalecer la actuaci\u00f3n del Ministerio P\u00fablico en la atenci\u00f3n de mujeres v\u00edctimas de violencia, garantizando un acceso efectivo, digno y libre de revictimizaci\u00f3n a la justicia desde el primer contacto con la autoridad, mediante la incorporaci\u00f3n obligatoria de la perspectiva de g\u00e9nero, la debida diligencia reforzada y la adopci\u00f3n inmediata de medidas de protecci\u00f3n.<\/p>\n<p style=\"text-align: left;\">\n<p style=\"text-align: left;\">Modificaci\u00f3n a Ley de Ingresos de Mineral de la Reforma<\/p>\n<p style=\"text-align: left;\">Tambi\u00e9n, avalaron con 24 votos a favor, cero en contra y cero abstenciones, el dictamen que aprueba la modificaci\u00f3n a la Ley de Ingresos del Municipio de Mineral de la Reforma para el ejercicio fiscal 2026, emitido por la primera Comisi\u00f3n Permanente de Hacienda y Presupuesto.<\/p>\n<p style=\"text-align: left;\">La legisladora Hilda Miranda Miranda (Morena) comunic\u00f3 que las modificaciones solicitadas son relativas a: derechos por la expedici\u00f3n de constancias y otorgamiento de licencias de uso de suelo, as\u00ed como autorizaci\u00f3n de fraccionamientos en sus diversas modalidades; derechos por autorizaci\u00f3n de peritos en obras; productos; y aprovechamientos.<\/p>\n<p style=\"text-align: left;\">\n<p style=\"text-align: left;\">Modificaci\u00f3n a Ley de Ingresos de Atitalaquia<\/p>\n<p style=\"text-align: left;\">Adem\u00e1s, avalaron con 26 votos a favor, cero en contra y cero abstenciones, el dictamen que aprueba la modificaci\u00f3n a la Ley de Ingresos del Municipio de Atitalaquia para el ejercicio fiscal 2026, emitido por la primera Comisi\u00f3n Permanente de Hacienda y Presupuesto.<\/p>\n<p style=\"text-align: left;\">La diputada Diana Rangel Z\u00fa\u00f1iga (Morena) subray\u00f3 que las modificaciones solicitadas son relativas a: incorporar conceptos de cobro por derechos por la expedici\u00f3n de constancias y otorgamiento de licencias de uso de suelo, as\u00ed como autorizaci\u00f3n de fraccionamientos.<\/p>\n<p style=\"text-align: left;\">\n<p style=\"text-align: left;\">Modificaci\u00f3n a la Ley de Ingresos de Tlaxcoapan<\/p>\n<p style=\"text-align: left;\">Asimismo, avalaron con 26 votos a favor, cero en contra y cero abstenciones, el dictamen que aprueba la modificaci\u00f3n a la Ley de Ingresos del Municipio de Tlaxcoapan para el ejercicio fiscal 2026, emitido por la primera Comisi\u00f3n Permanente de Hacienda y Presupuesto.<\/p>\n<p style=\"text-align: left;\">El legislador Jos\u00e9 Luis Rodr\u00edguez Higareda (Morena) precis\u00f3 que las modificaciones solicitadas son relativas a: derechos por servicios de expedici\u00f3n y renovaci\u00f3n de placa de funcionamiento de establecimientos comerciales e industriales; derechos por la expedici\u00f3n de constancias y otorgamiento de licencias de uso de suelo, as\u00ed autorizaci\u00f3n de fraccionamientos en sus diversas modalidades; y derechos por servicios prestados en materia de seguridad p\u00fablica y tr\u00e1nsito.<\/p>\n<p style=\"text-align: left;\">\n<p style=\"text-align: left;\">Modificaci\u00f3n a cuotas y tarifas de agua<\/p>\n<p style=\"text-align: left;\">Tambi\u00e9n avalaron con 24 votos a favor, cero en contra y cero abstenciones, el dictamen que aprueba la modificaci\u00f3n de las cuotas y tarifas de la Comisi\u00f3n de Agua y Alcantarillado del municipio de El Cardonal para el ejercicio fiscal 2026, emitido por la primera Comisi\u00f3n Permanente de Hacienda y Presupuesto.<\/p>\n<p style=\"text-align: left;\">El diputado Carlos Alejandro Alc\u00e1ntara Carbajal (MC) indic\u00f3 que se establece una tarifa preferencial mensual para las escuelas p\u00fablicas, la cual consistir\u00e1 en una cuota m\u00ednima de 93.90 pesos.<\/p>\n<p style=\"text-align: left;\">\n<p style=\"text-align: left;\">Modificaci\u00f3n a la Ley de Ingresos de Mixquiahuala<\/p>\n<p style=\"text-align: left;\">Adem\u00e1s, avalaron con 25 votos a favor, cero en contra y cero abstenciones, el dictamen que aprueba la modificaci\u00f3n a la Ley de Ingresos del Municipio de Mixquiahuala para el ejercicio fiscal 2025, la cual tiene vigencia en el a\u00f1o 2026, emitido por la primera Comisi\u00f3n Permanente de Hacienda y Presupuesto.<\/p>\n<p style=\"text-align: left;\">La legisladora Diana Rangel Z\u00fa\u00f1iga (Morena) notific\u00f3 que las modificaciones solicitadas son relativas a: derechos por servicios de expedici\u00f3n y renovaci\u00f3n de placa de funcionamiento de establecimientos comerciales e industriales.<\/p>\n","protected":false},"excerpt":{"rendered":"<p>Redacci\u00f3n En sesi\u00f3n ordinaria, diputadas y diputados integrantes de la LXVI Legislatura, avalaron con 26 votos a favor, cero en contra y cero abstenciones, el dictamen que aprueba con modificaciones la iniciativa que reforma la Ley Org\u00e1nica del Instituto de Defensor\u00eda P\u00fablica del Estado de Hidalgo, en materia de atenci\u00f3n jur\u00eddica con enfoque intercultural, promovido<\/p>\n","protected":false},"author":2,"featured_media":6656,"comment_status":"open","ping_status":"open","sticky":false,"template":"","format":"standard","meta":{"footnotes":""},"categories":[31,44,39],"tags":[],"class_list":["post-6655","post","type-post","status-publish","format-standard","has-post-thumbnail","category-hidalgo","category-minuto-a-minuto","category-politica"],"yoast_head":"<!-- This site is optimized with the Yoast SEO plugin v28.0 - https:\/\/yoast.com\/product\/yoast-seo-wordpress\/ -->\n<title>Poder Legislativo fortalece el acceso a la justicia con enfoque intercultural - El Cardinal<\/title>\n<meta name=\"robots\" content=\"index, follow, max-snippet:-1, max-image-preview:large, max-video-preview:-1\" \/>\n<link rel=\"canonical\" href=\"https:\/\/elcardinal.com\/?p=6655\" \/>\n<meta property=\"og:locale\" content=\"es_MX\" \/>\n<meta property=\"og:type\" content=\"article\" \/>\n<meta property=\"og:title\" content=\"Poder Legislativo fortalece el acceso a la justicia con enfoque intercultural - El Cardinal\" \/>\n<meta property=\"og:description\" content=\"Redacci\u00f3n En sesi\u00f3n ordinaria, diputadas y diputados integrantes de la LXVI Legislatura, avalaron con 26 votos a favor, cero en contra y cero abstenciones, el dictamen que aprueba con modificaciones la iniciativa que reforma la Ley Org\u00e1nica del Instituto de Defensor\u00eda P\u00fablica del Estado de Hidalgo, en materia de atenci\u00f3n jur\u00eddica con enfoque intercultural, promovido\" \/>\n<meta property=\"og:url\" content=\"https:\/\/elcardinal.com\/?p=6655\" \/>\n<meta property=\"og:site_name\" content=\"El Cardinal\" \/>\n<meta property=\"article:publisher\" content=\"https:\/\/www.facebook.com\/profile.php?id=100063093107011\" \/>\n<meta property=\"article:published_time\" content=\"2026-07-30T13:30:00+00:00\" \/>\n<meta property=\"og:image\" content=\"https:\/\/elcardinal.com\/wp-content\/uploads\/2026\/07\/Sesion-29.07.2026-Ordinaria-7.jpg\" \/>\n\t<meta property=\"og:image:width\" content=\"2400\" \/>\n\t<meta property=\"og:image:height\" content=\"1600\" \/>\n\t<meta property=\"og:image:type\" content=\"image\/jpeg\" \/>\n<meta name=\"author\" content=\"Antonio Alcaraz\" \/>\n<meta name=\"twitter:card\" content=\"summary_large_image\" \/>\n<meta name=\"twitter:creator\" content=\"@ElCardinal_Mx\" \/>\n<meta name=\"twitter:site\" content=\"@ElCardinal_Mx\" \/>\n<meta name=\"twitter:label1\" content=\"Escrito por\" \/>\n\t<meta name=\"twitter:data1\" content=\"Antonio Alcaraz\" \/>\n\t<meta name=\"twitter:label2\" content=\"Tiempo de lectura\" \/>\n\t<meta name=\"twitter:data2\" content=\"6 minutos\" \/>\n<script type=\"application\/ld+json\" class=\"yoast-schema-graph\">{\"@context\":\"https:\\\/\\\/schema.org\",\"@graph\":[{\"@type\":\"Article\",\"@id\":\"https:\\\/\\\/elcardinal.com\\\/?p=6655#article\",\"isPartOf\":{\"@id\":\"https:\\\/\\\/elcardinal.com\\\/?p=6655\"},\"author\":{\"name\":\"Antonio Alcaraz\",\"@id\":\"https:\\\/\\\/elcardinal.com\\\/#\\\/schema\\\/person\\\/3c352ec0a33987fe275c0e8a2ea69f8b\"},\"headline\":\"Poder Legislativo fortalece el acceso a la justicia con enfoque intercultural\",\"datePublished\":\"2026-07-30T13:30:00+00:00\",\"mainEntityOfPage\":{\"@id\":\"https:\\\/\\\/elcardinal.com\\\/?p=6655\"},\"wordCount\":1365,\"commentCount\":0,\"publisher\":{\"@id\":\"https:\\\/\\\/elcardinal.com\\\/#organization\"},\"image\":{\"@id\":\"https:\\\/\\\/elcardinal.com\\\/?p=6655#primaryimage\"},\"thumbnailUrl\":\"https:\\\/\\\/elcardinal.com\\\/wp-content\\\/uploads\\\/2026\\\/07\\\/Sesion-29.07.2026-Ordinaria-7.jpg\",\"articleSection\":[\"Hidalgo\",\"Minuto a Minuto\",\"Pol\u00edtica\"],\"inLanguage\":\"es\",\"potentialAction\":[{\"@type\":\"CommentAction\",\"name\":\"Comment\",\"target\":[\"https:\\\/\\\/elcardinal.com\\\/?p=6655#respond\"]}]},{\"@type\":\"WebPage\",\"@id\":\"https:\\\/\\\/elcardinal.com\\\/?p=6655\",\"url\":\"https:\\\/\\\/elcardinal.com\\\/?p=6655\",\"name\":\"Poder Legislativo fortalece el acceso a la justicia con enfoque intercultural - El Cardinal\",\"isPartOf\":{\"@id\":\"https:\\\/\\\/elcardinal.com\\\/#website\"},\"primaryImageOfPage\":{\"@id\":\"https:\\\/\\\/elcardinal.com\\\/?p=6655#primaryimage\"},\"image\":{\"@id\":\"https:\\\/\\\/elcardinal.com\\\/?p=6655#primaryimage\"},\"thumbnailUrl\":\"https:\\\/\\\/elcardinal.com\\\/wp-content\\\/uploads\\\/2026\\\/07\\\/Sesion-29.07.2026-Ordinaria-7.jpg\",\"datePublished\":\"2026-07-30T13:30:00+00:00\",\"breadcrumb\":{\"@id\":\"https:\\\/\\\/elcardinal.com\\\/?p=6655#breadcrumb\"},\"inLanguage\":\"es\",\"potentialAction\":[{\"@type\":\"ReadAction\",\"target\":[\"https:\\\/\\\/elcardinal.com\\\/?p=6655\"]}]},{\"@type\":\"ImageObject\",\"inLanguage\":\"es\",\"@id\":\"https:\\\/\\\/elcardinal.com\\\/?p=6655#primaryimage\",\"url\":\"https:\\\/\\\/elcardinal.com\\\/wp-content\\\/uploads\\\/2026\\\/07\\\/Sesion-29.07.2026-Ordinaria-7.jpg\",\"contentUrl\":\"https:\\\/\\\/elcardinal.com\\\/wp-content\\\/uploads\\\/2026\\\/07\\\/Sesion-29.07.2026-Ordinaria-7.jpg\",\"width\":2400,\"height\":1600},{\"@type\":\"BreadcrumbList\",\"@id\":\"https:\\\/\\\/elcardinal.com\\\/?p=6655#breadcrumb\",\"itemListElement\":[{\"@type\":\"ListItem\",\"position\":1,\"name\":\"Inicio\",\"item\":\"https:\\\/\\\/elcardinal.com\\\/\"},{\"@type\":\"ListItem\",\"position\":2,\"name\":\"Poder Legislativo fortalece el acceso a la justicia con enfoque intercultural\"}]},{\"@type\":\"WebSite\",\"@id\":\"https:\\\/\\\/elcardinal.com\\\/#website\",\"url\":\"https:\\\/\\\/elcardinal.com\\\/\",\"name\":\"El Cardinal\",\"description\":\"Periodismo honesto, con valor, sentido humano, a veces sarc\u00e1stico y divertido.\",\"publisher\":{\"@id\":\"https:\\\/\\\/elcardinal.com\\\/#organization\"},\"alternateName\":\"El Cardinal Noticias\",\"potentialAction\":[{\"@type\":\"SearchAction\",\"target\":{\"@type\":\"EntryPoint\",\"urlTemplate\":\"https:\\\/\\\/elcardinal.com\\\/?s={search_term_string}\"},\"query-input\":{\"@type\":\"PropertyValueSpecification\",\"valueRequired\":true,\"valueName\":\"search_term_string\"}}],\"inLanguage\":\"es\"},{\"@type\":\"Organization\",\"@id\":\"https:\\\/\\\/elcardinal.com\\\/#organization\",\"name\":\"El Cardinal\",\"url\":\"https:\\\/\\\/elcardinal.com\\\/\",\"logo\":{\"@type\":\"ImageObject\",\"inLanguage\":\"es\",\"@id\":\"https:\\\/\\\/elcardinal.com\\\/#\\\/schema\\\/logo\\\/image\\\/\",\"url\":\"https:\\\/\\\/elcardinal.com\\\/wp-content\\\/uploads\\\/2025\\\/04\\\/LOGO-EL-CARDINAL-Periodismo-con-valor.png\",\"contentUrl\":\"https:\\\/\\\/elcardinal.com\\\/wp-content\\\/uploads\\\/2025\\\/04\\\/LOGO-EL-CARDINAL-Periodismo-con-valor.png\",\"width\":755,\"height\":636,\"caption\":\"El Cardinal\"},\"image\":{\"@id\":\"https:\\\/\\\/elcardinal.com\\\/#\\\/schema\\\/logo\\\/image\\\/\"},\"sameAs\":[\"https:\\\/\\\/www.facebook.com\\\/profile.php?id=100063093107011\",\"https:\\\/\\\/x.com\\\/ElCardinal_Mx\"]},{\"@type\":\"Person\",\"@id\":\"https:\\\/\\\/elcardinal.com\\\/#\\\/schema\\\/person\\\/3c352ec0a33987fe275c0e8a2ea69f8b\",\"name\":\"Antonio Alcaraz\",\"image\":{\"@type\":\"ImageObject\",\"inLanguage\":\"es\",\"@id\":\"https:\\\/\\\/elcardinal.com\\\/wp-content\\\/uploads\\\/2025\\\/05\\\/cropped-TONO-96x96.jpg\",\"url\":\"https:\\\/\\\/elcardinal.com\\\/wp-content\\\/uploads\\\/2025\\\/05\\\/cropped-TONO-96x96.jpg\",\"contentUrl\":\"https:\\\/\\\/elcardinal.com\\\/wp-content\\\/uploads\\\/2025\\\/05\\\/cropped-TONO-96x96.jpg\",\"caption\":\"Antonio Alcaraz\"},\"url\":\"https:\\\/\\\/elcardinal.com\\\/?author=2\"}]}<\/script>\n<!-- \/ Yoast SEO plugin. -->","yoast_head_json":{"title":"Poder Legislativo fortalece el acceso a la justicia con enfoque intercultural - El Cardinal","robots":{"index":"index","follow":"follow","max-snippet":"max-snippet:-1","max-image-preview":"max-image-preview:large","max-video-preview":"max-video-preview:-1"},"canonical":"https:\/\/elcardinal.com\/?p=6655","og_locale":"es_MX","og_type":"article","og_title":"Poder Legislativo fortalece el acceso a la justicia con enfoque intercultural - El Cardinal","og_description":"Redacci\u00f3n En sesi\u00f3n ordinaria, diputadas y diputados integrantes de la LXVI Legislatura, avalaron con 26 votos a favor, cero en contra y cero abstenciones, el dictamen que aprueba con modificaciones la iniciativa que reforma la Ley Org\u00e1nica del Instituto de Defensor\u00eda P\u00fablica del Estado de Hidalgo, en materia de atenci\u00f3n jur\u00eddica con enfoque intercultural, promovido","og_url":"https:\/\/elcardinal.com\/?p=6655","og_site_name":"El Cardinal","article_publisher":"https:\/\/www.facebook.com\/profile.php?id=100063093107011","article_published_time":"2026-07-30T13:30:00+00:00","og_image":[{"width":2400,"height":1600,"url":"https:\/\/elcardinal.com\/wp-content\/uploads\/2026\/07\/Sesion-29.07.2026-Ordinaria-7.jpg","type":"image\/jpeg"}],"author":"Antonio Alcaraz","twitter_card":"summary_large_image","twitter_creator":"@ElCardinal_Mx","twitter_site":"@ElCardinal_Mx","twitter_misc":{"Escrito por":"Antonio Alcaraz","Tiempo de lectura":"6 minutos"},"schema":{"@context":"https:\/\/schema.org","@graph":[{"@type":"Article","@id":"https:\/\/elcardinal.com\/?p=6655#article","isPartOf":{"@id":"https:\/\/elcardinal.com\/?p=6655"},"author":{"name":"Antonio Alcaraz","@id":"https:\/\/elcardinal.com\/#\/schema\/person\/3c352ec0a33987fe275c0e8a2ea69f8b"},"headline":"Poder Legislativo fortalece el acceso a la justicia con enfoque intercultural","datePublished":"2026-07-30T13:30:00+00:00","mainEntityOfPage":{"@id":"https:\/\/elcardinal.com\/?p=6655"},"wordCount":1365,"commentCount":0,"publisher":{"@id":"https:\/\/elcardinal.com\/#organization"},"image":{"@id":"https:\/\/elcardinal.com\/?p=6655#primaryimage"},"thumbnailUrl":"https:\/\/elcardinal.com\/wp-content\/uploads\/2026\/07\/Sesion-29.07.2026-Ordinaria-7.jpg","articleSection":["Hidalgo","Minuto a Minuto","Pol\u00edtica"],"inLanguage":"es","potentialAction":[{"@type":"CommentAction","name":"Comment","target":["https:\/\/elcardinal.com\/?p=6655#respond"]}]},{"@type":"WebPage","@id":"https:\/\/elcardinal.com\/?p=6655","url":"https:\/\/elcardinal.com\/?p=6655","name":"Poder Legislativo fortalece el acceso a la justicia con enfoque intercultural - El Cardinal","isPartOf":{"@id":"https:\/\/elcardinal.com\/#website"},"primaryImageOfPage":{"@id":"https:\/\/elcardinal.com\/?p=6655#primaryimage"},"image":{"@id":"https:\/\/elcardinal.com\/?p=6655#primaryimage"},"thumbnailUrl":"https:\/\/elcardinal.com\/wp-content\/uploads\/2026\/07\/Sesion-29.07.2026-Ordinaria-7.jpg","datePublished":"2026-07-30T13:30:00+00:00","breadcrumb":{"@id":"https:\/\/elcardinal.com\/?p=6655#breadcrumb"},"inLanguage":"es","potentialAction":[{"@type":"ReadAction","target":["https:\/\/elcardinal.com\/?p=6655"]}]},{"@type":"ImageObject","inLanguage":"es","@id":"https:\/\/elcardinal.com\/?p=6655#primaryimage","url":"https:\/\/elcardinal.com\/wp-content\/uploads\/2026\/07\/Sesion-29.07.2026-Ordinaria-7.jpg","contentUrl":"https:\/\/elcardinal.com\/wp-content\/uploads\/2026\/07\/Sesion-29.07.2026-Ordinaria-7.jpg","width":2400,"height":1600},{"@type":"BreadcrumbList","@id":"https:\/\/elcardinal.com\/?p=6655#breadcrumb","itemListElement":[{"@type":"ListItem","position":1,"name":"Inicio","item":"https:\/\/elcardinal.com\/"},{"@type":"ListItem","position":2,"name":"Poder Legislativo fortalece el acceso a la justicia con enfoque intercultural"}]},{"@type":"WebSite","@id":"https:\/\/elcardinal.com\/#website","url":"https:\/\/elcardinal.com\/","name":"El Cardinal","description":"Periodismo honesto, con valor, sentido humano, a veces sarc\u00e1stico y divertido.","publisher":{"@id":"https:\/\/elcardinal.com\/#organization"},"alternateName":"El Cardinal Noticias","potentialAction":[{"@type":"SearchAction","target":{"@type":"EntryPoint","urlTemplate":"https:\/\/elcardinal.com\/?s={search_term_string}"},"query-input":{"@type":"PropertyValueSpecification","valueRequired":true,"valueName":"search_term_string"}}],"inLanguage":"es"},{"@type":"Organization","@id":"https:\/\/elcardinal.com\/#organization","name":"El Cardinal","url":"https:\/\/elcardinal.com\/","logo":{"@type":"ImageObject","inLanguage":"es","@id":"https:\/\/elcardinal.com\/#\/schema\/logo\/image\/","url":"https:\/\/elcardinal.com\/wp-content\/uploads\/2025\/04\/LOGO-EL-CARDINAL-Periodismo-con-valor.png","contentUrl":"https:\/\/elcardinal.com\/wp-content\/uploads\/2025\/04\/LOGO-EL-CARDINAL-Periodismo-con-valor.png","width":755,"height":636,"caption":"El Cardinal"},"image":{"@id":"https:\/\/elcardinal.com\/#\/schema\/logo\/image\/"},"sameAs":["https:\/\/www.facebook.com\/profile.php?id=100063093107011","https:\/\/x.com\/ElCardinal_Mx"]},{"@type":"Person","@id":"https:\/\/elcardinal.com\/#\/schema\/person\/3c352ec0a33987fe275c0e8a2ea69f8b","name":"Antonio Alcaraz","image":{"@type":"ImageObject","inLanguage":"es","@id":"https:\/\/elcardinal.com\/wp-content\/uploads\/2025\/05\/cropped-TONO-96x96.jpg","url":"https:\/\/elcardinal.com\/wp-content\/uploads\/2025\/05\/cropped-TONO-96x96.jpg","contentUrl":"https:\/\/elcardinal.com\/wp-content\/uploads\/2025\/05\/cropped-TONO-96x96.jpg","caption":"Antonio Alcaraz"},"url":"https:\/\/elcardinal.com\/?author=2"}]}},"_links":{"self":[{"href":"https:\/\/elcardinal.com\/index.php?rest_route=\/wp\/v2\/posts\/6655","targetHints":{"allow":["GET"]}}],"collection":[{"href":"https:\/\/elcardinal.com\/index.php?rest_route=\/wp\/v2\/posts"}],"about":[{"href":"https:\/\/elcardinal.com\/index.php?rest_route=\/wp\/v2\/types\/post"}],"author":[{"embeddable":true,"href":"https:\/\/elcardinal.com\/index.php?rest_route=\/wp\/v2\/users\/2"}],"replies":[{"embeddable":true,"href":"https:\/\/elcardinal.com\/index.php?rest_route=%2Fwp%2Fv2%2Fcomments&post=6655"}],"version-history":[{"count":1,"href":"https:\/\/elcardinal.com\/index.php?rest_route=\/wp\/v2\/posts\/6655\/revisions"}],"predecessor-version":[{"id":6657,"href":"https:\/\/elcardinal.com\/index.php?rest_route=\/wp\/v2\/posts\/6655\/revisions\/6657"}],"wp:featuredmedia":[{"embeddable":true,"href":"https:\/\/elcardinal.com\/index.php?rest_route=\/wp\/v2\/media\/6656"}],"wp:attachment":[{"href":"https:\/\/elcardinal.com\/index.php?rest_route=%2Fwp%2Fv2%2Fmedia&parent=6655"}],"wp:term":[{"taxonomy":"category","embeddable":true,"href":"https:\/\/elcardinal.com\/index.php?rest_route=%2Fwp%2Fv2%2Fcategories&post=6655"},{"taxonomy":"post_tag","embeddable":true,"href":"https:\/\/elcardinal.com\/index.php?rest_route=%2Fwp%2Fv2%2Ftags&post=6655"}],"curies":[{"name":"wp","href":"https:\/\/api.w.org\/{rel}","templated":true}]}}