{"id":6670,"date":"2026-08-01T20:33:13","date_gmt":"2026-08-02T02:33:13","guid":{"rendered":"https:\/\/elcardinal.com\/?p=6670"},"modified":"2026-08-01T20:33:13","modified_gmt":"2026-08-02T02:33:13","slug":"ihe-impulsa-la-formacion-continua-con-jornada-academica-comunitaria","status":"publish","type":"post","link":"https:\/\/elcardinal.com\/?p=6670","title":{"rendered":"IHE impulsa la formaci\u00f3n continua con Jornada Acad\u00e9mica Comunitaria"},"content":{"rendered":"<p>Redacci\u00f3n<\/p>\n<p>El Instituto Hidalguense de Educaci\u00f3n (IHE), a trav\u00e9s de la Direcci\u00f3n de Programas Curriculares y la Subdirecci\u00f3n de Materiales Educativos, realiz\u00f3 durante el ciclo escolar 2025-2026 la Jornada Acad\u00e9mica Comunitaria de Saberes y Pensamiento Cient\u00edfico, con la participaci\u00f3n de m\u00e1s de mil 200 docentes, directores, asesores t\u00e9cnico-pedag\u00f3gicos, supervisores y jefes de sector de educaci\u00f3n b\u00e1sica.<\/p>\n<p>El secretario de Educaci\u00f3n P\u00fablica de Hidalgo y titular del IHE, Natividad Castrej\u00f3n Valdez, inform\u00f3 que las actividades contribuyeron a mejorar los procesos de ense\u00f1anza y aprendizaje de m\u00e1s de 26 mil 400 estudiantes de los municipios de Chilcuautla, Francisco I. Madero, Mixquiahuala de Ju\u00e1rez y Progreso de Obreg\u00f3n.<\/p>\n<p>El funcionario se\u00f1al\u00f3 que, bajo la administraci\u00f3n del gobernador Julio Menchaca Salazar, se impulsa una educaci\u00f3n humanista e inclusiva mediante acciones de formaci\u00f3n continua que brindan a las y los docentes herramientas pedag\u00f3gicas innovadoras para enriquecer su pr\u00e1ctica en las aulas, de acuerdo con los principios de la Nueva Escuela Mexicana (NEM).<\/p>\n<p>Explic\u00f3 que el prop\u00f3sito de esta jornada fue generar un espacio de reflexi\u00f3n, an\u00e1lisis e intercambio de experiencias sobre la pr\u00e1ctica docente, con \u00e9nfasis en el Campo Formativo Saberes y Pensamiento Cient\u00edfico y en estrategias que contribuyan a reducir el rezago escolar en las aulas de educaci\u00f3n b\u00e1sica.<\/p>\n<p>Durante las actividades se abordaron temas relacionados con el humanismo, la interculturalidad y los conocimientos matem\u00e1ticos y cient\u00edficos. Tambi\u00e9n se realizaron conferencias magistrales, con la participaci\u00f3n de una int\u00e9rprete de Lengua de Se\u00f1as Mexicana de la Escuela Normal Superior de M\u00e9xico, adem\u00e1s de talleres, una Feria Matem\u00e1tica, exposiciones artesanales, fotogr\u00e1ficas y de material did\u00e1ctico, as\u00ed como la actividad \u201cNoche de las Estrellas\u201d.<\/p>\n<p>Natividad Castrej\u00f3n inform\u00f3 que la jornada reuni\u00f3 a cuatro conferencistas magistrales y 120 talleristas, especialistas y expertos en el Campo Formativo Saberes y Pensamiento Cient\u00edfico, provenientes del Estado de M\u00e9xico, Ciudad de M\u00e9xico, Guerrero, Puebla, Tlaxcala e Hidalgo, quienes compartieron conocimientos y experiencias con las y los asistentes.<\/p>\n<p>Como parte del programa, tambi\u00e9n se realizaron actividades socioculturales con la participaci\u00f3n de escuelas de educaci\u00f3n b\u00e1sica, el Ballet Folkl\u00f3rico \u201cMizquiyahuali\u201d de Mixquiahuala de Ju\u00e1rez y diversas instituciones de educaci\u00f3n superior, entre ellas la Escuela Normal Valle del Mezquital, la Universidad Polit\u00e9cnica Metropolitana de Hidalgo (UPMH), la Escuela Normal Superior P\u00fablica del Estado de Hidalgo (ENSUPEH), la Escuela Normal Superior Miguel Hidalgo y la Universidad Aut\u00f3noma del Estado de Hidalgo (UAEH).<\/p>\n<p>&nbsp;<\/p>\n","protected":false},"excerpt":{"rendered":"<p>Redacci\u00f3n El Instituto Hidalguense de Educaci\u00f3n (IHE), a trav\u00e9s de la Direcci\u00f3n de Programas Curriculares y la Subdirecci\u00f3n de Materiales Educativos, realiz\u00f3 durante el ciclo escolar 2025-2026 la Jornada Acad\u00e9mica Comunitaria de Saberes y Pensamiento Cient\u00edfico, con la participaci\u00f3n de m\u00e1s de mil 200 docentes, directores, asesores t\u00e9cnico-pedag\u00f3gicos, supervisores y jefes de sector de educaci\u00f3n<\/p>\n","protected":false},"author":2,"featured_media":6671,"comment_status":"open","ping_status":"open","sticky":false,"template":"","format":"standard","meta":{"footnotes":""},"categories":[404,31,44],"tags":[403,400],"class_list":["post-6670","post","type-post","status-publish","format-standard","has-post-thumbnail","category-educacion","category-hidalgo","category-minuto-a-minuto","tag-ihe","tag-naty-castrejon"],"yoast_head":"<!-- This site is optimized with the Yoast SEO plugin v28.0 - https:\/\/yoast.com\/product\/yoast-seo-wordpress\/ -->\n<title>IHE impulsa la formaci\u00f3n continua con Jornada Acad\u00e9mica Comunitaria - El Cardinal<\/title>\n<meta name=\"robots\" content=\"index, follow, max-snippet:-1, max-image-preview:large, max-video-preview:-1\" \/>\n<link rel=\"canonical\" href=\"https:\/\/elcardinal.com\/?p=6670\" \/>\n<meta property=\"og:locale\" content=\"es_MX\" \/>\n<meta property=\"og:type\" content=\"article\" \/>\n<meta property=\"og:title\" content=\"IHE impulsa la formaci\u00f3n continua con Jornada Acad\u00e9mica Comunitaria - El Cardinal\" \/>\n<meta property=\"og:description\" content=\"Redacci\u00f3n El Instituto Hidalguense de Educaci\u00f3n (IHE), a trav\u00e9s de la Direcci\u00f3n de Programas Curriculares y la Subdirecci\u00f3n de Materiales Educativos, realiz\u00f3 durante el ciclo escolar 2025-2026 la Jornada Acad\u00e9mica Comunitaria de Saberes y Pensamiento Cient\u00edfico, con la participaci\u00f3n de m\u00e1s de mil 200 docentes, directores, asesores t\u00e9cnico-pedag\u00f3gicos, supervisores y jefes de sector de educaci\u00f3n\" \/>\n<meta property=\"og:url\" content=\"https:\/\/elcardinal.com\/?p=6670\" \/>\n<meta property=\"og:site_name\" content=\"El Cardinal\" \/>\n<meta property=\"article:publisher\" content=\"https:\/\/www.facebook.com\/profile.php?id=100063093107011\" \/>\n<meta property=\"article:published_time\" content=\"2026-08-02T02:33:13+00:00\" \/>\n<meta property=\"og:image\" content=\"https:\/\/elcardinal.com\/wp-content\/uploads\/2026\/08\/3-1.jpg\" \/>\n\t<meta property=\"og:image:width\" content=\"1138\" \/>\n\t<meta property=\"og:image:height\" content=\"1142\" \/>\n\t<meta property=\"og:image:type\" content=\"image\/jpeg\" \/>\n<meta name=\"author\" content=\"Antonio Alcaraz\" \/>\n<meta name=\"twitter:card\" content=\"summary_large_image\" \/>\n<meta name=\"twitter:creator\" content=\"@ElCardinal_Mx\" \/>\n<meta name=\"twitter:site\" content=\"@ElCardinal_Mx\" \/>\n<meta name=\"twitter:label1\" content=\"Escrito por\" \/>\n\t<meta name=\"twitter:data1\" content=\"Antonio Alcaraz\" \/>\n\t<meta name=\"twitter:label2\" content=\"Tiempo de lectura\" \/>\n\t<meta name=\"twitter:data2\" content=\"2 minutos\" \/>\n<script type=\"application\/ld+json\" class=\"yoast-schema-graph\">{\"@context\":\"https:\\\/\\\/schema.org\",\"@graph\":[{\"@type\":\"Article\",\"@id\":\"https:\\\/\\\/elcardinal.com\\\/?p=6670#article\",\"isPartOf\":{\"@id\":\"https:\\\/\\\/elcardinal.com\\\/?p=6670\"},\"author\":{\"name\":\"Antonio Alcaraz\",\"@id\":\"https:\\\/\\\/elcardinal.com\\\/#\\\/schema\\\/person\\\/3c352ec0a33987fe275c0e8a2ea69f8b\"},\"headline\":\"IHE impulsa la formaci\u00f3n continua con Jornada Acad\u00e9mica Comunitaria\",\"datePublished\":\"2026-08-02T02:33:13+00:00\",\"mainEntityOfPage\":{\"@id\":\"https:\\\/\\\/elcardinal.com\\\/?p=6670\"},\"wordCount\":452,\"commentCount\":0,\"publisher\":{\"@id\":\"https:\\\/\\\/elcardinal.com\\\/#organization\"},\"image\":{\"@id\":\"https:\\\/\\\/elcardinal.com\\\/?p=6670#primaryimage\"},\"thumbnailUrl\":\"https:\\\/\\\/elcardinal.com\\\/wp-content\\\/uploads\\\/2026\\\/08\\\/3-1.jpg\",\"keywords\":[\"IHE\",\"Naty Castrej\u00f3n\"],\"articleSection\":[\"Educaci\u00f3n\",\"Hidalgo\",\"Minuto a Minuto\"],\"inLanguage\":\"es\",\"potentialAction\":[{\"@type\":\"CommentAction\",\"name\":\"Comment\",\"target\":[\"https:\\\/\\\/elcardinal.com\\\/?p=6670#respond\"]}]},{\"@type\":\"WebPage\",\"@id\":\"https:\\\/\\\/elcardinal.com\\\/?p=6670\",\"url\":\"https:\\\/\\\/elcardinal.com\\\/?p=6670\",\"name\":\"IHE impulsa la formaci\u00f3n continua con Jornada Acad\u00e9mica Comunitaria - El Cardinal\",\"isPartOf\":{\"@id\":\"https:\\\/\\\/elcardinal.com\\\/#website\"},\"primaryImageOfPage\":{\"@id\":\"https:\\\/\\\/elcardinal.com\\\/?p=6670#primaryimage\"},\"image\":{\"@id\":\"https:\\\/\\\/elcardinal.com\\\/?p=6670#primaryimage\"},\"thumbnailUrl\":\"https:\\\/\\\/elcardinal.com\\\/wp-content\\\/uploads\\\/2026\\\/08\\\/3-1.jpg\",\"datePublished\":\"2026-08-02T02:33:13+00:00\",\"breadcrumb\":{\"@id\":\"https:\\\/\\\/elcardinal.com\\\/?p=6670#breadcrumb\"},\"inLanguage\":\"es\",\"potentialAction\":[{\"@type\":\"ReadAction\",\"target\":[\"https:\\\/\\\/elcardinal.com\\\/?p=6670\"]}]},{\"@type\":\"ImageObject\",\"inLanguage\":\"es\",\"@id\":\"https:\\\/\\\/elcardinal.com\\\/?p=6670#primaryimage\",\"url\":\"https:\\\/\\\/elcardinal.com\\\/wp-content\\\/uploads\\\/2026\\\/08\\\/3-1.jpg\",\"contentUrl\":\"https:\\\/\\\/elcardinal.com\\\/wp-content\\\/uploads\\\/2026\\\/08\\\/3-1.jpg\",\"width\":1138,\"height\":1142},{\"@type\":\"BreadcrumbList\",\"@id\":\"https:\\\/\\\/elcardinal.com\\\/?p=6670#breadcrumb\",\"itemListElement\":[{\"@type\":\"ListItem\",\"position\":1,\"name\":\"Inicio\",\"item\":\"https:\\\/\\\/elcardinal.com\\\/\"},{\"@type\":\"ListItem\",\"position\":2,\"name\":\"IHE impulsa la formaci\u00f3n continua con Jornada Acad\u00e9mica Comunitaria\"}]},{\"@type\":\"WebSite\",\"@id\":\"https:\\\/\\\/elcardinal.com\\\/#website\",\"url\":\"https:\\\/\\\/elcardinal.com\\\/\",\"name\":\"El Cardinal\",\"description\":\"Periodismo honesto, con valor, sentido humano, a veces sarc\u00e1stico y divertido.\",\"publisher\":{\"@id\":\"https:\\\/\\\/elcardinal.com\\\/#organization\"},\"alternateName\":\"El Cardinal Noticias\",\"potentialAction\":[{\"@type\":\"SearchAction\",\"target\":{\"@type\":\"EntryPoint\",\"urlTemplate\":\"https:\\\/\\\/elcardinal.com\\\/?s={search_term_string}\"},\"query-input\":{\"@type\":\"PropertyValueSpecification\",\"valueRequired\":true,\"valueName\":\"search_term_string\"}}],\"inLanguage\":\"es\"},{\"@type\":\"Organization\",\"@id\":\"https:\\\/\\\/elcardinal.com\\\/#organization\",\"name\":\"El Cardinal\",\"url\":\"https:\\\/\\\/elcardinal.com\\\/\",\"logo\":{\"@type\":\"ImageObject\",\"inLanguage\":\"es\",\"@id\":\"https:\\\/\\\/elcardinal.com\\\/#\\\/schema\\\/logo\\\/image\\\/\",\"url\":\"https:\\\/\\\/elcardinal.com\\\/wp-content\\\/uploads\\\/2025\\\/04\\\/LOGO-EL-CARDINAL-Periodismo-con-valor.png\",\"contentUrl\":\"https:\\\/\\\/elcardinal.com\\\/wp-content\\\/uploads\\\/2025\\\/04\\\/LOGO-EL-CARDINAL-Periodismo-con-valor.png\",\"width\":755,\"height\":636,\"caption\":\"El Cardinal\"},\"image\":{\"@id\":\"https:\\\/\\\/elcardinal.com\\\/#\\\/schema\\\/logo\\\/image\\\/\"},\"sameAs\":[\"https:\\\/\\\/www.facebook.com\\\/profile.php?id=100063093107011\",\"https:\\\/\\\/x.com\\\/ElCardinal_Mx\"]},{\"@type\":\"Person\",\"@id\":\"https:\\\/\\\/elcardinal.com\\\/#\\\/schema\\\/person\\\/3c352ec0a33987fe275c0e8a2ea69f8b\",\"name\":\"Antonio Alcaraz\",\"image\":{\"@type\":\"ImageObject\",\"inLanguage\":\"es\",\"@id\":\"https:\\\/\\\/elcardinal.com\\\/wp-content\\\/uploads\\\/2025\\\/05\\\/cropped-TONO-96x96.jpg\",\"url\":\"https:\\\/\\\/elcardinal.com\\\/wp-content\\\/uploads\\\/2025\\\/05\\\/cropped-TONO-96x96.jpg\",\"contentUrl\":\"https:\\\/\\\/elcardinal.com\\\/wp-content\\\/uploads\\\/2025\\\/05\\\/cropped-TONO-96x96.jpg\",\"caption\":\"Antonio Alcaraz\"},\"url\":\"https:\\\/\\\/elcardinal.com\\\/?author=2\"}]}<\/script>\n<!-- \/ Yoast SEO plugin. -->","yoast_head_json":{"title":"IHE impulsa la formaci\u00f3n continua con Jornada Acad\u00e9mica Comunitaria - El Cardinal","robots":{"index":"index","follow":"follow","max-snippet":"max-snippet:-1","max-image-preview":"max-image-preview:large","max-video-preview":"max-video-preview:-1"},"canonical":"https:\/\/elcardinal.com\/?p=6670","og_locale":"es_MX","og_type":"article","og_title":"IHE impulsa la formaci\u00f3n continua con Jornada Acad\u00e9mica Comunitaria - El Cardinal","og_description":"Redacci\u00f3n El Instituto Hidalguense de Educaci\u00f3n (IHE), a trav\u00e9s de la Direcci\u00f3n de Programas Curriculares y la Subdirecci\u00f3n de Materiales Educativos, realiz\u00f3 durante el ciclo escolar 2025-2026 la Jornada Acad\u00e9mica Comunitaria de Saberes y Pensamiento Cient\u00edfico, con la participaci\u00f3n de m\u00e1s de mil 200 docentes, directores, asesores t\u00e9cnico-pedag\u00f3gicos, supervisores y jefes de sector de educaci\u00f3n","og_url":"https:\/\/elcardinal.com\/?p=6670","og_site_name":"El Cardinal","article_publisher":"https:\/\/www.facebook.com\/profile.php?id=100063093107011","article_published_time":"2026-08-02T02:33:13+00:00","og_image":[{"width":1138,"height":1142,"url":"https:\/\/elcardinal.com\/wp-content\/uploads\/2026\/08\/3-1.jpg","type":"image\/jpeg"}],"author":"Antonio Alcaraz","twitter_card":"summary_large_image","twitter_creator":"@ElCardinal_Mx","twitter_site":"@ElCardinal_Mx","twitter_misc":{"Escrito por":"Antonio Alcaraz","Tiempo de lectura":"2 minutos"},"schema":{"@context":"https:\/\/schema.org","@graph":[{"@type":"Article","@id":"https:\/\/elcardinal.com\/?p=6670#article","isPartOf":{"@id":"https:\/\/elcardinal.com\/?p=6670"},"author":{"name":"Antonio Alcaraz","@id":"https:\/\/elcardinal.com\/#\/schema\/person\/3c352ec0a33987fe275c0e8a2ea69f8b"},"headline":"IHE impulsa la formaci\u00f3n continua con Jornada Acad\u00e9mica Comunitaria","datePublished":"2026-08-02T02:33:13+00:00","mainEntityOfPage":{"@id":"https:\/\/elcardinal.com\/?p=6670"},"wordCount":452,"commentCount":0,"publisher":{"@id":"https:\/\/elcardinal.com\/#organization"},"image":{"@id":"https:\/\/elcardinal.com\/?p=6670#primaryimage"},"thumbnailUrl":"https:\/\/elcardinal.com\/wp-content\/uploads\/2026\/08\/3-1.jpg","keywords":["IHE","Naty Castrej\u00f3n"],"articleSection":["Educaci\u00f3n","Hidalgo","Minuto a Minuto"],"inLanguage":"es","potentialAction":[{"@type":"CommentAction","name":"Comment","target":["https:\/\/elcardinal.com\/?p=6670#respond"]}]},{"@type":"WebPage","@id":"https:\/\/elcardinal.com\/?p=6670","url":"https:\/\/elcardinal.com\/?p=6670","name":"IHE impulsa la formaci\u00f3n continua con Jornada Acad\u00e9mica Comunitaria - El Cardinal","isPartOf":{"@id":"https:\/\/elcardinal.com\/#website"},"primaryImageOfPage":{"@id":"https:\/\/elcardinal.com\/?p=6670#primaryimage"},"image":{"@id":"https:\/\/elcardinal.com\/?p=6670#primaryimage"},"thumbnailUrl":"https:\/\/elcardinal.com\/wp-content\/uploads\/2026\/08\/3-1.jpg","datePublished":"2026-08-02T02:33:13+00:00","breadcrumb":{"@id":"https:\/\/elcardinal.com\/?p=6670#breadcrumb"},"inLanguage":"es","potentialAction":[{"@type":"ReadAction","target":["https:\/\/elcardinal.com\/?p=6670"]}]},{"@type":"ImageObject","inLanguage":"es","@id":"https:\/\/elcardinal.com\/?p=6670#primaryimage","url":"https:\/\/elcardinal.com\/wp-content\/uploads\/2026\/08\/3-1.jpg","contentUrl":"https:\/\/elcardinal.com\/wp-content\/uploads\/2026\/08\/3-1.jpg","width":1138,"height":1142},{"@type":"BreadcrumbList","@id":"https:\/\/elcardinal.com\/?p=6670#breadcrumb","itemListElement":[{"@type":"ListItem","position":1,"name":"Inicio","item":"https:\/\/elcardinal.com\/"},{"@type":"ListItem","position":2,"name":"IHE impulsa la formaci\u00f3n continua con Jornada Acad\u00e9mica Comunitaria"}]},{"@type":"WebSite","@id":"https:\/\/elcardinal.com\/#website","url":"https:\/\/elcardinal.com\/","name":"El Cardinal","description":"Periodismo honesto, con valor, sentido humano, a veces sarc\u00e1stico y divertido.","publisher":{"@id":"https:\/\/elcardinal.com\/#organization"},"alternateName":"El Cardinal Noticias","potentialAction":[{"@type":"SearchAction","target":{"@type":"EntryPoint","urlTemplate":"https:\/\/elcardinal.com\/?s={search_term_string}"},"query-input":{"@type":"PropertyValueSpecification","valueRequired":true,"valueName":"search_term_string"}}],"inLanguage":"es"},{"@type":"Organization","@id":"https:\/\/elcardinal.com\/#organization","name":"El Cardinal","url":"https:\/\/elcardinal.com\/","logo":{"@type":"ImageObject","inLanguage":"es","@id":"https:\/\/elcardinal.com\/#\/schema\/logo\/image\/","url":"https:\/\/elcardinal.com\/wp-content\/uploads\/2025\/04\/LOGO-EL-CARDINAL-Periodismo-con-valor.png","contentUrl":"https:\/\/elcardinal.com\/wp-content\/uploads\/2025\/04\/LOGO-EL-CARDINAL-Periodismo-con-valor.png","width":755,"height":636,"caption":"El Cardinal"},"image":{"@id":"https:\/\/elcardinal.com\/#\/schema\/logo\/image\/"},"sameAs":["https:\/\/www.facebook.com\/profile.php?id=100063093107011","https:\/\/x.com\/ElCardinal_Mx"]},{"@type":"Person","@id":"https:\/\/elcardinal.com\/#\/schema\/person\/3c352ec0a33987fe275c0e8a2ea69f8b","name":"Antonio Alcaraz","image":{"@type":"ImageObject","inLanguage":"es","@id":"https:\/\/elcardinal.com\/wp-content\/uploads\/2025\/05\/cropped-TONO-96x96.jpg","url":"https:\/\/elcardinal.com\/wp-content\/uploads\/2025\/05\/cropped-TONO-96x96.jpg","contentUrl":"https:\/\/elcardinal.com\/wp-content\/uploads\/2025\/05\/cropped-TONO-96x96.jpg","caption":"Antonio Alcaraz"},"url":"https:\/\/elcardinal.com\/?author=2"}]}},"_links":{"self":[{"href":"https:\/\/elcardinal.com\/index.php?rest_route=\/wp\/v2\/posts\/6670","targetHints":{"allow":["GET"]}}],"collection":[{"href":"https:\/\/elcardinal.com\/index.php?rest_route=\/wp\/v2\/posts"}],"about":[{"href":"https:\/\/elcardinal.com\/index.php?rest_route=\/wp\/v2\/types\/post"}],"author":[{"embeddable":true,"href":"https:\/\/elcardinal.com\/index.php?rest_route=\/wp\/v2\/users\/2"}],"replies":[{"embeddable":true,"href":"https:\/\/elcardinal.com\/index.php?rest_route=%2Fwp%2Fv2%2Fcomments&post=6670"}],"version-history":[{"count":1,"href":"https:\/\/elcardinal.com\/index.php?rest_route=\/wp\/v2\/posts\/6670\/revisions"}],"predecessor-version":[{"id":6672,"href":"https:\/\/elcardinal.com\/index.php?rest_route=\/wp\/v2\/posts\/6670\/revisions\/6672"}],"wp:featuredmedia":[{"embeddable":true,"href":"https:\/\/elcardinal.com\/index.php?rest_route=\/wp\/v2\/media\/6671"}],"wp:attachment":[{"href":"https:\/\/elcardinal.com\/index.php?rest_route=%2Fwp%2Fv2%2Fmedia&parent=6670"}],"wp:term":[{"taxonomy":"category","embeddable":true,"href":"https:\/\/elcardinal.com\/index.php?rest_route=%2Fwp%2Fv2%2Fcategories&post=6670"},{"taxonomy":"post_tag","embeddable":true,"href":"https:\/\/elcardinal.com\/index.php?rest_route=%2Fwp%2Fv2%2Ftags&post=6670"}],"curies":[{"name":"wp","href":"https:\/\/api.w.org\/{rel}","templated":true}]}}