{"id":6683,"date":"2026-08-03T19:35:33","date_gmt":"2026-08-04T01:35:33","guid":{"rendered":"https:\/\/elcardinal.com\/?p=6683"},"modified":"2026-08-03T19:35:33","modified_gmt":"2026-08-04T01:35:33","slug":"crecimiento-empleo-y-certeza-impulsan-a-hidalgo-como-potencia-economica-en-marcha","status":"publish","type":"post","link":"https:\/\/elcardinal.com\/?p=6683","title":{"rendered":"Crecimiento, empleo y certeza impulsan a Hidalgo como potencia econ\u00f3mica en marcha"},"content":{"rendered":"<p>Redacci\u00f3n<\/p>\n<p><span style=\"font-weight: 400;\">Hidalgo consolida su liderazgo econ\u00f3mico con resultados que fortalecen la confianza de inversionistas y empresas, producto de la estrategia impulsada por el gobernador <strong>Julio Menchaca Salazar.<\/strong>\u00a0<\/span><\/p>\n<p><span style=\"font-weight: 400;\">Durante la conferencia semanal del Gobierno del Estado se inform\u00f3 que la entidad alcanz\u00f3 un crecimiento anual de 8.2 por ciento en el primer trimestre de 2026, el m\u00e1s alto del pa\u00eds, respaldado por m\u00e1s de 125 mil millones de pesos en proyectos de inversi\u00f3n y la proyecci\u00f3n de 163 mil nuevos empleos.<\/span><\/p>\n<p><span style=\"font-weight: 400;\">En ese sentido, el secretario de Desarrollo Econ\u00f3mico, <strong>Carlos Henkel Escorza<\/strong>, destac\u00f3 que estos indicadores son resultado de una pol\u00edtica basada en el orden financiero, la certeza para la inversi\u00f3n y el aprovechamiento de las fortalezas de Hidalgo.<\/span><\/p>\n<p><span style=\"font-weight: 400;\">A ello se suma que el estado se mantiene entre los diez primeros lugares nacionales en generaci\u00f3n de empleo, con 296 mil 633 puestos de trabajo registrados ante el IMSS al cierre de junio.<\/span><\/p>\n<p><span style=\"font-weight: 400;\">Por su parte, el titular de la Unidad de Planeaci\u00f3n, Miguel Tello, afirm\u00f3 que la planeaci\u00f3n, el saneamiento de las finanzas p\u00fablicas y la inversi\u00f3n permanente en todas las regiones del estado permitieron que Hidalgo pasara del rezago a encabezar los principales indicadores econ\u00f3micos nacionales, consolidando una transformaci\u00f3n que hoy se refleja en resultados medibles.<\/span><\/p>\n<p><span style=\"font-weight: 400;\">Desde el sector empresarial, Jorge Gonz\u00e1lez Corona, presidente del Consejo Coordinador Empresarial del Estado de Hidalgo(CCEH), asegur\u00f3 que la visi\u00f3n de largo plazo de la actual administraci\u00f3n ha generado las condiciones necesarias para impulsar el desarrollo econ\u00f3mico en todas las regiones.<\/span><\/p>\n<p><span style=\"font-weight: 400;\">En tanto, Luis Fernando Garrido Ram\u00edrez, presidente de Coparmex Hidalgo, subray\u00f3 que las empresas requieren reglas claras, instituciones s\u00f3lidas y certeza jur\u00eddica para seguir creciendo, condiciones que hoy fortalecen la competitividad de la entidad.<\/span><\/p>\n<p><span style=\"font-weight: 400;\">Ambos dirigentes coincidieron en que Hidalgo dej\u00f3 de ser una promesa para convertirse en una realidad econ\u00f3mica, gracias a la coordinaci\u00f3n entre gobierno e iniciativa privada, que ha permitido generar confianza, atraer inversiones, fortalecer a las empresas locales y traducir el crecimiento econ\u00f3mico en mayores oportunidades y bienestar para las familias hidalguenses.<\/span><\/p>\n<p><span style=\"font-weight: 400;\">Finalmente, como parte de las acciones preventivas y de atenci\u00f3n a emergencias, Rom\u00e1n Bernal Diaz, Subsecretario de Protecci\u00f3n Civil y Gesti\u00f3n de Riesgos de Hidalgo inform\u00f3 que, en coordinaci\u00f3n con autoridades de los tres \u00f3rdenes de gobierno, se brind\u00f3 respuesta oportuna a incidentes ocasionados por las lluvias, incendios, un derrame de di\u00e9sel y otros eventos registrados en distintos municipios.<\/span><\/p>\n<p><span style=\"font-weight: 400;\">Asimismo, dio a conocer el pron\u00f3stico meteorol\u00f3gico del 3 al 6 de agosto, que prev\u00e9 intervalos de chubascos, lluvias aisladas y rachas de viento de hasta 50 km\/h, por lo que exhort\u00f3 a la poblaci\u00f3n a mantenerse informada a trav\u00e9s de los canales oficiales y atender las recomendaciones de Protecci\u00f3n Civil para prevenir riesgos.<\/span><\/p>\n","protected":false},"excerpt":{"rendered":"<p>Redacci\u00f3n Hidalgo consolida su liderazgo econ\u00f3mico con resultados que fortalecen la confianza de inversionistas y empresas, producto de la estrategia impulsada por el gobernador Julio Menchaca Salazar.\u00a0 Durante la conferencia semanal del Gobierno del Estado se inform\u00f3 que la entidad alcanz\u00f3 un crecimiento anual de 8.2 por ciento en el primer trimestre de 2026, el<\/p>\n","protected":false},"author":2,"featured_media":6684,"comment_status":"open","ping_status":"open","sticky":false,"template":"","format":"standard","meta":{"footnotes":""},"categories":[31,32,44],"tags":[],"class_list":["post-6683","post","type-post","status-publish","format-standard","has-post-thumbnail","category-hidalgo","category-metropoli","category-minuto-a-minuto"],"yoast_head":"<!-- This site is optimized with the Yoast SEO plugin v28.0 - https:\/\/yoast.com\/product\/yoast-seo-wordpress\/ -->\n<title>Crecimiento, empleo y certeza impulsan a Hidalgo como potencia econ\u00f3mica en marcha - El Cardinal<\/title>\n<meta name=\"robots\" content=\"index, follow, max-snippet:-1, max-image-preview:large, max-video-preview:-1\" \/>\n<link rel=\"canonical\" href=\"https:\/\/elcardinal.com\/?p=6683\" \/>\n<meta property=\"og:locale\" content=\"es_MX\" \/>\n<meta property=\"og:type\" content=\"article\" \/>\n<meta property=\"og:title\" content=\"Crecimiento, empleo y certeza impulsan a Hidalgo como potencia econ\u00f3mica en marcha - El Cardinal\" \/>\n<meta property=\"og:description\" content=\"Redacci\u00f3n Hidalgo consolida su liderazgo econ\u00f3mico con resultados que fortalecen la confianza de inversionistas y empresas, producto de la estrategia impulsada por el gobernador Julio Menchaca Salazar.\u00a0 Durante la conferencia semanal del Gobierno del Estado se inform\u00f3 que la entidad alcanz\u00f3 un crecimiento anual de 8.2 por ciento en el primer trimestre de 2026, el\" \/>\n<meta property=\"og:url\" content=\"https:\/\/elcardinal.com\/?p=6683\" \/>\n<meta property=\"og:site_name\" content=\"El Cardinal\" \/>\n<meta property=\"article:publisher\" content=\"https:\/\/www.facebook.com\/profile.php?id=100063093107011\" \/>\n<meta property=\"article:published_time\" content=\"2026-08-04T01:35:33+00:00\" \/>\n<meta property=\"og:image\" content=\"https:\/\/elcardinal.com\/wp-content\/uploads\/2026\/08\/030826_CONFERENCIA-DE-PRENSA_PACHUCA_KS-44-scaled.jpg\" \/>\n\t<meta property=\"og:image:width\" content=\"2560\" \/>\n\t<meta property=\"og:image:height\" content=\"1706\" \/>\n\t<meta property=\"og:image:type\" content=\"image\/jpeg\" \/>\n<meta name=\"author\" content=\"Antonio Alcaraz\" \/>\n<meta name=\"twitter:card\" content=\"summary_large_image\" \/>\n<meta name=\"twitter:creator\" content=\"@ElCardinal_Mx\" \/>\n<meta name=\"twitter:site\" content=\"@ElCardinal_Mx\" \/>\n<meta name=\"twitter:label1\" content=\"Escrito por\" \/>\n\t<meta name=\"twitter:data1\" content=\"Antonio Alcaraz\" \/>\n\t<meta name=\"twitter:label2\" content=\"Tiempo de lectura\" \/>\n\t<meta name=\"twitter:data2\" content=\"3 minutos\" \/>\n<script type=\"application\/ld+json\" class=\"yoast-schema-graph\">{\"@context\":\"https:\\\/\\\/schema.org\",\"@graph\":[{\"@type\":\"Article\",\"@id\":\"https:\\\/\\\/elcardinal.com\\\/?p=6683#article\",\"isPartOf\":{\"@id\":\"https:\\\/\\\/elcardinal.com\\\/?p=6683\"},\"author\":{\"name\":\"Antonio Alcaraz\",\"@id\":\"https:\\\/\\\/elcardinal.com\\\/#\\\/schema\\\/person\\\/3c352ec0a33987fe275c0e8a2ea69f8b\"},\"headline\":\"Crecimiento, empleo y certeza impulsan a Hidalgo como potencia econ\u00f3mica en marcha\",\"datePublished\":\"2026-08-04T01:35:33+00:00\",\"mainEntityOfPage\":{\"@id\":\"https:\\\/\\\/elcardinal.com\\\/?p=6683\"},\"wordCount\":491,\"commentCount\":0,\"publisher\":{\"@id\":\"https:\\\/\\\/elcardinal.com\\\/#organization\"},\"image\":{\"@id\":\"https:\\\/\\\/elcardinal.com\\\/?p=6683#primaryimage\"},\"thumbnailUrl\":\"https:\\\/\\\/elcardinal.com\\\/wp-content\\\/uploads\\\/2026\\\/08\\\/030826_CONFERENCIA-DE-PRENSA_PACHUCA_KS-44-scaled.jpg\",\"articleSection\":[\"Hidalgo\",\"Metr\u00f3poli\",\"Minuto a Minuto\"],\"inLanguage\":\"es\",\"potentialAction\":[{\"@type\":\"CommentAction\",\"name\":\"Comment\",\"target\":[\"https:\\\/\\\/elcardinal.com\\\/?p=6683#respond\"]}]},{\"@type\":\"WebPage\",\"@id\":\"https:\\\/\\\/elcardinal.com\\\/?p=6683\",\"url\":\"https:\\\/\\\/elcardinal.com\\\/?p=6683\",\"name\":\"Crecimiento, empleo y certeza impulsan a Hidalgo como potencia econ\u00f3mica en marcha - El Cardinal\",\"isPartOf\":{\"@id\":\"https:\\\/\\\/elcardinal.com\\\/#website\"},\"primaryImageOfPage\":{\"@id\":\"https:\\\/\\\/elcardinal.com\\\/?p=6683#primaryimage\"},\"image\":{\"@id\":\"https:\\\/\\\/elcardinal.com\\\/?p=6683#primaryimage\"},\"thumbnailUrl\":\"https:\\\/\\\/elcardinal.com\\\/wp-content\\\/uploads\\\/2026\\\/08\\\/030826_CONFERENCIA-DE-PRENSA_PACHUCA_KS-44-scaled.jpg\",\"datePublished\":\"2026-08-04T01:35:33+00:00\",\"breadcrumb\":{\"@id\":\"https:\\\/\\\/elcardinal.com\\\/?p=6683#breadcrumb\"},\"inLanguage\":\"es\",\"potentialAction\":[{\"@type\":\"ReadAction\",\"target\":[\"https:\\\/\\\/elcardinal.com\\\/?p=6683\"]}]},{\"@type\":\"ImageObject\",\"inLanguage\":\"es\",\"@id\":\"https:\\\/\\\/elcardinal.com\\\/?p=6683#primaryimage\",\"url\":\"https:\\\/\\\/elcardinal.com\\\/wp-content\\\/uploads\\\/2026\\\/08\\\/030826_CONFERENCIA-DE-PRENSA_PACHUCA_KS-44-scaled.jpg\",\"contentUrl\":\"https:\\\/\\\/elcardinal.com\\\/wp-content\\\/uploads\\\/2026\\\/08\\\/030826_CONFERENCIA-DE-PRENSA_PACHUCA_KS-44-scaled.jpg\",\"width\":2560,\"height\":1706},{\"@type\":\"BreadcrumbList\",\"@id\":\"https:\\\/\\\/elcardinal.com\\\/?p=6683#breadcrumb\",\"itemListElement\":[{\"@type\":\"ListItem\",\"position\":1,\"name\":\"Inicio\",\"item\":\"https:\\\/\\\/elcardinal.com\\\/\"},{\"@type\":\"ListItem\",\"position\":2,\"name\":\"Crecimiento, empleo y certeza impulsan a Hidalgo como potencia econ\u00f3mica en marcha\"}]},{\"@type\":\"WebSite\",\"@id\":\"https:\\\/\\\/elcardinal.com\\\/#website\",\"url\":\"https:\\\/\\\/elcardinal.com\\\/\",\"name\":\"El Cardinal\",\"description\":\"Periodismo honesto, con valor, sentido humano, a veces sarc\u00e1stico y divertido.\",\"publisher\":{\"@id\":\"https:\\\/\\\/elcardinal.com\\\/#organization\"},\"alternateName\":\"El Cardinal Noticias\",\"potentialAction\":[{\"@type\":\"SearchAction\",\"target\":{\"@type\":\"EntryPoint\",\"urlTemplate\":\"https:\\\/\\\/elcardinal.com\\\/?s={search_term_string}\"},\"query-input\":{\"@type\":\"PropertyValueSpecification\",\"valueRequired\":true,\"valueName\":\"search_term_string\"}}],\"inLanguage\":\"es\"},{\"@type\":\"Organization\",\"@id\":\"https:\\\/\\\/elcardinal.com\\\/#organization\",\"name\":\"El Cardinal\",\"url\":\"https:\\\/\\\/elcardinal.com\\\/\",\"logo\":{\"@type\":\"ImageObject\",\"inLanguage\":\"es\",\"@id\":\"https:\\\/\\\/elcardinal.com\\\/#\\\/schema\\\/logo\\\/image\\\/\",\"url\":\"https:\\\/\\\/elcardinal.com\\\/wp-content\\\/uploads\\\/2025\\\/04\\\/LOGO-EL-CARDINAL-Periodismo-con-valor.png\",\"contentUrl\":\"https:\\\/\\\/elcardinal.com\\\/wp-content\\\/uploads\\\/2025\\\/04\\\/LOGO-EL-CARDINAL-Periodismo-con-valor.png\",\"width\":755,\"height\":636,\"caption\":\"El Cardinal\"},\"image\":{\"@id\":\"https:\\\/\\\/elcardinal.com\\\/#\\\/schema\\\/logo\\\/image\\\/\"},\"sameAs\":[\"https:\\\/\\\/www.facebook.com\\\/profile.php?id=100063093107011\",\"https:\\\/\\\/x.com\\\/ElCardinal_Mx\"]},{\"@type\":\"Person\",\"@id\":\"https:\\\/\\\/elcardinal.com\\\/#\\\/schema\\\/person\\\/3c352ec0a33987fe275c0e8a2ea69f8b\",\"name\":\"Antonio Alcaraz\",\"image\":{\"@type\":\"ImageObject\",\"inLanguage\":\"es\",\"@id\":\"https:\\\/\\\/elcardinal.com\\\/wp-content\\\/uploads\\\/2025\\\/05\\\/cropped-TONO-96x96.jpg\",\"url\":\"https:\\\/\\\/elcardinal.com\\\/wp-content\\\/uploads\\\/2025\\\/05\\\/cropped-TONO-96x96.jpg\",\"contentUrl\":\"https:\\\/\\\/elcardinal.com\\\/wp-content\\\/uploads\\\/2025\\\/05\\\/cropped-TONO-96x96.jpg\",\"caption\":\"Antonio Alcaraz\"},\"url\":\"https:\\\/\\\/elcardinal.com\\\/?author=2\"}]}<\/script>\n<!-- \/ Yoast SEO plugin. -->","yoast_head_json":{"title":"Crecimiento, empleo y certeza impulsan a Hidalgo como potencia econ\u00f3mica en marcha - El Cardinal","robots":{"index":"index","follow":"follow","max-snippet":"max-snippet:-1","max-image-preview":"max-image-preview:large","max-video-preview":"max-video-preview:-1"},"canonical":"https:\/\/elcardinal.com\/?p=6683","og_locale":"es_MX","og_type":"article","og_title":"Crecimiento, empleo y certeza impulsan a Hidalgo como potencia econ\u00f3mica en marcha - El Cardinal","og_description":"Redacci\u00f3n Hidalgo consolida su liderazgo econ\u00f3mico con resultados que fortalecen la confianza de inversionistas y empresas, producto de la estrategia impulsada por el gobernador Julio Menchaca Salazar.\u00a0 Durante la conferencia semanal del Gobierno del Estado se inform\u00f3 que la entidad alcanz\u00f3 un crecimiento anual de 8.2 por ciento en el primer trimestre de 2026, el","og_url":"https:\/\/elcardinal.com\/?p=6683","og_site_name":"El Cardinal","article_publisher":"https:\/\/www.facebook.com\/profile.php?id=100063093107011","article_published_time":"2026-08-04T01:35:33+00:00","og_image":[{"width":2560,"height":1706,"url":"https:\/\/elcardinal.com\/wp-content\/uploads\/2026\/08\/030826_CONFERENCIA-DE-PRENSA_PACHUCA_KS-44-scaled.jpg","type":"image\/jpeg"}],"author":"Antonio Alcaraz","twitter_card":"summary_large_image","twitter_creator":"@ElCardinal_Mx","twitter_site":"@ElCardinal_Mx","twitter_misc":{"Escrito por":"Antonio Alcaraz","Tiempo de lectura":"3 minutos"},"schema":{"@context":"https:\/\/schema.org","@graph":[{"@type":"Article","@id":"https:\/\/elcardinal.com\/?p=6683#article","isPartOf":{"@id":"https:\/\/elcardinal.com\/?p=6683"},"author":{"name":"Antonio Alcaraz","@id":"https:\/\/elcardinal.com\/#\/schema\/person\/3c352ec0a33987fe275c0e8a2ea69f8b"},"headline":"Crecimiento, empleo y certeza impulsan a Hidalgo como potencia econ\u00f3mica en marcha","datePublished":"2026-08-04T01:35:33+00:00","mainEntityOfPage":{"@id":"https:\/\/elcardinal.com\/?p=6683"},"wordCount":491,"commentCount":0,"publisher":{"@id":"https:\/\/elcardinal.com\/#organization"},"image":{"@id":"https:\/\/elcardinal.com\/?p=6683#primaryimage"},"thumbnailUrl":"https:\/\/elcardinal.com\/wp-content\/uploads\/2026\/08\/030826_CONFERENCIA-DE-PRENSA_PACHUCA_KS-44-scaled.jpg","articleSection":["Hidalgo","Metr\u00f3poli","Minuto a Minuto"],"inLanguage":"es","potentialAction":[{"@type":"CommentAction","name":"Comment","target":["https:\/\/elcardinal.com\/?p=6683#respond"]}]},{"@type":"WebPage","@id":"https:\/\/elcardinal.com\/?p=6683","url":"https:\/\/elcardinal.com\/?p=6683","name":"Crecimiento, empleo y certeza impulsan a Hidalgo como potencia econ\u00f3mica en marcha - El Cardinal","isPartOf":{"@id":"https:\/\/elcardinal.com\/#website"},"primaryImageOfPage":{"@id":"https:\/\/elcardinal.com\/?p=6683#primaryimage"},"image":{"@id":"https:\/\/elcardinal.com\/?p=6683#primaryimage"},"thumbnailUrl":"https:\/\/elcardinal.com\/wp-content\/uploads\/2026\/08\/030826_CONFERENCIA-DE-PRENSA_PACHUCA_KS-44-scaled.jpg","datePublished":"2026-08-04T01:35:33+00:00","breadcrumb":{"@id":"https:\/\/elcardinal.com\/?p=6683#breadcrumb"},"inLanguage":"es","potentialAction":[{"@type":"ReadAction","target":["https:\/\/elcardinal.com\/?p=6683"]}]},{"@type":"ImageObject","inLanguage":"es","@id":"https:\/\/elcardinal.com\/?p=6683#primaryimage","url":"https:\/\/elcardinal.com\/wp-content\/uploads\/2026\/08\/030826_CONFERENCIA-DE-PRENSA_PACHUCA_KS-44-scaled.jpg","contentUrl":"https:\/\/elcardinal.com\/wp-content\/uploads\/2026\/08\/030826_CONFERENCIA-DE-PRENSA_PACHUCA_KS-44-scaled.jpg","width":2560,"height":1706},{"@type":"BreadcrumbList","@id":"https:\/\/elcardinal.com\/?p=6683#breadcrumb","itemListElement":[{"@type":"ListItem","position":1,"name":"Inicio","item":"https:\/\/elcardinal.com\/"},{"@type":"ListItem","position":2,"name":"Crecimiento, empleo y certeza impulsan a Hidalgo como potencia econ\u00f3mica en marcha"}]},{"@type":"WebSite","@id":"https:\/\/elcardinal.com\/#website","url":"https:\/\/elcardinal.com\/","name":"El Cardinal","description":"Periodismo honesto, con valor, sentido humano, a veces sarc\u00e1stico y divertido.","publisher":{"@id":"https:\/\/elcardinal.com\/#organization"},"alternateName":"El Cardinal Noticias","potentialAction":[{"@type":"SearchAction","target":{"@type":"EntryPoint","urlTemplate":"https:\/\/elcardinal.com\/?s={search_term_string}"},"query-input":{"@type":"PropertyValueSpecification","valueRequired":true,"valueName":"search_term_string"}}],"inLanguage":"es"},{"@type":"Organization","@id":"https:\/\/elcardinal.com\/#organization","name":"El Cardinal","url":"https:\/\/elcardinal.com\/","logo":{"@type":"ImageObject","inLanguage":"es","@id":"https:\/\/elcardinal.com\/#\/schema\/logo\/image\/","url":"https:\/\/elcardinal.com\/wp-content\/uploads\/2025\/04\/LOGO-EL-CARDINAL-Periodismo-con-valor.png","contentUrl":"https:\/\/elcardinal.com\/wp-content\/uploads\/2025\/04\/LOGO-EL-CARDINAL-Periodismo-con-valor.png","width":755,"height":636,"caption":"El Cardinal"},"image":{"@id":"https:\/\/elcardinal.com\/#\/schema\/logo\/image\/"},"sameAs":["https:\/\/www.facebook.com\/profile.php?id=100063093107011","https:\/\/x.com\/ElCardinal_Mx"]},{"@type":"Person","@id":"https:\/\/elcardinal.com\/#\/schema\/person\/3c352ec0a33987fe275c0e8a2ea69f8b","name":"Antonio Alcaraz","image":{"@type":"ImageObject","inLanguage":"es","@id":"https:\/\/elcardinal.com\/wp-content\/uploads\/2025\/05\/cropped-TONO-96x96.jpg","url":"https:\/\/elcardinal.com\/wp-content\/uploads\/2025\/05\/cropped-TONO-96x96.jpg","contentUrl":"https:\/\/elcardinal.com\/wp-content\/uploads\/2025\/05\/cropped-TONO-96x96.jpg","caption":"Antonio Alcaraz"},"url":"https:\/\/elcardinal.com\/?author=2"}]}},"_links":{"self":[{"href":"https:\/\/elcardinal.com\/index.php?rest_route=\/wp\/v2\/posts\/6683","targetHints":{"allow":["GET"]}}],"collection":[{"href":"https:\/\/elcardinal.com\/index.php?rest_route=\/wp\/v2\/posts"}],"about":[{"href":"https:\/\/elcardinal.com\/index.php?rest_route=\/wp\/v2\/types\/post"}],"author":[{"embeddable":true,"href":"https:\/\/elcardinal.com\/index.php?rest_route=\/wp\/v2\/users\/2"}],"replies":[{"embeddable":true,"href":"https:\/\/elcardinal.com\/index.php?rest_route=%2Fwp%2Fv2%2Fcomments&post=6683"}],"version-history":[{"count":1,"href":"https:\/\/elcardinal.com\/index.php?rest_route=\/wp\/v2\/posts\/6683\/revisions"}],"predecessor-version":[{"id":6685,"href":"https:\/\/elcardinal.com\/index.php?rest_route=\/wp\/v2\/posts\/6683\/revisions\/6685"}],"wp:featuredmedia":[{"embeddable":true,"href":"https:\/\/elcardinal.com\/index.php?rest_route=\/wp\/v2\/media\/6684"}],"wp:attachment":[{"href":"https:\/\/elcardinal.com\/index.php?rest_route=%2Fwp%2Fv2%2Fmedia&parent=6683"}],"wp:term":[{"taxonomy":"category","embeddable":true,"href":"https:\/\/elcardinal.com\/index.php?rest_route=%2Fwp%2Fv2%2Fcategories&post=6683"},{"taxonomy":"post_tag","embeddable":true,"href":"https:\/\/elcardinal.com\/index.php?rest_route=%2Fwp%2Fv2%2Ftags&post=6683"}],"curies":[{"name":"wp","href":"https:\/\/api.w.org\/{rel}","templated":true}]}}