{"id":6686,"date":"2026-08-04T21:13:35","date_gmt":"2026-08-05T03:13:35","guid":{"rendered":"https:\/\/elcardinal.com\/?p=6686"},"modified":"2026-08-04T21:13:35","modified_gmt":"2026-08-05T03:13:35","slug":"para-san-bartolo-julio-menchaca-destina-mas-de-175-millones-de-pesos-en-obra-publica","status":"publish","type":"post","link":"https:\/\/elcardinal.com\/?p=6686","title":{"rendered":"Para San Bartolo, Julio Menchaca destina m\u00e1s de 175 millones de pesos en obra p\u00fablica\u00a0\u00a0\u00a0\u00a0\u00a0\u00a0"},"content":{"rendered":"<p>Redacci\u00f3n\u00a0<i><\/i><\/p>\n<p><span style=\"font-weight: 400;\">Con el anuncio de nuevos proyectos de obra p\u00fablica, el gobernador Julio Menchaca Salazar refrend\u00f3 su compromiso con las familias de San Bartolo Tutotepec para llevar a cabo acciones que impulsan el bienestar, fortalecen la econom\u00eda de los hogares y mejoran las condiciones de vida en las comunidades de la Sierra Otom\u00ed-Tepehua.<\/span><\/p>\n<p><span style=\"font-weight: 400;\">\u201cDesde el inicio de esta administraci\u00f3n tenemos este ejercicio de las Rutas de la Transformaci\u00f3n, de estar en los 84 municipios y en las m\u00e1s que podamos de las cinco mil comunidades\u201d, dijo el mandatario estatal al recordar que en cada gira de trabajo se escucha a la poblaci\u00f3n y se rinden cuentas sobre el uso de los recursos p\u00fablicos.<\/span><\/p>\n<p><span style=\"font-weight: 400;\">En ese sentido, Menchaca Salazar encabez\u00f3 la entrega de tarjetas de los programas Apoyo para el Bienestar y el Desarrollo, Bienestar de Madres Trabajadoras, Bienestar para Personas Artesanas, Fomento Artesanal y Desarrollo Inclusivo a mil 190 personas beneficiarias por la cantidad de 12 millones 11 mil pesos.<\/span><\/p>\n<p><span style=\"font-weight: 400;\">Como parte de la coordinaci\u00f3n con el Gobierno de M\u00e9xico, en San Bartolo Tutotepec se impulsan acciones de infraestructura carretera a trav\u00e9s de la Secretar\u00eda de Infraestructura, Comunicaciones y Transportes (SICT), con una inversi\u00f3n superior a 808 millones de pesos, anunci\u00f3 Pablo Octavio Olvera S\u00e1nchez, director general del Centro SICT en Hidalgo, quien calific\u00f3 este presupuesto como hist\u00f3rico para la demarcaci\u00f3n.<\/span><\/p>\n<p><span style=\"font-weight: 400;\">En materia de infraestructura estatal, el gobierno de Hidalgo ha destinado m\u00e1s de 175 millones de pesos para diversos proyectos, entre los que destacan la construcci\u00f3n de m\u00e1s de 80 cuartos dormitorio y unidades b\u00e1sicas de vivienda, la reconstrucci\u00f3n de la carretera San Bartolo\u2013San Miguel, la pavimentaci\u00f3n hidr\u00e1ulica del camino Santiago\u2013La Cumbre de Muridores y la rehabilitaci\u00f3n de la Unidad Deportiva San Bartolo.<\/span><\/p>\n<p><span style=\"font-weight: 400;\">Este a\u00f1o, detall\u00f3 Alejandro S\u00e1nchez Garc\u00eda, secretario de Infraestructura P\u00fablica y Desarrollo Urbano Sostenible, se llevar\u00e1n a cabo las obras complementarias para la construcci\u00f3n del puente del camino de acceso principal a la localidad El Pi\u00f1al, se reconstruir\u00e1 la carretera Santa Mar\u00eda Temaxcalapa\u2013San Bartolo y se repondr\u00e1 la l\u00ednea de conducci\u00f3n de agua potable de La Industrial.<\/span><\/p>\n<p><span style=\"font-weight: 400;\">Asimismo, la Comisi\u00f3n Estatal del Agua y Alcantarillado (CEEA) rehabilitar\u00e1 el sistema de agua potable en Huasquilla, y se reconstruir\u00e1n los sistemas de agua potable en Las Juntas y en Lindero Chico para garantizar un mejor acceso al agua en las comunidades, dio a conocer Juan Carlos Ch\u00e1vez Gonz\u00e1lez, director general del organismo.<\/span><\/p>\n<p><span style=\"font-weight: 400;\">Por su parte, Ricardo Alvizo Contreras, titular del Sistema DIF Hidalgo, precis\u00f3 que, durante la administraci\u00f3n estatal, se ha gestionado la realizaci\u00f3n de estudios y jornadas m\u00e9dicas, as\u00ed como la entrega de medicinas, programas alimentarios y despensas en San Bartolo, gracias a una inversi\u00f3n superior a los 32 .6 millones de pesos.<\/span><\/p>\n<p><span style=\"font-weight: 400;\">\u00a0<\/span><span style=\"font-weight: 400;\">Al respecto, Ubaldo Gonz\u00e1lez Vargas, presidente de San Bartolo, agradeci\u00f3 el respaldo de los gobiernos de M\u00e9xico y de Hidalgo durante la emergencia vivida tras las lluvias de octubre de 2025; adem\u00e1s, reconoci\u00f3 al gobernador Julio Menchaca como un aliado solidario y cercano al pueblo.<\/span><\/p>\n","protected":false},"excerpt":{"rendered":"<p>Redacci\u00f3n\u00a0 Con el anuncio de nuevos proyectos de obra p\u00fablica, el gobernador Julio Menchaca Salazar refrend\u00f3 su compromiso con las familias de San Bartolo Tutotepec para llevar a cabo acciones que impulsan el bienestar, fortalecen la econom\u00eda de los hogares y mejoran las condiciones de vida en las comunidades de la Sierra Otom\u00ed-Tepehua. \u201cDesde el<\/p>\n","protected":false},"author":2,"featured_media":6687,"comment_status":"open","ping_status":"open","sticky":false,"template":"","format":"standard","meta":{"footnotes":""},"categories":[31,44],"tags":[],"class_list":["post-6686","post","type-post","status-publish","format-standard","has-post-thumbnail","category-hidalgo","category-minuto-a-minuto"],"yoast_head":"<!-- This site is optimized with the Yoast SEO plugin v28.0 - https:\/\/yoast.com\/product\/yoast-seo-wordpress\/ -->\n<title>Para San Bartolo, Julio Menchaca destina m\u00e1s de 175 millones de pesos en obra p\u00fablica\u00a0\u00a0\u00a0\u00a0\u00a0\u00a0 - El Cardinal<\/title>\n<meta name=\"robots\" content=\"index, follow, max-snippet:-1, max-image-preview:large, max-video-preview:-1\" \/>\n<link rel=\"canonical\" href=\"https:\/\/elcardinal.com\/?p=6686\" \/>\n<meta property=\"og:locale\" content=\"es_MX\" \/>\n<meta property=\"og:type\" content=\"article\" \/>\n<meta property=\"og:title\" content=\"Para San Bartolo, Julio Menchaca destina m\u00e1s de 175 millones de pesos en obra p\u00fablica\u00a0\u00a0\u00a0\u00a0\u00a0\u00a0 - El Cardinal\" \/>\n<meta property=\"og:description\" content=\"Redacci\u00f3n\u00a0 Con el anuncio de nuevos proyectos de obra p\u00fablica, el gobernador Julio Menchaca Salazar refrend\u00f3 su compromiso con las familias de San Bartolo Tutotepec para llevar a cabo acciones que impulsan el bienestar, fortalecen la econom\u00eda de los hogares y mejoran las condiciones de vida en las comunidades de la Sierra Otom\u00ed-Tepehua. \u201cDesde el\" \/>\n<meta property=\"og:url\" content=\"https:\/\/elcardinal.com\/?p=6686\" \/>\n<meta property=\"og:site_name\" content=\"El Cardinal\" \/>\n<meta property=\"article:publisher\" content=\"https:\/\/www.facebook.com\/profile.php?id=100063093107011\" \/>\n<meta property=\"article:published_time\" content=\"2026-08-05T03:13:35+00:00\" \/>\n<meta property=\"og:image\" content=\"https:\/\/elcardinal.com\/wp-content\/uploads\/2026\/08\/040826_GOBERNADOR_ENTREAGA-DE-APOYOS_SAN-BARTOLO_KS-224-scaled.jpg\" \/>\n\t<meta property=\"og:image:width\" content=\"2560\" \/>\n\t<meta property=\"og:image:height\" content=\"1707\" \/>\n\t<meta property=\"og:image:type\" content=\"image\/jpeg\" \/>\n<meta name=\"author\" content=\"Antonio Alcaraz\" \/>\n<meta name=\"twitter:card\" content=\"summary_large_image\" \/>\n<meta name=\"twitter:creator\" content=\"@ElCardinal_Mx\" \/>\n<meta name=\"twitter:site\" content=\"@ElCardinal_Mx\" \/>\n<meta name=\"twitter:label1\" content=\"Escrito por\" \/>\n\t<meta name=\"twitter:data1\" content=\"Antonio Alcaraz\" \/>\n\t<meta name=\"twitter:label2\" content=\"Tiempo de lectura\" \/>\n\t<meta name=\"twitter:data2\" content=\"3 minutos\" \/>\n<script type=\"application\/ld+json\" class=\"yoast-schema-graph\">{\"@context\":\"https:\\\/\\\/schema.org\",\"@graph\":[{\"@type\":\"Article\",\"@id\":\"https:\\\/\\\/elcardinal.com\\\/?p=6686#article\",\"isPartOf\":{\"@id\":\"https:\\\/\\\/elcardinal.com\\\/?p=6686\"},\"author\":{\"name\":\"Antonio Alcaraz\",\"@id\":\"https:\\\/\\\/elcardinal.com\\\/#\\\/schema\\\/person\\\/3c352ec0a33987fe275c0e8a2ea69f8b\"},\"headline\":\"Para San Bartolo, Julio Menchaca destina m\u00e1s de 175 millones de pesos en obra p\u00fablica\u00a0\u00a0\u00a0\u00a0\u00a0\u00a0\",\"datePublished\":\"2026-08-05T03:13:35+00:00\",\"mainEntityOfPage\":{\"@id\":\"https:\\\/\\\/elcardinal.com\\\/?p=6686\"},\"wordCount\":546,\"commentCount\":0,\"publisher\":{\"@id\":\"https:\\\/\\\/elcardinal.com\\\/#organization\"},\"image\":{\"@id\":\"https:\\\/\\\/elcardinal.com\\\/?p=6686#primaryimage\"},\"thumbnailUrl\":\"https:\\\/\\\/elcardinal.com\\\/wp-content\\\/uploads\\\/2026\\\/08\\\/040826_GOBERNADOR_ENTREAGA-DE-APOYOS_SAN-BARTOLO_KS-224-scaled.jpg\",\"articleSection\":[\"Hidalgo\",\"Minuto a Minuto\"],\"inLanguage\":\"es\",\"potentialAction\":[{\"@type\":\"CommentAction\",\"name\":\"Comment\",\"target\":[\"https:\\\/\\\/elcardinal.com\\\/?p=6686#respond\"]}]},{\"@type\":\"WebPage\",\"@id\":\"https:\\\/\\\/elcardinal.com\\\/?p=6686\",\"url\":\"https:\\\/\\\/elcardinal.com\\\/?p=6686\",\"name\":\"Para San Bartolo, Julio Menchaca destina m\u00e1s de 175 millones de pesos en obra p\u00fablica\u00a0\u00a0\u00a0\u00a0\u00a0\u00a0 - El Cardinal\",\"isPartOf\":{\"@id\":\"https:\\\/\\\/elcardinal.com\\\/#website\"},\"primaryImageOfPage\":{\"@id\":\"https:\\\/\\\/elcardinal.com\\\/?p=6686#primaryimage\"},\"image\":{\"@id\":\"https:\\\/\\\/elcardinal.com\\\/?p=6686#primaryimage\"},\"thumbnailUrl\":\"https:\\\/\\\/elcardinal.com\\\/wp-content\\\/uploads\\\/2026\\\/08\\\/040826_GOBERNADOR_ENTREAGA-DE-APOYOS_SAN-BARTOLO_KS-224-scaled.jpg\",\"datePublished\":\"2026-08-05T03:13:35+00:00\",\"breadcrumb\":{\"@id\":\"https:\\\/\\\/elcardinal.com\\\/?p=6686#breadcrumb\"},\"inLanguage\":\"es\",\"potentialAction\":[{\"@type\":\"ReadAction\",\"target\":[\"https:\\\/\\\/elcardinal.com\\\/?p=6686\"]}]},{\"@type\":\"ImageObject\",\"inLanguage\":\"es\",\"@id\":\"https:\\\/\\\/elcardinal.com\\\/?p=6686#primaryimage\",\"url\":\"https:\\\/\\\/elcardinal.com\\\/wp-content\\\/uploads\\\/2026\\\/08\\\/040826_GOBERNADOR_ENTREAGA-DE-APOYOS_SAN-BARTOLO_KS-224-scaled.jpg\",\"contentUrl\":\"https:\\\/\\\/elcardinal.com\\\/wp-content\\\/uploads\\\/2026\\\/08\\\/040826_GOBERNADOR_ENTREAGA-DE-APOYOS_SAN-BARTOLO_KS-224-scaled.jpg\",\"width\":2560,\"height\":1707},{\"@type\":\"BreadcrumbList\",\"@id\":\"https:\\\/\\\/elcardinal.com\\\/?p=6686#breadcrumb\",\"itemListElement\":[{\"@type\":\"ListItem\",\"position\":1,\"name\":\"Inicio\",\"item\":\"https:\\\/\\\/elcardinal.com\\\/\"},{\"@type\":\"ListItem\",\"position\":2,\"name\":\"Para San Bartolo, Julio Menchaca destina m\u00e1s de 175 millones de pesos en obra p\u00fablica\u00a0\u00a0\u00a0\u00a0\u00a0\u00a0\"}]},{\"@type\":\"WebSite\",\"@id\":\"https:\\\/\\\/elcardinal.com\\\/#website\",\"url\":\"https:\\\/\\\/elcardinal.com\\\/\",\"name\":\"El Cardinal\",\"description\":\"Periodismo honesto, con valor, sentido humano, a veces sarc\u00e1stico y divertido.\",\"publisher\":{\"@id\":\"https:\\\/\\\/elcardinal.com\\\/#organization\"},\"alternateName\":\"El Cardinal Noticias\",\"potentialAction\":[{\"@type\":\"SearchAction\",\"target\":{\"@type\":\"EntryPoint\",\"urlTemplate\":\"https:\\\/\\\/elcardinal.com\\\/?s={search_term_string}\"},\"query-input\":{\"@type\":\"PropertyValueSpecification\",\"valueRequired\":true,\"valueName\":\"search_term_string\"}}],\"inLanguage\":\"es\"},{\"@type\":\"Organization\",\"@id\":\"https:\\\/\\\/elcardinal.com\\\/#organization\",\"name\":\"El Cardinal\",\"url\":\"https:\\\/\\\/elcardinal.com\\\/\",\"logo\":{\"@type\":\"ImageObject\",\"inLanguage\":\"es\",\"@id\":\"https:\\\/\\\/elcardinal.com\\\/#\\\/schema\\\/logo\\\/image\\\/\",\"url\":\"https:\\\/\\\/elcardinal.com\\\/wp-content\\\/uploads\\\/2025\\\/04\\\/LOGO-EL-CARDINAL-Periodismo-con-valor.png\",\"contentUrl\":\"https:\\\/\\\/elcardinal.com\\\/wp-content\\\/uploads\\\/2025\\\/04\\\/LOGO-EL-CARDINAL-Periodismo-con-valor.png\",\"width\":755,\"height\":636,\"caption\":\"El Cardinal\"},\"image\":{\"@id\":\"https:\\\/\\\/elcardinal.com\\\/#\\\/schema\\\/logo\\\/image\\\/\"},\"sameAs\":[\"https:\\\/\\\/www.facebook.com\\\/profile.php?id=100063093107011\",\"https:\\\/\\\/x.com\\\/ElCardinal_Mx\"]},{\"@type\":\"Person\",\"@id\":\"https:\\\/\\\/elcardinal.com\\\/#\\\/schema\\\/person\\\/3c352ec0a33987fe275c0e8a2ea69f8b\",\"name\":\"Antonio Alcaraz\",\"image\":{\"@type\":\"ImageObject\",\"inLanguage\":\"es\",\"@id\":\"https:\\\/\\\/elcardinal.com\\\/wp-content\\\/uploads\\\/2025\\\/05\\\/cropped-TONO-96x96.jpg\",\"url\":\"https:\\\/\\\/elcardinal.com\\\/wp-content\\\/uploads\\\/2025\\\/05\\\/cropped-TONO-96x96.jpg\",\"contentUrl\":\"https:\\\/\\\/elcardinal.com\\\/wp-content\\\/uploads\\\/2025\\\/05\\\/cropped-TONO-96x96.jpg\",\"caption\":\"Antonio Alcaraz\"},\"url\":\"https:\\\/\\\/elcardinal.com\\\/?author=2\"}]}<\/script>\n<!-- \/ Yoast SEO plugin. -->","yoast_head_json":{"title":"Para San Bartolo, Julio Menchaca destina m\u00e1s de 175 millones de pesos en obra p\u00fablica\u00a0\u00a0\u00a0\u00a0\u00a0\u00a0 - El Cardinal","robots":{"index":"index","follow":"follow","max-snippet":"max-snippet:-1","max-image-preview":"max-image-preview:large","max-video-preview":"max-video-preview:-1"},"canonical":"https:\/\/elcardinal.com\/?p=6686","og_locale":"es_MX","og_type":"article","og_title":"Para San Bartolo, Julio Menchaca destina m\u00e1s de 175 millones de pesos en obra p\u00fablica\u00a0\u00a0\u00a0\u00a0\u00a0\u00a0 - El Cardinal","og_description":"Redacci\u00f3n\u00a0 Con el anuncio de nuevos proyectos de obra p\u00fablica, el gobernador Julio Menchaca Salazar refrend\u00f3 su compromiso con las familias de San Bartolo Tutotepec para llevar a cabo acciones que impulsan el bienestar, fortalecen la econom\u00eda de los hogares y mejoran las condiciones de vida en las comunidades de la Sierra Otom\u00ed-Tepehua. \u201cDesde el","og_url":"https:\/\/elcardinal.com\/?p=6686","og_site_name":"El Cardinal","article_publisher":"https:\/\/www.facebook.com\/profile.php?id=100063093107011","article_published_time":"2026-08-05T03:13:35+00:00","og_image":[{"width":2560,"height":1707,"url":"https:\/\/elcardinal.com\/wp-content\/uploads\/2026\/08\/040826_GOBERNADOR_ENTREAGA-DE-APOYOS_SAN-BARTOLO_KS-224-scaled.jpg","type":"image\/jpeg"}],"author":"Antonio Alcaraz","twitter_card":"summary_large_image","twitter_creator":"@ElCardinal_Mx","twitter_site":"@ElCardinal_Mx","twitter_misc":{"Escrito por":"Antonio Alcaraz","Tiempo de lectura":"3 minutos"},"schema":{"@context":"https:\/\/schema.org","@graph":[{"@type":"Article","@id":"https:\/\/elcardinal.com\/?p=6686#article","isPartOf":{"@id":"https:\/\/elcardinal.com\/?p=6686"},"author":{"name":"Antonio Alcaraz","@id":"https:\/\/elcardinal.com\/#\/schema\/person\/3c352ec0a33987fe275c0e8a2ea69f8b"},"headline":"Para San Bartolo, Julio Menchaca destina m\u00e1s de 175 millones de pesos en obra p\u00fablica\u00a0\u00a0\u00a0\u00a0\u00a0\u00a0","datePublished":"2026-08-05T03:13:35+00:00","mainEntityOfPage":{"@id":"https:\/\/elcardinal.com\/?p=6686"},"wordCount":546,"commentCount":0,"publisher":{"@id":"https:\/\/elcardinal.com\/#organization"},"image":{"@id":"https:\/\/elcardinal.com\/?p=6686#primaryimage"},"thumbnailUrl":"https:\/\/elcardinal.com\/wp-content\/uploads\/2026\/08\/040826_GOBERNADOR_ENTREAGA-DE-APOYOS_SAN-BARTOLO_KS-224-scaled.jpg","articleSection":["Hidalgo","Minuto a Minuto"],"inLanguage":"es","potentialAction":[{"@type":"CommentAction","name":"Comment","target":["https:\/\/elcardinal.com\/?p=6686#respond"]}]},{"@type":"WebPage","@id":"https:\/\/elcardinal.com\/?p=6686","url":"https:\/\/elcardinal.com\/?p=6686","name":"Para San Bartolo, Julio Menchaca destina m\u00e1s de 175 millones de pesos en obra p\u00fablica\u00a0\u00a0\u00a0\u00a0\u00a0\u00a0 - El Cardinal","isPartOf":{"@id":"https:\/\/elcardinal.com\/#website"},"primaryImageOfPage":{"@id":"https:\/\/elcardinal.com\/?p=6686#primaryimage"},"image":{"@id":"https:\/\/elcardinal.com\/?p=6686#primaryimage"},"thumbnailUrl":"https:\/\/elcardinal.com\/wp-content\/uploads\/2026\/08\/040826_GOBERNADOR_ENTREAGA-DE-APOYOS_SAN-BARTOLO_KS-224-scaled.jpg","datePublished":"2026-08-05T03:13:35+00:00","breadcrumb":{"@id":"https:\/\/elcardinal.com\/?p=6686#breadcrumb"},"inLanguage":"es","potentialAction":[{"@type":"ReadAction","target":["https:\/\/elcardinal.com\/?p=6686"]}]},{"@type":"ImageObject","inLanguage":"es","@id":"https:\/\/elcardinal.com\/?p=6686#primaryimage","url":"https:\/\/elcardinal.com\/wp-content\/uploads\/2026\/08\/040826_GOBERNADOR_ENTREAGA-DE-APOYOS_SAN-BARTOLO_KS-224-scaled.jpg","contentUrl":"https:\/\/elcardinal.com\/wp-content\/uploads\/2026\/08\/040826_GOBERNADOR_ENTREAGA-DE-APOYOS_SAN-BARTOLO_KS-224-scaled.jpg","width":2560,"height":1707},{"@type":"BreadcrumbList","@id":"https:\/\/elcardinal.com\/?p=6686#breadcrumb","itemListElement":[{"@type":"ListItem","position":1,"name":"Inicio","item":"https:\/\/elcardinal.com\/"},{"@type":"ListItem","position":2,"name":"Para San Bartolo, Julio Menchaca destina m\u00e1s de 175 millones de pesos en obra p\u00fablica\u00a0\u00a0\u00a0\u00a0\u00a0\u00a0"}]},{"@type":"WebSite","@id":"https:\/\/elcardinal.com\/#website","url":"https:\/\/elcardinal.com\/","name":"El Cardinal","description":"Periodismo honesto, con valor, sentido humano, a veces sarc\u00e1stico y divertido.","publisher":{"@id":"https:\/\/elcardinal.com\/#organization"},"alternateName":"El Cardinal Noticias","potentialAction":[{"@type":"SearchAction","target":{"@type":"EntryPoint","urlTemplate":"https:\/\/elcardinal.com\/?s={search_term_string}"},"query-input":{"@type":"PropertyValueSpecification","valueRequired":true,"valueName":"search_term_string"}}],"inLanguage":"es"},{"@type":"Organization","@id":"https:\/\/elcardinal.com\/#organization","name":"El Cardinal","url":"https:\/\/elcardinal.com\/","logo":{"@type":"ImageObject","inLanguage":"es","@id":"https:\/\/elcardinal.com\/#\/schema\/logo\/image\/","url":"https:\/\/elcardinal.com\/wp-content\/uploads\/2025\/04\/LOGO-EL-CARDINAL-Periodismo-con-valor.png","contentUrl":"https:\/\/elcardinal.com\/wp-content\/uploads\/2025\/04\/LOGO-EL-CARDINAL-Periodismo-con-valor.png","width":755,"height":636,"caption":"El Cardinal"},"image":{"@id":"https:\/\/elcardinal.com\/#\/schema\/logo\/image\/"},"sameAs":["https:\/\/www.facebook.com\/profile.php?id=100063093107011","https:\/\/x.com\/ElCardinal_Mx"]},{"@type":"Person","@id":"https:\/\/elcardinal.com\/#\/schema\/person\/3c352ec0a33987fe275c0e8a2ea69f8b","name":"Antonio Alcaraz","image":{"@type":"ImageObject","inLanguage":"es","@id":"https:\/\/elcardinal.com\/wp-content\/uploads\/2025\/05\/cropped-TONO-96x96.jpg","url":"https:\/\/elcardinal.com\/wp-content\/uploads\/2025\/05\/cropped-TONO-96x96.jpg","contentUrl":"https:\/\/elcardinal.com\/wp-content\/uploads\/2025\/05\/cropped-TONO-96x96.jpg","caption":"Antonio Alcaraz"},"url":"https:\/\/elcardinal.com\/?author=2"}]}},"_links":{"self":[{"href":"https:\/\/elcardinal.com\/index.php?rest_route=\/wp\/v2\/posts\/6686","targetHints":{"allow":["GET"]}}],"collection":[{"href":"https:\/\/elcardinal.com\/index.php?rest_route=\/wp\/v2\/posts"}],"about":[{"href":"https:\/\/elcardinal.com\/index.php?rest_route=\/wp\/v2\/types\/post"}],"author":[{"embeddable":true,"href":"https:\/\/elcardinal.com\/index.php?rest_route=\/wp\/v2\/users\/2"}],"replies":[{"embeddable":true,"href":"https:\/\/elcardinal.com\/index.php?rest_route=%2Fwp%2Fv2%2Fcomments&post=6686"}],"version-history":[{"count":1,"href":"https:\/\/elcardinal.com\/index.php?rest_route=\/wp\/v2\/posts\/6686\/revisions"}],"predecessor-version":[{"id":6688,"href":"https:\/\/elcardinal.com\/index.php?rest_route=\/wp\/v2\/posts\/6686\/revisions\/6688"}],"wp:featuredmedia":[{"embeddable":true,"href":"https:\/\/elcardinal.com\/index.php?rest_route=\/wp\/v2\/media\/6687"}],"wp:attachment":[{"href":"https:\/\/elcardinal.com\/index.php?rest_route=%2Fwp%2Fv2%2Fmedia&parent=6686"}],"wp:term":[{"taxonomy":"category","embeddable":true,"href":"https:\/\/elcardinal.com\/index.php?rest_route=%2Fwp%2Fv2%2Fcategories&post=6686"},{"taxonomy":"post_tag","embeddable":true,"href":"https:\/\/elcardinal.com\/index.php?rest_route=%2Fwp%2Fv2%2Ftags&post=6686"}],"curies":[{"name":"wp","href":"https:\/\/api.w.org\/{rel}","templated":true}]}}