{"id":6689,"date":"2026-08-04T21:18:25","date_gmt":"2026-08-05T03:18:25","guid":{"rendered":"https:\/\/elcardinal.com\/?p=6689"},"modified":"2026-08-04T21:18:25","modified_gmt":"2026-08-05T03:18:25","slug":"fortalece-ihe-bienestar-socioemocional-de-estudiantes","status":"publish","type":"post","link":"https:\/\/elcardinal.com\/?p=6689","title":{"rendered":"Fortalece IHE bienestar socioemocional de estudiantes"},"content":{"rendered":"<p>Redacci\u00f3n<\/p>\n<p><span style=\"font-weight: 400;\">El Instituto Hidalguense de Educaci\u00f3n (IHE) particip\u00f3 en la reuni\u00f3n nacional de seguimiento de la Estrategia Nacional <\/span><i><span style=\"font-weight: 400;\">El ABC de las Emociones<\/span><\/i><span style=\"font-weight: 400;\">, convocada por el Gobierno de M\u00e9xico para coordinar las acciones que fortalecer\u00e1n el bienestar socioemocional de las y los estudiantes durante el ciclo escolar 2026\u20132027.<\/span><\/p>\n<p><span style=\"font-weight: 400;\">En representaci\u00f3n del titular del IHE y secretario de Educaci\u00f3n P\u00fablica de Hidalgo, Natividad Castrej\u00f3n Valdez, la subsecretaria y coordinadora general de Educaci\u00f3n B\u00e1sica, Nancy Adriana Le\u00f3n Vite, particip\u00f3 en el encuentro junto con autoridades educativas estatales y federales.<\/span><\/p>\n<p><span style=\"font-weight: 400;\">Durante la sesi\u00f3n, presentaron las acciones a implementar en una primera etapa del nuevo ciclo escolar. La estrategia estar\u00e1 dirigida a estudiantes de tercer grado de secundaria y de Educaci\u00f3n Media Superior, con el prop\u00f3sito de fortalecer sus habilidades socioemocionales, fomentar una sana convivencia y contribuir a la construcci\u00f3n de entornos escolares seguros, inclusivos y propicios para su desarrollo integral.<\/span><\/p>\n<p><span style=\"font-weight: 400;\">La SEPH y el IHE refrendan su compromiso de mantener una coordinaci\u00f3n permanente con el Gobierno de M\u00e9xico para impulsar estrategias que fortalezcan el bienestar integral de las y los estudiantes, en concordancia con los principios de la Nueva Escuela Mexicana y con la visi\u00f3n educativa que impulsa el Gobierno de Hidalgo, encabezado por Julio Menchaca Salazar.<\/span><\/p>\n<p><span style=\"font-weight: 400;\">En la reuni\u00f3n tambi\u00e9n participaron la titular de la Unidad de Gesti\u00f3n T\u00e9cnica, Claudia Huerta Ruiz; el director general de Acompa\u00f1amiento Socioemocional y Educativo, Samuel Nava Alc\u00e1ntara; y la enlace estatal de la estrategia, Maritza Anah\u00ed Vargas Torres.<\/span><\/p>\n","protected":false},"excerpt":{"rendered":"<p>Redacci\u00f3n El Instituto Hidalguense de Educaci\u00f3n (IHE) particip\u00f3 en la reuni\u00f3n nacional de seguimiento de la Estrategia Nacional El ABC de las Emociones, convocada por el Gobierno de M\u00e9xico para coordinar las acciones que fortalecer\u00e1n el bienestar socioemocional de las y los estudiantes durante el ciclo escolar 2026\u20132027. En representaci\u00f3n del titular del IHE y<\/p>\n","protected":false},"author":2,"featured_media":6690,"comment_status":"open","ping_status":"open","sticky":false,"template":"","format":"standard","meta":{"footnotes":""},"categories":[404,31,44],"tags":[402],"class_list":["post-6689","post","type-post","status-publish","format-standard","has-post-thumbnail","category-educacion","category-hidalgo","category-minuto-a-minuto","tag-instituto-hidalguense-de-educacion"],"yoast_head":"<!-- This site is optimized with the Yoast SEO plugin v28.0 - https:\/\/yoast.com\/product\/yoast-seo-wordpress\/ -->\n<title>Fortalece IHE bienestar socioemocional de estudiantes - El Cardinal<\/title>\n<meta name=\"robots\" content=\"index, follow, max-snippet:-1, max-image-preview:large, max-video-preview:-1\" \/>\n<link rel=\"canonical\" href=\"https:\/\/elcardinal.com\/?p=6689\" \/>\n<meta property=\"og:locale\" content=\"es_MX\" \/>\n<meta property=\"og:type\" content=\"article\" \/>\n<meta property=\"og:title\" content=\"Fortalece IHE bienestar socioemocional de estudiantes - El Cardinal\" \/>\n<meta property=\"og:description\" content=\"Redacci\u00f3n El Instituto Hidalguense de Educaci\u00f3n (IHE) particip\u00f3 en la reuni\u00f3n nacional de seguimiento de la Estrategia Nacional El ABC de las Emociones, convocada por el Gobierno de M\u00e9xico para coordinar las acciones que fortalecer\u00e1n el bienestar socioemocional de las y los estudiantes durante el ciclo escolar 2026\u20132027. En representaci\u00f3n del titular del IHE y\" \/>\n<meta property=\"og:url\" content=\"https:\/\/elcardinal.com\/?p=6689\" \/>\n<meta property=\"og:site_name\" content=\"El Cardinal\" \/>\n<meta property=\"article:publisher\" content=\"https:\/\/www.facebook.com\/profile.php?id=100063093107011\" \/>\n<meta property=\"article:published_time\" content=\"2026-08-05T03:18:25+00:00\" \/>\n<meta property=\"og:image\" content=\"https:\/\/elcardinal.com\/wp-content\/uploads\/2026\/08\/Fortalece-IHE-bienestar-socioemocional-de-estudiantes-2-scaled.jpg\" \/>\n\t<meta property=\"og:image:width\" content=\"2560\" \/>\n\t<meta property=\"og:image:height\" content=\"1707\" \/>\n\t<meta property=\"og:image:type\" content=\"image\/jpeg\" \/>\n<meta name=\"author\" content=\"Antonio Alcaraz\" \/>\n<meta name=\"twitter:card\" content=\"summary_large_image\" \/>\n<meta name=\"twitter:creator\" content=\"@ElCardinal_Mx\" \/>\n<meta name=\"twitter:site\" content=\"@ElCardinal_Mx\" \/>\n<meta name=\"twitter:label1\" content=\"Escrito por\" \/>\n\t<meta name=\"twitter:data1\" content=\"Antonio Alcaraz\" \/>\n\t<meta name=\"twitter:label2\" content=\"Tiempo de lectura\" \/>\n\t<meta name=\"twitter:data2\" content=\"2 minutos\" \/>\n<script type=\"application\/ld+json\" class=\"yoast-schema-graph\">{\"@context\":\"https:\\\/\\\/schema.org\",\"@graph\":[{\"@type\":\"Article\",\"@id\":\"https:\\\/\\\/elcardinal.com\\\/?p=6689#article\",\"isPartOf\":{\"@id\":\"https:\\\/\\\/elcardinal.com\\\/?p=6689\"},\"author\":{\"name\":\"Antonio Alcaraz\",\"@id\":\"https:\\\/\\\/elcardinal.com\\\/#\\\/schema\\\/person\\\/3c352ec0a33987fe275c0e8a2ea69f8b\"},\"headline\":\"Fortalece IHE bienestar socioemocional de estudiantes\",\"datePublished\":\"2026-08-05T03:18:25+00:00\",\"mainEntityOfPage\":{\"@id\":\"https:\\\/\\\/elcardinal.com\\\/?p=6689\"},\"wordCount\":272,\"commentCount\":0,\"publisher\":{\"@id\":\"https:\\\/\\\/elcardinal.com\\\/#organization\"},\"image\":{\"@id\":\"https:\\\/\\\/elcardinal.com\\\/?p=6689#primaryimage\"},\"thumbnailUrl\":\"https:\\\/\\\/elcardinal.com\\\/wp-content\\\/uploads\\\/2026\\\/08\\\/Fortalece-IHE-bienestar-socioemocional-de-estudiantes-2-scaled.jpg\",\"keywords\":[\"Instituto Hidalguense de Educaci\u00f3n\"],\"articleSection\":[\"Educaci\u00f3n\",\"Hidalgo\",\"Minuto a Minuto\"],\"inLanguage\":\"es\",\"potentialAction\":[{\"@type\":\"CommentAction\",\"name\":\"Comment\",\"target\":[\"https:\\\/\\\/elcardinal.com\\\/?p=6689#respond\"]}]},{\"@type\":\"WebPage\",\"@id\":\"https:\\\/\\\/elcardinal.com\\\/?p=6689\",\"url\":\"https:\\\/\\\/elcardinal.com\\\/?p=6689\",\"name\":\"Fortalece IHE bienestar socioemocional de estudiantes - El Cardinal\",\"isPartOf\":{\"@id\":\"https:\\\/\\\/elcardinal.com\\\/#website\"},\"primaryImageOfPage\":{\"@id\":\"https:\\\/\\\/elcardinal.com\\\/?p=6689#primaryimage\"},\"image\":{\"@id\":\"https:\\\/\\\/elcardinal.com\\\/?p=6689#primaryimage\"},\"thumbnailUrl\":\"https:\\\/\\\/elcardinal.com\\\/wp-content\\\/uploads\\\/2026\\\/08\\\/Fortalece-IHE-bienestar-socioemocional-de-estudiantes-2-scaled.jpg\",\"datePublished\":\"2026-08-05T03:18:25+00:00\",\"breadcrumb\":{\"@id\":\"https:\\\/\\\/elcardinal.com\\\/?p=6689#breadcrumb\"},\"inLanguage\":\"es\",\"potentialAction\":[{\"@type\":\"ReadAction\",\"target\":[\"https:\\\/\\\/elcardinal.com\\\/?p=6689\"]}]},{\"@type\":\"ImageObject\",\"inLanguage\":\"es\",\"@id\":\"https:\\\/\\\/elcardinal.com\\\/?p=6689#primaryimage\",\"url\":\"https:\\\/\\\/elcardinal.com\\\/wp-content\\\/uploads\\\/2026\\\/08\\\/Fortalece-IHE-bienestar-socioemocional-de-estudiantes-2-scaled.jpg\",\"contentUrl\":\"https:\\\/\\\/elcardinal.com\\\/wp-content\\\/uploads\\\/2026\\\/08\\\/Fortalece-IHE-bienestar-socioemocional-de-estudiantes-2-scaled.jpg\",\"width\":2560,\"height\":1707},{\"@type\":\"BreadcrumbList\",\"@id\":\"https:\\\/\\\/elcardinal.com\\\/?p=6689#breadcrumb\",\"itemListElement\":[{\"@type\":\"ListItem\",\"position\":1,\"name\":\"Inicio\",\"item\":\"https:\\\/\\\/elcardinal.com\\\/\"},{\"@type\":\"ListItem\",\"position\":2,\"name\":\"Fortalece IHE bienestar socioemocional de estudiantes\"}]},{\"@type\":\"WebSite\",\"@id\":\"https:\\\/\\\/elcardinal.com\\\/#website\",\"url\":\"https:\\\/\\\/elcardinal.com\\\/\",\"name\":\"El Cardinal\",\"description\":\"Periodismo honesto, con valor, sentido humano, a veces sarc\u00e1stico y divertido.\",\"publisher\":{\"@id\":\"https:\\\/\\\/elcardinal.com\\\/#organization\"},\"alternateName\":\"El Cardinal Noticias\",\"potentialAction\":[{\"@type\":\"SearchAction\",\"target\":{\"@type\":\"EntryPoint\",\"urlTemplate\":\"https:\\\/\\\/elcardinal.com\\\/?s={search_term_string}\"},\"query-input\":{\"@type\":\"PropertyValueSpecification\",\"valueRequired\":true,\"valueName\":\"search_term_string\"}}],\"inLanguage\":\"es\"},{\"@type\":\"Organization\",\"@id\":\"https:\\\/\\\/elcardinal.com\\\/#organization\",\"name\":\"El Cardinal\",\"url\":\"https:\\\/\\\/elcardinal.com\\\/\",\"logo\":{\"@type\":\"ImageObject\",\"inLanguage\":\"es\",\"@id\":\"https:\\\/\\\/elcardinal.com\\\/#\\\/schema\\\/logo\\\/image\\\/\",\"url\":\"https:\\\/\\\/elcardinal.com\\\/wp-content\\\/uploads\\\/2025\\\/04\\\/LOGO-EL-CARDINAL-Periodismo-con-valor.png\",\"contentUrl\":\"https:\\\/\\\/elcardinal.com\\\/wp-content\\\/uploads\\\/2025\\\/04\\\/LOGO-EL-CARDINAL-Periodismo-con-valor.png\",\"width\":755,\"height\":636,\"caption\":\"El Cardinal\"},\"image\":{\"@id\":\"https:\\\/\\\/elcardinal.com\\\/#\\\/schema\\\/logo\\\/image\\\/\"},\"sameAs\":[\"https:\\\/\\\/www.facebook.com\\\/profile.php?id=100063093107011\",\"https:\\\/\\\/x.com\\\/ElCardinal_Mx\"]},{\"@type\":\"Person\",\"@id\":\"https:\\\/\\\/elcardinal.com\\\/#\\\/schema\\\/person\\\/3c352ec0a33987fe275c0e8a2ea69f8b\",\"name\":\"Antonio Alcaraz\",\"image\":{\"@type\":\"ImageObject\",\"inLanguage\":\"es\",\"@id\":\"https:\\\/\\\/elcardinal.com\\\/wp-content\\\/uploads\\\/2025\\\/05\\\/cropped-TONO-96x96.jpg\",\"url\":\"https:\\\/\\\/elcardinal.com\\\/wp-content\\\/uploads\\\/2025\\\/05\\\/cropped-TONO-96x96.jpg\",\"contentUrl\":\"https:\\\/\\\/elcardinal.com\\\/wp-content\\\/uploads\\\/2025\\\/05\\\/cropped-TONO-96x96.jpg\",\"caption\":\"Antonio Alcaraz\"},\"url\":\"https:\\\/\\\/elcardinal.com\\\/?author=2\"}]}<\/script>\n<!-- \/ Yoast SEO plugin. -->","yoast_head_json":{"title":"Fortalece IHE bienestar socioemocional de estudiantes - El Cardinal","robots":{"index":"index","follow":"follow","max-snippet":"max-snippet:-1","max-image-preview":"max-image-preview:large","max-video-preview":"max-video-preview:-1"},"canonical":"https:\/\/elcardinal.com\/?p=6689","og_locale":"es_MX","og_type":"article","og_title":"Fortalece IHE bienestar socioemocional de estudiantes - El Cardinal","og_description":"Redacci\u00f3n El Instituto Hidalguense de Educaci\u00f3n (IHE) particip\u00f3 en la reuni\u00f3n nacional de seguimiento de la Estrategia Nacional El ABC de las Emociones, convocada por el Gobierno de M\u00e9xico para coordinar las acciones que fortalecer\u00e1n el bienestar socioemocional de las y los estudiantes durante el ciclo escolar 2026\u20132027. En representaci\u00f3n del titular del IHE y","og_url":"https:\/\/elcardinal.com\/?p=6689","og_site_name":"El Cardinal","article_publisher":"https:\/\/www.facebook.com\/profile.php?id=100063093107011","article_published_time":"2026-08-05T03:18:25+00:00","og_image":[{"width":2560,"height":1707,"url":"https:\/\/elcardinal.com\/wp-content\/uploads\/2026\/08\/Fortalece-IHE-bienestar-socioemocional-de-estudiantes-2-scaled.jpg","type":"image\/jpeg"}],"author":"Antonio Alcaraz","twitter_card":"summary_large_image","twitter_creator":"@ElCardinal_Mx","twitter_site":"@ElCardinal_Mx","twitter_misc":{"Escrito por":"Antonio Alcaraz","Tiempo de lectura":"2 minutos"},"schema":{"@context":"https:\/\/schema.org","@graph":[{"@type":"Article","@id":"https:\/\/elcardinal.com\/?p=6689#article","isPartOf":{"@id":"https:\/\/elcardinal.com\/?p=6689"},"author":{"name":"Antonio Alcaraz","@id":"https:\/\/elcardinal.com\/#\/schema\/person\/3c352ec0a33987fe275c0e8a2ea69f8b"},"headline":"Fortalece IHE bienestar socioemocional de estudiantes","datePublished":"2026-08-05T03:18:25+00:00","mainEntityOfPage":{"@id":"https:\/\/elcardinal.com\/?p=6689"},"wordCount":272,"commentCount":0,"publisher":{"@id":"https:\/\/elcardinal.com\/#organization"},"image":{"@id":"https:\/\/elcardinal.com\/?p=6689#primaryimage"},"thumbnailUrl":"https:\/\/elcardinal.com\/wp-content\/uploads\/2026\/08\/Fortalece-IHE-bienestar-socioemocional-de-estudiantes-2-scaled.jpg","keywords":["Instituto Hidalguense de Educaci\u00f3n"],"articleSection":["Educaci\u00f3n","Hidalgo","Minuto a Minuto"],"inLanguage":"es","potentialAction":[{"@type":"CommentAction","name":"Comment","target":["https:\/\/elcardinal.com\/?p=6689#respond"]}]},{"@type":"WebPage","@id":"https:\/\/elcardinal.com\/?p=6689","url":"https:\/\/elcardinal.com\/?p=6689","name":"Fortalece IHE bienestar socioemocional de estudiantes - El Cardinal","isPartOf":{"@id":"https:\/\/elcardinal.com\/#website"},"primaryImageOfPage":{"@id":"https:\/\/elcardinal.com\/?p=6689#primaryimage"},"image":{"@id":"https:\/\/elcardinal.com\/?p=6689#primaryimage"},"thumbnailUrl":"https:\/\/elcardinal.com\/wp-content\/uploads\/2026\/08\/Fortalece-IHE-bienestar-socioemocional-de-estudiantes-2-scaled.jpg","datePublished":"2026-08-05T03:18:25+00:00","breadcrumb":{"@id":"https:\/\/elcardinal.com\/?p=6689#breadcrumb"},"inLanguage":"es","potentialAction":[{"@type":"ReadAction","target":["https:\/\/elcardinal.com\/?p=6689"]}]},{"@type":"ImageObject","inLanguage":"es","@id":"https:\/\/elcardinal.com\/?p=6689#primaryimage","url":"https:\/\/elcardinal.com\/wp-content\/uploads\/2026\/08\/Fortalece-IHE-bienestar-socioemocional-de-estudiantes-2-scaled.jpg","contentUrl":"https:\/\/elcardinal.com\/wp-content\/uploads\/2026\/08\/Fortalece-IHE-bienestar-socioemocional-de-estudiantes-2-scaled.jpg","width":2560,"height":1707},{"@type":"BreadcrumbList","@id":"https:\/\/elcardinal.com\/?p=6689#breadcrumb","itemListElement":[{"@type":"ListItem","position":1,"name":"Inicio","item":"https:\/\/elcardinal.com\/"},{"@type":"ListItem","position":2,"name":"Fortalece IHE bienestar socioemocional de estudiantes"}]},{"@type":"WebSite","@id":"https:\/\/elcardinal.com\/#website","url":"https:\/\/elcardinal.com\/","name":"El Cardinal","description":"Periodismo honesto, con valor, sentido humano, a veces sarc\u00e1stico y divertido.","publisher":{"@id":"https:\/\/elcardinal.com\/#organization"},"alternateName":"El Cardinal Noticias","potentialAction":[{"@type":"SearchAction","target":{"@type":"EntryPoint","urlTemplate":"https:\/\/elcardinal.com\/?s={search_term_string}"},"query-input":{"@type":"PropertyValueSpecification","valueRequired":true,"valueName":"search_term_string"}}],"inLanguage":"es"},{"@type":"Organization","@id":"https:\/\/elcardinal.com\/#organization","name":"El Cardinal","url":"https:\/\/elcardinal.com\/","logo":{"@type":"ImageObject","inLanguage":"es","@id":"https:\/\/elcardinal.com\/#\/schema\/logo\/image\/","url":"https:\/\/elcardinal.com\/wp-content\/uploads\/2025\/04\/LOGO-EL-CARDINAL-Periodismo-con-valor.png","contentUrl":"https:\/\/elcardinal.com\/wp-content\/uploads\/2025\/04\/LOGO-EL-CARDINAL-Periodismo-con-valor.png","width":755,"height":636,"caption":"El Cardinal"},"image":{"@id":"https:\/\/elcardinal.com\/#\/schema\/logo\/image\/"},"sameAs":["https:\/\/www.facebook.com\/profile.php?id=100063093107011","https:\/\/x.com\/ElCardinal_Mx"]},{"@type":"Person","@id":"https:\/\/elcardinal.com\/#\/schema\/person\/3c352ec0a33987fe275c0e8a2ea69f8b","name":"Antonio Alcaraz","image":{"@type":"ImageObject","inLanguage":"es","@id":"https:\/\/elcardinal.com\/wp-content\/uploads\/2025\/05\/cropped-TONO-96x96.jpg","url":"https:\/\/elcardinal.com\/wp-content\/uploads\/2025\/05\/cropped-TONO-96x96.jpg","contentUrl":"https:\/\/elcardinal.com\/wp-content\/uploads\/2025\/05\/cropped-TONO-96x96.jpg","caption":"Antonio Alcaraz"},"url":"https:\/\/elcardinal.com\/?author=2"}]}},"_links":{"self":[{"href":"https:\/\/elcardinal.com\/index.php?rest_route=\/wp\/v2\/posts\/6689","targetHints":{"allow":["GET"]}}],"collection":[{"href":"https:\/\/elcardinal.com\/index.php?rest_route=\/wp\/v2\/posts"}],"about":[{"href":"https:\/\/elcardinal.com\/index.php?rest_route=\/wp\/v2\/types\/post"}],"author":[{"embeddable":true,"href":"https:\/\/elcardinal.com\/index.php?rest_route=\/wp\/v2\/users\/2"}],"replies":[{"embeddable":true,"href":"https:\/\/elcardinal.com\/index.php?rest_route=%2Fwp%2Fv2%2Fcomments&post=6689"}],"version-history":[{"count":1,"href":"https:\/\/elcardinal.com\/index.php?rest_route=\/wp\/v2\/posts\/6689\/revisions"}],"predecessor-version":[{"id":6691,"href":"https:\/\/elcardinal.com\/index.php?rest_route=\/wp\/v2\/posts\/6689\/revisions\/6691"}],"wp:featuredmedia":[{"embeddable":true,"href":"https:\/\/elcardinal.com\/index.php?rest_route=\/wp\/v2\/media\/6690"}],"wp:attachment":[{"href":"https:\/\/elcardinal.com\/index.php?rest_route=%2Fwp%2Fv2%2Fmedia&parent=6689"}],"wp:term":[{"taxonomy":"category","embeddable":true,"href":"https:\/\/elcardinal.com\/index.php?rest_route=%2Fwp%2Fv2%2Fcategories&post=6689"},{"taxonomy":"post_tag","embeddable":true,"href":"https:\/\/elcardinal.com\/index.php?rest_route=%2Fwp%2Fv2%2Ftags&post=6689"}],"curies":[{"name":"wp","href":"https:\/\/api.w.org\/{rel}","templated":true}]}}