{"id":6692,"date":"2026-08-04T21:22:09","date_gmt":"2026-08-05T03:22:09","guid":{"rendered":"https:\/\/elcardinal.com\/?p=6692"},"modified":"2026-08-04T21:22:09","modified_gmt":"2026-08-05T03:22:09","slug":"diputado-propone-fortalecer-la-politica-ambiental-con-enfoque-de-bienestar-y-desarrollo-sustentable","status":"publish","type":"post","link":"https:\/\/elcardinal.com\/?p=6692","title":{"rendered":"Diputado propone fortalecer la pol\u00edtica ambiental con enfoque de bienestar y desarrollo sustentable"},"content":{"rendered":"<p>Redacci\u00f3n<\/p>\n<p><span style=\"font-weight: 400;\">En sesi\u00f3n ordinaria, el diputado <\/span><b>Francisco Javier T\u00e9llez S\u00e1nchez<\/b><span style=\"font-weight: 400;\"> (PT) present\u00f3 la iniciativa que reforma la Ley para la Protecci\u00f3n al Ambiente del Estado de Hidalgo, con el objetivo de fortalecer los principios rectores de la pol\u00edtica ambiental para consolidar una visi\u00f3n en la que la protecci\u00f3n, conservaci\u00f3n y aprovechamiento sustentable de los recursos naturales no constituyan \u00fanicamente un fin en s\u00ed mismo, sino un medio para impulsar el bienestar de la poblaci\u00f3n y el desarrollo integral de las comunidades.<\/span><\/p>\n<p><span style=\"font-weight: 400;\">Con ello, dijo, se busca que las decisiones, acciones y pol\u00edticas p\u00fablicas en materia ambiental incorporen una perspectiva de beneficio social, procurando que la preservaci\u00f3n del equilibrio ecol\u00f3gico genere condiciones que favorezcan una mejor calidad de vida, reduzcan las desigualdades territoriales y contribuyan a un modelo de desarrollo sustentable que armonice el crecimiento econ\u00f3mico, la justicia social y la protecci\u00f3n del patrimonio ambiental para las generaciones presentes y futuras.<\/span><\/p>\n<p><b>Asuntos generales<\/b><\/p>\n<p><b>Plazas para los profesionales en gerontolog\u00eda<\/b><\/p>\n<p><span style=\"font-weight: 400;\">La legisladora <\/span><b>Mar\u00eda Guadalupe Cruz Monta\u00f1o<\/b><span style=\"font-weight: 400;\"> (PVEM) propuso el acuerdo econ\u00f3mico que exhorta a la persona titular de la Secretar\u00eda de Salud del gobierno federal para que, de acuerdo con la disposici\u00f3n presupuestal, se abran nuevas plazas para los profesionales en gerontolog\u00eda en los hospitales de la entidad, con la finalidad de proporcionar la atenci\u00f3n m\u00e9dica especializada que requieren las personas adultas mayores.<\/span><\/p>\n<p><b>Ni\u00f1ez y adolescencia libres de violencia<\/b><\/p>\n<p><span style=\"font-weight: 400;\">La diputada <\/span><b>Karla Perales Arrieta<\/b><span style=\"font-weight: 400;\"> (MC) llam\u00f3 a fortalecer las acciones de prevenci\u00f3n y protecci\u00f3n de la ni\u00f1ez mediante herramientas jur\u00eddicas e institucionales. Tambi\u00e9n destac\u00f3 la necesidad de aprobar una iniciativa para expedir la Ley para Prevenir, Atender y Erradicar el Reclutamiento de Ni\u00f1as, Ni\u00f1os y Adolescentes en el Estado.<\/span><\/p>\n","protected":false},"excerpt":{"rendered":"<p>Redacci\u00f3n En sesi\u00f3n ordinaria, el diputado Francisco Javier T\u00e9llez S\u00e1nchez (PT) present\u00f3 la iniciativa que reforma la Ley para la Protecci\u00f3n al Ambiente del Estado de Hidalgo, con el objetivo de fortalecer los principios rectores de la pol\u00edtica ambiental para consolidar una visi\u00f3n en la que la protecci\u00f3n, conservaci\u00f3n y aprovechamiento sustentable de los recursos<\/p>\n","protected":false},"author":2,"featured_media":6693,"comment_status":"open","ping_status":"open","sticky":false,"template":"","format":"standard","meta":{"footnotes":""},"categories":[31,44,39],"tags":[],"class_list":["post-6692","post","type-post","status-publish","format-standard","has-post-thumbnail","category-hidalgo","category-minuto-a-minuto","category-politica"],"yoast_head":"<!-- This site is optimized with the Yoast SEO plugin v28.0 - https:\/\/yoast.com\/product\/yoast-seo-wordpress\/ -->\n<title>Diputado propone fortalecer la pol\u00edtica ambiental con enfoque de bienestar y desarrollo sustentable - El Cardinal<\/title>\n<meta name=\"robots\" content=\"index, follow, max-snippet:-1, max-image-preview:large, max-video-preview:-1\" \/>\n<link rel=\"canonical\" href=\"https:\/\/elcardinal.com\/?p=6692\" \/>\n<meta property=\"og:locale\" content=\"es_MX\" \/>\n<meta property=\"og:type\" content=\"article\" \/>\n<meta property=\"og:title\" content=\"Diputado propone fortalecer la pol\u00edtica ambiental con enfoque de bienestar y desarrollo sustentable - El Cardinal\" \/>\n<meta property=\"og:description\" content=\"Redacci\u00f3n En sesi\u00f3n ordinaria, el diputado Francisco Javier T\u00e9llez S\u00e1nchez (PT) present\u00f3 la iniciativa que reforma la Ley para la Protecci\u00f3n al Ambiente del Estado de Hidalgo, con el objetivo de fortalecer los principios rectores de la pol\u00edtica ambiental para consolidar una visi\u00f3n en la que la protecci\u00f3n, conservaci\u00f3n y aprovechamiento sustentable de los recursos\" \/>\n<meta property=\"og:url\" content=\"https:\/\/elcardinal.com\/?p=6692\" \/>\n<meta property=\"og:site_name\" content=\"El Cardinal\" \/>\n<meta property=\"article:publisher\" content=\"https:\/\/www.facebook.com\/profile.php?id=100063093107011\" \/>\n<meta property=\"article:published_time\" content=\"2026-08-05T03:22:09+00:00\" \/>\n<meta property=\"og:image\" content=\"https:\/\/elcardinal.com\/wp-content\/uploads\/2026\/08\/Sesion-04.08.2026-Permanente-20.jpg\" \/>\n\t<meta property=\"og:image:width\" content=\"2400\" \/>\n\t<meta property=\"og:image:height\" content=\"1600\" \/>\n\t<meta property=\"og:image:type\" content=\"image\/jpeg\" \/>\n<meta name=\"author\" content=\"Antonio Alcaraz\" \/>\n<meta name=\"twitter:card\" content=\"summary_large_image\" \/>\n<meta name=\"twitter:creator\" content=\"@ElCardinal_Mx\" \/>\n<meta name=\"twitter:site\" content=\"@ElCardinal_Mx\" \/>\n<meta name=\"twitter:label1\" content=\"Escrito por\" \/>\n\t<meta name=\"twitter:data1\" content=\"Antonio Alcaraz\" \/>\n\t<meta name=\"twitter:label2\" content=\"Tiempo de lectura\" \/>\n\t<meta name=\"twitter:data2\" content=\"2 minutos\" \/>\n<script type=\"application\/ld+json\" class=\"yoast-schema-graph\">{\"@context\":\"https:\\\/\\\/schema.org\",\"@graph\":[{\"@type\":\"Article\",\"@id\":\"https:\\\/\\\/elcardinal.com\\\/?p=6692#article\",\"isPartOf\":{\"@id\":\"https:\\\/\\\/elcardinal.com\\\/?p=6692\"},\"author\":{\"name\":\"Antonio Alcaraz\",\"@id\":\"https:\\\/\\\/elcardinal.com\\\/#\\\/schema\\\/person\\\/3c352ec0a33987fe275c0e8a2ea69f8b\"},\"headline\":\"Diputado propone fortalecer la pol\u00edtica ambiental con enfoque de bienestar y desarrollo sustentable\",\"datePublished\":\"2026-08-05T03:22:09+00:00\",\"mainEntityOfPage\":{\"@id\":\"https:\\\/\\\/elcardinal.com\\\/?p=6692\"},\"wordCount\":324,\"commentCount\":0,\"publisher\":{\"@id\":\"https:\\\/\\\/elcardinal.com\\\/#organization\"},\"image\":{\"@id\":\"https:\\\/\\\/elcardinal.com\\\/?p=6692#primaryimage\"},\"thumbnailUrl\":\"https:\\\/\\\/elcardinal.com\\\/wp-content\\\/uploads\\\/2026\\\/08\\\/Sesion-04.08.2026-Permanente-20.jpg\",\"articleSection\":[\"Hidalgo\",\"Minuto a Minuto\",\"Pol\u00edtica\"],\"inLanguage\":\"es\",\"potentialAction\":[{\"@type\":\"CommentAction\",\"name\":\"Comment\",\"target\":[\"https:\\\/\\\/elcardinal.com\\\/?p=6692#respond\"]}]},{\"@type\":\"WebPage\",\"@id\":\"https:\\\/\\\/elcardinal.com\\\/?p=6692\",\"url\":\"https:\\\/\\\/elcardinal.com\\\/?p=6692\",\"name\":\"Diputado propone fortalecer la pol\u00edtica ambiental con enfoque de bienestar y desarrollo sustentable - El Cardinal\",\"isPartOf\":{\"@id\":\"https:\\\/\\\/elcardinal.com\\\/#website\"},\"primaryImageOfPage\":{\"@id\":\"https:\\\/\\\/elcardinal.com\\\/?p=6692#primaryimage\"},\"image\":{\"@id\":\"https:\\\/\\\/elcardinal.com\\\/?p=6692#primaryimage\"},\"thumbnailUrl\":\"https:\\\/\\\/elcardinal.com\\\/wp-content\\\/uploads\\\/2026\\\/08\\\/Sesion-04.08.2026-Permanente-20.jpg\",\"datePublished\":\"2026-08-05T03:22:09+00:00\",\"breadcrumb\":{\"@id\":\"https:\\\/\\\/elcardinal.com\\\/?p=6692#breadcrumb\"},\"inLanguage\":\"es\",\"potentialAction\":[{\"@type\":\"ReadAction\",\"target\":[\"https:\\\/\\\/elcardinal.com\\\/?p=6692\"]}]},{\"@type\":\"ImageObject\",\"inLanguage\":\"es\",\"@id\":\"https:\\\/\\\/elcardinal.com\\\/?p=6692#primaryimage\",\"url\":\"https:\\\/\\\/elcardinal.com\\\/wp-content\\\/uploads\\\/2026\\\/08\\\/Sesion-04.08.2026-Permanente-20.jpg\",\"contentUrl\":\"https:\\\/\\\/elcardinal.com\\\/wp-content\\\/uploads\\\/2026\\\/08\\\/Sesion-04.08.2026-Permanente-20.jpg\",\"width\":2400,\"height\":1600},{\"@type\":\"BreadcrumbList\",\"@id\":\"https:\\\/\\\/elcardinal.com\\\/?p=6692#breadcrumb\",\"itemListElement\":[{\"@type\":\"ListItem\",\"position\":1,\"name\":\"Inicio\",\"item\":\"https:\\\/\\\/elcardinal.com\\\/\"},{\"@type\":\"ListItem\",\"position\":2,\"name\":\"Diputado propone fortalecer la pol\u00edtica ambiental con enfoque de bienestar y desarrollo sustentable\"}]},{\"@type\":\"WebSite\",\"@id\":\"https:\\\/\\\/elcardinal.com\\\/#website\",\"url\":\"https:\\\/\\\/elcardinal.com\\\/\",\"name\":\"El Cardinal\",\"description\":\"Periodismo honesto, con valor, sentido humano, a veces sarc\u00e1stico y divertido.\",\"publisher\":{\"@id\":\"https:\\\/\\\/elcardinal.com\\\/#organization\"},\"alternateName\":\"El Cardinal Noticias\",\"potentialAction\":[{\"@type\":\"SearchAction\",\"target\":{\"@type\":\"EntryPoint\",\"urlTemplate\":\"https:\\\/\\\/elcardinal.com\\\/?s={search_term_string}\"},\"query-input\":{\"@type\":\"PropertyValueSpecification\",\"valueRequired\":true,\"valueName\":\"search_term_string\"}}],\"inLanguage\":\"es\"},{\"@type\":\"Organization\",\"@id\":\"https:\\\/\\\/elcardinal.com\\\/#organization\",\"name\":\"El Cardinal\",\"url\":\"https:\\\/\\\/elcardinal.com\\\/\",\"logo\":{\"@type\":\"ImageObject\",\"inLanguage\":\"es\",\"@id\":\"https:\\\/\\\/elcardinal.com\\\/#\\\/schema\\\/logo\\\/image\\\/\",\"url\":\"https:\\\/\\\/elcardinal.com\\\/wp-content\\\/uploads\\\/2025\\\/04\\\/LOGO-EL-CARDINAL-Periodismo-con-valor.png\",\"contentUrl\":\"https:\\\/\\\/elcardinal.com\\\/wp-content\\\/uploads\\\/2025\\\/04\\\/LOGO-EL-CARDINAL-Periodismo-con-valor.png\",\"width\":755,\"height\":636,\"caption\":\"El Cardinal\"},\"image\":{\"@id\":\"https:\\\/\\\/elcardinal.com\\\/#\\\/schema\\\/logo\\\/image\\\/\"},\"sameAs\":[\"https:\\\/\\\/www.facebook.com\\\/profile.php?id=100063093107011\",\"https:\\\/\\\/x.com\\\/ElCardinal_Mx\"]},{\"@type\":\"Person\",\"@id\":\"https:\\\/\\\/elcardinal.com\\\/#\\\/schema\\\/person\\\/3c352ec0a33987fe275c0e8a2ea69f8b\",\"name\":\"Antonio Alcaraz\",\"image\":{\"@type\":\"ImageObject\",\"inLanguage\":\"es\",\"@id\":\"https:\\\/\\\/elcardinal.com\\\/wp-content\\\/uploads\\\/2025\\\/05\\\/cropped-TONO-96x96.jpg\",\"url\":\"https:\\\/\\\/elcardinal.com\\\/wp-content\\\/uploads\\\/2025\\\/05\\\/cropped-TONO-96x96.jpg\",\"contentUrl\":\"https:\\\/\\\/elcardinal.com\\\/wp-content\\\/uploads\\\/2025\\\/05\\\/cropped-TONO-96x96.jpg\",\"caption\":\"Antonio Alcaraz\"},\"url\":\"https:\\\/\\\/elcardinal.com\\\/?author=2\"}]}<\/script>\n<!-- \/ Yoast SEO plugin. -->","yoast_head_json":{"title":"Diputado propone fortalecer la pol\u00edtica ambiental con enfoque de bienestar y desarrollo sustentable - El Cardinal","robots":{"index":"index","follow":"follow","max-snippet":"max-snippet:-1","max-image-preview":"max-image-preview:large","max-video-preview":"max-video-preview:-1"},"canonical":"https:\/\/elcardinal.com\/?p=6692","og_locale":"es_MX","og_type":"article","og_title":"Diputado propone fortalecer la pol\u00edtica ambiental con enfoque de bienestar y desarrollo sustentable - El Cardinal","og_description":"Redacci\u00f3n En sesi\u00f3n ordinaria, el diputado Francisco Javier T\u00e9llez S\u00e1nchez (PT) present\u00f3 la iniciativa que reforma la Ley para la Protecci\u00f3n al Ambiente del Estado de Hidalgo, con el objetivo de fortalecer los principios rectores de la pol\u00edtica ambiental para consolidar una visi\u00f3n en la que la protecci\u00f3n, conservaci\u00f3n y aprovechamiento sustentable de los recursos","og_url":"https:\/\/elcardinal.com\/?p=6692","og_site_name":"El Cardinal","article_publisher":"https:\/\/www.facebook.com\/profile.php?id=100063093107011","article_published_time":"2026-08-05T03:22:09+00:00","og_image":[{"width":2400,"height":1600,"url":"https:\/\/elcardinal.com\/wp-content\/uploads\/2026\/08\/Sesion-04.08.2026-Permanente-20.jpg","type":"image\/jpeg"}],"author":"Antonio Alcaraz","twitter_card":"summary_large_image","twitter_creator":"@ElCardinal_Mx","twitter_site":"@ElCardinal_Mx","twitter_misc":{"Escrito por":"Antonio Alcaraz","Tiempo de lectura":"2 minutos"},"schema":{"@context":"https:\/\/schema.org","@graph":[{"@type":"Article","@id":"https:\/\/elcardinal.com\/?p=6692#article","isPartOf":{"@id":"https:\/\/elcardinal.com\/?p=6692"},"author":{"name":"Antonio Alcaraz","@id":"https:\/\/elcardinal.com\/#\/schema\/person\/3c352ec0a33987fe275c0e8a2ea69f8b"},"headline":"Diputado propone fortalecer la pol\u00edtica ambiental con enfoque de bienestar y desarrollo sustentable","datePublished":"2026-08-05T03:22:09+00:00","mainEntityOfPage":{"@id":"https:\/\/elcardinal.com\/?p=6692"},"wordCount":324,"commentCount":0,"publisher":{"@id":"https:\/\/elcardinal.com\/#organization"},"image":{"@id":"https:\/\/elcardinal.com\/?p=6692#primaryimage"},"thumbnailUrl":"https:\/\/elcardinal.com\/wp-content\/uploads\/2026\/08\/Sesion-04.08.2026-Permanente-20.jpg","articleSection":["Hidalgo","Minuto a Minuto","Pol\u00edtica"],"inLanguage":"es","potentialAction":[{"@type":"CommentAction","name":"Comment","target":["https:\/\/elcardinal.com\/?p=6692#respond"]}]},{"@type":"WebPage","@id":"https:\/\/elcardinal.com\/?p=6692","url":"https:\/\/elcardinal.com\/?p=6692","name":"Diputado propone fortalecer la pol\u00edtica ambiental con enfoque de bienestar y desarrollo sustentable - El Cardinal","isPartOf":{"@id":"https:\/\/elcardinal.com\/#website"},"primaryImageOfPage":{"@id":"https:\/\/elcardinal.com\/?p=6692#primaryimage"},"image":{"@id":"https:\/\/elcardinal.com\/?p=6692#primaryimage"},"thumbnailUrl":"https:\/\/elcardinal.com\/wp-content\/uploads\/2026\/08\/Sesion-04.08.2026-Permanente-20.jpg","datePublished":"2026-08-05T03:22:09+00:00","breadcrumb":{"@id":"https:\/\/elcardinal.com\/?p=6692#breadcrumb"},"inLanguage":"es","potentialAction":[{"@type":"ReadAction","target":["https:\/\/elcardinal.com\/?p=6692"]}]},{"@type":"ImageObject","inLanguage":"es","@id":"https:\/\/elcardinal.com\/?p=6692#primaryimage","url":"https:\/\/elcardinal.com\/wp-content\/uploads\/2026\/08\/Sesion-04.08.2026-Permanente-20.jpg","contentUrl":"https:\/\/elcardinal.com\/wp-content\/uploads\/2026\/08\/Sesion-04.08.2026-Permanente-20.jpg","width":2400,"height":1600},{"@type":"BreadcrumbList","@id":"https:\/\/elcardinal.com\/?p=6692#breadcrumb","itemListElement":[{"@type":"ListItem","position":1,"name":"Inicio","item":"https:\/\/elcardinal.com\/"},{"@type":"ListItem","position":2,"name":"Diputado propone fortalecer la pol\u00edtica ambiental con enfoque de bienestar y desarrollo sustentable"}]},{"@type":"WebSite","@id":"https:\/\/elcardinal.com\/#website","url":"https:\/\/elcardinal.com\/","name":"El Cardinal","description":"Periodismo honesto, con valor, sentido humano, a veces sarc\u00e1stico y divertido.","publisher":{"@id":"https:\/\/elcardinal.com\/#organization"},"alternateName":"El Cardinal Noticias","potentialAction":[{"@type":"SearchAction","target":{"@type":"EntryPoint","urlTemplate":"https:\/\/elcardinal.com\/?s={search_term_string}"},"query-input":{"@type":"PropertyValueSpecification","valueRequired":true,"valueName":"search_term_string"}}],"inLanguage":"es"},{"@type":"Organization","@id":"https:\/\/elcardinal.com\/#organization","name":"El Cardinal","url":"https:\/\/elcardinal.com\/","logo":{"@type":"ImageObject","inLanguage":"es","@id":"https:\/\/elcardinal.com\/#\/schema\/logo\/image\/","url":"https:\/\/elcardinal.com\/wp-content\/uploads\/2025\/04\/LOGO-EL-CARDINAL-Periodismo-con-valor.png","contentUrl":"https:\/\/elcardinal.com\/wp-content\/uploads\/2025\/04\/LOGO-EL-CARDINAL-Periodismo-con-valor.png","width":755,"height":636,"caption":"El Cardinal"},"image":{"@id":"https:\/\/elcardinal.com\/#\/schema\/logo\/image\/"},"sameAs":["https:\/\/www.facebook.com\/profile.php?id=100063093107011","https:\/\/x.com\/ElCardinal_Mx"]},{"@type":"Person","@id":"https:\/\/elcardinal.com\/#\/schema\/person\/3c352ec0a33987fe275c0e8a2ea69f8b","name":"Antonio Alcaraz","image":{"@type":"ImageObject","inLanguage":"es","@id":"https:\/\/elcardinal.com\/wp-content\/uploads\/2025\/05\/cropped-TONO-96x96.jpg","url":"https:\/\/elcardinal.com\/wp-content\/uploads\/2025\/05\/cropped-TONO-96x96.jpg","contentUrl":"https:\/\/elcardinal.com\/wp-content\/uploads\/2025\/05\/cropped-TONO-96x96.jpg","caption":"Antonio Alcaraz"},"url":"https:\/\/elcardinal.com\/?author=2"}]}},"_links":{"self":[{"href":"https:\/\/elcardinal.com\/index.php?rest_route=\/wp\/v2\/posts\/6692","targetHints":{"allow":["GET"]}}],"collection":[{"href":"https:\/\/elcardinal.com\/index.php?rest_route=\/wp\/v2\/posts"}],"about":[{"href":"https:\/\/elcardinal.com\/index.php?rest_route=\/wp\/v2\/types\/post"}],"author":[{"embeddable":true,"href":"https:\/\/elcardinal.com\/index.php?rest_route=\/wp\/v2\/users\/2"}],"replies":[{"embeddable":true,"href":"https:\/\/elcardinal.com\/index.php?rest_route=%2Fwp%2Fv2%2Fcomments&post=6692"}],"version-history":[{"count":1,"href":"https:\/\/elcardinal.com\/index.php?rest_route=\/wp\/v2\/posts\/6692\/revisions"}],"predecessor-version":[{"id":6694,"href":"https:\/\/elcardinal.com\/index.php?rest_route=\/wp\/v2\/posts\/6692\/revisions\/6694"}],"wp:featuredmedia":[{"embeddable":true,"href":"https:\/\/elcardinal.com\/index.php?rest_route=\/wp\/v2\/media\/6693"}],"wp:attachment":[{"href":"https:\/\/elcardinal.com\/index.php?rest_route=%2Fwp%2Fv2%2Fmedia&parent=6692"}],"wp:term":[{"taxonomy":"category","embeddable":true,"href":"https:\/\/elcardinal.com\/index.php?rest_route=%2Fwp%2Fv2%2Fcategories&post=6692"},{"taxonomy":"post_tag","embeddable":true,"href":"https:\/\/elcardinal.com\/index.php?rest_route=%2Fwp%2Fv2%2Ftags&post=6692"}],"curies":[{"name":"wp","href":"https:\/\/api.w.org\/{rel}","templated":true}]}}