{"id":6702,"date":"2026-08-05T14:54:58","date_gmt":"2026-08-05T20:54:58","guid":{"rendered":"https:\/\/elcardinal.com\/?p=6702"},"modified":"2026-08-05T14:54:58","modified_gmt":"2026-08-05T20:54:58","slug":"soy-esa-que-camina","status":"publish","type":"post","link":"https:\/\/elcardinal.com\/?p=6702","title":{"rendered":"Soy esa que camina."},"content":{"rendered":"<p>Por: <strong>Tania Mart\u00ednez Su\u00e1rez<\/strong><\/p>\n<p>Tengo 6 a\u00f1os y un color rojo encarnado atraviesa mis p\u00e1rpados , he pensado que as\u00ed desde dentro del vientre materno,\u00a0 voy tomada de la mano de mi pap\u00e1\u00a0 y camino despacio, con la otra mano voy tocando las paredes, las diferente texturas de las fachadas, los arbustos, !auch, los nopales!\u00a0 siento\u00a0 el aire danzando suavemente en mis mejillas, el sol afanoso, imagino la calle entre burbujas de jab\u00f3n, y estoy en presencia de un\u00a0 di\u00e1logo interminable, los sonidos del rededor se corresponden, un gallo le contesta al afilador y parece que\u00a0 aquel claxon sigue el griterio de los ni\u00f1os en la escuela\u2026 -\u00a1Otra vez Tania, abre los ojos, apurate, se hace tarde!<\/p>\n<p>Hay d\u00edas que puedo recordar perfectamente mi ni\u00f1ez, como si en cualquier momento\u00a0 mi abuela me recibiera en la cocina con un jarro de arroz con leche, y su regazo dispuesto, no hab\u00eda mejor lugar en el mundo que ese, contenido en sus brazos. Puedo sentir el ambiente de esa habitaci\u00f3n, la resolana haciendo camino sobre las paredes de tabique rojo, a\u00fan no se a donde va. En su jard\u00edn lleno de plantas le platicaba a las flores, dec\u00eda cosas que no pronunciar\u00eda de otra forma. Recorrer con ella el mercado, el libramiento que delimitaba el lugar del gis y ahora ha quedado rebasado, como todo en ese lugar y como todos nosotros.<\/p>\n<p>Me veo corriendo de prisa para llegar a la primaria, y puedo sentir el golpe que me llev\u00e9 en las rodillas y el estruendo del molde de vidrio tra\u00eda en las manos, en el centro de las piernas me nacieron dos moretones y me quede sin gelatina para el convivio. Veo las fotos de una peque\u00f1a versi\u00f3n de mi, que cab\u00eda en esa ventana de la cocina, ahora solo mi cara se asoma, pero hubo un d\u00eda que yo entera posaba para las fotograf\u00edas cuando mis pap\u00e1s constru\u00edan la casa.<\/p>\n<p>A veces viene a mi el olor al campo, puedo ver a mis primos corriendo por la calle que por primera vez conoci\u00f3 el pavimento. Veo el cielo aborregado y a mi abuelo anotando sus caba\u00f1uelas. Hay d\u00edas en los que los recuerdos son tan n\u00edtidos, que creo que tengo 8 a\u00f1os, tengo 12, tengo 15 y lo \u00fanico que quiero es estar sola, en ese estrecho cuarto que llen\u00e9 de poemas y selvas violetas. Tengo 20 y viajo sola, aparezco en lugares extra\u00f1os, me fascino con la vida y sus contradicciones, me arrojo al vac\u00edo una, otra\u2026 otra vez, y aprendo a volar entre las letras. Voy fotografiando el cielo, quiz\u00e1 esperando ver ah\u00ed a mi mam\u00e1.<\/p>\n<p>Abrazo mis 30, mi pancita de embarazada y como me convert\u00ed en un oc\u00e9ano que albergaba la vida, literalmente a Vida. Abrazo a mi yo de entonces, tan autoexigente; la maternidad es maravillosa y desesperante en la misma proporci\u00f3n, paciencia, ternura, mucha voluntad, amor, empat\u00eda, vira hacia ti Tania, en primera instancia. Toma un tiempo para respirar, no permitas que el caf\u00e9 se enfr\u00ede. Haz una pausa. Descansa. Vertiginoso ritmo, a veces no me ve\u00eda, no me reconoc\u00eda.<\/p>\n<p>Estoy caminando por la ciudad, cumplo 41 a\u00f1os, y mi principal objetivo es disfrutar, estoy extasiada con el devenir de la existencia, el hecho mismo de poder observar el acontecer humano. Soy una pez, en realidad dos, soy piscis, mirando a un lado y al otro. Soy un ave de ciudad que extra\u00f1a los amaneceres nublados entre maizales.\u00a0 Soy una nube o el espacio donde antes corr\u00eda un r\u00edo. Soy un mapa. Soy una l\u00ednea. Todav\u00eda cierro los ojos por un momento para que el sonido me hable. Este mirador me ofrece una perspectiva espectacular, la contemplaci\u00f3n me hermana con el mundo, y yo vine a la tierra a experimentar la belleza, a diluirme en el paso del tiempo.<\/p>\n","protected":false},"excerpt":{"rendered":"<p>Por: Tania Mart\u00ednez Su\u00e1rez Tengo 6 a\u00f1os y un color rojo encarnado atraviesa mis p\u00e1rpados , he pensado que as\u00ed desde dentro del vientre materno,\u00a0 voy tomada de la mano de mi pap\u00e1\u00a0 y camino despacio, con la otra mano voy tocando las paredes, las diferente texturas de las fachadas, los arbustos, !auch, los nopales!\u00a0<\/p>\n","protected":false},"author":2,"featured_media":5972,"comment_status":"open","ping_status":"open","sticky":false,"template":"","format":"standard","meta":{"footnotes":""},"categories":[31,44,35],"tags":[],"class_list":["post-6702","post","type-post","status-publish","format-standard","has-post-thumbnail","category-hidalgo","category-minuto-a-minuto","category-opinion"],"yoast_head":"<!-- This site is optimized with the Yoast SEO plugin v28.0 - https:\/\/yoast.com\/product\/yoast-seo-wordpress\/ -->\n<title>Soy esa que camina. - El Cardinal<\/title>\n<meta name=\"robots\" content=\"index, follow, max-snippet:-1, max-image-preview:large, max-video-preview:-1\" \/>\n<link rel=\"canonical\" href=\"https:\/\/elcardinal.com\/?p=6702\" \/>\n<meta property=\"og:locale\" content=\"es_MX\" \/>\n<meta property=\"og:type\" content=\"article\" \/>\n<meta property=\"og:title\" content=\"Soy esa que camina. - El Cardinal\" \/>\n<meta property=\"og:description\" content=\"Por: Tania Mart\u00ednez Su\u00e1rez Tengo 6 a\u00f1os y un color rojo encarnado atraviesa mis p\u00e1rpados , he pensado que as\u00ed desde dentro del vientre materno,\u00a0 voy tomada de la mano de mi pap\u00e1\u00a0 y camino despacio, con la otra mano voy tocando las paredes, las diferente texturas de las fachadas, los arbustos, !auch, los nopales!\u00a0\" \/>\n<meta property=\"og:url\" content=\"https:\/\/elcardinal.com\/?p=6702\" \/>\n<meta property=\"og:site_name\" content=\"El Cardinal\" \/>\n<meta property=\"article:publisher\" content=\"https:\/\/www.facebook.com\/profile.php?id=100063093107011\" \/>\n<meta property=\"article:published_time\" content=\"2026-08-05T20:54:58+00:00\" \/>\n<meta property=\"og:image\" content=\"https:\/\/elcardinal.com\/wp-content\/uploads\/2026\/05\/IMG-20260531-WA0126.jpg\" \/>\n\t<meta property=\"og:image:width\" content=\"1080\" \/>\n\t<meta property=\"og:image:height\" content=\"810\" \/>\n\t<meta property=\"og:image:type\" content=\"image\/jpeg\" \/>\n<meta name=\"author\" content=\"Antonio Alcaraz\" \/>\n<meta name=\"twitter:card\" content=\"summary_large_image\" \/>\n<meta name=\"twitter:creator\" content=\"@ElCardinal_Mx\" \/>\n<meta name=\"twitter:site\" content=\"@ElCardinal_Mx\" \/>\n<meta name=\"twitter:label1\" content=\"Escrito por\" \/>\n\t<meta name=\"twitter:data1\" content=\"Antonio Alcaraz\" \/>\n\t<meta name=\"twitter:label2\" content=\"Tiempo de lectura\" \/>\n\t<meta name=\"twitter:data2\" content=\"3 minutos\" \/>\n<script type=\"application\/ld+json\" class=\"yoast-schema-graph\">{\"@context\":\"https:\\\/\\\/schema.org\",\"@graph\":[{\"@type\":\"Article\",\"@id\":\"https:\\\/\\\/elcardinal.com\\\/?p=6702#article\",\"isPartOf\":{\"@id\":\"https:\\\/\\\/elcardinal.com\\\/?p=6702\"},\"author\":{\"name\":\"Antonio Alcaraz\",\"@id\":\"https:\\\/\\\/elcardinal.com\\\/#\\\/schema\\\/person\\\/3c352ec0a33987fe275c0e8a2ea69f8b\"},\"headline\":\"Soy esa que camina.\",\"datePublished\":\"2026-08-05T20:54:58+00:00\",\"mainEntityOfPage\":{\"@id\":\"https:\\\/\\\/elcardinal.com\\\/?p=6702\"},\"wordCount\":674,\"commentCount\":0,\"publisher\":{\"@id\":\"https:\\\/\\\/elcardinal.com\\\/#organization\"},\"image\":{\"@id\":\"https:\\\/\\\/elcardinal.com\\\/?p=6702#primaryimage\"},\"thumbnailUrl\":\"https:\\\/\\\/elcardinal.com\\\/wp-content\\\/uploads\\\/2026\\\/05\\\/IMG-20260531-WA0126.jpg\",\"articleSection\":[\"Hidalgo\",\"Minuto a Minuto\",\"Opini\u00f3n\"],\"inLanguage\":\"es\",\"potentialAction\":[{\"@type\":\"CommentAction\",\"name\":\"Comment\",\"target\":[\"https:\\\/\\\/elcardinal.com\\\/?p=6702#respond\"]}]},{\"@type\":\"WebPage\",\"@id\":\"https:\\\/\\\/elcardinal.com\\\/?p=6702\",\"url\":\"https:\\\/\\\/elcardinal.com\\\/?p=6702\",\"name\":\"Soy esa que camina. - El Cardinal\",\"isPartOf\":{\"@id\":\"https:\\\/\\\/elcardinal.com\\\/#website\"},\"primaryImageOfPage\":{\"@id\":\"https:\\\/\\\/elcardinal.com\\\/?p=6702#primaryimage\"},\"image\":{\"@id\":\"https:\\\/\\\/elcardinal.com\\\/?p=6702#primaryimage\"},\"thumbnailUrl\":\"https:\\\/\\\/elcardinal.com\\\/wp-content\\\/uploads\\\/2026\\\/05\\\/IMG-20260531-WA0126.jpg\",\"datePublished\":\"2026-08-05T20:54:58+00:00\",\"breadcrumb\":{\"@id\":\"https:\\\/\\\/elcardinal.com\\\/?p=6702#breadcrumb\"},\"inLanguage\":\"es\",\"potentialAction\":[{\"@type\":\"ReadAction\",\"target\":[\"https:\\\/\\\/elcardinal.com\\\/?p=6702\"]}]},{\"@type\":\"ImageObject\",\"inLanguage\":\"es\",\"@id\":\"https:\\\/\\\/elcardinal.com\\\/?p=6702#primaryimage\",\"url\":\"https:\\\/\\\/elcardinal.com\\\/wp-content\\\/uploads\\\/2026\\\/05\\\/IMG-20260531-WA0126.jpg\",\"contentUrl\":\"https:\\\/\\\/elcardinal.com\\\/wp-content\\\/uploads\\\/2026\\\/05\\\/IMG-20260531-WA0126.jpg\",\"width\":1080,\"height\":810},{\"@type\":\"BreadcrumbList\",\"@id\":\"https:\\\/\\\/elcardinal.com\\\/?p=6702#breadcrumb\",\"itemListElement\":[{\"@type\":\"ListItem\",\"position\":1,\"name\":\"Inicio\",\"item\":\"https:\\\/\\\/elcardinal.com\\\/\"},{\"@type\":\"ListItem\",\"position\":2,\"name\":\"Soy esa que camina.\"}]},{\"@type\":\"WebSite\",\"@id\":\"https:\\\/\\\/elcardinal.com\\\/#website\",\"url\":\"https:\\\/\\\/elcardinal.com\\\/\",\"name\":\"El Cardinal\",\"description\":\"Periodismo honesto, con valor, sentido humano, a veces sarc\u00e1stico y divertido.\",\"publisher\":{\"@id\":\"https:\\\/\\\/elcardinal.com\\\/#organization\"},\"alternateName\":\"El Cardinal Noticias\",\"potentialAction\":[{\"@type\":\"SearchAction\",\"target\":{\"@type\":\"EntryPoint\",\"urlTemplate\":\"https:\\\/\\\/elcardinal.com\\\/?s={search_term_string}\"},\"query-input\":{\"@type\":\"PropertyValueSpecification\",\"valueRequired\":true,\"valueName\":\"search_term_string\"}}],\"inLanguage\":\"es\"},{\"@type\":\"Organization\",\"@id\":\"https:\\\/\\\/elcardinal.com\\\/#organization\",\"name\":\"El Cardinal\",\"url\":\"https:\\\/\\\/elcardinal.com\\\/\",\"logo\":{\"@type\":\"ImageObject\",\"inLanguage\":\"es\",\"@id\":\"https:\\\/\\\/elcardinal.com\\\/#\\\/schema\\\/logo\\\/image\\\/\",\"url\":\"https:\\\/\\\/elcardinal.com\\\/wp-content\\\/uploads\\\/2025\\\/04\\\/LOGO-EL-CARDINAL-Periodismo-con-valor.png\",\"contentUrl\":\"https:\\\/\\\/elcardinal.com\\\/wp-content\\\/uploads\\\/2025\\\/04\\\/LOGO-EL-CARDINAL-Periodismo-con-valor.png\",\"width\":755,\"height\":636,\"caption\":\"El Cardinal\"},\"image\":{\"@id\":\"https:\\\/\\\/elcardinal.com\\\/#\\\/schema\\\/logo\\\/image\\\/\"},\"sameAs\":[\"https:\\\/\\\/www.facebook.com\\\/profile.php?id=100063093107011\",\"https:\\\/\\\/x.com\\\/ElCardinal_Mx\"]},{\"@type\":\"Person\",\"@id\":\"https:\\\/\\\/elcardinal.com\\\/#\\\/schema\\\/person\\\/3c352ec0a33987fe275c0e8a2ea69f8b\",\"name\":\"Antonio Alcaraz\",\"image\":{\"@type\":\"ImageObject\",\"inLanguage\":\"es\",\"@id\":\"https:\\\/\\\/elcardinal.com\\\/wp-content\\\/uploads\\\/2025\\\/05\\\/cropped-TONO-96x96.jpg\",\"url\":\"https:\\\/\\\/elcardinal.com\\\/wp-content\\\/uploads\\\/2025\\\/05\\\/cropped-TONO-96x96.jpg\",\"contentUrl\":\"https:\\\/\\\/elcardinal.com\\\/wp-content\\\/uploads\\\/2025\\\/05\\\/cropped-TONO-96x96.jpg\",\"caption\":\"Antonio Alcaraz\"},\"url\":\"https:\\\/\\\/elcardinal.com\\\/?author=2\"}]}<\/script>\n<!-- \/ Yoast SEO plugin. -->","yoast_head_json":{"title":"Soy esa que camina. - El Cardinal","robots":{"index":"index","follow":"follow","max-snippet":"max-snippet:-1","max-image-preview":"max-image-preview:large","max-video-preview":"max-video-preview:-1"},"canonical":"https:\/\/elcardinal.com\/?p=6702","og_locale":"es_MX","og_type":"article","og_title":"Soy esa que camina. - El Cardinal","og_description":"Por: Tania Mart\u00ednez Su\u00e1rez Tengo 6 a\u00f1os y un color rojo encarnado atraviesa mis p\u00e1rpados , he pensado que as\u00ed desde dentro del vientre materno,\u00a0 voy tomada de la mano de mi pap\u00e1\u00a0 y camino despacio, con la otra mano voy tocando las paredes, las diferente texturas de las fachadas, los arbustos, !auch, los nopales!\u00a0","og_url":"https:\/\/elcardinal.com\/?p=6702","og_site_name":"El Cardinal","article_publisher":"https:\/\/www.facebook.com\/profile.php?id=100063093107011","article_published_time":"2026-08-05T20:54:58+00:00","og_image":[{"width":1080,"height":810,"url":"https:\/\/elcardinal.com\/wp-content\/uploads\/2026\/05\/IMG-20260531-WA0126.jpg","type":"image\/jpeg"}],"author":"Antonio Alcaraz","twitter_card":"summary_large_image","twitter_creator":"@ElCardinal_Mx","twitter_site":"@ElCardinal_Mx","twitter_misc":{"Escrito por":"Antonio Alcaraz","Tiempo de lectura":"3 minutos"},"schema":{"@context":"https:\/\/schema.org","@graph":[{"@type":"Article","@id":"https:\/\/elcardinal.com\/?p=6702#article","isPartOf":{"@id":"https:\/\/elcardinal.com\/?p=6702"},"author":{"name":"Antonio Alcaraz","@id":"https:\/\/elcardinal.com\/#\/schema\/person\/3c352ec0a33987fe275c0e8a2ea69f8b"},"headline":"Soy esa que camina.","datePublished":"2026-08-05T20:54:58+00:00","mainEntityOfPage":{"@id":"https:\/\/elcardinal.com\/?p=6702"},"wordCount":674,"commentCount":0,"publisher":{"@id":"https:\/\/elcardinal.com\/#organization"},"image":{"@id":"https:\/\/elcardinal.com\/?p=6702#primaryimage"},"thumbnailUrl":"https:\/\/elcardinal.com\/wp-content\/uploads\/2026\/05\/IMG-20260531-WA0126.jpg","articleSection":["Hidalgo","Minuto a Minuto","Opini\u00f3n"],"inLanguage":"es","potentialAction":[{"@type":"CommentAction","name":"Comment","target":["https:\/\/elcardinal.com\/?p=6702#respond"]}]},{"@type":"WebPage","@id":"https:\/\/elcardinal.com\/?p=6702","url":"https:\/\/elcardinal.com\/?p=6702","name":"Soy esa que camina. - El Cardinal","isPartOf":{"@id":"https:\/\/elcardinal.com\/#website"},"primaryImageOfPage":{"@id":"https:\/\/elcardinal.com\/?p=6702#primaryimage"},"image":{"@id":"https:\/\/elcardinal.com\/?p=6702#primaryimage"},"thumbnailUrl":"https:\/\/elcardinal.com\/wp-content\/uploads\/2026\/05\/IMG-20260531-WA0126.jpg","datePublished":"2026-08-05T20:54:58+00:00","breadcrumb":{"@id":"https:\/\/elcardinal.com\/?p=6702#breadcrumb"},"inLanguage":"es","potentialAction":[{"@type":"ReadAction","target":["https:\/\/elcardinal.com\/?p=6702"]}]},{"@type":"ImageObject","inLanguage":"es","@id":"https:\/\/elcardinal.com\/?p=6702#primaryimage","url":"https:\/\/elcardinal.com\/wp-content\/uploads\/2026\/05\/IMG-20260531-WA0126.jpg","contentUrl":"https:\/\/elcardinal.com\/wp-content\/uploads\/2026\/05\/IMG-20260531-WA0126.jpg","width":1080,"height":810},{"@type":"BreadcrumbList","@id":"https:\/\/elcardinal.com\/?p=6702#breadcrumb","itemListElement":[{"@type":"ListItem","position":1,"name":"Inicio","item":"https:\/\/elcardinal.com\/"},{"@type":"ListItem","position":2,"name":"Soy esa que camina."}]},{"@type":"WebSite","@id":"https:\/\/elcardinal.com\/#website","url":"https:\/\/elcardinal.com\/","name":"El Cardinal","description":"Periodismo honesto, con valor, sentido humano, a veces sarc\u00e1stico y divertido.","publisher":{"@id":"https:\/\/elcardinal.com\/#organization"},"alternateName":"El Cardinal Noticias","potentialAction":[{"@type":"SearchAction","target":{"@type":"EntryPoint","urlTemplate":"https:\/\/elcardinal.com\/?s={search_term_string}"},"query-input":{"@type":"PropertyValueSpecification","valueRequired":true,"valueName":"search_term_string"}}],"inLanguage":"es"},{"@type":"Organization","@id":"https:\/\/elcardinal.com\/#organization","name":"El Cardinal","url":"https:\/\/elcardinal.com\/","logo":{"@type":"ImageObject","inLanguage":"es","@id":"https:\/\/elcardinal.com\/#\/schema\/logo\/image\/","url":"https:\/\/elcardinal.com\/wp-content\/uploads\/2025\/04\/LOGO-EL-CARDINAL-Periodismo-con-valor.png","contentUrl":"https:\/\/elcardinal.com\/wp-content\/uploads\/2025\/04\/LOGO-EL-CARDINAL-Periodismo-con-valor.png","width":755,"height":636,"caption":"El Cardinal"},"image":{"@id":"https:\/\/elcardinal.com\/#\/schema\/logo\/image\/"},"sameAs":["https:\/\/www.facebook.com\/profile.php?id=100063093107011","https:\/\/x.com\/ElCardinal_Mx"]},{"@type":"Person","@id":"https:\/\/elcardinal.com\/#\/schema\/person\/3c352ec0a33987fe275c0e8a2ea69f8b","name":"Antonio Alcaraz","image":{"@type":"ImageObject","inLanguage":"es","@id":"https:\/\/elcardinal.com\/wp-content\/uploads\/2025\/05\/cropped-TONO-96x96.jpg","url":"https:\/\/elcardinal.com\/wp-content\/uploads\/2025\/05\/cropped-TONO-96x96.jpg","contentUrl":"https:\/\/elcardinal.com\/wp-content\/uploads\/2025\/05\/cropped-TONO-96x96.jpg","caption":"Antonio Alcaraz"},"url":"https:\/\/elcardinal.com\/?author=2"}]}},"_links":{"self":[{"href":"https:\/\/elcardinal.com\/index.php?rest_route=\/wp\/v2\/posts\/6702","targetHints":{"allow":["GET"]}}],"collection":[{"href":"https:\/\/elcardinal.com\/index.php?rest_route=\/wp\/v2\/posts"}],"about":[{"href":"https:\/\/elcardinal.com\/index.php?rest_route=\/wp\/v2\/types\/post"}],"author":[{"embeddable":true,"href":"https:\/\/elcardinal.com\/index.php?rest_route=\/wp\/v2\/users\/2"}],"replies":[{"embeddable":true,"href":"https:\/\/elcardinal.com\/index.php?rest_route=%2Fwp%2Fv2%2Fcomments&post=6702"}],"version-history":[{"count":1,"href":"https:\/\/elcardinal.com\/index.php?rest_route=\/wp\/v2\/posts\/6702\/revisions"}],"predecessor-version":[{"id":6703,"href":"https:\/\/elcardinal.com\/index.php?rest_route=\/wp\/v2\/posts\/6702\/revisions\/6703"}],"wp:featuredmedia":[{"embeddable":true,"href":"https:\/\/elcardinal.com\/index.php?rest_route=\/wp\/v2\/media\/5972"}],"wp:attachment":[{"href":"https:\/\/elcardinal.com\/index.php?rest_route=%2Fwp%2Fv2%2Fmedia&parent=6702"}],"wp:term":[{"taxonomy":"category","embeddable":true,"href":"https:\/\/elcardinal.com\/index.php?rest_route=%2Fwp%2Fv2%2Fcategories&post=6702"},{"taxonomy":"post_tag","embeddable":true,"href":"https:\/\/elcardinal.com\/index.php?rest_route=%2Fwp%2Fv2%2Ftags&post=6702"}],"curies":[{"name":"wp","href":"https:\/\/api.w.org\/{rel}","templated":true}]}}