{"id":6704,"date":"2026-08-05T18:19:59","date_gmt":"2026-08-06T00:19:59","guid":{"rendered":"https:\/\/elcardinal.com\/?p=6704"},"modified":"2026-08-05T18:19:59","modified_gmt":"2026-08-06T00:19:59","slug":"hidalgo-ocupa-el-primer-lugar-nacional-en-crecimiento-del-fondo-general-de-participaciones","status":"publish","type":"post","link":"https:\/\/elcardinal.com\/?p=6704","title":{"rendered":"Hidalgo ocupa el primer lugar nacional en crecimiento del Fondo General de Participaciones"},"content":{"rendered":"<p>Redacci\u00f3n<\/p>\n<p><span style=\"font-weight: 400;\">El pasado 30 de julio, la Secretar\u00eda de Hacienda y Cr\u00e9dito P\u00fablico (SHCP) envi\u00f3 al Congreso de la Uni\u00f3n el <\/span><i><span style=\"font-weight: 400;\">Informe sobre la Situaci\u00f3n Econ\u00f3mica, las Finanzas P\u00fablicas y la Deuda P\u00fablica<\/span><\/i><span style=\"font-weight: 400;\"> correspondiente al segundo semestre de 2026. En dicho documento se destaca que <\/span><b>Hidalgo ocupa el primer lugar nacional en crecimiento de los recursos vinculados al Fondo General de Participaciones (FGP), con un incremento del 8%, <\/b><span style=\"font-weight: 400;\">siendo una de las ocho entidades federativas con resultados positivos en el periodo.<\/span><\/p>\n<p><span style=\"font-weight: 400;\">Durante la administraci\u00f3n del Licenciado Julio Menchaca Salazar, Hidalgo ha registrado un crecimiento del <\/span><b>40%<\/b><span style=\"font-weight: 400;\"> en los recursos vinculados al Fondo General de Participaciones, cifra superior al 25% alcanzado en la administraci\u00f3n anterior.<\/span><\/p>\n<p><img fetchpriority=\"high\" decoding=\"async\" class=\"wp-image-6705 aligncenter\" src=\"https:\/\/elcardinal.com\/wp-content\/uploads\/2026\/08\/Screenshot_3-300x119.jpg\" alt=\"\" width=\"398\" height=\"158\" srcset=\"https:\/\/elcardinal.com\/wp-content\/uploads\/2026\/08\/Screenshot_3-300x119.jpg 300w, https:\/\/elcardinal.com\/wp-content\/uploads\/2026\/08\/Screenshot_3-1024x407.jpg 1024w, https:\/\/elcardinal.com\/wp-content\/uploads\/2026\/08\/Screenshot_3-768x305.jpg 768w, https:\/\/elcardinal.com\/wp-content\/uploads\/2026\/08\/Screenshot_3-150x60.jpg 150w, https:\/\/elcardinal.com\/wp-content\/uploads\/2026\/08\/Screenshot_3-450x179.jpg 450w, https:\/\/elcardinal.com\/wp-content\/uploads\/2026\/08\/Screenshot_3.jpg 1069w\" sizes=\"(max-width: 398px) 100vw, 398px\" \/><\/p>\n<p><span style=\"font-weight: 400;\">*El ejercicio 2026 corresponde al monto estimado en la Ley de Ingresos 2026<\/span><\/p>\n<p><span style=\"font-weight: 400;\">Lo anterior es resultado del fortalecimiento de los ingresos propios, mismos que han crecido un 96% en cuatro a\u00f1os, al pasar de 4,916 millones de pesos en 2021 a m\u00e1s de 9,636 millones en 2025. Destacando el incremento de la recaudaci\u00f3n del Impuesto sobre N\u00f3mina en comparaci\u00f3n con el ejercicio 2021, que aument\u00f3 de 1,426 millones de pesos a 2,961 millones al cierre del ejercicio 2025.\u00a0<\/span><\/p>\n<p><span style=\"font-weight: 400;\">Estos avances han sido reconocidos por el Servicio de Administraci\u00f3n Tributaria, al ubicar a Hidalgo en el primer lugar nacional en el Tablero Global de Eficiencia Recaudatoria, as\u00ed como por las agencias calificadoras Fitch Ratings, Moody\u2019s Local, HR Ratings y S&amp;P Global.<\/span><\/p>\n<p><span style=\"font-weight: 400;\">Es importante destacar que a estas cifras se suma el trabajo coordinado con los municipios, a trav\u00e9s de la vinculaci\u00f3n para la fiscalizaci\u00f3n por medio de Convenios de Colaboraci\u00f3n y la capacitaci\u00f3n constante, quienes han logrado incrementar de forma importante la recaudaci\u00f3n del Impuesto Predial y los Derechos por Suministro de Agua, cifras consideradas como parte de la f\u00f3rmula para el calculo de la distribuci\u00f3n de las participaciones federales. <\/span><\/p>\n","protected":false},"excerpt":{"rendered":"<p>Redacci\u00f3n El pasado 30 de julio, la Secretar\u00eda de Hacienda y Cr\u00e9dito P\u00fablico (SHCP) envi\u00f3 al Congreso de la Uni\u00f3n el Informe sobre la Situaci\u00f3n Econ\u00f3mica, las Finanzas P\u00fablicas y la Deuda P\u00fablica correspondiente al segundo semestre de 2026. En dicho documento se destaca que Hidalgo ocupa el primer lugar nacional en crecimiento de los<\/p>\n","protected":false},"author":2,"featured_media":6706,"comment_status":"open","ping_status":"open","sticky":false,"template":"","format":"standard","meta":{"footnotes":""},"categories":[31,34,44],"tags":[],"class_list":["post-6704","post","type-post","status-publish","format-standard","has-post-thumbnail","category-hidalgo","category-mexico","category-minuto-a-minuto"],"yoast_head":"<!-- This site is optimized with the Yoast SEO plugin v28.0 - https:\/\/yoast.com\/product\/yoast-seo-wordpress\/ -->\n<title>Hidalgo ocupa el primer lugar nacional en crecimiento del Fondo General de Participaciones - El Cardinal<\/title>\n<meta name=\"robots\" content=\"index, follow, max-snippet:-1, max-image-preview:large, max-video-preview:-1\" \/>\n<link rel=\"canonical\" href=\"https:\/\/elcardinal.com\/?p=6704\" \/>\n<meta property=\"og:locale\" content=\"es_MX\" \/>\n<meta property=\"og:type\" content=\"article\" \/>\n<meta property=\"og:title\" content=\"Hidalgo ocupa el primer lugar nacional en crecimiento del Fondo General de Participaciones - El Cardinal\" \/>\n<meta property=\"og:description\" content=\"Redacci\u00f3n El pasado 30 de julio, la Secretar\u00eda de Hacienda y Cr\u00e9dito P\u00fablico (SHCP) envi\u00f3 al Congreso de la Uni\u00f3n el Informe sobre la Situaci\u00f3n Econ\u00f3mica, las Finanzas P\u00fablicas y la Deuda P\u00fablica correspondiente al segundo semestre de 2026. En dicho documento se destaca que Hidalgo ocupa el primer lugar nacional en crecimiento de los\" \/>\n<meta property=\"og:url\" content=\"https:\/\/elcardinal.com\/?p=6704\" \/>\n<meta property=\"og:site_name\" content=\"El Cardinal\" \/>\n<meta property=\"article:publisher\" content=\"https:\/\/www.facebook.com\/profile.php?id=100063093107011\" \/>\n<meta property=\"article:published_time\" content=\"2026-08-06T00:19:59+00:00\" \/>\n<meta property=\"og:image\" content=\"https:\/\/elcardinal.com\/wp-content\/uploads\/2026\/08\/HACIENDA-Reunion-de-trabajo-del-Gobernador-Julio-Menchaca-Salazar-Secretaria-Esther-Ramirez-Vargas-1.jpeg\" \/>\n\t<meta property=\"og:image:width\" content=\"1600\" \/>\n\t<meta property=\"og:image:height\" content=\"952\" \/>\n\t<meta property=\"og:image:type\" content=\"image\/jpeg\" \/>\n<meta name=\"author\" content=\"Antonio Alcaraz\" \/>\n<meta name=\"twitter:card\" content=\"summary_large_image\" \/>\n<meta name=\"twitter:creator\" content=\"@ElCardinal_Mx\" \/>\n<meta name=\"twitter:site\" content=\"@ElCardinal_Mx\" \/>\n<meta name=\"twitter:label1\" content=\"Escrito por\" \/>\n\t<meta name=\"twitter:data1\" content=\"Antonio Alcaraz\" \/>\n\t<meta name=\"twitter:label2\" content=\"Tiempo de lectura\" \/>\n\t<meta name=\"twitter:data2\" content=\"2 minutos\" \/>\n<script type=\"application\/ld+json\" class=\"yoast-schema-graph\">{\"@context\":\"https:\\\/\\\/schema.org\",\"@graph\":[{\"@type\":\"Article\",\"@id\":\"https:\\\/\\\/elcardinal.com\\\/?p=6704#article\",\"isPartOf\":{\"@id\":\"https:\\\/\\\/elcardinal.com\\\/?p=6704\"},\"author\":{\"name\":\"Antonio Alcaraz\",\"@id\":\"https:\\\/\\\/elcardinal.com\\\/#\\\/schema\\\/person\\\/3c352ec0a33987fe275c0e8a2ea69f8b\"},\"headline\":\"Hidalgo ocupa el primer lugar nacional en crecimiento del Fondo General de Participaciones\",\"datePublished\":\"2026-08-06T00:19:59+00:00\",\"mainEntityOfPage\":{\"@id\":\"https:\\\/\\\/elcardinal.com\\\/?p=6704\"},\"wordCount\":329,\"commentCount\":0,\"publisher\":{\"@id\":\"https:\\\/\\\/elcardinal.com\\\/#organization\"},\"image\":{\"@id\":\"https:\\\/\\\/elcardinal.com\\\/?p=6704#primaryimage\"},\"thumbnailUrl\":\"https:\\\/\\\/elcardinal.com\\\/wp-content\\\/uploads\\\/2026\\\/08\\\/HACIENDA-Reunion-de-trabajo-del-Gobernador-Julio-Menchaca-Salazar-Secretaria-Esther-Ramirez-Vargas-1.jpeg\",\"articleSection\":[\"Hidalgo\",\"M\u00e9xico\",\"Minuto a Minuto\"],\"inLanguage\":\"es\",\"potentialAction\":[{\"@type\":\"CommentAction\",\"name\":\"Comment\",\"target\":[\"https:\\\/\\\/elcardinal.com\\\/?p=6704#respond\"]}]},{\"@type\":\"WebPage\",\"@id\":\"https:\\\/\\\/elcardinal.com\\\/?p=6704\",\"url\":\"https:\\\/\\\/elcardinal.com\\\/?p=6704\",\"name\":\"Hidalgo ocupa el primer lugar nacional en crecimiento del Fondo General de Participaciones - El Cardinal\",\"isPartOf\":{\"@id\":\"https:\\\/\\\/elcardinal.com\\\/#website\"},\"primaryImageOfPage\":{\"@id\":\"https:\\\/\\\/elcardinal.com\\\/?p=6704#primaryimage\"},\"image\":{\"@id\":\"https:\\\/\\\/elcardinal.com\\\/?p=6704#primaryimage\"},\"thumbnailUrl\":\"https:\\\/\\\/elcardinal.com\\\/wp-content\\\/uploads\\\/2026\\\/08\\\/HACIENDA-Reunion-de-trabajo-del-Gobernador-Julio-Menchaca-Salazar-Secretaria-Esther-Ramirez-Vargas-1.jpeg\",\"datePublished\":\"2026-08-06T00:19:59+00:00\",\"breadcrumb\":{\"@id\":\"https:\\\/\\\/elcardinal.com\\\/?p=6704#breadcrumb\"},\"inLanguage\":\"es\",\"potentialAction\":[{\"@type\":\"ReadAction\",\"target\":[\"https:\\\/\\\/elcardinal.com\\\/?p=6704\"]}]},{\"@type\":\"ImageObject\",\"inLanguage\":\"es\",\"@id\":\"https:\\\/\\\/elcardinal.com\\\/?p=6704#primaryimage\",\"url\":\"https:\\\/\\\/elcardinal.com\\\/wp-content\\\/uploads\\\/2026\\\/08\\\/HACIENDA-Reunion-de-trabajo-del-Gobernador-Julio-Menchaca-Salazar-Secretaria-Esther-Ramirez-Vargas-1.jpeg\",\"contentUrl\":\"https:\\\/\\\/elcardinal.com\\\/wp-content\\\/uploads\\\/2026\\\/08\\\/HACIENDA-Reunion-de-trabajo-del-Gobernador-Julio-Menchaca-Salazar-Secretaria-Esther-Ramirez-Vargas-1.jpeg\",\"width\":1600,\"height\":952},{\"@type\":\"BreadcrumbList\",\"@id\":\"https:\\\/\\\/elcardinal.com\\\/?p=6704#breadcrumb\",\"itemListElement\":[{\"@type\":\"ListItem\",\"position\":1,\"name\":\"Inicio\",\"item\":\"https:\\\/\\\/elcardinal.com\\\/\"},{\"@type\":\"ListItem\",\"position\":2,\"name\":\"Hidalgo ocupa el primer lugar nacional en crecimiento del Fondo General de Participaciones\"}]},{\"@type\":\"WebSite\",\"@id\":\"https:\\\/\\\/elcardinal.com\\\/#website\",\"url\":\"https:\\\/\\\/elcardinal.com\\\/\",\"name\":\"El Cardinal\",\"description\":\"Periodismo honesto, con valor, sentido humano, a veces sarc\u00e1stico y divertido.\",\"publisher\":{\"@id\":\"https:\\\/\\\/elcardinal.com\\\/#organization\"},\"alternateName\":\"El Cardinal Noticias\",\"potentialAction\":[{\"@type\":\"SearchAction\",\"target\":{\"@type\":\"EntryPoint\",\"urlTemplate\":\"https:\\\/\\\/elcardinal.com\\\/?s={search_term_string}\"},\"query-input\":{\"@type\":\"PropertyValueSpecification\",\"valueRequired\":true,\"valueName\":\"search_term_string\"}}],\"inLanguage\":\"es\"},{\"@type\":\"Organization\",\"@id\":\"https:\\\/\\\/elcardinal.com\\\/#organization\",\"name\":\"El Cardinal\",\"url\":\"https:\\\/\\\/elcardinal.com\\\/\",\"logo\":{\"@type\":\"ImageObject\",\"inLanguage\":\"es\",\"@id\":\"https:\\\/\\\/elcardinal.com\\\/#\\\/schema\\\/logo\\\/image\\\/\",\"url\":\"https:\\\/\\\/elcardinal.com\\\/wp-content\\\/uploads\\\/2025\\\/04\\\/LOGO-EL-CARDINAL-Periodismo-con-valor.png\",\"contentUrl\":\"https:\\\/\\\/elcardinal.com\\\/wp-content\\\/uploads\\\/2025\\\/04\\\/LOGO-EL-CARDINAL-Periodismo-con-valor.png\",\"width\":755,\"height\":636,\"caption\":\"El Cardinal\"},\"image\":{\"@id\":\"https:\\\/\\\/elcardinal.com\\\/#\\\/schema\\\/logo\\\/image\\\/\"},\"sameAs\":[\"https:\\\/\\\/www.facebook.com\\\/profile.php?id=100063093107011\",\"https:\\\/\\\/x.com\\\/ElCardinal_Mx\"]},{\"@type\":\"Person\",\"@id\":\"https:\\\/\\\/elcardinal.com\\\/#\\\/schema\\\/person\\\/3c352ec0a33987fe275c0e8a2ea69f8b\",\"name\":\"Antonio Alcaraz\",\"image\":{\"@type\":\"ImageObject\",\"inLanguage\":\"es\",\"@id\":\"https:\\\/\\\/elcardinal.com\\\/wp-content\\\/uploads\\\/2025\\\/05\\\/cropped-TONO-96x96.jpg\",\"url\":\"https:\\\/\\\/elcardinal.com\\\/wp-content\\\/uploads\\\/2025\\\/05\\\/cropped-TONO-96x96.jpg\",\"contentUrl\":\"https:\\\/\\\/elcardinal.com\\\/wp-content\\\/uploads\\\/2025\\\/05\\\/cropped-TONO-96x96.jpg\",\"caption\":\"Antonio Alcaraz\"},\"url\":\"https:\\\/\\\/elcardinal.com\\\/?author=2\"}]}<\/script>\n<!-- \/ Yoast SEO plugin. -->","yoast_head_json":{"title":"Hidalgo ocupa el primer lugar nacional en crecimiento del Fondo General de Participaciones - El Cardinal","robots":{"index":"index","follow":"follow","max-snippet":"max-snippet:-1","max-image-preview":"max-image-preview:large","max-video-preview":"max-video-preview:-1"},"canonical":"https:\/\/elcardinal.com\/?p=6704","og_locale":"es_MX","og_type":"article","og_title":"Hidalgo ocupa el primer lugar nacional en crecimiento del Fondo General de Participaciones - El Cardinal","og_description":"Redacci\u00f3n El pasado 30 de julio, la Secretar\u00eda de Hacienda y Cr\u00e9dito P\u00fablico (SHCP) envi\u00f3 al Congreso de la Uni\u00f3n el Informe sobre la Situaci\u00f3n Econ\u00f3mica, las Finanzas P\u00fablicas y la Deuda P\u00fablica correspondiente al segundo semestre de 2026. En dicho documento se destaca que Hidalgo ocupa el primer lugar nacional en crecimiento de los","og_url":"https:\/\/elcardinal.com\/?p=6704","og_site_name":"El Cardinal","article_publisher":"https:\/\/www.facebook.com\/profile.php?id=100063093107011","article_published_time":"2026-08-06T00:19:59+00:00","og_image":[{"width":1600,"height":952,"url":"https:\/\/elcardinal.com\/wp-content\/uploads\/2026\/08\/HACIENDA-Reunion-de-trabajo-del-Gobernador-Julio-Menchaca-Salazar-Secretaria-Esther-Ramirez-Vargas-1.jpeg","type":"image\/jpeg"}],"author":"Antonio Alcaraz","twitter_card":"summary_large_image","twitter_creator":"@ElCardinal_Mx","twitter_site":"@ElCardinal_Mx","twitter_misc":{"Escrito por":"Antonio Alcaraz","Tiempo de lectura":"2 minutos"},"schema":{"@context":"https:\/\/schema.org","@graph":[{"@type":"Article","@id":"https:\/\/elcardinal.com\/?p=6704#article","isPartOf":{"@id":"https:\/\/elcardinal.com\/?p=6704"},"author":{"name":"Antonio Alcaraz","@id":"https:\/\/elcardinal.com\/#\/schema\/person\/3c352ec0a33987fe275c0e8a2ea69f8b"},"headline":"Hidalgo ocupa el primer lugar nacional en crecimiento del Fondo General de Participaciones","datePublished":"2026-08-06T00:19:59+00:00","mainEntityOfPage":{"@id":"https:\/\/elcardinal.com\/?p=6704"},"wordCount":329,"commentCount":0,"publisher":{"@id":"https:\/\/elcardinal.com\/#organization"},"image":{"@id":"https:\/\/elcardinal.com\/?p=6704#primaryimage"},"thumbnailUrl":"https:\/\/elcardinal.com\/wp-content\/uploads\/2026\/08\/HACIENDA-Reunion-de-trabajo-del-Gobernador-Julio-Menchaca-Salazar-Secretaria-Esther-Ramirez-Vargas-1.jpeg","articleSection":["Hidalgo","M\u00e9xico","Minuto a Minuto"],"inLanguage":"es","potentialAction":[{"@type":"CommentAction","name":"Comment","target":["https:\/\/elcardinal.com\/?p=6704#respond"]}]},{"@type":"WebPage","@id":"https:\/\/elcardinal.com\/?p=6704","url":"https:\/\/elcardinal.com\/?p=6704","name":"Hidalgo ocupa el primer lugar nacional en crecimiento del Fondo General de Participaciones - El Cardinal","isPartOf":{"@id":"https:\/\/elcardinal.com\/#website"},"primaryImageOfPage":{"@id":"https:\/\/elcardinal.com\/?p=6704#primaryimage"},"image":{"@id":"https:\/\/elcardinal.com\/?p=6704#primaryimage"},"thumbnailUrl":"https:\/\/elcardinal.com\/wp-content\/uploads\/2026\/08\/HACIENDA-Reunion-de-trabajo-del-Gobernador-Julio-Menchaca-Salazar-Secretaria-Esther-Ramirez-Vargas-1.jpeg","datePublished":"2026-08-06T00:19:59+00:00","breadcrumb":{"@id":"https:\/\/elcardinal.com\/?p=6704#breadcrumb"},"inLanguage":"es","potentialAction":[{"@type":"ReadAction","target":["https:\/\/elcardinal.com\/?p=6704"]}]},{"@type":"ImageObject","inLanguage":"es","@id":"https:\/\/elcardinal.com\/?p=6704#primaryimage","url":"https:\/\/elcardinal.com\/wp-content\/uploads\/2026\/08\/HACIENDA-Reunion-de-trabajo-del-Gobernador-Julio-Menchaca-Salazar-Secretaria-Esther-Ramirez-Vargas-1.jpeg","contentUrl":"https:\/\/elcardinal.com\/wp-content\/uploads\/2026\/08\/HACIENDA-Reunion-de-trabajo-del-Gobernador-Julio-Menchaca-Salazar-Secretaria-Esther-Ramirez-Vargas-1.jpeg","width":1600,"height":952},{"@type":"BreadcrumbList","@id":"https:\/\/elcardinal.com\/?p=6704#breadcrumb","itemListElement":[{"@type":"ListItem","position":1,"name":"Inicio","item":"https:\/\/elcardinal.com\/"},{"@type":"ListItem","position":2,"name":"Hidalgo ocupa el primer lugar nacional en crecimiento del Fondo General de Participaciones"}]},{"@type":"WebSite","@id":"https:\/\/elcardinal.com\/#website","url":"https:\/\/elcardinal.com\/","name":"El Cardinal","description":"Periodismo honesto, con valor, sentido humano, a veces sarc\u00e1stico y divertido.","publisher":{"@id":"https:\/\/elcardinal.com\/#organization"},"alternateName":"El Cardinal Noticias","potentialAction":[{"@type":"SearchAction","target":{"@type":"EntryPoint","urlTemplate":"https:\/\/elcardinal.com\/?s={search_term_string}"},"query-input":{"@type":"PropertyValueSpecification","valueRequired":true,"valueName":"search_term_string"}}],"inLanguage":"es"},{"@type":"Organization","@id":"https:\/\/elcardinal.com\/#organization","name":"El Cardinal","url":"https:\/\/elcardinal.com\/","logo":{"@type":"ImageObject","inLanguage":"es","@id":"https:\/\/elcardinal.com\/#\/schema\/logo\/image\/","url":"https:\/\/elcardinal.com\/wp-content\/uploads\/2025\/04\/LOGO-EL-CARDINAL-Periodismo-con-valor.png","contentUrl":"https:\/\/elcardinal.com\/wp-content\/uploads\/2025\/04\/LOGO-EL-CARDINAL-Periodismo-con-valor.png","width":755,"height":636,"caption":"El Cardinal"},"image":{"@id":"https:\/\/elcardinal.com\/#\/schema\/logo\/image\/"},"sameAs":["https:\/\/www.facebook.com\/profile.php?id=100063093107011","https:\/\/x.com\/ElCardinal_Mx"]},{"@type":"Person","@id":"https:\/\/elcardinal.com\/#\/schema\/person\/3c352ec0a33987fe275c0e8a2ea69f8b","name":"Antonio Alcaraz","image":{"@type":"ImageObject","inLanguage":"es","@id":"https:\/\/elcardinal.com\/wp-content\/uploads\/2025\/05\/cropped-TONO-96x96.jpg","url":"https:\/\/elcardinal.com\/wp-content\/uploads\/2025\/05\/cropped-TONO-96x96.jpg","contentUrl":"https:\/\/elcardinal.com\/wp-content\/uploads\/2025\/05\/cropped-TONO-96x96.jpg","caption":"Antonio Alcaraz"},"url":"https:\/\/elcardinal.com\/?author=2"}]}},"_links":{"self":[{"href":"https:\/\/elcardinal.com\/index.php?rest_route=\/wp\/v2\/posts\/6704","targetHints":{"allow":["GET"]}}],"collection":[{"href":"https:\/\/elcardinal.com\/index.php?rest_route=\/wp\/v2\/posts"}],"about":[{"href":"https:\/\/elcardinal.com\/index.php?rest_route=\/wp\/v2\/types\/post"}],"author":[{"embeddable":true,"href":"https:\/\/elcardinal.com\/index.php?rest_route=\/wp\/v2\/users\/2"}],"replies":[{"embeddable":true,"href":"https:\/\/elcardinal.com\/index.php?rest_route=%2Fwp%2Fv2%2Fcomments&post=6704"}],"version-history":[{"count":1,"href":"https:\/\/elcardinal.com\/index.php?rest_route=\/wp\/v2\/posts\/6704\/revisions"}],"predecessor-version":[{"id":6707,"href":"https:\/\/elcardinal.com\/index.php?rest_route=\/wp\/v2\/posts\/6704\/revisions\/6707"}],"wp:featuredmedia":[{"embeddable":true,"href":"https:\/\/elcardinal.com\/index.php?rest_route=\/wp\/v2\/media\/6706"}],"wp:attachment":[{"href":"https:\/\/elcardinal.com\/index.php?rest_route=%2Fwp%2Fv2%2Fmedia&parent=6704"}],"wp:term":[{"taxonomy":"category","embeddable":true,"href":"https:\/\/elcardinal.com\/index.php?rest_route=%2Fwp%2Fv2%2Fcategories&post=6704"},{"taxonomy":"post_tag","embeddable":true,"href":"https:\/\/elcardinal.com\/index.php?rest_route=%2Fwp%2Fv2%2Ftags&post=6704"}],"curies":[{"name":"wp","href":"https:\/\/api.w.org\/{rel}","templated":true}]}}