{"id":6708,"date":"2026-08-05T18:37:33","date_gmt":"2026-08-06T00:37:33","guid":{"rendered":"https:\/\/elcardinal.com\/?p=6708"},"modified":"2026-08-05T18:37:33","modified_gmt":"2026-08-06T00:37:33","slug":"ihe-fortalece-formacion-docente-con-red-de-centros-de-maestros","status":"publish","type":"post","link":"https:\/\/elcardinal.com\/?p=6708","title":{"rendered":"IHE fortalece formaci\u00f3n docente con red de Centros de Maestros\u00a0"},"content":{"rendered":"<p>Redaci\u00f3n<\/p>\n<p><span style=\"font-weight: 400;\">El Instituto Hidalguense de Educaci\u00f3n (IHE), a trav\u00e9s de la Direcci\u00f3n de Formaci\u00f3n Continua, cuenta con una red de 17 sedes y 7 subsedes de Centros de Maestros distribuidas en las diferentes regiones de Hidalgo, con el objetivo de acercar servicios de formaci\u00f3n, acompa\u00f1amiento pedag\u00f3gico y desarrollo profesional a las y los docentes de Educaci\u00f3n B\u00e1sica.<\/span><\/p>\n<p><span style=\"font-weight: 400;\">El secretario de Educaci\u00f3n P\u00fablica de Hidalgo y titular del IHE, Natividad Castrej\u00f3n Valdez, destac\u00f3 que, en congruencia con la visi\u00f3n del gobernador Julio Menchaca Salazar de fortalecer la educaci\u00f3n como motor de transformaci\u00f3n, los Centros de Maestros se consolidan como espacios estrat\u00e9gicos para la formaci\u00f3n continua y el desarrollo profesional de las maestras, maestros y dem\u00e1s figuras educativas, en el marco de la Nueva Escuela Mexicana (NEM).<\/span><\/p>\n<p><span style=\"font-weight: 400;\">Se\u00f1al\u00f3 que estos espacios representan puntos de encuentro para el intercambio de experiencias, el di\u00e1logo acad\u00e9mico y la innovaci\u00f3n educativa, donde el personal docente recibe orientaci\u00f3n y acompa\u00f1amiento para fortalecer sus competencias profesionales, con impacto en la mejora de los procesos de ense\u00f1anza y aprendizaje en las comunidades escolares.<\/span><\/p>\n<p><span style=\"font-weight: 400;\">Asimismo, Natividad Castrej\u00f3n inform\u00f3 que el IHE ha impulsado acciones para mejorar las condiciones de operaci\u00f3n de los Centros de Maestros mediante la entrega de equipamiento y recursos que favorecen el desarrollo de actividades acad\u00e9micas, de capacitaci\u00f3n y acompa\u00f1amiento pedag\u00f3gico.<\/span><\/p>\n<p><span style=\"font-weight: 400;\">El secretario de Educaci\u00f3n de la entidad destac\u00f3 que esta red permite acercar oportunidades de formaci\u00f3n continua al magisterio de las distintas regiones del estado y atender las necesidades espec\u00edficas de cada zona educativa.<\/span><\/p>\n<p><span style=\"font-weight: 400;\">Con estas acciones, el IHE fortalece el desarrollo profesional del magisterio hidalguense mediante una formaci\u00f3n continua pertinente y colaborativa, orientada a responder a los desaf\u00edos educativos y contribuir al bienestar y aprendizaje de las ni\u00f1as, ni\u00f1os y adolescentes de Hidalgo.<\/span><\/p>\n<p>&nbsp;<\/p>\n","protected":false},"excerpt":{"rendered":"<p>Redaci\u00f3n El Instituto Hidalguense de Educaci\u00f3n (IHE), a trav\u00e9s de la Direcci\u00f3n de Formaci\u00f3n Continua, cuenta con una red de 17 sedes y 7 subsedes de Centros de Maestros distribuidas en las diferentes regiones de Hidalgo, con el objetivo de acercar servicios de formaci\u00f3n, acompa\u00f1amiento pedag\u00f3gico y desarrollo profesional a las y los docentes de<\/p>\n","protected":false},"author":2,"featured_media":6709,"comment_status":"open","ping_status":"open","sticky":false,"template":"","format":"standard","meta":{"footnotes":""},"categories":[404,31,44],"tags":[403,400],"class_list":["post-6708","post","type-post","status-publish","format-standard","has-post-thumbnail","category-educacion","category-hidalgo","category-minuto-a-minuto","tag-ihe","tag-naty-castrejon"],"yoast_head":"<!-- This site is optimized with the Yoast SEO plugin v28.0 - https:\/\/yoast.com\/product\/yoast-seo-wordpress\/ -->\n<title>IHE fortalece formaci\u00f3n docente con red de Centros de Maestros\u00a0 - El Cardinal<\/title>\n<meta name=\"robots\" content=\"index, follow, max-snippet:-1, max-image-preview:large, max-video-preview:-1\" \/>\n<link rel=\"canonical\" href=\"https:\/\/elcardinal.com\/?p=6708\" \/>\n<meta property=\"og:locale\" content=\"es_MX\" \/>\n<meta property=\"og:type\" content=\"article\" \/>\n<meta property=\"og:title\" content=\"IHE fortalece formaci\u00f3n docente con red de Centros de Maestros\u00a0 - El Cardinal\" \/>\n<meta property=\"og:description\" content=\"Redaci\u00f3n El Instituto Hidalguense de Educaci\u00f3n (IHE), a trav\u00e9s de la Direcci\u00f3n de Formaci\u00f3n Continua, cuenta con una red de 17 sedes y 7 subsedes de Centros de Maestros distribuidas en las diferentes regiones de Hidalgo, con el objetivo de acercar servicios de formaci\u00f3n, acompa\u00f1amiento pedag\u00f3gico y desarrollo profesional a las y los docentes de\" \/>\n<meta property=\"og:url\" content=\"https:\/\/elcardinal.com\/?p=6708\" \/>\n<meta property=\"og:site_name\" content=\"El Cardinal\" \/>\n<meta property=\"article:publisher\" content=\"https:\/\/www.facebook.com\/profile.php?id=100063093107011\" \/>\n<meta property=\"article:published_time\" content=\"2026-08-06T00:37:33+00:00\" \/>\n<meta property=\"og:image\" content=\"https:\/\/elcardinal.com\/wp-content\/uploads\/2026\/08\/2-2.jpeg\" \/>\n\t<meta property=\"og:image:width\" content=\"1280\" \/>\n\t<meta property=\"og:image:height\" content=\"960\" \/>\n\t<meta property=\"og:image:type\" content=\"image\/jpeg\" \/>\n<meta name=\"author\" content=\"Antonio Alcaraz\" \/>\n<meta name=\"twitter:card\" content=\"summary_large_image\" \/>\n<meta name=\"twitter:creator\" content=\"@ElCardinal_Mx\" \/>\n<meta name=\"twitter:site\" content=\"@ElCardinal_Mx\" \/>\n<meta name=\"twitter:label1\" content=\"Escrito por\" \/>\n\t<meta name=\"twitter:data1\" content=\"Antonio Alcaraz\" \/>\n\t<meta name=\"twitter:label2\" content=\"Tiempo de lectura\" \/>\n\t<meta name=\"twitter:data2\" content=\"2 minutos\" \/>\n<script type=\"application\/ld+json\" class=\"yoast-schema-graph\">{\"@context\":\"https:\\\/\\\/schema.org\",\"@graph\":[{\"@type\":\"Article\",\"@id\":\"https:\\\/\\\/elcardinal.com\\\/?p=6708#article\",\"isPartOf\":{\"@id\":\"https:\\\/\\\/elcardinal.com\\\/?p=6708\"},\"author\":{\"name\":\"Antonio Alcaraz\",\"@id\":\"https:\\\/\\\/elcardinal.com\\\/#\\\/schema\\\/person\\\/3c352ec0a33987fe275c0e8a2ea69f8b\"},\"headline\":\"IHE fortalece formaci\u00f3n docente con red de Centros de Maestros\u00a0\",\"datePublished\":\"2026-08-06T00:37:33+00:00\",\"mainEntityOfPage\":{\"@id\":\"https:\\\/\\\/elcardinal.com\\\/?p=6708\"},\"wordCount\":337,\"commentCount\":0,\"publisher\":{\"@id\":\"https:\\\/\\\/elcardinal.com\\\/#organization\"},\"image\":{\"@id\":\"https:\\\/\\\/elcardinal.com\\\/?p=6708#primaryimage\"},\"thumbnailUrl\":\"https:\\\/\\\/elcardinal.com\\\/wp-content\\\/uploads\\\/2026\\\/08\\\/2-2.jpeg\",\"keywords\":[\"IHE\",\"Naty Castrej\u00f3n\"],\"articleSection\":[\"Educaci\u00f3n\",\"Hidalgo\",\"Minuto a Minuto\"],\"inLanguage\":\"es\",\"potentialAction\":[{\"@type\":\"CommentAction\",\"name\":\"Comment\",\"target\":[\"https:\\\/\\\/elcardinal.com\\\/?p=6708#respond\"]}]},{\"@type\":\"WebPage\",\"@id\":\"https:\\\/\\\/elcardinal.com\\\/?p=6708\",\"url\":\"https:\\\/\\\/elcardinal.com\\\/?p=6708\",\"name\":\"IHE fortalece formaci\u00f3n docente con red de Centros de Maestros\u00a0 - El Cardinal\",\"isPartOf\":{\"@id\":\"https:\\\/\\\/elcardinal.com\\\/#website\"},\"primaryImageOfPage\":{\"@id\":\"https:\\\/\\\/elcardinal.com\\\/?p=6708#primaryimage\"},\"image\":{\"@id\":\"https:\\\/\\\/elcardinal.com\\\/?p=6708#primaryimage\"},\"thumbnailUrl\":\"https:\\\/\\\/elcardinal.com\\\/wp-content\\\/uploads\\\/2026\\\/08\\\/2-2.jpeg\",\"datePublished\":\"2026-08-06T00:37:33+00:00\",\"breadcrumb\":{\"@id\":\"https:\\\/\\\/elcardinal.com\\\/?p=6708#breadcrumb\"},\"inLanguage\":\"es\",\"potentialAction\":[{\"@type\":\"ReadAction\",\"target\":[\"https:\\\/\\\/elcardinal.com\\\/?p=6708\"]}]},{\"@type\":\"ImageObject\",\"inLanguage\":\"es\",\"@id\":\"https:\\\/\\\/elcardinal.com\\\/?p=6708#primaryimage\",\"url\":\"https:\\\/\\\/elcardinal.com\\\/wp-content\\\/uploads\\\/2026\\\/08\\\/2-2.jpeg\",\"contentUrl\":\"https:\\\/\\\/elcardinal.com\\\/wp-content\\\/uploads\\\/2026\\\/08\\\/2-2.jpeg\",\"width\":1280,\"height\":960},{\"@type\":\"BreadcrumbList\",\"@id\":\"https:\\\/\\\/elcardinal.com\\\/?p=6708#breadcrumb\",\"itemListElement\":[{\"@type\":\"ListItem\",\"position\":1,\"name\":\"Inicio\",\"item\":\"https:\\\/\\\/elcardinal.com\\\/\"},{\"@type\":\"ListItem\",\"position\":2,\"name\":\"IHE fortalece formaci\u00f3n docente con red de Centros de Maestros\u00a0\"}]},{\"@type\":\"WebSite\",\"@id\":\"https:\\\/\\\/elcardinal.com\\\/#website\",\"url\":\"https:\\\/\\\/elcardinal.com\\\/\",\"name\":\"El Cardinal\",\"description\":\"Periodismo honesto, con valor, sentido humano, a veces sarc\u00e1stico y divertido.\",\"publisher\":{\"@id\":\"https:\\\/\\\/elcardinal.com\\\/#organization\"},\"alternateName\":\"El Cardinal Noticias\",\"potentialAction\":[{\"@type\":\"SearchAction\",\"target\":{\"@type\":\"EntryPoint\",\"urlTemplate\":\"https:\\\/\\\/elcardinal.com\\\/?s={search_term_string}\"},\"query-input\":{\"@type\":\"PropertyValueSpecification\",\"valueRequired\":true,\"valueName\":\"search_term_string\"}}],\"inLanguage\":\"es\"},{\"@type\":\"Organization\",\"@id\":\"https:\\\/\\\/elcardinal.com\\\/#organization\",\"name\":\"El Cardinal\",\"url\":\"https:\\\/\\\/elcardinal.com\\\/\",\"logo\":{\"@type\":\"ImageObject\",\"inLanguage\":\"es\",\"@id\":\"https:\\\/\\\/elcardinal.com\\\/#\\\/schema\\\/logo\\\/image\\\/\",\"url\":\"https:\\\/\\\/elcardinal.com\\\/wp-content\\\/uploads\\\/2025\\\/04\\\/LOGO-EL-CARDINAL-Periodismo-con-valor.png\",\"contentUrl\":\"https:\\\/\\\/elcardinal.com\\\/wp-content\\\/uploads\\\/2025\\\/04\\\/LOGO-EL-CARDINAL-Periodismo-con-valor.png\",\"width\":755,\"height\":636,\"caption\":\"El Cardinal\"},\"image\":{\"@id\":\"https:\\\/\\\/elcardinal.com\\\/#\\\/schema\\\/logo\\\/image\\\/\"},\"sameAs\":[\"https:\\\/\\\/www.facebook.com\\\/profile.php?id=100063093107011\",\"https:\\\/\\\/x.com\\\/ElCardinal_Mx\"]},{\"@type\":\"Person\",\"@id\":\"https:\\\/\\\/elcardinal.com\\\/#\\\/schema\\\/person\\\/3c352ec0a33987fe275c0e8a2ea69f8b\",\"name\":\"Antonio Alcaraz\",\"image\":{\"@type\":\"ImageObject\",\"inLanguage\":\"es\",\"@id\":\"https:\\\/\\\/elcardinal.com\\\/wp-content\\\/uploads\\\/2025\\\/05\\\/cropped-TONO-96x96.jpg\",\"url\":\"https:\\\/\\\/elcardinal.com\\\/wp-content\\\/uploads\\\/2025\\\/05\\\/cropped-TONO-96x96.jpg\",\"contentUrl\":\"https:\\\/\\\/elcardinal.com\\\/wp-content\\\/uploads\\\/2025\\\/05\\\/cropped-TONO-96x96.jpg\",\"caption\":\"Antonio Alcaraz\"},\"url\":\"https:\\\/\\\/elcardinal.com\\\/?author=2\"}]}<\/script>\n<!-- \/ Yoast SEO plugin. -->","yoast_head_json":{"title":"IHE fortalece formaci\u00f3n docente con red de Centros de Maestros\u00a0 - El Cardinal","robots":{"index":"index","follow":"follow","max-snippet":"max-snippet:-1","max-image-preview":"max-image-preview:large","max-video-preview":"max-video-preview:-1"},"canonical":"https:\/\/elcardinal.com\/?p=6708","og_locale":"es_MX","og_type":"article","og_title":"IHE fortalece formaci\u00f3n docente con red de Centros de Maestros\u00a0 - El Cardinal","og_description":"Redaci\u00f3n El Instituto Hidalguense de Educaci\u00f3n (IHE), a trav\u00e9s de la Direcci\u00f3n de Formaci\u00f3n Continua, cuenta con una red de 17 sedes y 7 subsedes de Centros de Maestros distribuidas en las diferentes regiones de Hidalgo, con el objetivo de acercar servicios de formaci\u00f3n, acompa\u00f1amiento pedag\u00f3gico y desarrollo profesional a las y los docentes de","og_url":"https:\/\/elcardinal.com\/?p=6708","og_site_name":"El Cardinal","article_publisher":"https:\/\/www.facebook.com\/profile.php?id=100063093107011","article_published_time":"2026-08-06T00:37:33+00:00","og_image":[{"width":1280,"height":960,"url":"https:\/\/elcardinal.com\/wp-content\/uploads\/2026\/08\/2-2.jpeg","type":"image\/jpeg"}],"author":"Antonio Alcaraz","twitter_card":"summary_large_image","twitter_creator":"@ElCardinal_Mx","twitter_site":"@ElCardinal_Mx","twitter_misc":{"Escrito por":"Antonio Alcaraz","Tiempo de lectura":"2 minutos"},"schema":{"@context":"https:\/\/schema.org","@graph":[{"@type":"Article","@id":"https:\/\/elcardinal.com\/?p=6708#article","isPartOf":{"@id":"https:\/\/elcardinal.com\/?p=6708"},"author":{"name":"Antonio Alcaraz","@id":"https:\/\/elcardinal.com\/#\/schema\/person\/3c352ec0a33987fe275c0e8a2ea69f8b"},"headline":"IHE fortalece formaci\u00f3n docente con red de Centros de Maestros\u00a0","datePublished":"2026-08-06T00:37:33+00:00","mainEntityOfPage":{"@id":"https:\/\/elcardinal.com\/?p=6708"},"wordCount":337,"commentCount":0,"publisher":{"@id":"https:\/\/elcardinal.com\/#organization"},"image":{"@id":"https:\/\/elcardinal.com\/?p=6708#primaryimage"},"thumbnailUrl":"https:\/\/elcardinal.com\/wp-content\/uploads\/2026\/08\/2-2.jpeg","keywords":["IHE","Naty Castrej\u00f3n"],"articleSection":["Educaci\u00f3n","Hidalgo","Minuto a Minuto"],"inLanguage":"es","potentialAction":[{"@type":"CommentAction","name":"Comment","target":["https:\/\/elcardinal.com\/?p=6708#respond"]}]},{"@type":"WebPage","@id":"https:\/\/elcardinal.com\/?p=6708","url":"https:\/\/elcardinal.com\/?p=6708","name":"IHE fortalece formaci\u00f3n docente con red de Centros de Maestros\u00a0 - El Cardinal","isPartOf":{"@id":"https:\/\/elcardinal.com\/#website"},"primaryImageOfPage":{"@id":"https:\/\/elcardinal.com\/?p=6708#primaryimage"},"image":{"@id":"https:\/\/elcardinal.com\/?p=6708#primaryimage"},"thumbnailUrl":"https:\/\/elcardinal.com\/wp-content\/uploads\/2026\/08\/2-2.jpeg","datePublished":"2026-08-06T00:37:33+00:00","breadcrumb":{"@id":"https:\/\/elcardinal.com\/?p=6708#breadcrumb"},"inLanguage":"es","potentialAction":[{"@type":"ReadAction","target":["https:\/\/elcardinal.com\/?p=6708"]}]},{"@type":"ImageObject","inLanguage":"es","@id":"https:\/\/elcardinal.com\/?p=6708#primaryimage","url":"https:\/\/elcardinal.com\/wp-content\/uploads\/2026\/08\/2-2.jpeg","contentUrl":"https:\/\/elcardinal.com\/wp-content\/uploads\/2026\/08\/2-2.jpeg","width":1280,"height":960},{"@type":"BreadcrumbList","@id":"https:\/\/elcardinal.com\/?p=6708#breadcrumb","itemListElement":[{"@type":"ListItem","position":1,"name":"Inicio","item":"https:\/\/elcardinal.com\/"},{"@type":"ListItem","position":2,"name":"IHE fortalece formaci\u00f3n docente con red de Centros de Maestros\u00a0"}]},{"@type":"WebSite","@id":"https:\/\/elcardinal.com\/#website","url":"https:\/\/elcardinal.com\/","name":"El Cardinal","description":"Periodismo honesto, con valor, sentido humano, a veces sarc\u00e1stico y divertido.","publisher":{"@id":"https:\/\/elcardinal.com\/#organization"},"alternateName":"El Cardinal Noticias","potentialAction":[{"@type":"SearchAction","target":{"@type":"EntryPoint","urlTemplate":"https:\/\/elcardinal.com\/?s={search_term_string}"},"query-input":{"@type":"PropertyValueSpecification","valueRequired":true,"valueName":"search_term_string"}}],"inLanguage":"es"},{"@type":"Organization","@id":"https:\/\/elcardinal.com\/#organization","name":"El Cardinal","url":"https:\/\/elcardinal.com\/","logo":{"@type":"ImageObject","inLanguage":"es","@id":"https:\/\/elcardinal.com\/#\/schema\/logo\/image\/","url":"https:\/\/elcardinal.com\/wp-content\/uploads\/2025\/04\/LOGO-EL-CARDINAL-Periodismo-con-valor.png","contentUrl":"https:\/\/elcardinal.com\/wp-content\/uploads\/2025\/04\/LOGO-EL-CARDINAL-Periodismo-con-valor.png","width":755,"height":636,"caption":"El Cardinal"},"image":{"@id":"https:\/\/elcardinal.com\/#\/schema\/logo\/image\/"},"sameAs":["https:\/\/www.facebook.com\/profile.php?id=100063093107011","https:\/\/x.com\/ElCardinal_Mx"]},{"@type":"Person","@id":"https:\/\/elcardinal.com\/#\/schema\/person\/3c352ec0a33987fe275c0e8a2ea69f8b","name":"Antonio Alcaraz","image":{"@type":"ImageObject","inLanguage":"es","@id":"https:\/\/elcardinal.com\/wp-content\/uploads\/2025\/05\/cropped-TONO-96x96.jpg","url":"https:\/\/elcardinal.com\/wp-content\/uploads\/2025\/05\/cropped-TONO-96x96.jpg","contentUrl":"https:\/\/elcardinal.com\/wp-content\/uploads\/2025\/05\/cropped-TONO-96x96.jpg","caption":"Antonio Alcaraz"},"url":"https:\/\/elcardinal.com\/?author=2"}]}},"_links":{"self":[{"href":"https:\/\/elcardinal.com\/index.php?rest_route=\/wp\/v2\/posts\/6708","targetHints":{"allow":["GET"]}}],"collection":[{"href":"https:\/\/elcardinal.com\/index.php?rest_route=\/wp\/v2\/posts"}],"about":[{"href":"https:\/\/elcardinal.com\/index.php?rest_route=\/wp\/v2\/types\/post"}],"author":[{"embeddable":true,"href":"https:\/\/elcardinal.com\/index.php?rest_route=\/wp\/v2\/users\/2"}],"replies":[{"embeddable":true,"href":"https:\/\/elcardinal.com\/index.php?rest_route=%2Fwp%2Fv2%2Fcomments&post=6708"}],"version-history":[{"count":1,"href":"https:\/\/elcardinal.com\/index.php?rest_route=\/wp\/v2\/posts\/6708\/revisions"}],"predecessor-version":[{"id":6710,"href":"https:\/\/elcardinal.com\/index.php?rest_route=\/wp\/v2\/posts\/6708\/revisions\/6710"}],"wp:featuredmedia":[{"embeddable":true,"href":"https:\/\/elcardinal.com\/index.php?rest_route=\/wp\/v2\/media\/6709"}],"wp:attachment":[{"href":"https:\/\/elcardinal.com\/index.php?rest_route=%2Fwp%2Fv2%2Fmedia&parent=6708"}],"wp:term":[{"taxonomy":"category","embeddable":true,"href":"https:\/\/elcardinal.com\/index.php?rest_route=%2Fwp%2Fv2%2Fcategories&post=6708"},{"taxonomy":"post_tag","embeddable":true,"href":"https:\/\/elcardinal.com\/index.php?rest_route=%2Fwp%2Fv2%2Ftags&post=6708"}],"curies":[{"name":"wp","href":"https:\/\/api.w.org\/{rel}","templated":true}]}}